{"id":13968,"date":"2022-09-08T00:41:00","date_gmt":"2022-09-07T22:41:00","guid":{"rendered":"https:\/\/lemotdujour.fr\/?p=13968"},"modified":"2022-09-08T00:18:30","modified_gmt":"2022-09-07T22:18:30","slug":"jeudi-8-septembre-2022","status":"publish","type":"post","link":"https:\/\/lemotdujour.fr\/?p=13968","title":{"rendered":"Jeudi 8 septembre 2022"},"content":{"rendered":"<div class=\"mdjTexte\">\u00ab\u00a0Tant que vous nommerez \u00ab\u00a0croissance\u00a0\u00bb, le fait de raser un espace gorg\u00e9 de vie pour le remplacer par un espace commercial, fut-il neutre en carbone, nous n&rsquo;aurons pas commenc\u00e9 \u00e0 r\u00e9fl\u00e9chir s\u00e9rieusement.\u00a0\u00bb<\/div>\n<div class=\"mdjAuteur\">Aur\u00e9lien Barrau, lors de l&rsquo;Universit\u00e9 d&rsquo;\u00c9t\u00e9 du MEDEF de 2022<\/div>\n<p><span style=\"color: #777777; font-family: Arial;\">Pour celles et ceux qui ne le conna\u00eetraient pas encore, Aur\u00e9lien Barrau est n\u00e9 en 1973 et il est astrophysicien et sa <span style=\"color: #0000ff;\"><a style=\"color: #0000ff;\" href=\"https:\/\/fr.wikipedia.org\/wiki\/Aur%C3%A9lien_Barrau\">fiche Wikipedia<\/a><\/span> ajoute philosophe fran\u00e7ais.<br \/>\n<\/span><\/p>\n<p><span style=\"color: #777777; font-family: Arial;\">Il est sp\u00e9cialis\u00e9 en relativit\u00e9 g\u00e9n\u00e9rale, physique des trous noirs et cosmologie. Il est directeur du Centre de physique th\u00e9orique Grenoble-Alpes et travaille au Laboratoire de physique subatomique et de cosmologie de Grenoble. Il est professeur \u00e0 l&rsquo;universit\u00e9 Grenoble-Alpes.<br \/>\n<\/span><\/p>\n<p><span style=\"color: #777777; font-family: Arial;\">C&rsquo;est un militant \u00e9cologiste favorable \u00e0 la d\u00e9croissance.<br \/>\n<\/span><\/p>\n<p><span style=\"color: #777777; font-family: Arial;\">Je pense que les responsables du Patronat fran\u00e7ais le connaissent et savent les th\u00e8ses qu&rsquo;il d\u00e9fend.<br \/>\n<\/span><\/p>\n<p><span style=\"color: #777777; font-family: Arial;\">Et pourtant, ils l&rsquo;ont invit\u00e9 \u00e0 la derni\u00e8re Universit\u00e9 du MEDEF.<br \/>\n<\/span><\/p>\n<p><span style=\"color: #777777; font-family: Arial;\"><img loading=\"lazy\" decoding=\"async\" class=\"wp-image-13974 alignleft\" src=\"https:\/\/lemotdujour.fr\/wp-content\/uploads\/2022\/09\/Aurelien-Barreau-MEDEF.png\" alt=\"\" width=\"442\" height=\"254\" srcset=\"https:\/\/lemotdujour.fr\/wp-content\/uploads\/2022\/09\/Aurelien-Barreau-MEDEF.png 579w, https:\/\/lemotdujour.fr\/wp-content\/uploads\/2022\/09\/Aurelien-Barreau-MEDEF-300x173.png 300w\" sizes=\"auto, (max-width: 442px) 100vw, 442px\" \/>Ils n&rsquo;ont pas \u00e9t\u00e9 d\u00e9\u00e7us\u00a0!<br \/>\n<\/span><\/p>\n<p><span style=\"color: #777777; font-family: Arial;\">Son introduction \u00e0 la table ronde \u00e0 laquelle il a \u00e9t\u00e9 invit\u00e9 sur le th\u00e8me qui traitait de <strong>la mani\u00e8re dont l&rsquo;Europe pouvait devenir \u00ab le continent le plus vert de la plan\u00e8te \u00bb<\/strong> a \u00e9t\u00e9 tonitruante.<br \/>\n<\/span><\/p>\n<p><span style=\"color: #777777; font-family: Arial;\">Elle a \u00e9t\u00e9 tr\u00e8s largement diffus\u00e9e sur internet\u00a0: &lt;<a href=\"https:\/\/www.youtube.com\/watch?v=HU0w4A0D9G4\"><strong><span style=\"color: #0000ff;\">Aur\u00e9lien Barrau a l&rsquo;universit\u00e9 d&rsquo;\u00e9t\u00e9 du MEDEF<\/span><\/strong><\/a>&gt;<br \/>\n<\/span><\/p>\n<p><span style=\"color: #777777; font-family: Arial;\">Il a commenc\u00e9 en attaquant de front la mani\u00e8re d&rsquo;aborder le sujet \u00e9cologique par ce prisme europ\u00e9en, r\u00e9v\u00e9lateur selon lui d&rsquo;une \u00ab\u00a0arrogance\u00a0\u00bb occidentale\u00a0:<br \/>\n<\/span><\/p>\n<p style=\"margin-left: 28pt;\"><span style=\"color: #c00000; font-family: Arial;\">\u00ab Ce th\u00e8me est tr\u00e8s caract\u00e9ristique de l&rsquo;arrogance occidentale. Je crois que nous n&rsquo;avons pas tous ici bien compris que nous ne sommes pas la solution, nous sommes le probl\u00e8me. Ce sont nos valeurs et nos mani\u00e8res d&rsquo;\u00eatre qui m\u00e8nent, je cite, \u00e0 ce que l&rsquo;ONU nomme \u00ab\u00a0une situation de menace existentielle directe\u00a0\u00bb.<br \/>\nEt nous en sommes encore \u00e0 p\u00e9rorer sur notre exemplarit\u00e9. Quelle suffisance ! \u00bb<br \/>\n<\/span><\/p>\n<p><span style=\"color: #777777; font-family: Arial;\">Belle entr\u00e9e en mati\u00e8re\u00a0!<br \/>\n<\/span><\/p>\n<p><span style=\"color: #777777; font-family: Arial;\">Il explique ensuite que, selon lui, les dirigeants politiques et \u00e9conomiques passent \u00e0 c\u00f4t\u00e9 de l&rsquo;essentiel.<br \/>\n<\/span><\/p>\n<p style=\"margin-left: 28pt;\"><span style=\"color: #c00000; font-family: Arial;\">\u00ab\u00a0Pour trois raisons fondamentales :<br \/>\n<\/span><\/p>\n<p style=\"margin-left: 28pt;\"><span style=\"color: #c00000; font-family: Arial;\">La premi\u00e8re est que ce qui est fait concernant le r\u00e9chauffement climatique, et on le sait tr\u00e8s bien, est d\u00e9risoire\u00a0!<br \/>\n<\/span><\/p>\n<p style=\"margin-left: 28pt;\"><span style=\"color: #c00000; font-family: Arial;\">La deuxi\u00e8me qui est plus grave encore et qui est moins bien comprise, c&rsquo;est que le r\u00e9chauffement climatique est, dans une certaine mesure, lui-m\u00eame d\u00e9risoire par rapport \u00e0 l&rsquo;\u00e9tendue de la crise syst\u00e9mique et pluri factoriel que nous traversons\u00a0: Pollution, acidification des oc\u00e9ans, interruption des cycles bio et g\u00e9ochimique, d\u00e9vastation des espaces naturels, n&rsquo;ont pour l&rsquo;essentiel rien \u00e0 voir avec le climat, mais tuent davantage que ce dernier. Ce qui signifie que chacun des piliers sur lesquels reposent l&rsquo;habitabilit\u00e9 de cette plan\u00e8te est en train de c\u00e9der.<br \/>\n<\/span><\/p>\n<p style=\"margin-left: 28pt;\"><span style=\"color: #c00000; font-family: Arial;\">Et mon troisi\u00e8me est peut-\u00eatre plus grave encore. Et il consiste \u00e0 remarquer que, quand bien m\u00eame, nous prendrions \u00e0 bras le corps chacun des items que je viens de mentionner, ce qui n&rsquo;est pas du tout le cas en pratique, nous demeurerions vraisemblablement toujours dans le d\u00e9risoire. Parce que le v\u00e9ritable probl\u00e8me, c&rsquo;est qu&rsquo;aujourd&rsquo;hui notre rapport au monde, notre \u00eatre \u00e0 l&rsquo;espace, fait de l&rsquo;\u00e9radication syst\u00e9matique du vivant une finalit\u00e9.<br \/>\n<\/span><\/p>\n<p style=\"margin-left: 28pt;\"><span style=\"color: #c00000; font-family: Arial;\">Parce que nous sommes des gens sympathiques et \u00e9duqu\u00e9s, on se demande, en gros, comment faire des bombes issues du commerce \u00e9quitable et utilisant des mat\u00e9riaux biologiques. C&rsquo;est mignon, mais tant que le pilonnage en r\u00e8gle de la biosph\u00e8re demeure le geste cardinal, croyez-moi, l&rsquo;origine des projectiles n&rsquo;a pas beaucoup d&rsquo;importance. \u00bb<br \/>\n<\/span><\/p>\n<p><span style=\"color: #777777; font-family: Arial;\">Et il a lanc\u00e9 cet anath\u00e8me qui a \u00e9t\u00e9 beaucoup repris sur les r\u00e9seaux sociaux et que je reprends comme exergue \u00e0 ce mot du jour\u00a0:<br \/>\n<\/span><\/p>\n<p style=\"margin-left: 28pt;\"><span style=\"color: #c00000; font-family: Arial;\">\u00ab Tant que vous nommerez \u00ab\u00a0croissance\u00a0\u00bb, le fait de raser un espace gorg\u00e9 de vie pour le remplacer par un espace commercial, fut-il neutre en carbone, nous n&rsquo;aurons pas commenc\u00e9 \u00e0 r\u00e9fl\u00e9chir s\u00e9rieusement. \u00bb<br \/>\n<\/span><\/p>\n<p><span style=\"color: #777777; font-family: Arial;\">Et il a aussi repris une \u00e9volution qu&rsquo;il a combattu depuis le d\u00e9but\u00a0: la 5G<br \/>\n<\/span><\/p>\n<p style=\"margin-left: 28pt;\"><span style=\"color: #c00000; font-family: Arial;\">\u00ab\u00a0Tant que le pr\u00e9sident du Medef nommera, \u00e0 l&rsquo;unisson d&rsquo;ailleurs du chef de l&rsquo;\u00c9tat, \u00ab\u00a0progr\u00e8s\u00a0\u00bb, la mise en place d&rsquo;une nouvelle g\u00e9n\u00e9ration de t\u00e9l\u00e9phonie mobile qui ne r\u00e9pond strictement \u00e0 aucun besoin mais dont les cons\u00e9quences d\u00e9l\u00e9t\u00e8res, pour ne pas dire l\u00e9tales, sont av\u00e9r\u00e9es d&rsquo;un point de vue de la pollution, de la consommation et de l&rsquo;addiction, nous n&rsquo;aurons pas commenc\u00e9 \u00e0 r\u00e9fl\u00e9chir s\u00e9rieusement.\u00a0\u00bb<br \/>\n<\/span><\/p>\n<p><span style=\"color: #777777; font-family: Arial;\">Et il a fini par cette conclusion\u00a0:<br \/>\n<\/span><\/p>\n<p style=\"margin-left: 28pt;\"><span style=\"color: #c00000; font-family: Arial;\">\u00ab\u00a0 Je crois qu&rsquo;il faut \u00eatre un peu cons\u00e9quent. Nous ne sommes d\u00e9j\u00e0 plus dans une crainte quant \u00e0 l&rsquo;avenir. Nous sommes dans un constat quant au pass\u00e9. Nous avons d&rsquo;ores et d\u00e9j\u00e0 \u00e9radiqu\u00e9 plus de la moiti\u00e9 des arbres, des insectes, des poissons d&rsquo;eau douce, des mammif\u00e8res sauvages. Nous laissons d&rsquo;ores et d\u00e9j\u00e0 700 000 \u00eatres humains mourir chaque ann\u00e9e de la pollution en Europe. Si, m\u00eame face \u00e0 cette \u00e9vidence, nous ne voyons pas la n\u00e9cessit\u00e9 d&rsquo;une refonte axiologique et ontologique drastique, c&rsquo;est que nous faisons preuve d&rsquo;une c\u00e9cit\u00e9 que nos descendants, s&rsquo;ils survivent, auront, croyez-moi, du mal \u00e0 pardonner.\u00a0\u00bb<br \/>\n<\/span><\/p>\n<p><span style=\"color: #777777; font-family: Arial;\">Bon, \u00e7a c&rsquo;est dit\u00a0!<br \/>\n<\/span><\/p>\n<p><span style=\"color: #777777; font-family: Arial;\">On peut nuancer ou m\u00eame critiquer sur certains d\u00e9tails\u00a0:<br \/>\n<\/span><\/p>\n<p><span style=\"color: #777777; font-family: Arial;\">Il parait excessif de dire que \u00ab\u00a0l&rsquo;\u00e9radication syst\u00e9matique du vivant constitue une finalit\u00e9\u00a0\u00bb. Dire que l&rsquo;\u00e9radication du vivant n&rsquo;est jamais consid\u00e9r\u00e9e comme un obstacle pour poursuivre les finalit\u00e9s humaines de profits me parait plus juste<br \/>\n<\/span><\/p>\n<p><span style=\"color: #777777; font-family: Arial;\">C&rsquo;est particuli\u00e8rement le cas de la d\u00e9forestation de l&rsquo;Amazonie.<br \/>\n<\/span><\/p>\n<p><span style=\"color: #777777; font-family: Arial;\">&lt;<a href=\"https:\/\/reporterre.net\/Deforestation-l-Amazonie-a-atteint-son-point-de-bascule\"><span style=\"color: #0000ff;\">Reporterre<\/span><\/a>&gt; \u00e9voque un Rapport tout r\u00e9cent\u00a0:<br \/>\n<\/span><\/p>\n<p style=\"margin-left: 28pt;\"><span style=\"color: #c00000; font-family: Arial;\">\u00ab\u00a0L&rsquo;Amazonie : 390 milliards d&rsquo;arbres, plusieurs millions d&rsquo;esp\u00e8ces d&rsquo;insectes, un nombre incalculable d&rsquo;oiseaux, de mammif\u00e8res et de reptiles, pour certains encore inconnus de l&rsquo;\u00eatre humain. Un tr\u00e9sor de biodiversit\u00e9 qui, malheureusement, s&rsquo;effondre. Selon un rapport publi\u00e9 le 6 septembre par un regroupement d&rsquo;organisations environnementales amazoniennes (RAISG) et la Coordination des organisations indig\u00e8nes du bassin amazonien (Coica), la for\u00eat pluviale a atteint son \u00ab point de bascule \u00bb. Certaines zones commencent d\u00e9j\u00e0 \u00e0 se transformer en savane.\u00a0\u00bb<br \/>\n<\/span><\/p>\n<p><span style=\"color: #777777; font-family: Arial;\">Sa position sur la 5G qui ne r\u00e9pondrait strictement \u00e0 aucun besoin est peut-\u00eatre aussi exag\u00e9r\u00e9e, il est possible que certaines utilisations m\u00e9dicales puissent en profiter. En revanche, l&rsquo;addiction et le ph\u00e9nom\u00e8ne qu&rsquo;on appelle \u00ab le rebond \u00bb et qui conduit \u00e0 ce que type d&rsquo;\u00e9volution conduise massivement \u00e0 une nouvelle surconsommation d&rsquo;\u00e9nergie est certainement exacte.<br \/>\n<\/span><\/p>\n<p><span style=\"color: #777777; font-family: Arial;\">Donc, si on peut nuancer, je crois quand m\u00eame qu&rsquo;il faut reconna\u00eetre que globalement son constat est exact.<br \/>\n<\/span><\/p>\n<p><span style=\"color: #777777; font-family: Arial;\">A ce stade de la r\u00e9flexion, je pense au \u00ab\u00a0moment Gorbatchev\u00a0\u00bb.<br \/>\n<\/span><\/p>\n<p><span style=\"color: #777777; font-family: Arial;\">Gorbatchev a aussi fait le constat que le syst\u00e8me, qu&rsquo;il essayait de diriger, \u00e9tait mauvais.<br \/>\n<\/span><\/p>\n<p><span style=\"color: #777777; font-family: Arial;\">Alors, il a essay\u00e9 de le r\u00e9former.<br \/>\n<\/span><\/p>\n<p><span style=\"color: #777777; font-family: Arial;\">Ses r\u00e9formes ont entrain\u00e9 de grands malheurs et souffrances pour la soci\u00e9t\u00e9.<br \/>\n<\/span><\/p>\n<p><span style=\"color: #777777; font-family: Arial;\">Ce mauvais syst\u00e8me s&rsquo;est effondr\u00e9\u00a0!<br \/>\n<\/span><\/p>\n<p><span style=\"color: #777777; font-family: Arial;\">Et finalement le syst\u00e8me qui a remplac\u00e9 l&rsquo;ancien, sur beaucoup de points, \u00e9tait pire que l&rsquo;ancien.<br \/>\n<\/span><\/p>\n<p><span style=\"color: #777777; font-family: Arial;\">Faire le constat que cela ne fonctionne pas est fondamental.<br \/>\n<\/span><\/p>\n<p><span style=\"color: #777777; font-family: Arial;\">R\u00e9aliser localement des r\u00e9ponses qui permettent d&rsquo;am\u00e9liorer en pratique et dans le quotidien notre rapport au vivant, \u00e0 la biodiversit\u00e9, notre impact climatique et \u00e9cologique est essentiel.<br \/>\n<\/span><\/p>\n<p><span style=\"color: #777777; font-family: Arial;\">Mais ensuite, mettre \u00e0 bas, faire exploser notre organisation actuelle n&rsquo;est probablement pas tr\u00e8s compliqu\u00e9 si on s&rsquo;y attaque r\u00e9solument.<br \/>\n<\/span><\/p>\n<p><span style=\"color: #777777; font-family: Arial;\">Mais apr\u00e8s\u00a0?<br \/>\n<\/span><\/p>\n<p><span style=\"color: #777777; font-family: Arial;\">Ceux qui sont dans les villes, pourront-ils faire face \u00e0 leurs besoins primaires d&rsquo;alimentation, d&rsquo;hygi\u00e8ne et de sant\u00e9\u00a0?<br \/>\n<\/span><\/p>\n<p><span style=\"color: #777777; font-family: Arial;\">Trouveront-ils des m\u00e9dicaments dans des pharmacies ou ailleurs\u00a0?<br \/>\n<\/span><\/p>\n<p><span style=\"color: #777777; font-family: Arial;\">Y aura-t-il de l&rsquo;eau au robinet et de l&rsquo;\u00e9lectricit\u00e9 quand on actionne l&rsquo;interrupteur\u00a0?<br \/>\n<\/span><\/p>\n<p><span style=\"color: #777777; font-family: Arial;\">Pourront ils avoir de l&rsquo;argent qui permet de tant simplifier et fluidifier les \u00e9changes\u00a0?<br \/>\n<\/span><\/p>\n<p><span style=\"color: #777777; font-family: Arial;\">Et si la solution propos\u00e9e est de quitter massivement les m\u00e9tropoles, o\u00f9 iront ces citadins ? vers quels endroits o\u00f9 ils pourront se loger, se nourrir, se soigner ?<br \/>\n<\/span><\/p>\n<p><span style=\"color: #777777; font-family: Arial;\">Nous ne sommes pas 5 millions, nous sommes 8 milliards.<br \/>\n<\/span><\/p>\n<p><span style=\"color: #777777; font-family: Arial;\">Dire qu&rsquo;il faut revoir toute l&rsquo;organisation est tr\u00e8s juste.<br \/>\n<\/span><\/p>\n<p><span style=\"color: #777777; font-family: Arial;\">Mais pour aller vers quoi\u00a0? Et comment faire pour y aller\u00a0?<br \/>\n<\/span><\/p>\n<p><span style=\"color: #777777; font-family: Arial;\">Voil\u00e0 des sujets tr\u00e8s compliqu\u00e9s dont j&rsquo;entends peu parler.<br \/>\n<\/span><\/p>\n<p><span style=\"color: #777777; font-family: Arial;\">Si vous voulez \u00e9coutez plus que les 5 minutes d&rsquo;introduction d&rsquo;Aur\u00e9lien Barreau, c&rsquo;est \u00e0 dire l&rsquo;ensemble de l&rsquo;\u00e9change, c&rsquo;est <a href=\"https:\/\/www.youtube.com\/watch?v=gfqmJHT57LM\"><span style=\"color: #0000ff;\">&lt;ICI&gt;<\/span><\/a><br \/>\n<\/span><\/p>\n<p><span style=\"color: #c00000; font-family: Arial;\">&lt;1705&gt;<\/span><\/p>\n","protected":false},"excerpt":{"rendered":"<p>\u00ab\u00a0Tant que vous nommerez \u00ab\u00a0croissance\u00a0\u00bb, le fait de raser un espace gorg\u00e9 de vie pour le remplacer par un espace commercial, fut-il neutre en carbone, nous n&rsquo;aurons pas commenc\u00e9 \u00e0 r\u00e9fl\u00e9chir s\u00e9rieusement.\u00a0\u00bb Aur\u00e9lien Barrau, lors de l&rsquo;Universit\u00e9 d&rsquo;\u00c9t\u00e9 du MEDEF<\/p>\n","protected":false},"author":1,"featured_media":0,"comment_status":"open","ping_status":"closed","sticky":false,"template":"","format":"standard","meta":{"footnotes":""},"categories":[1],"tags":[140,43,44],"class_list":["post-13968","post","type-post","status-publish","format-standard","hentry","category-motdujour","tag-biodiversite","tag-ecologie","tag-rechauffement"],"_links":{"self":[{"href":"https:\/\/lemotdujour.fr\/index.php?rest_route=\/wp\/v2\/posts\/13968","targetHints":{"allow":["GET"]}}],"collection":[{"href":"https:\/\/lemotdujour.fr\/index.php?rest_route=\/wp\/v2\/posts"}],"about":[{"href":"https:\/\/lemotdujour.fr\/index.php?rest_route=\/wp\/v2\/types\/post"}],"author":[{"embeddable":true,"href":"https:\/\/lemotdujour.fr\/index.php?rest_route=\/wp\/v2\/users\/1"}],"replies":[{"embeddable":true,"href":"https:\/\/lemotdujour.fr\/index.php?rest_route=%2Fwp%2Fv2%2Fcomments&post=13968"}],"version-history":[{"count":4,"href":"https:\/\/lemotdujour.fr\/index.php?rest_route=\/wp\/v2\/posts\/13968\/revisions"}],"predecessor-version":[{"id":13975,"href":"https:\/\/lemotdujour.fr\/index.php?rest_route=\/wp\/v2\/posts\/13968\/revisions\/13975"}],"wp:attachment":[{"href":"https:\/\/lemotdujour.fr\/index.php?rest_route=%2Fwp%2Fv2%2Fmedia&parent=13968"}],"wp:term":[{"taxonomy":"category","embeddable":true,"href":"https:\/\/lemotdujour.fr\/index.php?rest_route=%2Fwp%2Fv2%2Fcategories&post=13968"},{"taxonomy":"post_tag","embeddable":true,"href":"https:\/\/lemotdujour.fr\/index.php?rest_route=%2Fwp%2Fv2%2Ftags&post=13968"}],"curies":[{"name":"wp","href":"https:\/\/api.w.org\/{rel}","templated":true}]}}