{"id":13922,"date":"2022-09-07T00:50:52","date_gmt":"2022-09-06T22:50:52","guid":{"rendered":"https:\/\/lemotdujour.fr\/?p=13922"},"modified":"2022-09-07T23:42:53","modified_gmt":"2022-09-07T21:42:53","slug":"mercredi-6-septembre-2022","status":"publish","type":"post","link":"https:\/\/lemotdujour.fr\/?p=13922","title":{"rendered":"Mercredi 7 septembre 2022"},"content":{"rendered":"<div class=\"mdjTexte\">\u00ab&nbsp;Qui y a-t-il de plus fort que le sentiment d&rsquo;aimer une femme et d&rsquo;\u00eatre aim\u00e9 par elle&nbsp;?&nbsp;\u00bb<\/div>\n<div class=\"mdjAuteur\">Mikha\u00ebl Gorbatchev, \u00e9voquant son amour pour son \u00e9pouse Ra\u00efssa<\/div>\n<p><span style=\"color: #777777; font-family: Arial;\">C&rsquo;est un documentaire un peu \u00e9trange qu&rsquo;\u00ab&nbsp;<strong>ARTE<\/strong>&nbsp;\u00bb a diffus\u00e9 en l&rsquo;honneur de <strong>Mickha\u00ebl Gorbatchev<\/strong>&nbsp;: &lt;<a href=\"https:\/\/www.arte.tv\/fr\/videos\/092996-000-A\/gorbatchev-en-aparte\/\"><span style=\"color: #0000ff;\">Gorbatchev &#8211; En apart\u00e9<\/span>&gt;<\/a><br \/>\n<\/span><\/p>\n<p><span style=\"color: #777777; font-family: Arial;\">Ce documentaire restera disponible sur le site d&rsquo;ARTE jusqu&rsquo;au 28 f\u00e9vrier 2023.<br \/>\n<\/span><\/p>\n<p><img decoding=\"async\" src=\"https:\/\/lemotdujour.fr\/wp-content\/uploads\/2022\/09\/090622_2244_Mercredi6se1.jpg\" alt=\"\" align=\"left\"><span style=\"color: #777777; font-family: Arial;\">Un nonag\u00e9naire au visage et au corps gonfl\u00e9s par le diab\u00e8te avance p\u00e9niblement, \u00e0 l&rsquo;aide d&rsquo;un d\u00e9ambulateur, dans la maison que l\u2019\u00c9tat russe a mis \u00e0 sa disposition et dont il poss\u00e8de l&rsquo;usufruit.<br \/>\n<\/span><\/p>\n<p><span style=\"color: #777777; font-family: Arial;\">L&rsquo;homme de la perestro\u00efka et de la glasnost se laisse filmer dans son intimit\u00e9 par le r\u00e9alisateur <strong>Vitaly Manski<\/strong> qui le conna\u00eet et le v\u00e9n\u00e8re.<br \/>\n<\/span><\/p>\n<p><span style=\"color: #777777; font-family: Arial;\">Son visage est devenu lunaire, son corps est \u00e9puis\u00e9. Il est quasi m\u00e9connaissable, mais sur le cr\u00e2ne lisse, apparait la fameuse tache de naissance qui est devenu c\u00e9l\u00e8bre avec lui.<br \/>\n<\/span><\/p>\n<p><span style=\"color: #777777; font-family: Arial;\">La pr\u00e9sentation de ce documentaire, tourn\u00e9e en 2019, est all\u00e9chante&nbsp;: Pr\u00e8s de trente ans apr\u00e8s l&rsquo;effondrement de l&rsquo;Union sovi\u00e9tique, quel regard porte-t-il sur son testament politique, depuis son av\u00e8nement au pouvoir en 1985 jusqu&rsquo;\u00e0 sa d\u00e9mission, le 25 d\u00e9cembre 1991 ?<br \/>\n<\/span><\/p>\n<p><span style=\"color: #777777; font-family: Arial;\">Il ne dit pas grand-chose, en tout cas rien de nouveau.<br \/>\n<\/span><\/p>\n<p><span style=\"color: #777777; font-family: Arial;\">Il refuse obstin\u00e9ment de se prononcer sur la politique contemporaine de la Russie de Poutine.<br \/>\n<\/span><\/p>\n<p><span style=\"color: #777777; font-family: Arial;\">Bernard Guetta explique dans une interview que Poutine a exig\u00e9, pour que sa fin de vie reste paisible dans cette maison confortable, que ses commentaires et critiques \u00e0 son \u00e9gard restent mesur\u00e9s.<br \/>\n<\/span><\/p>\n<p><span style=\"color: #777777; font-family: Arial;\">Ce que j&rsquo;ai trouv\u00e9 unique, dans ce documentaire, c&rsquo;est l&rsquo;\u00e9motion qui se d\u00e9gage quand ce vieil homme malade parle de son amour pour sa compagne de 46 ans <strong>Ra\u00efssa Maximova Tilorenko, <\/strong>morte d&rsquo;une leuc\u00e9mie en 1999 dans un h\u00f4pital de Munster.<br \/>\n<\/span><\/p>\n<p><span style=\"color: #777777; font-family: Arial;\">Des photos ou des peintures la repr\u00e9sentant se trouvent partout dans la maison.<br \/>\n<\/span><\/p>\n<p><span style=\"color: #777777; font-family: Arial;\">A 24 minutes 30 du documentaire, Mikhail Gorbatchev parle de sa fille qui a quitt\u00e9 la Russie et qui vit en Occident, comme ses enfants.<br \/>\n<\/span><\/p>\n<p><span style=\"color: #777777; font-family: Arial;\">Et Gorbatchev ajoute&nbsp;:<br \/>\n<\/span><\/p>\n<p style=\"margin-left: 28pt;\"><span style=\"color: #c00000; font-family: Arial;\">\u00ab&nbsp;Du temps de Ra\u00efssa, tout le monde \u00e9tait l\u00e0.<br \/>\n<\/span><span style=\"color: #c00000; font-family: Arial;\">Je n&rsquo;arrive toujours pas \u00e0 m&rsquo;y faire.&nbsp;\u00bb<br \/>\n<\/span><\/p>\n<p><span style=\"color: #777777; font-family: Arial;\">Vitaly Manski le relance alors&nbsp;:<br \/>\n<\/span><\/p>\n<p style=\"margin-left: 28pt;\"><span style=\"color: #c00000; font-family: Arial;\">\u00ab&nbsp;Lorsque Raissa Maximova est d\u00e9c\u00e9d\u00e9 vous avez d\u00e9clar\u00e9 \u00e0 plusieurs reprises que pour vous la vie n&rsquo;avait plus de sens.&nbsp;\u00bb<br \/>\n<\/span><\/p>\n<p><span style=\"color: #777777; font-family: Arial;\">Et Gorbatchev r\u00e9pond imm\u00e9diatement&nbsp;:<br \/>\n<\/span><\/p>\n<p style=\"margin-left: 28pt;\"><span style=\"color: #c00000; font-family: Arial;\">\u00ab&nbsp;C&rsquo;est vrai&nbsp;!&nbsp;\u00bb<br \/>\n<\/span><\/p>\n<p><img loading=\"lazy\" decoding=\"async\" class=\"alignleft\" src=\"https:\/\/lemotdujour.fr\/wp-content\/uploads\/2022\/09\/090622_2244_Mercredi6se2.jpg\" alt=\"\" width=\"488\" height=\"325\" align=\"left\"><span style=\"color: #777777; font-family: Arial;\">Et quand le r\u00e9alisateur pose la question&nbsp;: \u00ab&nbsp;<span style=\"color: #c00000;\">Comment \u00e7a&nbsp;?<span style=\"color: #777777;\">&nbsp;\u00bb il r\u00e9p\u00e8te<br \/>\n<\/span><\/span><\/span><\/p>\n<p style=\"margin-left: 28pt;\"><span style=\"color: #c00000; font-family: Arial;\">\u00ab&nbsp;Elle n&rsquo;en a plus&nbsp;!&nbsp;\u00bb<br \/>\n<\/span><\/p>\n<p><span style=\"color: #777777; font-family: Arial;\">Gorbatchev mange et se tait.<br \/>\n<\/span><\/p>\n<p><span style=\"color: #777777; font-family: Arial;\">Alors Manski tente une nouvelle relance&nbsp;:<br \/>\n<\/span><\/p>\n<p style=\"margin-left: 28pt;\"><span style=\"color: #c00000; font-family: Arial;\">\u00ab&nbsp;C&rsquo;est quoi le sens de la vie&nbsp;?&nbsp;\u00bb<br \/>\n<\/span><\/p>\n<p><span style=\"color: #777777; font-family: Arial;\">Gorbatchev continue \u00e0 manger et ne r\u00e9pond pas. Il y a un long silence.<br \/>\n<\/span><\/p>\n<p><span style=\"color: #777777; font-family: Arial;\">Le questionneur tente une r\u00e9ponse&nbsp;:<br \/>\n<\/span><\/p>\n<p style=\"margin-left: 28pt;\"><span style=\"color: #c00000; font-family: Arial;\">\u00ab&nbsp;Est-ce que cela ne serait pas d&rsquo;aimer une femme tout simplement&nbsp;? Et d&rsquo;avoir des enfants avec elle&nbsp;? Il ne faut peut-\u00eatre pas chercher plus loin \u2026&nbsp;\u00bb<br \/>\n<\/span><\/p>\n<p><span style=\"color: #777777; font-family: Arial;\">Et Le vieil homme brusquement reprend la parole et dit&nbsp;:<br \/>\n<\/span><\/p>\n<p style=\"margin-left: 28pt;\"><span style=\"color: #c00000; font-family: Arial;\">\u00ab&nbsp;Qui y a-t-il de plus fort que le sentiment d&rsquo;aimer une femme et d&rsquo;\u00eatre aim\u00e9 par elle&nbsp;?<br \/>\n<\/span><span style=\"color: #c00000; font-family: Arial;\">Il y a tant de jolies filles, tant de doux noms \u00e0 entendre.<br \/>\n<\/span><span style=\"color: #c00000; font-family: Arial;\">Mais un seul, dans mon c\u0153ur, brille, me parait si beau, si tendre. \u00bb<br \/>\n<\/span><\/p>\n<p><span style=\"color: #777777; font-family: Arial;\">Un peu plus loin dans le documentaire \u00e0 32:50, il dit&nbsp;:<br \/>\n<\/span><\/p>\n<p style=\"margin-left: 28pt;\"><span style=\"color: #c00000; font-family: Arial;\">\u00ab&nbsp;On ne s&rsquo;est jamais s\u00e9par\u00e9, on \u00e9tait toujours ensemble. On ne faisait qu&rsquo;un.<br \/>\n<\/span><\/p>\n<p style=\"margin-left: 28pt;\"><span style=\"color: #c00000; font-family: Arial;\">On se demande \u00e0 quoi \u00e7a tient.<br \/>\n<\/span><\/p>\n<p style=\"margin-left: 28pt;\"><span style=\"color: #c00000; font-family: Arial;\">On me disait qu&rsquo;elle me menait par le bout du nez.<br \/>\n<\/span><\/p>\n<p style=\"margin-left: 28pt;\"><span style=\"color: #c00000; font-family: Arial;\">Ce que je n&rsquo;ai jamais d\u00e9menti. En fait, j&rsquo;\u00e9tais tout \u00e0 fait d&rsquo;accord. Et c&rsquo;\u00e9tait bien comme \u00e7a. [\u2026]<br \/>\n<\/span><\/p>\n<p><span style=\"color: #777777; font-family: Arial;\">Je me souviens d&rsquo;une interview de <strong>Jacques Brel<\/strong> entendu \u00e0 la radio.<br \/>\n<\/span><\/p>\n<p><span style=\"color: #777777; font-family: Arial;\">J&rsquo;\u00e9tais tr\u00e8s jeune mais ces paroles me sont rest\u00e9es.<br \/>\n<\/span><\/p>\n<p style=\"margin-left: 28pt;\"><span style=\"color: #c00000; font-family: Arial;\">\u00ab&nbsp;Il y a qu&rsquo;un tout petit nombre de personnes qui sont en capacit\u00e9 de vivre le grand amour toute une vie&nbsp;\u00bb<br \/>\n<\/span><\/p>\n<p><span style=\"color: #777777; font-family: Arial;\"><strong><img loading=\"lazy\" decoding=\"async\" class=\"wp-image-13924 alignright\" src=\"https:\/\/lemotdujour.fr\/wp-content\/uploads\/2022\/09\/ZHena-Mihaila-Gorbacheva-Raisa-Gorbacheva-foto.jpg\" alt=\"\" width=\"365\" height=\"293\" srcset=\"https:\/\/lemotdujour.fr\/wp-content\/uploads\/2022\/09\/ZHena-Mihaila-Gorbacheva-Raisa-Gorbacheva-foto.jpg 750w, https:\/\/lemotdujour.fr\/wp-content\/uploads\/2022\/09\/ZHena-Mihaila-Gorbacheva-Raisa-Gorbacheva-foto-300x241.jpg 300w\" sizes=\"auto, (max-width: 365px) 100vw, 365px\" \/>Raissa Tilorenko,et Mikha\u00ebl Gorbatchev<\/strong> faisaient partie de ce petit nombre.<br \/>\n<\/span><\/p>\n<p><span style=\"color: #777777; font-family: Arial;\">C&rsquo;est d&rsquo;autant plus difficile pour les hommes de pouvoir qui ont tant besoin de s\u00e9duire et de se rassurer en s\u00e9duisant encore.<br \/>\n<\/span><\/p>\n<p><span style=\"color: #777777; font-family: Arial;\">Dans tous les documentaires que j&rsquo;ai vu, chaque fois que Gorbatchev parlait de Raissa, de sa mort, de sa d\u00e9pression apr\u00e8s le putsch des conservateurs de juillet 1991, les larmes venaient et il devait s&rsquo;essuyer les yeux.<br \/>\n<\/span><\/p>\n<p><span style=\"color: #777777; font-family: Arial;\">Dans un article r\u00e9dig\u00e9 par <strong>Annick Cojean<\/strong> dans le Monde&nbsp;: &lt; <a href=\"https:\/\/www.lemonde.fr\/archives\/article\/2022\/08\/31\/il-etait-une-fois-mikhail-gorbatchev-une-enfance-sovietique-dans-une-famille-aimante_4254448_1819219.html\"><span style=\"color: #0000ff;\">Mikha\u00ebl Gorbatchev&nbsp;: une enfance sovi\u00e9tique dans une famille aimante<\/span><\/a>&gt; il r\u00e9v\u00e8le&nbsp;:<br \/>\n<\/span><\/p>\n<p style=\"margin-left: 28pt;\"><span style=\"color: #c00000; font-family: Arial;\">\u00ab&nbsp;Je suis n\u00e9 dans une famille heureuse. Mon p\u00e8re aimait beaucoup ma m\u00e8re. En fait, ils ne faisaient qu&rsquo;un. Ma m\u00e8re \u00e9tait d&rsquo;origine ukrainienne, r\u00e9gion de Tchernigov, mon p\u00e8re de racines russes, r\u00e9gion de Voronej. Ils \u00e9taient tr\u00e8s heureux ensemble.&nbsp;\u00bb<br \/>\n<\/span><\/p>\n<p><span style=\"color: #777777; font-family: Arial;\">Et \u00e0 cette journaliste il a dit&nbsp;:<br \/>\n<\/span><\/p>\n<p style=\"margin-left: 28pt;\"><span style=\"color: #c00000; font-family: Arial;\">\u00ab L&rsquo;\u00e9thique et la morale de mon grand-p\u00e8re sont rest\u00e9es mes r\u00e9f\u00e9rences. Lui et mon p\u00e8re m&rsquo;ont servi d&rsquo;exemple. Je ne les ai pas trahis. Car ce n&rsquo;est jamais la gloire qui m&rsquo;a inspir\u00e9, ni la conservation du pouvoir. Ce sont les gens simples et dignes que j&rsquo;avais connus, ceux que l&rsquo;histoire avait malmen\u00e9s et qui m\u00e9ritaient de vivre dans un monde libre et d\u00e9mocratique. Et tant pis pour la Nomenklatura que j&rsquo;ai vex\u00e9e et secou\u00e9e ! Je ne veux ni qu&rsquo;elle me pardonne ni qu&rsquo;elle me r\u00e9habilite.<br \/>\n<\/span><\/p>\n<p style=\"margin-left: 28pt;\"><span style=\"color: #c00000; font-family: Arial;\">&nbsp;Car, de toute fa\u00e7on, j&rsquo;ai gagn\u00e9 ! Le processus d\u00e9mocratique est irr\u00e9versible ! J&rsquo;ai r\u00e9ussi parce que je venais de ce monde de paysans et de cette famille-l\u00e0. Que je croyais honn\u00eatement dans ce que je faisais. <strong>Et aussi\u2026 parce que Ra\u00efssa \u00e9tait \u00e0 mes c\u00f4t\u00e9s.<\/strong> \u00bb<br \/>\n<\/span><\/p>\n<p><span style=\"color: #777777; font-family: Arial;\">En 2020, juste apr\u00e8s son d\u00e9c\u00e8s \u00e0 67 ans, <strong>Fr\u00e9d\u00e9ric Mitterrand<\/strong> a r\u00e9alis\u00e9 un documentaire pour France 2 \u00ab&nbsp;<a href=\"http:\/\/www.casadei.fr\/pageLibre000101bc.html\"><span style=\"color: #0000ff;\">Mikha\u00efl et Ra\u00efssa, souvenirs d&rsquo;un grand amour<\/span><\/a> \u00bb.<br \/>\n<\/span><\/p>\n<p><span style=\"color: #777777; font-family: Arial;\">Dans la pr\u00e9sentation de son documentaire Fr\u00e9d\u00e9ric Mitterrand \u00e9crit&nbsp;:<br \/>\n<\/span><\/p>\n<p style=\"margin-left: 28pt;\"><img decoding=\"async\" class=\"alignleft\" src=\"https:\/\/lemotdujour.fr\/wp-content\/uploads\/2022\/09\/090622_2244_Mercredi6se3.jpg\" alt=\"\" align=\"left\"><span style=\"color: #c00000; font-family: Arial;\">\u00ab&nbsp;Mikha\u00efl et Ra\u00efssa Gorbatchev se sont rencontr\u00e9s \u00e0 Moscou au d\u00e9but des ann\u00e9es cinquante, alors qu&rsquo;ils \u00e9taient \u00e9tudiants. [\u2026]<br \/>\n<\/span><\/p>\n<p style=\"margin-left: 28pt;\"><span style=\"color: #c00000; font-family: Arial;\">Elle venait d&rsquo;une famille d&rsquo;origine bourgeoise et son p\u00e8re cheminot appartenait \u00e0 l&rsquo;\u00e9lite du prol\u00e9tariat dans un pays o\u00f9 les chemins de fer furent longtemps la seule r\u00e9ponse au d\u00e9fi des grandes distances.<br \/>\n<\/span><\/p>\n<p style=\"margin-left: 28pt;\"><span style=\"color: #c00000; font-family: Arial;\">L&rsquo;un et l&rsquo;autre avaient largement souffert des s\u00e9quelles de la grande famine des ann\u00e9es 30, de l&rsquo;invasion allemande et de la terreur stalinienne, le p\u00e8re de Ra\u00efssa ayant notamment \u00e9t\u00e9 envoy\u00e9 au goulag tandis que sa femme et ses enfants survivaient mis\u00e9rablement dans un wagon de marchandises abandonn\u00e9 dans une gare de Sib\u00e9rie.<br \/>\n<\/span><\/p>\n<p style=\"margin-left: 28pt;\"><span style=\"color: #c00000; font-family: Arial;\">[\u2026] Il est av\u00e9r\u00e9 que l&rsquo;accession au pouvoir de Mikha\u00efl Gorbatchev au pouvoir supr\u00eame en 1985 fut bien le r\u00e9sultat d&rsquo;une ambition commune et d&rsquo;une entente sentimentale et intellectuelle profonde avec son \u00e9pouse \u00e0 tel point qu&rsquo;ils \u00e9taient autant le partenaire et le meilleur ami l&rsquo;un de l&rsquo;autre que mari et femme.<br \/>\n<\/span><\/p>\n<p style=\"margin-left: 28pt;\"><span style=\"color: #c00000; font-family: Arial;\">A cet \u00e9gard, Ra\u00efssa Gorbatchev joua un r\u00f4le essentiel dans l&rsquo;affirmation publique de la volont\u00e9 r\u00e9formatrice de son \u00e9poux, tandis que son charme et son \u00e9l\u00e9gance fascinaient les medias et l&rsquo;opinion internationale au cours de visites officielles \u00e0 l&rsquo;\u00e9tranger \u00e0 l&rsquo;impact spectaculaire. [\u2026]<br \/>\n<\/span><\/p>\n<p style=\"margin-left: 28pt;\"><span style=\"color: #c00000; font-family: Arial;\">Sa fin brutale laisse ouverte l&rsquo;\u00e9nigme d&rsquo;un amour de pr\u00e8s de cinquante ann\u00e9es qui aura r\u00e9sist\u00e9 aux al\u00e9as dramatiques d&rsquo;une histoire ayant chang\u00e9 la face du monde.&nbsp;\u00bb<br \/>\n<\/span><\/p>\n<p><span style=\"color: #777777; font-family: Arial;\">Le journal \u00ab&nbsp;Challenge&nbsp;\u00bb \u00e9nonce cette \u00e9vidence&nbsp;: \u00ab&nbsp;<span style=\"color: #0000ff;\"><a style=\"color: #0000ff;\" href=\"https:\/\/www.challenges.fr\/top-news\/derriere-mikhail-et-la-perestroika-raissa-gorbatcheva_826061\">Derri\u00e8re Mikha\u00efl et la perestro\u00efka, Ra\u00efssa Gorbatcheva&nbsp;<\/a><\/span>\u00bb<br \/>\n<\/span><\/p>\n<p><span style=\"color: #777777; font-family: Arial;\">Cet article cite Margaret Thatcher&nbsp;:<br \/>\n<\/span><\/p>\n<p style=\"margin-left: 28pt;\"><span style=\"color: #c00000; font-family: Arial;\">\u00ab&nbsp;Ra\u00efssa \u00e9tait tout \u00e0 fait diff\u00e9rente, ne ressemblait pas aux gens que l&rsquo;on avait l&rsquo;habitude d&rsquo;associer au syst\u00e8me sovi\u00e9tique. C&rsquo;\u00e9tait une femme s\u00fbre d&rsquo;elle, brillante et vive&nbsp;\u00bb<br \/>\n<\/span><\/p>\n<p><span style=\"color: #777777; font-family: Arial;\">Et cite aussi un ouvrage de Gorbatchev&nbsp;:<br \/>\n<\/span><\/p>\n<p style=\"margin-left: 28pt;\"><span style=\"color: #c00000; font-family: Arial;\">\u00ab Toute notre vie, o\u00f9 que nous soyons, nous n&rsquo;avons jamais arr\u00eat\u00e9 de dialoguer avec Ra\u00efssa. Une fois devenu secr\u00e9taire g\u00e9n\u00e9ral et pr\u00e9sident, j&rsquo;appelais Ra\u00efssa ou elle m&rsquo;appelait deux-trois fois par jour \u00bb.<br \/>\n<\/span><\/p>\n<p><span style=\"color: #777777; font-family: Arial;\">Et j&rsquo;ai la faiblesse de croire que si Gorbatchev fut grand et courageux dans l&rsquo;\u00e9preuve et n&rsquo;utilisa pas la force pour emp\u00eacher ce qui allait amener \u00e0 sa destitution, c&rsquo;est aussi parce que Ra\u00efssa \u00e9tait \u00e0 ses c\u00f4t\u00e9s dans un lien ind\u00e9fectible et immense.<br \/>\n<\/span><\/p>\n<p><span style=\"color: #c00000; font-family: Arial;\">&lt;1704&gt;<\/span><\/p>\n","protected":false},"excerpt":{"rendered":"<p>\u00ab&nbsp;Qui y a-t-il de plus fort que le sentiment d&rsquo;aimer une femme et d&rsquo;\u00eatre aim\u00e9 par elle&nbsp;?&nbsp;\u00bb Mikha\u00ebl Gorbatchev, \u00e9voquant son amour pour son \u00e9pouse Ra\u00efssa C&rsquo;est un documentaire un peu \u00e9trange qu&rsquo;\u00ab&nbsp;ARTE&nbsp;\u00bb a diffus\u00e9 en l&rsquo;honneur de Mickha\u00ebl Gorbatchev&nbsp;:<\/p>\n","protected":false},"author":1,"featured_media":0,"comment_status":"open","ping_status":"closed","sticky":false,"template":"","format":"standard","meta":{"footnotes":""},"categories":[1],"tags":[53,17,29,78],"class_list":["post-13922","post","type-post","status-publish","format-standard","hentry","category-motdujour","tag-affect","tag-histoire","tag-hommage","tag-russie"],"_links":{"self":[{"href":"https:\/\/lemotdujour.fr\/index.php?rest_route=\/wp\/v2\/posts\/13922","targetHints":{"allow":["GET"]}}],"collection":[{"href":"https:\/\/lemotdujour.fr\/index.php?rest_route=\/wp\/v2\/posts"}],"about":[{"href":"https:\/\/lemotdujour.fr\/index.php?rest_route=\/wp\/v2\/types\/post"}],"author":[{"embeddable":true,"href":"https:\/\/lemotdujour.fr\/index.php?rest_route=\/wp\/v2\/users\/1"}],"replies":[{"embeddable":true,"href":"https:\/\/lemotdujour.fr\/index.php?rest_route=%2Fwp%2Fv2%2Fcomments&post=13922"}],"version-history":[{"count":5,"href":"https:\/\/lemotdujour.fr\/index.php?rest_route=\/wp\/v2\/posts\/13922\/revisions"}],"predecessor-version":[{"id":13970,"href":"https:\/\/lemotdujour.fr\/index.php?rest_route=\/wp\/v2\/posts\/13922\/revisions\/13970"}],"wp:attachment":[{"href":"https:\/\/lemotdujour.fr\/index.php?rest_route=%2Fwp%2Fv2%2Fmedia&parent=13922"}],"wp:term":[{"taxonomy":"category","embeddable":true,"href":"https:\/\/lemotdujour.fr\/index.php?rest_route=%2Fwp%2Fv2%2Fcategories&post=13922"},{"taxonomy":"post_tag","embeddable":true,"href":"https:\/\/lemotdujour.fr\/index.php?rest_route=%2Fwp%2Fv2%2Ftags&post=13922"}],"curies":[{"name":"wp","href":"https:\/\/api.w.org\/{rel}","templated":true}]}}