{"id":1388,"date":"2016-07-01T02:00:00","date_gmt":"2016-06-30T22:00:00","guid":{"rendered":"http:\/\/lemotdujour.fr\/?p=1388"},"modified":"2021-03-15T21:26:10","modified_gmt":"2021-03-15T20:26:10","slug":"vendredi-1er-juillet-2016","status":"publish","type":"post","link":"https:\/\/lemotdujour.fr\/?p=1388","title":{"rendered":"Vendredi 1er Juillet 2016"},"content":{"rendered":"<div class=\"mdjDate\">Vendredi 1er Juillet 2016<\/div>\n<div class=\"mdjTexte\">\u00abLes mots du jours inachev\u00e9s\u00bb<\/div>\n<div class=\"mdjAuteur\"><\/div>\n<div class=\"mdjComplements\">Charlie Hebdo publie dans chaque num\u00e9ro les couvertures auxquelles les lecteurs ont \u00e9chapp\u00e9, ce journal publie alors les diff\u00e9rentes propositions qui avaient \u00e9t\u00e9 cr\u00e9\u00e9es par les dessinateurs pour \u00eatre publi\u00e9es en premi\u00e8re page et qui n&rsquo;ont pas \u00e9t\u00e9 retenues.<\/div>\n<div class=\"mdjComplements\">Pour ce dernier mot avant un silence de 2 mois, 37 jours ouverts, je m&rsquo;inspire de cette id\u00e9e pour vous donner une liste de mots que j&rsquo;avais imagin\u00e9s \u00e9crire mais que je n&rsquo;ai pas eu le temps, l&rsquo;\u00e9nergie et peut \u00eatre l&rsquo;inspiration de d\u00e9velopper.<\/div>\n<div class=\"mdjComplements\">Je vous en offre 21 class\u00e9s en 6 cat\u00e9gories, sans d\u00e9tailler, dans l&rsquo;\u00e9tat de brouillon dans lequel ils sont.<\/div>\n<div class=\"mdjComplements\">En r\u00e9alit\u00e9 il y en avait 20, jusqu&rsquo;\u00e0 hier. Et j&rsquo;ai lu un article, mais il en existe beaucoup d&rsquo;autres qui parlent du remarquable discours du DG de Danone lors de la remise des dipl\u00f4mes des \u00e9tudiants d&rsquo;HEC, le 24 juin. C&rsquo;est le num\u00e9ro 15 et il ne peut pas ne pas vous toucher.<\/div>\n<div class=\"mdjComplements\">Les 6 cat\u00e9gories sont les suivantes.<\/div>\n<div class=\"mdjComplements\" style=\"padding-left: 40px;\"><span style=\"color: #800080;\">A &#8211; Philosophie &#8211; Soci\u00e9t\u00e9<\/span><\/div>\n<div class=\"mdjComplements\" style=\"padding-left: 40px;\"><span style=\"color: #800080;\">B &#8211; Politique<\/span><\/div>\n<div class=\"mdjComplements\" style=\"padding-left: 40px;\"><span style=\"color: #800080;\">C &#8211; Economie<\/span><\/div>\n<div class=\"mdjComplements\" style=\"padding-left: 40px;\"><span style=\"color: #800080;\">D &#8211; Sant\u00e9<\/span><\/div>\n<div class=\"mdjComplements\" style=\"padding-left: 40px;\"><span style=\"color: #800080;\">E &#8211; Science et Technique<\/span><\/div>\n<div class=\"mdjComplements\" style=\"padding-left: 40px;\"><span style=\"color: #800080;\">F &#8211; Consommation<\/span><\/div>\n<div class=\"mdjComplements\">Tous n&rsquo;int\u00e9resseront pas tout le monde, mais je suis persuad\u00e9 que de ci, de l\u00e0 cette \u00e9num\u00e9ration vous donnera l&rsquo;occasion de picorer, butiner et approfondir.<\/div>\n<div class=\"mdjComplements\">Je voudrais encore ajouter un point essentiel. Aucun de ces mots, aucune de ces formules, aucune de ces analyses ne repr\u00e9sentent \u00ab&nbsp;La V\u00e9rit\u00e9&nbsp;\u00bb. Chacune de ces r\u00e9flexions apporte un \u00e9clairage, une interpellation, des questions, des parties de r\u00e9ponses qui nous permettent de mieux aborder la complexit\u00e9 du monde.<\/div>\n<p><strong><span style=\"color: #800080;\">A &#8211; Philosophie \u2013 Soci\u00e9t\u00e9<\/span><\/strong><\/p>\n<div class=\"mdjComplements\"><strong>1 &#8211; \u00ab Alors s\u2019assit sur un monde en ruines une jeunesse soucieuse \u00bb <\/strong>Alfred de Musset<\/div>\n<div class=\"mdjComplements\"><a href=\"http:\/\/www.franceculture.fr\/emissions\/la-revue-de-presse\/alors-s-assit-sur-un-monde-en-ruines-une-jeunesse-soucieuse\"><span style=\"color: #0000ff;\">http:\/\/www.franceculture.fr\/emissions\/la-revue-de-presse\/alors-s-assit-sur-un-monde-en-ruines-une-jeunesse-soucieuse<\/span><\/a><\/div>\n<div class=\"mdjComplements\"><span style=\"color: #0000ff;\"><a style=\"color: #0000ff;\" href=\"https:\/\/fr.wikisource.org\/wiki\/Page:Musset_-_La_Confession_d%E2%80%99un_enfant_du_si%C3%A8cle,_1840.djvu\/14\">https:\/\/fr.wikisource.org\/wiki\/Page:Musset_-_La_Confession_d%E2%80%99un_enfant_du_si%C3%A8cle,_1840.djvu\/14<\/a><\/span><\/div>\n<div class=\"mdjComplements\"><strong>2 &#8211;&nbsp;\u00ab&nbsp;Quelle terreur en nous ne veut pas finir ?\u00bb&nbsp;<\/strong>Fr\u00e9d\u00e9ric Boyer<\/div>\n<div class=\"mdjComplements\">L&rsquo;identit\u00e9, en danger&#8230; ? C&rsquo;est le th\u00e8me du tout petit livre de l&rsquo;\u00e9crivain fran\u00e7ais Fr\u00e9d\u00e9ric Boyer, auteur de \u00ab\u00a0Quelle terreur en nous ne veut pas finir?\u00a0\u00bb, publi\u00e9 chez P.O.L.<\/div>\n<div class=\"mdjComplements\">En \u00e0 peine 100 pages, l&rsquo;\u00e9crivain met la question de l&rsquo;identit\u00e9 au c\u0153ur du d\u00e9bat sur l&rsquo;immigration. Une identit\u00e9 qui se sentirait en danger, un patrimoine, un terroir, une m\u00e9moire en perte d&rsquo;influence&#8230; A lire les gros titres de presse, \u00e0 entendre les discours ambiants, c&rsquo;est une civilisation enti\u00e8re qui est en danger face \u00e0 l&rsquo;Autre, et plus pr\u00e9cis\u00e9ment. aux Autres.<\/div>\n<div class=\"mdjComplements\">\u00ab\u00a0Nous d\u00e9fendons le droit \u00e0 l\u2019hospitalit\u00e9 (&#8230;) Et nous affirmons vouloir prot\u00e9ger un roman national, une histoire \u00e0 nous, par le refus d&rsquo;entendre la vie des autres.\u00a0\u00bb<\/div>\n<div class=\"mdjComplements\">De quoi avons-nous peur, et surtout, pourquoi avons-nous peur ? C&rsquo;est la question que pose Fr\u00e9d\u00e9ric Boyer dans cet \u00e9crit.<\/div>\n<div class=\"mdjComplements\">D&rsquo;un point de vue moral, \u00e9thique presque, comment coexistent une telle appr\u00e9hension, une telle \u00e9pouvante, et de tels discours sur l&rsquo;hospitalit\u00e9, la solidarit\u00e9, la fraternit\u00e9&#8230; l&rsquo;humanit\u00e9.<\/div>\n<div class=\"mdjComplements\"><a href=\"http:\/\/www.franceinter.fr\/emission-un-jour-dans-le-monde-accueillir\"><span style=\"color: #0000ff;\">http:\/\/www.franceinter.fr\/emission-un-jour-dans-le-monde-accueillir<\/span><\/a><\/div>\n<div class=\"mdjComplements\"><strong>3 &#8211; \u00abLes gens dans l&rsquo;enveloppe\u00bb&nbsp;<\/strong>Isabelle Monnin<\/div>\n<div class=\"mdjComplements\">Au d\u00e9part, c&rsquo;est une id\u00e9e gonfl\u00e9e et excitante. A l&rsquo;arriv\u00e9e, Les Gens dans l&rsquo;enveloppe est un objet in\u00e9dit, \u00e0 la fois roman, enqu\u00eate et disque : en 2012, la journaliste romanci\u00e8re Isabelle Monnin ach\u00e8te sur le Net un lot de vieilles photos d&rsquo;une famille qu&rsquo;elle ne conna\u00eet pas. Fascin\u00e9e par ces portraits d&rsquo;anonymes sortis d&rsquo;une enveloppe, elle d\u00e9cide de leur inventer une vie. Son ami Alex Beaupain, s\u00e9duit par l&rsquo;aventure, sugg\u00e8re d&rsquo;accompagner le r\u00e9cit de chansons. L&rsquo;histoire, d\u00e9j\u00e0 peu banale, pouvait s&rsquo;arr\u00eater l\u00e0&#8230; Mais c&rsquo;est \u00e0 ce moment qu&rsquo;elle va prendre tout son sel : une fois son roman boucl\u00e9, Isabelle Monnin se lance sur la trace de ces inconnus familiers, les retrouvant dans le Doubs, et confrontant son imaginaire \u00e0 leurs destins r\u00e9els.<\/div>\n<div class=\"mdjComplements\"><a href=\"http:\/\/www.telerama.fr\/livres\/beau-geste,131316.php\"><span style=\"color: #0000ff;\">http:\/\/www.telerama.fr\/livres\/beau-geste,131316.php<\/span><\/a><\/div>\n<div class=\"mdjComplements\"><a href=\"http:\/\/france3-regions.francetvinfo.fr\/franche-comte\/doubs\/haut-doubs\/les-gens-dans-l-enveloppe-cueillis-dans-leur-vie-807651.html\"><span style=\"color: #0000ff;\">http:\/\/france3-regions.francetvinfo.fr\/franche-comte\/doubs\/haut-doubs\/les-gens-dans-l-enveloppe-cueillis-dans-leur-vie-807651.html<\/span><\/a><\/div>\n<div class=\"mdjComplements\"><strong>4 &#8211; \u00abLes violences sournoises dans la famille\u00bb&nbsp;<\/strong>Isabelle Levert<\/div>\n<div class=\"mdjComplements\">Isabelle Levert est psychologue clinicienne et psychoth\u00e9rapeute. Apr\u00e8s&nbsp;<em>Les Violences sournoises dans le couple<\/em>&nbsp;(Robert Laffont, 2011),<em>&nbsp;Les Violence sournoises dans la famille&nbsp;<\/em>est son deuxi\u00e8me livre.<\/div>\n<div class=\"mdjComplements\"><a href=\"http:\/\/www.laffont.fr\/site\/les_violences_sournoises_dans_la_famille_&amp;100&amp;9782221157671.html\"><span style=\"color: #0000ff;\">http:\/\/www.laffont.fr\/site\/les_violences_sournoises_dans_la_famille_&amp;100&amp;9782221157671.html<\/span><\/a><\/div>\n<div class=\"mdjComplements\">Alors qu&rsquo;ils auraient d\u00fb \u00eatre prot\u00e9g\u00e9s, choy\u00e9s, ils se sont sentis rejet\u00e9s, humili\u00e9s, m\u00e9pris\u00e9s&#8230; Tous les auteurs et presque toutes les victimes de violence domestique ont subi, dans leur enfance, une maltraitance.<\/div>\n<div class=\"mdjComplements\">Quand un mari dit \u00e0 son \u00e9pouse : \u00ab Quand je te vois, je vois juste une nana qui veut en foutre le moins possible, \u00e7a va vraiment pas le faire, nous deux \u00bb ; \u00ab Cette sculpture, c&rsquo;est comme toi, \u00e7a sert \u00e0 rien \u00bb ; quand un parent dit \u00e0 son enfant : \u00ab Je ne t&rsquo;ai pas sonn\u00e9, tu parleras quand je te le dirai \u00bb, \u00ab Ne fais pas \u00e7a, tu sais pas faire, tu vas tout casser \u00bb, \u00ab D\u00e9gage, tu es la pire erreur de ma vie ! \u00bb ; quand une belle-m\u00e8re dit \u00e0 sa belle-fille : \u00ab Je peux \u00eatre ta meilleure amie comme ta pire ennemie \u00bb&#8230; Quelles sont les paroles qu&rsquo;ont entendues ces adultes dans leur enfance ?<\/div>\n<div class=\"mdjComplements\">Apr\u00e8s les violences sournoises dans le couple, l&rsquo;axe horizontal de sa recherche, Isabelle Levert reprend aujourd&rsquo;hui la plume pour s&rsquo;interroger sur les violences sournoises dans la famille, son pendant vertical. Elle met l&rsquo;accent sur le v\u00e9cu infantile des auteurs et des victimes, et se penche sur leurs enfants qui, frapp\u00e9s par la violence, sont en risque de la reproduire \u00e0 l&rsquo;\u00e2ge adulte. Car il faut en comprendre les rouages et les ancrages, en parler et entreprendre un travail de psychoth\u00e9rapie, pour \u00e9viter que cette violence se transmette de g\u00e9n\u00e9ration en g\u00e9n\u00e9ration.<\/div>\n<div class=\"mdjComplements\"><strong>5 &#8211;&nbsp;&nbsp;\u00abLes mus\u00e9es envahis par les aveugles photographes\u00bb <\/strong>Eric Dupin<\/div>\n<div class=\"mdjComplements\"><a href=\"http:\/\/ericdupin.blogs.com\/\"><span style=\"color: #0000ff;\">http:\/\/ericdupin.blogs.com\/<\/span><\/a><\/div>\n<div class=\"mdjComplements\">\u00abIls ont des yeux, mais ne voient pas\u00bb, (\u00c9vangile selon Saint-Matthieu mais aussi, soyons \u0153cum\u00e9niques, sourate 7 verset 179 du Coran). Leur index est incroyablement plus mobile et plus actif que leurs pupilles. Ce sont les touristes, fort peu regardants, qui pr\u00e9f\u00e8rent capturer une \u0153uvre d\u2019art \u00e0 l\u2019aide de leur smartphone plut\u00f4t que perdre leur temps \u00e0 la contempler.<\/div>\n<div class=\"mdjComplements\">Ce spectacle fascinant s\u2019observe dans la plupart des grands mus\u00e9es de la plan\u00e8te. Mais j\u2019ai vu, cet \u00e9t\u00e9 aux \u00c9tats-Unis, jusqu\u2019\u00e0 quelles extr\u00e9mit\u00e9s ce ph\u00e9nom\u00e8ne pouvait aller. La visite du MET ou du MoMA de New York, pour ne citer qu\u2019eux, s\u2019apparente d\u00e8s lors \u00e0 une rude \u00e9preuve.<\/div>\n<div class=\"mdjComplements\">Appropriation technologique des \u0153uvres<\/div>\n<div class=\"mdjComplements\">Ce n\u2019est pas d\u2019hier qu\u2019un flot de touristes ext\u00e9nu\u00e9s par d\u2019infernales cadences voyageuses tend \u00e0 confondre salles de mus\u00e9es et halls de gare. Au bout d\u2019un certain temps, les pauvres ne jettent plus que distraitement un coup d&rsquo;\u0153il aux \u0153uvres majeures signal\u00e9es par un pictogramme d\u2019\u00e9couteur.<\/div>\n<div class=\"mdjComplements\">La magie technologique n\u2019en a pas moins port\u00e9 \u00e0 un stade in\u00e9gal\u00e9 la possibilit\u00e9 de s\u2019approprier un mus\u00e9e en se dispensant de regarder vraiment les \u0153uvres expos\u00e9es. On peut tout d\u2019abord les mitrailler consciencieusement (les plus scrupuleux photographient aussit\u00f4t apr\u00e8s leur cartel) avec son R\u00e9flex num\u00e9rique \u00e9quip\u00e9 d\u2019un gros zoom (alors qu\u2019une reproduction de qualit\u00e9 suppose l\u2019emploi d\u2019une focale fixe moyenne \u00e0 grande ouverture \u2013mais passons). Pas le temps d\u2019observer entre deux d\u00e9clenchements. On verra tout \u00e7a tranquillement \u00e0 la maison&#8230;<\/div>\n<div class=\"mdjComplements\">La majorit\u00e9 s\u2019en tient n\u00e9anmoins \u00e0 l\u2019usage d\u2019un smartphone. Dans le meilleur des cas, pour photographier \u00e0 la va-vite, g\u00e9n\u00e9ralement de biais et de travers, l\u2019\u0153uvre c\u00e9l\u00e8bre. Dans le pire, et c\u2019est h\u00e9las de plus en plus fr\u00e9quent, pour s\u2019immortaliser soi-m\u00eame devant l\u2019une de ces manifestations du g\u00e9nie humain. Ou se faire prendre en photo, avec cet arri\u00e8re-plan avantageux, par un ami ou un membre de sa famille.<\/div>\n<div class=\"mdjComplements\">&nbsp;Ces diverses pratiques g\u00e9n\u00e8rent in\u00e9vitablement leur lot de nuisances. Bip\u00e8des au sourire forc\u00e9 occultant une partie du tableau, bras inopin\u00e9ment tendus devant vos yeux, mouvements incessants destin\u00e9s \u00e0 mieux se placer avant de dispara\u00eetre aussit\u00f4t le clich\u00e9 pris: tout cela ne favorise gu\u00e8re l\u2019observation sereine et attentive des \u0153uvres d\u2019art. Le visiteur qui reste plusieurs minutes immobile devant un tableau, pour l\u2019analyser ou s\u2019immerger dans son univers, est paradoxalement consid\u00e9r\u00e9 comme un \u00e9trange g\u00eaneur par la majorit\u00e9 des touristes.<\/div>\n<div class=\"mdjComplements\"><strong><span style=\"color: #800080;\">B \u2013 Politique<\/span><\/strong><\/div>\n<div class=\"mdjComplements\"><strong>6 &#8211; \u00ab\u2009Hollande est dans un cul-de-sac politique\u2009\u00bb <\/strong>Thibaut Madelin \/ Correspondant \u00e0 Berlin | Le 06\/04<\/div>\n<div class=\"mdjComplements\">Grand reporter au sein de l\u2019influent magazine allemand \u00ab\u2009Der Spiegel\u2009\u00bb, Ullrich Fichtner conna\u00eet bien la France, o\u00f9 il vit depuis 2003. Il a fait sensation la semaine derni\u00e8re en appelant publiquement \u00e0 la d\u00e9mission de Fran\u00e7ois Hollande.<\/div>\n<div class=\"mdjComplements\"><span style=\"color: #0000ff;\"><a style=\"color: #0000ff;\" href=\"http:\/\/www.lesechos.fr\/monde\/europe\/021822821239-hollande-est-dans-un-cul-de-sac-politique-1212070.php\">http:\/\/www.lesechos.fr\/monde\/europe\/021822821239-hollande-est-dans-un-cul-de-sac-politique-1212070.php<\/a><\/span><\/div>\n<div class=\"mdjComplements\"><em>Vous venez d\u2019\u00e9crire que, politiquement, Fran\u00e7ois Hollande \u00e9tait un homme mort qui devait d\u00e9missionner. Pourquoi\u2009?<\/em><\/div>\n<div class=\"mdjComplements\">Je pense qu\u2019il est dans un cul-de-sac politique. S\u2019il veut le bien de son pays, il serait temps de tirer les cons\u00e9quences de ses erreurs et de d\u00e9missionner. Je sais que ce n\u2019est pas dans la culture fran\u00e7aise, mais je trouve cela d\u00e9plorable. Gerhard Schr\u00f6der \u00e9tait lui aussi dans une situation difficile apr\u00e8s les r\u00e9formes de l\u2019Agenda 2010 et il a mis son mandat en jeu. Pourquoi serait-ce impossible en France\u2009?<\/div>\n<div class=\"mdjComplements\"><strong>7 &#8211; \u00abApr\u00e8s les pompiers, l\u2019Europe attend les architectes.\u00bb&nbsp;<\/strong>Jacques Delors<\/div>\n<div class=\"mdjComplements\"><span style=\"color: #0000ff;\"><a style=\"color: #0000ff;\" href=\"http:\/\/www.challenges.fr\/tribunes\/20160216.CHA5151\/jacques-delors-lance-un-appel-a-l-europe-sociale.html\">http:\/\/www.challenges.fr\/tribunes\/20160216.CHA5151\/jacques-delors-lance-un-appel-a-l-europe-sociale.html<\/a><\/span><\/div>\n<div class=\"mdjComplements\">\u00ab Ces derni\u00e8res ann\u00e9es, les dirigeants nationaux et europ\u00e9ens ont connu une sorte de gestion de crise au quotidien, prenant des mesures dans l\u2019optique de survivre. Si les efforts en vue d\u2019emp\u00eacher l\u2019effondrement de la zone euro sont bienvenus, notre Union doit imp\u00e9rativement poursuivre des objectifs \u00e0 long terme. Des objectifs qui portent sur le progr\u00e8s social et la prosp\u00e9rit\u00e9 pour tous. En effet, comme je l\u2019ai d\u00e9j\u00e0 mentionn\u00e9 \u00e0 plusieurs reprises, apr\u00e8s les pompiers, l\u2019Europe attend les architectes. Ces derniers sont essentiels pour trouver ce sens de l\u2019int\u00e9r\u00eat commun qui peut mobiliser \u00e0 la fois les \u00c9tats membres et leurs citoyens. Nous devrions tirer un enseignement de ces ann\u00e9es de crise financi\u00e8re, \u00e9conomique et politique ? si l\u2019\u00e9laboration des politiques europ\u00e9ennes compromet la coh\u00e9sion et sacrifie des normes sociales, le projet europ\u00e9en n\u2019a aucune chance de recueillir le soutien des citoyens europ\u00e9ens. Ce rapport identifie clairement les trois objectifs qui peuvent contribuer \u00e0 l\u2019int\u00e9gration europ\u00e9enne et r\u00e9tablir la confiance et la reprise \u00e9conomique. Premi\u00e8rement, la convergence socio-\u00e9conomique au sein de l\u2019UEM et de l\u2019UE, qui doit \u00eatre r\u00e9alis\u00e9e, par exemple, gr\u00e2ce \u00e0 des m\u00e9canismes de stabilisation automatiques\u2009; deuxi\u00e8mement, un v\u00e9ritable march\u00e9 du travail europ\u00e9en, avec une mobilit\u00e9 accrue au sein de l\u2019UE et des droits sociaux accessibles dans toute l\u2019Europe\u2009; troisi\u00e8mement, un \u00e9lan vigoureux en faveur des investissements sociaux pour fixer la base de la croissance inclusive et de la comp\u00e9titivit\u00e9.<\/div>\n<div class=\"mdjComplements\">Cr\u00e9er un m\u00e9canisme de stabilisation sociale. \u00bb<\/div>\n<div class=\"mdjComplements\"><strong>8 &#8211; \u00ab Le but supr\u00eame pour les lib\u00e9raux que nous incarnons est que le Droit emp\u00eache les gros de faire du mal aux petits, les petits de massacrer les gros, mais surtout que le Droit emp\u00eache l&rsquo;\u00c9tat d&rsquo;enquiquiner tout le monde. \u00bb&nbsp;&#8211; <\/strong><a href=\"http:\/\/institutdeslibertes.org\/\"><span style=\"color: #0000ff;\">Charles Gave&nbsp;<\/span><\/a><\/div>\n<div class=\"mdjComplements\">Le comble de cet \u00e9tatisme : la loi Macron et son vote bloqu\u00e9 gr\u00e2ce au fameux article 49.3. L&rsquo;ancien Premier ministre Jean-Pierre Raffarin avait estim\u00e9 que l&rsquo;utilisation de ce 49.3 \u00e9tait comparable \u00e0 celle d&rsquo;un \u00ab bulldozer pour faire des p\u00e2t\u00e9s de sable \u00bb, tellement cette loi de 300 articles et de plusieurs milliers de d\u00e9crets d&rsquo;application n&rsquo;\u00e9tait au fond qu&rsquo;une \u00ab loi toile d&rsquo;araign\u00e9e \u00bb. Quand on l&rsquo;examine de pr\u00e8s, en effet, on voit bien que son but n&rsquo;est pas de r\u00e9former r\u00e9ellement mais de r\u00e9genter et suradministrer encore plus des professions d\u00e9j\u00e0 \u00e9cras\u00e9es de charges, de contraintes, de r\u00e9glementations et de contr\u00f4les.<\/div>\n<div class=\"mdjComplements\">Emmanuel Macron, lib\u00e9ral ? C&rsquo;est risible ! Au moment o\u00f9 il faudrait que l&rsquo;\u00c9tat envahisseur recule, que les syndicats politis\u00e9s reculent, que le Code du travail recule et que le communisme ambiant recule, le ministre ajoute une couche d&rsquo;\u00c9tat suppl\u00e9mentaire \u2013 voyez Renault \u2013, une couche de syndicalisme suppl\u00e9mentaire \u2013 pour ouvrir les magasins en soir\u00e9e, par exemple, il faudra que les syndicats soient d&rsquo;accord \u2013 et plusieurs couches de nouvelles contraintes qui vont finir par \u00e9touffer un pays d\u00e9j\u00e0 en respiration assist\u00e9e.<\/div>\n<div class=\"mdjComplements\">Charles Gave, qui s&rsquo;\u00e9tait fait conna\u00eetre du grand public il y a une douzaine d&rsquo;ann\u00e9es avec son best-seller Des lions men\u00e9s par des \u00e2nes (\u00e9d. Robert Laffont), estime que, si l&rsquo;\u00e9conomie fran\u00e7aise va si mal et depuis si longtemps, c&rsquo;est \u00e0 cause de \u00ab cette \u00e9vidence accablante : plus la part de l&rsquo;\u00c9tat dans l&rsquo;\u00e9conomie est forte, plus la croissance est faible. Plus la croissance est faible, plus le taux de ch\u00f4mage monte. Plus le taux de ch\u00f4mage monte, plus les d\u00e9penses de l&rsquo;\u00c9tat augmentent\u2026 Un cercle vicieux dans toute son horreur. \u00bb Et vous, quelle est votre analyse, monsieur Macron ?<\/div>\n<div class=\"mdjComplements\">Le vrai lib\u00e9ralisme, en fait, n&rsquo;est pas sp\u00e9cialement une th\u00e9orie \u00e9conomique et n&rsquo;a pas de couleur. Il n&rsquo;est ni rouge ni bleu, ni de gauche ni de droite. C&rsquo;est plut\u00f4t une philosophie. Les vrais lib\u00e9raux sont des humanistes tol\u00e9rants, oppos\u00e9s aux extr\u00eames et aux extr\u00e9mistes. Ils sont avant tout des partisans de la libert\u00e9 individuelle face \u00e0 l&rsquo;\u00c9tat quand celui-ci est envahissant. Ils veulent r\u00e9duire les droits de l&rsquo;\u00c9tat au profit d&rsquo;un \u00e9tat de Droit. Ils veillent scrupuleusement \u00e0 ce que le capitalisme, pour fonctionner \u00e0 la satisfaction g\u00e9n\u00e9rale, soit r\u00e9gul\u00e9 par des intervenants, \u00e0 condition que ces derniers soient comp\u00e9tents.<\/div>\n<div class=\"mdjComplements\">En exergue de la premi\u00e8re page du site de l&rsquo;Institut des libert\u00e9s qu&rsquo;il a cr\u00e9\u00e9 et qu&rsquo;il pr\u00e9side, Charles Gave a grav\u00e9 ces mots simples et clairs : \u00ab Le but supr\u00eame pour les lib\u00e9raux que nous incarnons est que le Droit emp\u00eache les gros de faire du mal aux petits, les petits de massacrer les gros, mais surtout que le Droit emp\u00eache l&rsquo;\u00c9tat d&rsquo;enquiquiner tout le monde. \u00bb Qu&rsquo;en dites-vous, monsieur Macron ?<\/div>\n<div class=\"mdjComplements\"><strong>9 &#8211; \u00abLa France peut \u00e9voluer vers un r\u00e9gime autoritaire&nbsp;\u00bb&nbsp;<\/strong>Yves Sintomer<\/div>\n<div class=\"mdjComplements\"><a href=\"http:\/\/actualites.nouvelobs.com\/politique\/20160213.OBS4610\/yves-sintomer-la-france-peut-evoluer-vers-un-regime-autoritaire.html\"><span style=\"color: #0000ff;\">http:\/\/actualites.nouvelobs.com\/politique\/20160213.OBS4610\/yves-sintomer-la-france-peut-evoluer-vers-un-regime-autoritaire.html<\/span><\/a><\/div>\n<div class=\"mdjComplements\"><\/div>\n<div class=\"mdjComplements\">Yves Sintomer, professeur de sciences politiques \u00e0 Paris 8, sp\u00e9cialiste de la d\u00e9mocratie participative et d\u00e9lib\u00e9rative, a surpris son auditoire mardi 9 f\u00e9vrier, lors d&rsquo;une conf\u00e9rence sur l&rsquo;avenir de la d\u00e9mocratie \u00e0 l&rsquo;UCL (University College of London), en affirmant qu&rsquo;il n&rsquo;\u00e9tait pas \u00e0 exclure de voir la France \u00e9voluer rapidement vers un r\u00e9gime autoritaire. Il d\u00e9roule ici son raisonnement.<\/div>\n<div class=\"mdjComplements\">Vous avez r\u00e9cemment d\u00e9clar\u00e9, lors d&rsquo;une conf\u00e9rence \u00e0 Londres que, parmi les pays occidentaux, la France \u00e9tait celle qui risquait le plus de verser dans un r\u00e9gime autoritaire. Comment en arrivez-vous \u00e0 une telle conclusion ?<\/div>\n<div class=\"mdjComplements\">&#8211; Notre conf\u00e9rence portait sur l&rsquo;avenir des d\u00e9mocraties. Nos vieilles d\u00e9mocraties, en Europe et en Am\u00e9rique du Nord, traversent une crise de l\u00e9gitimit\u00e9 profonde, marqu\u00e9e par une d\u00e9fiance de plus en plus importante vis-\u00e0-vis des gouvernements et des \u00e9lites. L&rsquo;id\u00e9e que nos syst\u00e8mes, invent\u00e9s au XVIIIe si\u00e8cle, pourraient r\u00e9sister sans changement \u00e0 cette crise n&rsquo;est pas cr\u00e9dible, compte tenu de l&rsquo;ampleur des mutations auxquelles la politique doit aujourd&rsquo;hui faire face.<\/div>\n<div class=\"mdjComplements\">Il est \u00e9galement illusoire de miser sur un retour en arri\u00e8re, que ce soit vers un syst\u00e8me fond\u00e9 sur la comp\u00e9tition entre de grands partis de masse int\u00e9grant les couches populaires et dot\u00e9s d&rsquo;id\u00e9ologies ou vers un syst\u00e8me communiste, id\u00e9e que caresse des philosophes en vogue comme Giorgio Agamben, Alain Badiou ou Slavoj Zizek. Ni statu quo, ni retour en arri\u00e8re, nos d\u00e9mocraties repr\u00e9sentatives vont donc muter.<\/div>\n<div class=\"mdjComplements\">Muter dans quel sens ? Quels sont les sc\u00e9narios possibles ?<\/div>\n<div class=\"mdjComplements\">&#8211; Trois sc\u00e9narios me semblent r\u00e9alistes. Le premier est celui qu&rsquo;on appelle \u00ab\u00a0la post-d\u00e9mocratie\u00a0\u00bb, une notion d\u00e9velopp\u00e9e par le sociologue et politologue britannique Colin Crouch. C&rsquo;est un syst\u00e8me dans lequel, en apparence, rien ne change : des \u00e9lections libres continuent d&rsquo;\u00eatre organis\u00e9es, la justice est ind\u00e9pendante, les droits individuels sont respect\u00e9s. La fa\u00e7ade est la m\u00eame, mais la souverainet\u00e9 r\u00e9elle est ailleurs. Les d\u00e9cisions sont prises par les directions de grandes firmes, les acteurs des march\u00e9s, les agences de notation, ou par des organes technocratiques\u2026 En Europe, nous sommes d\u00e9j\u00e0 engag\u00e9s dans cette direction.<\/div>\n<div class=\"mdjComplements\">Second sc\u00e9nario, plus heureux, celui d&rsquo;une \u00ab\u00a0d\u00e9mocratisation de la d\u00e9mocratie\u00a0\u00bb : on vivrait alors un renforcement du politique face \u00e0 l&rsquo;\u00e9conomique, avec une participation citoyenne plus active. La d\u00e9mocratie se renforcerait sous des formes participatives et d\u00e9lib\u00e9ratives vari\u00e9es.<\/div>\n<div class=\"mdjComplements\">Troisi\u00e8me sc\u00e9nario, celui de l&rsquo;autoritarisme. Il ne s&rsquo;agit pas de dictature, mais de syst\u00e8mes o\u00f9, \u00e0 la diff\u00e9rence de la post-d\u00e9mocratie, la fa\u00e7ade est remani\u00e9e : les \u00e9lections existent mais la comp\u00e9tition \u00e9lectorale est restreinte ; les libert\u00e9s (d&rsquo;expression, d&rsquo;association, d&rsquo;aller et venir, de la presse\u2026) sont amoindries par des lois liberticides ; la justice est moins ind\u00e9pendante\u2026 C&rsquo;est la pente qu&rsquo;ont pris les Russes, les Hongrois, les Polonais, les Turcs, et qu&rsquo;on retrouve ailleurs, en Equateur ou au Venezuela par exemple. En Asie du Sud-Est, plusieurs r\u00e9gimes non-d\u00e9mocratiques sont all\u00e9s ou vont, par une lib\u00e9ralisation tr\u00e8s contr\u00f4l\u00e9e, vers un tel mod\u00e8le : je pense \u00e0 Singapour ou \u00e0 la Chine, deux pays o\u00f9 les droits y sont restreints.<\/div>\n<div class=\"mdjComplements\"><strong>10 &#8211; \u00abNotre conception du monde nous interdit le monde de demain \u00bb <\/strong>Yannick Roudaut<\/div>\n<div class=\"mdjComplements\">Conf\u00e9rence de Yannick Roudaut, le 21\/01\/2013 \u00e0 Nantes :<span style=\"color: #0000ff;\"> <a style=\"color: #0000ff;\" href=\"https:\/\/www.youtube.com\/watch?v=T6LODGLPR5U\">https:\/\/www.youtube.com\/watch?v=T6LODGLPR5U<\/a><\/span><\/div>\n<div class=\"mdjComplements\">Nous avons la chance exceptionnelle de vivre une p\u00e9riode exceptionnelle de l\u2019histoire de l\u2019humanit\u00e9 : nous allons pouvoir changer le monde. Mais avant de changer le monde, \u00e7a c\u2019est le c\u00f4t\u00e9 enthousiasmant, je vais vous demander un petit effort. Il va nous falloir faire un travail de deuil, il faut tourner la page. Et tourner la page, c\u2019est tourner la page du monde dans lequel nous vivons aujourd\u2019hui et \u00e7a pour le faire je vais m\u2019appuyer sur les travaux d\u2019un am\u00e9ricain qui s\u2019appelle Jared Diamond, qui a publi\u00e9 \u00ab collapse \u00bb et vous allez voir que les cinq facteurs d\u2019effondrement d\u2019une civilisation sont r\u00e9unis aujourd\u2019hui. Ca c\u2019est la mauvaise nouvelle. Apr\u00e8s nous passerons aux bonnes nouvelles.<\/div>\n<div class=\"mdjComplements\">Jared Diamond a identifi\u00e9 cinq facteurs que l\u2019on retrouve dans l\u2019effondrement des mayas, des vikings, des grandes civilisations de M\u00e9sopotamie. Et \u00e0 chaque fois ces cinq facteurs \u00e9taient r\u00e9unis.<\/div>\n<div class=\"mdjComplements\">La mauvaise nouvelle est qu\u2019en ce d\u00e9but de 21i\u00e8me si\u00e8cle, ces cinq facteurs sont r\u00e9unis mais cette fois-ci, ce n\u2019est pas une civilisation qui est menac\u00e9e, c\u2019est le village monde, c\u2019est l\u2019humanit\u00e9, c\u2019est nous tous. Voil\u00e0 pourquoi c\u2019est important d\u2019en prendre conscience.<\/div>\n<div class=\"mdjComplements\">Le premier facteur d\u2019effondrement est le facteur environnemental : nous avons inflig\u00e9 depuis 2 si\u00e8cles, surtout depuis une cinquantaine d\u2019ann\u00e9es, des dommages environnementaux parfois irr\u00e9versibles.<\/div>\n<div class=\"mdjComplements\">Deuxi\u00e8me facteur : le d\u00e9r\u00e8glement climatique. Toutes les grandes civilisations ont fait face \u00e0 ces d\u00e9r\u00e8glements. Cela affaiblit les \u00e9cosyst\u00e8mes et qui dit affaiblissement des \u00e9cosyst\u00e8mes dit p\u00e9nurie de ressources, d\u00e9stabilisation d\u2019une soci\u00e9t\u00e9, cons\u00e9quences \u00e9conomiques, g\u00e9opolitiques, sociales, vous connaissez la suite.<\/div>\n<div class=\"mdjComplements\">Troisi\u00e8me facteur : la r\u00e9surgence des conflits militaires qui d\u00e9coule des deux premiers facteurs. Quand les \u00e9cosyst\u00e8mes sont d\u00e9stabilis\u00e9s, quand la soci\u00e9t\u00e9 manque de ressources, on renoue avec les conflits, on se fait la guerre et je vous rappelle qu\u2019\u00e0 l\u2019heure actuelle la France est en guerre au Mali.<\/div>\n<div class=\"mdjComplements\">Quatri\u00e8me facteur : le d\u00e9litement des alliances diplomatiques et commerciales. Plus cela va mal, plus les alliances d\u2019hier volent en \u00e9clat. Et aujourd\u2019hui, nous sommes tous conscients que l\u2019avenir de l\u2019Europe est vraiment mis entre parenth\u00e8ses. Nous ne savons pas ce que cela va devenir.<\/div>\n<div class=\"mdjComplements\">Et puis le cinqui\u00e8me facteur n\u2019est pas le moins inqui\u00e9tant : c\u2019est l\u2019aveuglement de nos \u00e9lites. Dans tout effondrement de civilisation, les \u00e9lites sont incapables d\u2019expertiser la chute de leur monde, ils sont incapables de changer leurs prismes d\u2019analyse. R\u00e9sultat : elles m\u00e8nent une politique de caste qui accentue, qui pr\u00e9cipite l\u2019effondrement d\u2019un monde.<\/div>\n<div class=\"mdjComplements\"><strong><span style=\"color: #800080;\">C \u2013 Economie<\/span><\/strong><\/div>\n<div class=\"mdjComplements\"><strong>11 &#8211; \u00abLes \u00c9tats-providence sont fondamentalement incompatibles avec la libre circulation des personnes d&rsquo;un pays \u00e0 l&rsquo;autre\u00bb&nbsp;<\/strong>Hans-Werner Sinn<\/div>\n<div class=\"mdjComplements\"><em>Hans-Werner Sinn, professeur d&rsquo;\u00e9conomie et de finances publiques \u00e0 l&rsquo;universit\u00e9 de Munich, \u00e9galement pr\u00e9sident de l&rsquo;institut de recherche \u00e9conomique Ifo, si\u00e8ge au Conseil consultatif du minist\u00e8re allemand de l&rsquo;\u00c9conomie.&nbsp;<\/em><\/div>\n<div class=\"mdjComplements\"><a href=\"http:\/\/www.latribune.fr\/opinions\/tribunes\/de-l-incompatibilite-de-l-accueil-des-migrants-avec-l-etat-providence-546346.html\"><span style=\"color: #0000ff;\">http:\/\/www.latribune.fr\/opinions\/tribunes\/de-l-incompatibilite-de-l-accueil-des-migrants-avec-l-etat-providence-546346.html<\/span><\/a><\/div>\n<div class=\"mdjComplements\">L&rsquo;enjeu est essentiel. Les \u00c9tats-providence se d\u00e9finissent par le principe de redistribution&nbsp;: ceux dont les revenus sont au-dessus de la moyenne paient plus d&rsquo;imp\u00f4ts et cotisent plus qu&rsquo;ils ne re\u00e7oivent en retour des services publics, tandis que ceux dont la r\u00e9mun\u00e9ration est inf\u00e9rieure \u00e0 la moyenne paient moins qu&rsquo;ils ne re\u00e7oivent. Cette redistribution, qui draine les ressources publiques nettes vers les m\u00e9nages \u00e0 faibles revenus, apporte une correction sensible \u00e0 l&rsquo;\u00e9conomie de march\u00e9, sorte d&rsquo;assurance contre les vicissitudes de la vie et la dure loi du prix de la raret\u00e9, qui caract\u00e9rise le march\u00e9 et n&rsquo;a que peu \u00e0 voir avec la justice sociale.<\/div>\n<div class=\"mdjComplements\">Les \u00c9tats-providence sont fondamentalement incompatibles avec la libre circulation des personnes d&rsquo;un pays \u00e0 l&rsquo;autre si les nouveaux arrivants ont imm\u00e9diatement et pleinement acc\u00e8s aux prestations sociales de leur pays d&rsquo;accueil. Lorsque tel est le cas, ce pays fonctionne en effet comme une trappe \u00e0 allocataires, o\u00f9 l&rsquo;on s&rsquo;installe en raison des prestations&nbsp;; il attire les migrants en plus grand nombre qu&rsquo;il ne le serait \u00e9conomiquement souhaitable puisque ces derniers y re\u00e7oivent, outre leur salaire, une subvention sous forme de transferts publics. On ne peut esp\u00e9rer d&rsquo;autor\u00e9gulation efficace des migrations que dans la mesure o\u00f9 les migrants ne per\u00e7oivent que leur salaire.<\/div>\n<div class=\"mdjComplements\"><strong>12 &#8211; \u00abL&rsquo;\u00e9conomie sociale et solidaire p\u00e8se de plus en plus lourd\u00bb&nbsp;&nbsp;<\/strong>Marie-C\u00e9cile Renault journaliste du Figaro<\/div>\n<div class=\"mdjComplements\"><a href=\"http:\/\/www.lefigaro.fr\/societes\/2015\/11\/02\/20005-20151102ARTFIG00005-l-economie-sociale-et-solidaire-pese-de-plus-en-plus-lourd.php\"><span style=\"color: #0000ff;\">http:\/\/www.lefigaro.fr\/societes\/2015\/11\/02\/20005-20151102ARTFIG00005-l-economie-sociale-et-solidaire-pese-de-plus-en-plus-lourd.php<\/span><\/a><\/div>\n<div class=\"mdjComplements\">Mal connu du grand public, le secteur de l&rsquo;\u00e9conomie sociale et solidaire (ESS) regroupe les mutuelles, les associations, les coop\u00e9ratives et les soci\u00e9t\u00e9s commerciales \u00e0 but social. Soit 200.000 entreprises au total, repr\u00e9sentant 10% du PIB et 12% des emplois priv\u00e9s. Les entreprises de l&rsquo;ESS emploient ainsi plus de 2,36 millions de salari\u00e9s, soit un emploi priv\u00e9 sur 8 en France, selon un rapport de Bercy. L&rsquo;entrepreneuriat social est une mani\u00e8re d&rsquo;entreprendre qui place l&rsquo;efficacit\u00e9 \u00e9conomique au service de l&rsquo;int\u00e9r\u00eat g\u00e9n\u00e9ral. \u00abQuel que soit le statut juridique des entreprises, leurs dirigeants font du profit un moyen, non une fin en soi\u00bb, explique le Mouvement des entrepreneurs sociaux (<a href=\"http:\/\/mouves.org\/\">Mouves<\/a>). Tout un esprit.<\/div>\n<div class=\"mdjComplements\"><strong>13 &#8211; \u00abL\u2019Homme inutile\u00bb&nbsp;<\/strong>Pierre-No\u00ebl Giraud<\/div>\n<div class=\"mdjComplements\"><a href=\"http:\/\/www.franceculture.fr\/emission-du-grain-a-moudre-faut-il-donner-du-travail-a-tout-prix-2015-11-24\"><span style=\"color: #0000ff;\">http:\/\/www.franceculture.fr\/emission-du-grain-a-moudre-faut-il-donner-du-travail-a-tout-prix-2015-11-24<\/span><\/a><\/div>\n<div class=\"mdjComplements\">Qu\u2019y a-t-il de commun entre un ch\u00f4meur de longue dur\u00e9e espagnol, un jeune peu qualifi\u00e9 \u00e0 la&nbsp;recherche d\u2019un premier emploi en France, un travailleur pauvre &nbsp;britannique, un pr\u00e9caire allemand,&nbsp;un habitant des favelas de Rio ou des bidonvilles de Bombay, et un paysan sans terre de<\/div>\n<div class=\"mdjComplements\">Madagascar ? Ils font tous partie des superflus, des inexploitables, des exclus, des hommes et des<\/div>\n<div class=\"mdjComplements\">femmes inutiles aux autres et \u00e0 eux-m\u00eames, car condamn\u00e9s \u00e0 survivre de l\u2019assistance (publique ou familiale) et priv\u00e9s de moyens d\u2019am\u00e9liorer leur sort.<\/div>\n<div class=\"mdjComplements\">Dix-neuf ans apr\u00e8s la publication de L\u2019In\u00e9galit\u00e9 du monde (Folio, 1996), un livre fondateur dans&nbsp;lequel il pr\u00e9disait que la globalisation acc\u00e9l\u00e9rerait le rattrapage des \u00ab pays \u00e0 bas salaires et \u00e0&nbsp;capacit\u00e9s technologiques \u00bb, r\u00e9duirait les in\u00e9galit\u00e9s entre les pays, mais accro\u00eetrait les in\u00e9galit\u00e9s&nbsp;internes de revenus et laminerait les classes moyennes des pays riches, Pierre-No\u00ebl Giraud,&nbsp;professeur d\u2019\u00e9conomie \u00e0 Mines-ParisTech et \u00e0 Dauphine, revient dans L\u2019Homme inutile (Odile&nbsp;Jacob, 402 pages, 23,90 euros) sur son sujet de pr\u00e9dilection. La figure des \u00ab damn\u00e9s de la terre \u00bb a&nbsp;chang\u00e9, explique-t-il. Les colonis\u00e9s et les surexploit\u00e9s des XIXe et XXe si\u00e8cles ont c\u00e9d\u00e9 la place, au&nbsp;XXIe, aux hommes inutiles.<\/div>\n<div class=\"mdjComplements\">Forme particuli\u00e8rement grave et r\u00e9sistante d\u2019in\u00e9galit\u00e9 parce qu\u2019elle enferme dans&nbsp;des trappes d\u2019o\u00f9 il est tr\u00e8s difficile de sortir \u00bb, insiste l\u2019\u00e9conomiste. Il montre, de mani\u00e8re&nbsp;saisissante, l\u2019errance des conflits \u00e9conomiques sur le partage des revenus entre travail et capital du&nbsp;fait de la globalisation des firmes, qui mettent en comp\u00e9tition des \u00ab emplois nomades \u00bb dans le&nbsp;monde entier, par exemple ceux de trader, d\u2019ing\u00e9nieur a\u00e9ronautique ou encore d\u2019employ\u00e9 de centre&nbsp;d\u2019appels.<\/div>\n<div class=\"mdjComplements\">Cette errance est dangereuse, \u00ab car elle pave la voie \u00e0 d\u2019autres conflits, identitaires, religieux,&nbsp;ethniques, qui renforcent les verrous des trappes d\u2019inutilit\u00e9 et qui, organis\u00e9s d\u00e9sormais par des&nbsp;partis politiques, menacent la paix civile \u00bb, analyse Pierre-No\u00ebl Giraud.<\/div>\n<div class=\"mdjComplements\"><strong>14 &#8211;&nbsp;\u00ab&nbsp;&nbsp;Le risqu\u00e9 et l&rsquo;immoral font bon m\u00e9nage avec la finance&nbsp;\u00bb&nbsp;<\/strong>Pierre-Yves Coss\u00e9&nbsp;&nbsp;ancien commissaire au Plan<\/div>\n<div class=\"mdjComplements\">Les banques doivent elles pr\u00eater en devises \u00e0 des particuliers? Faire croire \u00e0 des emprunteurs des pays de l&rsquo;Est qu&rsquo;ils peuvent emprunter moins cher en devises, c&rsquo;est immoral, et finalement risqu\u00e9, comme le montrent les d\u00e9boires actuels d&rsquo;une filiale russe de la Soci\u00e9t\u00e9 G\u00e9n\u00e9rale. Par Pierre-Yves Coss\u00e9,<\/div>\n<div class=\"mdjComplements\"><a href=\"http:\/\/www.latribune.fr\/opinions\/blogs\/generation-deuxieme-gauche\/quand-le-risque-et-l-immoral-font-bon-menage-avec-la-finance-547386.html\"><span style=\"color: #0000ff;\">http:\/\/www.latribune.fr\/opinions\/blogs\/generation-deuxieme-gauche\/quand-le-risque-et-l-immoral-font-bon-menage-avec-la-finance-547386.html<\/span><\/a><\/div>\n<p><strong>15 &#8211; \u00abApr\u00e8s toutes ces d\u00e9cennies de croissance, l&rsquo;enjeu de l&rsquo;\u00e9conomie, l&rsquo;enjeu de la globalisation, c&rsquo;est la justice sociale. Sans justice sociale, il n&rsquo;y aura plus d&rsquo;\u00e9conomie\u00bb <\/strong>Emmanuel Faber, DG de Danone<\/p>\n<div class=\"mdjComplements\"><a href=\"http:\/\/www.lefigaro.fr\/societes\/2016\/06\/29\/20005-20160629ARTFIG00393-le-poignant-discours-du-patron-de-danone-qui-prone-la-justice-sociale.php\"><span style=\"color: #0000ff;\">http:\/\/www.lefigaro.fr\/societes\/2016\/06\/29\/20005-20160629ARTFIG00393-le-poignant-discours-du-patron-de-danone-qui-prone-la-justice-sociale.php<\/span><\/a><\/div>\n<div class=\"mdjComplements\">Le directeur g\u00e9n\u00e9ral de Danone, Emmanuel Faber, s&rsquo;est livr\u00e9 \u00e0 un exercice de style \u00e9mouvant le 24 juin dernier lors de la c\u00e9r\u00e9monie de remise des dipl\u00f4mes aux \u00e9tudiants de la grande \u00e9cole de commerce HEC. \u00abSi vous attendez un discours de r\u00e9f\u00e9rence intellectuelle, vous allez \u00eatre d\u00e9\u00e7us\u00bb, a lanc\u00e9 en guise de pr\u00e9ambule ce patron du CAC 40, lui-m\u00eame dipl\u00f4m\u00e9 de HEC-Paris. Et c&rsquo;est peu dire que ce fervent catholique a tenu sa promesse. Loin des th\u00e8ses n\u00e9olib\u00e9rales r\u00e9guli\u00e8rement soutenues devant les futurs dirigeants des grands groupes fran\u00e7ais, Emmanuel Faber a, au contraire, pr\u00f4n\u00e9 \u00abla justice sociale\u00bb en se r\u00e9f\u00e9rant \u00e0 son histoire personnelle, et plus particuli\u00e8rement \u00e0 son fr\u00e8re.<\/div>\n<div class=\"mdjComplements\">\u00abQu&rsquo;est-ce qui m&rsquo;a le plus marqu\u00e9 pendant mes trois ans ici [\u00e0 HEC, NDLR]? C&rsquo;est ce coup de fil que je n&rsquo;aurais jamais voulu recevoir, \u00e0 21 heures (&#8230;) et o\u00f9 j&rsquo;ai appris que mon fr\u00e8re venait d&rsquo;\u00eatre intern\u00e9 pour la premi\u00e8re fois en h\u00f4pital psychiatrique, diagnostiqu\u00e9 avec une schizophr\u00e9nie lourde. Ma vie a bascul\u00e9\u00bb, a confi\u00e9 devant une centaine d&rsquo;\u00e9tudiants le patron de Danone d&rsquo;une voix emplie d&rsquo;\u00e9motion. Si cet \u00e9minent chef d&rsquo;entreprise parle de ce fr\u00e8re d\u00e9c\u00e9d\u00e9 il y a cinq ans, c&rsquo;est qu&rsquo;il lui a fait d\u00e9couvrir \u00abla beaut\u00e9 de l&rsquo;alt\u00e9rit\u00e9\u00bb, \u00abl&rsquo;amiti\u00e9 des SDF\u00bb, et lui a prouv\u00e9 \u00abque l&rsquo;on peut vivre avec tr\u00e8s peu de choses et \u00eatre heureux\u00bb. Cette exp\u00e9rience a fa\u00e7onn\u00e9 sa vision du monde et de l&rsquo;entreprise.<\/div>\n<div class=\"mdjComplements\">Emmanuel Faber indique ensuite aux \u00e9tudiants pr\u00e9sents qu&rsquo;il est all\u00e9 \u00abs\u00e9journer dans les bidonvilles de Delhi, Bombay, Nairobi, Jakarta. Je suis \u00e9galement all\u00e9 dans le bidonville d&rsquo;Aubervilliers, pas tr\u00e8s loin de Paris, et dans la \u2018Jungle&rsquo; de Calais\u00bb. Une exp\u00e9rience qui lui a inspir\u00e9 une vision de l&rsquo;\u00e9conomie qu&rsquo;il d\u00e9crit ainsi: \u00abApr\u00e8s toutes ces d\u00e9cennies de croissance, l&rsquo;enjeu de l&rsquo;\u00e9conomie, l&rsquo;enjeu de la globalisation, c&rsquo;est la justice sociale. Sans justice sociale, il n&rsquo;y aura plus d&rsquo;\u00e9conomie\u00bb. \u00abLes riches, nous, les privil\u00e9gi\u00e9s, nous pourrons monter des murs de plus en plus haut (&#8230;) mais rien n&rsquo;arr\u00eatera ceux qui ont besoin de partager avec nous. Il n&rsquo;y aura pas non plus de justice climatique sans justice sociale\u00bb, poursuit-il.<\/div>\n<div class=\"mdjComplements\">Le patron de Danone en profite pour glisser, en anglais cette fois, une r\u00e9flexion sur l&rsquo;\u00e9conomie de march\u00e9 en faisant r\u00e9f\u00e9rence \u00e0 Adam Smith, un \u00e9conomiste du XVIIIe si\u00e8cle. \u00abCe que je sais, apr\u00e8s 25 ans d&rsquo;exp\u00e9rience, c&rsquo;est qu&rsquo;on nous dit qu&rsquo;il existe une main invisible, mais elle n&rsquo;existe pas. Donc il n&rsquo;y a que vos mains, mes mains, nos mains, pour changer les choses. Pour les am\u00e9liorer. Et nous avons beaucoup de choses \u00e0 am\u00e9liorer\u00bb.<\/div>\n<div class=\"mdjComplements\">\u00abLe pouvoir n&rsquo;a de sens que si vous vous en servez pour rendre service\u00bb, poursuit Emmanuel Faber devant un auditoire silencieux. \u00abAvec les intentions qui vous feront devenir celui que vous \u00eates vraiment, qui feront sortir le meilleur de vous et que vous ne connaissez pas encore\u00bb. Son discours est ponctu\u00e9 par une salve d&rsquo;applaudissements, tous les \u00e9l\u00e8ves se levant pour lui rendre hommage.<\/div>\n<div class=\"mdjComplements\"><strong><span style=\"color: #800080;\">D \u2013 Sant\u00e9<\/span><\/strong><\/div>\n<div class=\"mdjComplements\"><strong>16 &#8211;&nbsp;\u00ab&nbsp;Apple approche les mutuelles pour divulguer le comportement des assur\u00e9s&nbsp;\u00bb&nbsp;<\/strong>Guillaume Champeau &#8211; 22 ao\u00fbt 2014 &#8211; Sciences<\/div>\n<div class=\"mdjComplements\"><a href=\"http:\/\/www.numerama.com\/magazine\/30323-apple-approche-les-mutuelles-pour-divulguer-le-comportement-des-assures.html\"><span style=\"color: #0000ff;\">http:\/\/www.numerama.com\/magazine\/30323-apple-approche-les-mutuelles-pour-divulguer-le-comportement-des-assures.html<\/span><\/a><\/div>\n<div class=\"mdjComplements\"><strong>17 &#8211; \u00ab&nbsp;Le charme discret de l&rsquo;intestin\u00bb&nbsp;<\/strong>&nbsp;Giulia Enders<\/div>\n<div class=\"mdjComplements\">L\u2019Allemande Giulia Enders est un petit miracle de l\u2019\u00e9dition. A&nbsp;25&nbsp;ans, cette \u00e9tudiante en m\u00e9decine a d\u00e9j\u00e0 vendu plusieurs millions d\u2019exemplaires dans le monde de <em>Darm mit Charme<\/em> <em>(le&nbsp;Charme discret de l\u2019intestin)<\/em>, dont plus de 400 000 en&nbsp;France. Sorti dans l\u2019Hexagone au printemps, l\u2019ouvrage se classe depuis, semaine apr\u00e8s semaine, sur le podium des meilleures ventes. Et pourtant, ce n\u2019est pas une histoire \u00e0 l\u2019eau de rose l\u00e9g\u00e8rement \u00e9rotique sur un intestin qui rencontrerait l\u2019amour malgr\u00e9 les adversit\u00e9s, ou un r\u00e9cit scatologique rabelaisien, m\u00eame s\u2019il y a, de temps en temps, les mots \u00abcaca\u00bb et \u00abprout\u00bb. Non, Enders a \u00e9crit un ouvrage de vulgarisation scientifique, tout \u00e0 fait s\u00e9rieux, sur l\u2019importance de l\u2019intestin pour notre corps et notre mental avec l\u2019id\u00e9e que digestion bien ordonn\u00e9e commence par soi-m\u00eame.\u200b<\/div>\n<div class=\"mdjComplements\"><a href=\"http:\/\/www.liberation.fr\/france\/2015\/10\/29\/ben-mon-colon_1409800\"><span style=\"color: #0000ff;\">http:\/\/www.liberation.fr\/france\/2015\/10\/29\/ben-mon-colon_1409800<\/span><\/a><\/div>\n<div class=\"mdjComplements\"><span style=\"color: #0000ff;\"><a style=\"color: #0000ff;\" href=\"http:\/\/www.slate.fr\/story\/102351\/giulia-enders-intestins\">http:\/\/www.slate.fr\/story\/102351\/giulia-enders-intestins<\/a><\/span><\/div>\n<div class=\"mdjComplements\"><strong>18 &#8211; \u00abToutes les affaires de sant\u00e9 publique ont \u00e9t\u00e9 ouvertes contre l&rsquo;avis du Parquet\u00bb<\/strong> Marie-Odile Bertella-Geffroy<\/div>\n<div class=\"mdjComplements\">Dans le livre \u00ab\u00a0Le racket des laboratoires pharmaceutiques et comment en sortir\u00a0\u00bb dont elle est co-auteur, Marie-Odile Bertella-Geffroy veut d\u00e9noncer le poids des g\u00e9ants de la sant\u00e9 sur la justice, l&rsquo;administration et les associations. Entretien avec celle qui fut juge d&rsquo;instruction, en charge des dossiers du sang contamin\u00e9 et de l&rsquo;amiante.<\/div>\n<div class=\"mdjComplements\">Pour contr\u00f4ler le lobbying des \u00ab\u00a0big pharmas\u00a0\u00bb et en finir tout \u00e0 la fois avec les conflits d&rsquo;int\u00e9r\u00eats, les scandales sanitaires et l&rsquo;opacit\u00e9 dans la fixation des prix du m\u00e9dicament, Marie-Odile Bertella-Geffroy, coauteur du tout r\u00e9cent \u00ab\u00a0Le racket des laboratoires pharmaceutiques et comment en sortir\u00a0\u00bb(*), r\u00e9clame, entre autres solutions, la mise en place imm\u00e9diate d&rsquo;une haute autorit\u00e9 de l&rsquo;expertise.<\/div>\n<div class=\"mdjComplements\"><a href=\"http:\/\/www.latribune.fr\/entreprises-finance\/industrie\/chimie-pharmacie\/scandales-sanitaires-la-justice-n-est-pas-independante-en-france-bertella-geffroy-516395.html\"><span style=\"color: #0000ff;\">http:\/\/www.latribune.fr\/entreprises-finance\/industrie\/chimie-pharmacie\/scandales-sanitaires-la-justice-n-est-pas-independante-en-france-bertella-geffroy-516395.html<\/span><\/a>\u200b<\/div>\n<div class=\"mdjComplements\"><strong><span style=\"color: #800080;\">E &#8211; Science &#8211; Technique<\/span><\/strong><\/div>\n<div class=\"mdjComplements\"><strong>19 &#8211; \u00abHannah Herbst,\u00bb <\/strong>Une inventeuse de 14 ans<\/div>\n<div class=\"mdjComplements\"><a href=\"http:\/\/www.parismatch.com\/Actu\/Environnement\/L-invention-de-genie-d-une-collegienne-de-14-ans-Hannah-Herbst-855863\"><span style=\"color: #0000ff;\">http:\/\/www.parismatch.com\/Actu\/Environnement\/L-invention-de-genie-d-une-collegienne-de-14-ans-Hannah-Herbst-855863<\/span><\/a><\/div>\n<div class=\"mdjComplements\">Hannah Herbst, une coll\u00e9gienne am\u00e9ricaine de 14 ans, a mis au point une turbine capable de collecter l\u2019\u00e9nergie des courants maritimes. Son invention lui a permis de remporter 25 000 dollars.<\/div>\n<div class=\"mdjComplements\">\u00c0 cause du changement climatique, le courant oc\u00e9anique El Nino fait des ravages. Il pourrait notamment entra\u00eener la plus grande extinction des r\u00e9cifs coralliens de l\u2019histoire. Cependant, ce type de courant oc\u00e9anique peut \u00e9galement \u00eatre la source de nouvelles alternatives \u00e9nerg\u00e9tiques. C\u2019est ce que Hannah Herbst, une coll\u00e9gienne am\u00e9ricaine de 14 ans, a d\u00e9montr\u00e9 lors du concours \u00abDiscovery Education et 3M Young Scientist\u00bb.<\/div>\n<div class=\"mdjComplements\">Cette jeune Floridienne originaire de Boca Raton a mis au point un prototype de turbine qui permet de g\u00e9n\u00e9rer de l\u2019\u00e9lectricit\u00e9 gr\u00e2ce aux courants oc\u00e9aniques. Le dispositif, appel\u00e9 \u00abBeacon\u00bb, lui a valu le prix du meilleur scientifique junior am\u00e9ricain avec les 25 000 dollars qui \u00e9taient mis en jeu. L\u2019id\u00e9e du projet, elle se souvient l\u2019avoir eue \u00e0 la r\u00e9ception d\u2019une lettre de sa correspondante en Ethiopie. \u00abElle m\u2019indiquait qu\u2019elle n\u2019avait plus acc\u00e8s \u00e0 l\u2019\u00e9lectricit\u00e9, plus d\u2019eau fraiche \u00e0 boire, en plus d\u2019autres choses n\u00e9cessaires. Je savais que sa situation n\u2019\u00e9tait pas unique et j\u2019ai pens\u00e9 que je pouvais utiliser mes connaissances pour agir et tenter d\u2019att\u00e9nuer la crise de l\u2019\u00e9nergie dans le monde\u00bb, a-t-elle expliqu\u00e9 sur son blog.<\/div>\n<div class=\"mdjComplements\"><strong><span style=\"color: #800080;\">F &#8211; La consommation<\/span><\/strong><\/div>\n<div class=\"mdjComplements\"><strong>20 &#8211; \u00ab Le saumonstre ou le frankenfish \u00bb<\/strong><\/div>\n<div class=\"mdjComplements\"><a href=\"http:\/\/www.lematin.ch\/suisse\/Le-saumonstre-veut-envahir-nos-assiettes\/story\/26462447\"><span style=\"color: #0000ff;\">http:\/\/www.lematin.ch\/suisse\/Le-saumonstre-veut-envahir-nos-assiettes\/story\/26462447<\/span><\/a><\/div>\n<div class=\"mdjComplements\"><span style=\"color: #0000ff;\"><a style=\"color: #0000ff;\" href=\"http:\/\/www.alternatives-economiques.fr\/index.php?lg=fr&amp;controller=article&amp;action=html&amp;id_article=74595&amp;id_parution=1407&amp;inscription=ok&amp;oubli=ok\">http:\/\/www.alternatives-economiques.fr\/index.php?lg=fr&amp;controller=article&amp;action=html&amp;id_article=74595&amp;id_parution=1407&amp;inscription=ok&amp;oubli=ok<\/a><\/span><\/div>\n<div class=\"mdjComplements\"><span style=\"color: #0000ff;\"><a style=\"color: #0000ff;\" href=\"http:\/\/www.slate.fr\/story\/37877\/saumon-OGM-modifie-assiettes\">http:\/\/www.slate.fr\/story\/37877\/saumon-OGM-modifie-assiettes<\/a><\/span><\/div>\n<div class=\"mdjComplements\"><strong>21 &#8211; \u00abLes&nbsp;tra\u00eetres qui vendent sur Amazon&nbsp;\u00bb<\/strong> Article de l&rsquo;Expansion<\/div>\n<div class=\"mdjComplements\"><span style=\"color: #0000ff;\"><a style=\"color: #0000ff;\" href=\"http:\/\/lexpansion.lexpress.fr\/high-tech\/a-qui-achete-t-on-vraiment-sur-amazon_1788258.html\">http:\/\/lexpansion.lexpress.fr\/high-tech\/a-qui-achete-t-on-vraiment-sur-amazon_1788258.html<\/a><\/span>\u200b<\/div>\n<div class=\"mdjComplements\">Vous ne le savez peut-\u00eatre pas, mais Amazon n&rsquo;est pas le seul \u00e0 vendre sur Amazon. Mieux, des librairies, et m\u00eame des particuliers, un peu partout en France, vendent des livres via le site am\u00e9ricain. En toute l\u00e9galit\u00e9. En bon fran\u00e7ais, on appelle \u00e7a le \u00ab\u00a0marketplace\u00a0\u00bb (le march\u00e9 grand public) d&rsquo;Amazon &#8211; il repr\u00e9senterait 40% des ventes totales du site, mais sans doute moins pour ce qui concerne les seuls livres (la soci\u00e9t\u00e9 de Jeff Bezos n&rsquo;a pas pour habitude de communiquer ses chiffres).<\/div>\n<div class=\"mdjComplements\">M\u00e9fiance, n\u00e9anmoins, car, sur Amazon, certains noms omnipr\u00e9sents de librairies, qui fleurent bon la France &#8211; Les Livres du ch\u00e2teau, La Librairie du coin&#8230; &#8211; cachent en r\u00e9alit\u00e9 de tr\u00e8s puissantes officines, dont le si\u00e8ge social est en Irlande ou au Texas, et qui n&rsquo;ont rien de librairies classiques. Une magistrate de la Cour des comptes, Laurence Engel, nomm\u00e9e depuis pr\u00e9sidente de la Biblioth\u00e8que nationale de France, vient d&rsquo;ailleurs d&rsquo;achever une mission tendant \u00e0 moraliser un peu cette jungle, via une charte que devait signer Amazon.<\/div>\n<div class=\"mdjComplements\">Evidemment, pour un libraire, vendre sur le marketplace d&rsquo;Amazon a un co\u00fbt: un abonnement de 50 euros par mois et 15% de commission sur chaque vente. Sans compter que vous passez pour un \u00ab\u00a0tra\u00eetre\u00a0\u00bb aupr\u00e8s de tous vos confr\u00e8res. \u00ab\u00a0C&rsquo;est suicidaire! Seule une minorit\u00e9 de libraires fran\u00e7ais vendent sur Amazon, assure Guillaume Husson, d\u00e9l\u00e9gu\u00e9 g\u00e9n\u00e9ral du Syndicat de la librairie fran\u00e7aise. La profession dispose de toutes sortes de plates-formes Internet qui permettent d&rsquo;\u00e9viter Amazon.\u00a0\u00bb R\u00e9ponse de Virginie Rigot: \u00ab\u00a0Je suis aussi pr\u00e9sente sur le site Libraires en Rh\u00f4ne-Alpes, mais j&rsquo;y vends vingt fois moins que sur Amazon!\u00a0\u00bb<\/div>\n<div class=\"mdjComplements\"><strong>Bonnes vacances, au 29 ao\u00fbt, si vous le souhaitez !<\/strong><\/div>\n","protected":false},"excerpt":{"rendered":"<p>Vendredi 1er Juillet 2016 \u00abLes mots du jours inachev\u00e9s\u00bb Charlie Hebdo publie dans chaque num\u00e9ro les couvertures auxquelles les lecteurs ont \u00e9chapp\u00e9, ce journal publie alors les diff\u00e9rentes propositions qui avaient \u00e9t\u00e9 cr\u00e9\u00e9es par les dessinateurs pour \u00eatre publi\u00e9es en<\/p>\n","protected":false},"author":1,"featured_media":0,"comment_status":"closed","ping_status":"closed","sticky":false,"template":"","format":"standard","meta":{"footnotes":""},"categories":[1],"tags":[96],"class_list":["post-1388","post","type-post","status-publish","format-standard","hentry","category-motdujour","tag-pause"],"_links":{"self":[{"href":"https:\/\/lemotdujour.fr\/index.php?rest_route=\/wp\/v2\/posts\/1388","targetHints":{"allow":["GET"]}}],"collection":[{"href":"https:\/\/lemotdujour.fr\/index.php?rest_route=\/wp\/v2\/posts"}],"about":[{"href":"https:\/\/lemotdujour.fr\/index.php?rest_route=\/wp\/v2\/types\/post"}],"author":[{"embeddable":true,"href":"https:\/\/lemotdujour.fr\/index.php?rest_route=\/wp\/v2\/users\/1"}],"replies":[{"embeddable":true,"href":"https:\/\/lemotdujour.fr\/index.php?rest_route=%2Fwp%2Fv2%2Fcomments&post=1388"}],"version-history":[{"count":4,"href":"https:\/\/lemotdujour.fr\/index.php?rest_route=\/wp\/v2\/posts\/1388\/revisions"}],"predecessor-version":[{"id":10892,"href":"https:\/\/lemotdujour.fr\/index.php?rest_route=\/wp\/v2\/posts\/1388\/revisions\/10892"}],"wp:attachment":[{"href":"https:\/\/lemotdujour.fr\/index.php?rest_route=%2Fwp%2Fv2%2Fmedia&parent=1388"}],"wp:term":[{"taxonomy":"category","embeddable":true,"href":"https:\/\/lemotdujour.fr\/index.php?rest_route=%2Fwp%2Fv2%2Fcategories&post=1388"},{"taxonomy":"post_tag","embeddable":true,"href":"https:\/\/lemotdujour.fr\/index.php?rest_route=%2Fwp%2Fv2%2Ftags&post=1388"}],"curies":[{"name":"wp","href":"https:\/\/api.w.org\/{rel}","templated":true}]}}