{"id":1386,"date":"2016-06-30T02:00:00","date_gmt":"2016-06-29T22:00:00","guid":{"rendered":"http:\/\/lemotdujour.fr\/?p=1386"},"modified":"2021-09-26T21:11:03","modified_gmt":"2021-09-26T19:11:03","slug":"jeudi-30-juin-2016","status":"publish","type":"post","link":"https:\/\/lemotdujour.fr\/?p=1386","title":{"rendered":"Jeudi 30 Juin 2016"},"content":{"rendered":"<div class=\"mdjTexte\">\t&nbsp;\u00ab&nbsp;Histoire du silence&nbsp;\u00bb<\/div>\n<div class=\"mdjAuteur\">\tAlain Corbin<\/div>\n<p><a href=\"https:\/\/fr.wikipedia.org\/wiki\/Alain_Corbin\"><span style=\"font-family: Arial;\"><span style=\"color: #0000ff;\">Alain Corbin<\/span><\/span><\/a><span style=\"color: #777777; font-family: Arial;\">, n\u00e9 en janvier 1936 est le grand historien fran\u00e7ais \u00ab de toutes les sensibilit\u00e9s qui a ouvert tellement de voies neuves \u00e0 [l&rsquo;Histoire] et \u00e0 ses curiosit\u00e9s \u00bb comme le d\u00e9crit<span style=\"color: #0000ff;\"> <a style=\"color: #0000ff;\" href=\"http:\/\/www.franceculture.fr\/emissions\/concordance-des-temps\/chut-une-histoire-du-silence\">Jean-No\u00ebl Jeanneney lors de l&rsquo;entretien<\/a><\/span> o\u00f9 il l&rsquo;avait convi\u00e9 pour dialoguer sur son nouvel ouvrage<span style=\"color: #0000ff;\"> <a style=\"color: #0000ff;\" href=\"http:\/\/www.albin-michel.fr\/ouvrages\/histoire-du-silence-9782226323781\">&lt;Histoire du silence&gt;<\/a>.<\/span><br \/>\n<\/span><\/p>\n<p><img decoding=\"async\" class=\"alignleft\" src=\"https:\/\/lemotdujour.fr\/wp-content\/uploads\/2018\/08\/080818_1812_DATEINCERTA1.jpg\" alt=\"\" align=\"left\"><a href=\"http:\/\/www.europe1.fr\/societe\/alain-corbin-le-silence-nest-pas-seulement-une-absence-de-bruit-2721253\"><span style=\"font-family: Arial;\"><span style=\"color: #0000ff;\">Anne Sinclair qui l&rsquo;a re\u00e7u pour le m\u00eame ouvrage<\/span><\/span><\/a><span style=\"color: #777777; font-family: Arial;\"><span style=\"color: #0000ff;\">,<\/span> d\u00e9crit cet homme de 80 ans : \u00ab il a \u00e9crit sur le corps, le bruit, l&rsquo;odorat, le toucher, la sexualit\u00e9, la pluie ou l&rsquo;arbre. \u00bb<br \/>\n<\/span><\/p>\n<p><span style=\"color: #777777; font-family: Arial;\">Son ouvrage le plus c\u00e9l\u00e8bre jusqu&rsquo;\u00e0 pr\u00e9sent \u00e9tait consacr\u00e9 aux odeurs \u00e0 travers l&rsquo;Histoire, plus pr\u00e9cis\u00e9ment l&rsquo;odorat et l&rsquo;imaginaire social <a href=\"http:\/\/www.chez-mon-libraire.fr\/livre\/9782081382411-le-miasme-et-la-jonquille-alain-corbin\/\"><span style=\"color: #0000ff;\">&lt;Le Miasme et la Jonquille, 1982 &gt;<\/span><\/a><span style=\"color: #0000ff;\">.<\/span><br \/>\n<\/span><\/p>\n<p><span style=\"color: #0000ff;\"><a style=\"color: #0000ff;\" href=\"https:\/\/fr.wikipedia.org\/wiki\/Alain_Corbin\"><span style=\"font-family: Arial;\">Wikipedia relate<\/span><\/a><\/span><span style=\"color: #777777; font-family: Arial;\"> que dans ce livre [Alain Corbin] \u00ab explique que le \u00ab seuil de tol\u00e9rance \u00bb aux odeurs va \u00e9voluer, notamment sous l&rsquo;effet de l&rsquo;\u00e9mergence d&rsquo;une nouvelle perception des odeurs tr\u00e8s cliv\u00e9e socialement. C&rsquo;est l&rsquo;\u00e9poque o\u00f9 naissent les premi\u00e8res th\u00e9ories hygi\u00e9nistes qui visent \u00e0 \u00ab purifier \u00bb les villes en permettant \u00e0 l&rsquo;eau et \u00e0 l&rsquo;air de mieux circuler et d&#8217;emporter avec eux d\u00e9tritus et miasmes. \u00bb. Ce livre savant d&rsquo;Histoire a inspir\u00e9 le livre <span style=\"color: #0000ff;\"><a style=\"color: #0000ff;\" href=\"http:\/\/www.chez-mon-libraire.fr\/livre\/9782253044901-le-parfum-patrick-suskind\/\">&lt;le Parfum&gt;<\/a><\/span> de Patrick S\u00fcskind, chef d&rsquo;\u0153uvre de la litt\u00e9rature.<br \/>\n<\/span><\/p>\n<p><span style=\"color: #777777; font-family: Arial;\">Alain Corbin a donc publi\u00e9 en avril 2016, aux \u00e9ditions Albin Michel son dernier ouvrage :<span style=\"color: #0000ff;\"> <a style=\"color: #0000ff;\" href=\"http:\/\/www.albin-michel.fr\/ouvrages\/histoire-du-silence-9782226323781\">&lt;Histoire du Silence&gt;<\/a><\/span><br \/>\n<\/span><\/p>\n<p><span style=\"color: #777777; font-family: Arial;\">L&rsquo;\u00e9diteur pr\u00e9sente cet ouvrage :<br \/>\n<\/span><\/p>\n<p style=\"margin-left: 28pt;\"><span style=\"color: #c00000; font-family: Arial;\">\u00ab Le silence n&rsquo;est pas la simple absence de bruit. Il r\u00e9side en nous, dans cette citadelle int\u00e9rieure que de grands \u00e9crivains, penseurs, savants, femmes et hommes de foi, ont cultiv\u00e9e durant des si\u00e8cles. \u00c0 l&rsquo;heure o\u00f9 le bruit envahit tous les espaces, Alain Corbin revient sur l&rsquo;histoire de cet \u00e2ge o\u00f9 la parole \u00e9tait rare et pr\u00e9cieuse.<br \/>\n<\/span><\/p>\n<p style=\"margin-left: 28pt;\"><span style=\"color: #c00000; font-family: Arial;\">Condition du recueillement, de la r\u00eaverie, de l&rsquo;oraison, le silence est le lieu intime d&rsquo;o\u00f9 la parole \u00e9merge. Les moines ont imagin\u00e9 mille techniques pour l&rsquo;exalter, jusqu&rsquo;aux chartreux qui vivent sans parler. Philosophes et romanciers ont dit combien la nature et le monde ne sont pas distraction vaine. Une rupture s&rsquo;est produite, pourtant, aux confins des ann\u00e9es 1950, et le silence a perdu sa valeur \u00e9ducative. L&rsquo;hyperm\u00e9diatisation du XXI<sup>e<\/sup> si\u00e8cle nous contraint \u00e0 \u00eatre partie du tout plut\u00f4t que de se tenir \u00e0 l&rsquo;\u00e9coute de soi, modifiant la structure m\u00eame de l&rsquo;individu.<br \/>\n<\/span><\/p>\n<p style=\"margin-left: 28pt;\"><span style=\"color: #c00000; font-family: Arial;\">Red\u00e9couvrir l&rsquo;\u00e9cole du silence, tel est l&rsquo;enjeu de ce livre dont chaque citation est une invitation \u00e0 la m\u00e9ditation, au retour sur soi. \u00bb<br \/>\n<\/span><\/p>\n<p><span style=\"color: #777777; font-family: Arial;\">Cet ouvrage a fait l&rsquo;objet de multiples articles dans de nombreux journaux et je vous donnerai certains liens \u00e0 la fin de ce message.<br \/>\n<\/span><\/p>\n<p><span style=\"color: #777777; font-family: Arial;\">Le silence est en effet de plus en plus difficile \u00e0 trouver dans le monde d&rsquo;aujourd&rsquo;hui et il est m\u00eame en train de r\u00e9gresser.<br \/>\n<\/span><\/p>\n<p><span style=\"color: #777777; font-family: Arial;\">Lors de manifestation sportive, on remplace de plus en plus en plus la minute de silence par <span style=\"color: #0000ff;\"><a style=\"color: #0000ff;\" href=\"https:\/\/www.youtube.com\/watch?v=ocwZ8OzUYw0\">une minute d&rsquo;applaudissements<\/a>.<\/span><br \/>\n<\/span><\/p>\n<p><span style=\"color: #777777; font-family: Arial;\">Mais plus g\u00e9n\u00e9ralement les bruits de la ville et aussi les machines agricoles \u00e0 la campagne, ainsi que la musique, la parole omnipr\u00e9sente gr\u00e2ce \u00e0 tous ces appareils, radio, t\u00e9l\u00e9vision, baladeur etc. font que l&rsquo;homme moderne a quasi exclu le silence de sa vie.<br \/>\n<\/span><\/p>\n<p><span style=\"color: #777777; font-family: Arial;\">Quand on interroge Alain Corbin pourquoi ce sujet, il explique :<br \/>\n<\/span><\/p>\n<p style=\"margin-left: 28pt;\"><span style=\"color: #c00000; font-family: Arial;\">\u00ab J&rsquo;y songeais depuis une vingtaine d&rsquo;ann\u00e9es. Je l&rsquo;avais propos\u00e9 comme sujet de th\u00e8se \u00e0 des \u00e9tudiants, mais ils n&rsquo;en voulaient pas. Le silence aujourd&rsquo;hui semble faire peur \u00bb, s&rsquo;amuse ce jeune octog\u00e9naire. Du calme des chambres \u00e0 coucher \u00e0 l&rsquo;immensit\u00e9 impassible du d\u00e9sert [\u2026] Corbin montre que le silence a obs\u00e9d\u00e9 les religions, les philosophes, les aventuriers et les trait\u00e9s de savoir-vivre.<br \/>\n<\/span><\/p>\n<p><span style=\"color: #777777; font-family: Arial;\">Par contraste, l&rsquo;historien laisse aussi entendre toute l&rsquo;intensit\u00e9 du brouhaha contemporain\u2026<br \/>\n<\/span><\/p>\n<p style=\"margin-left: 28pt;\"><span style=\"color: #c00000; font-family: Arial;\">\u00ab Je n&rsquo;ai fait qu&rsquo;esquisser le sujet [\u2026] J&rsquo;ai voulu montrer l&rsquo;importance qu&rsquo;avait le silence, et les richesses qu&rsquo;on a peut-\u00eatre perdues. J&rsquo;aimerais que le lecteur s&rsquo;interroge et se dise : tiens, ces gens n&rsquo;\u00e9taient pas comme nous. Aujourd&rsquo;hui, il n&rsquo;y a plus gu\u00e8re que les randonneurs, les moines, des amoureux contemplatifs, des \u00e9crivains et des adeptes de la m\u00e9ditation \u00e0 savoir \u00e9couter le silence\u2026 \u00bb<br \/>\n<\/span><\/p>\n<p><span style=\"color: #777777; font-family: Arial;\">Corbin cite aussi de nombreux grands auteurs qui parlent du silence :<br \/>\n<\/span><\/p>\n<p><span style=\"color: #777777; font-family: Arial;\">Baudelaire clame la d\u00e9lectation que lui procure le fait d&rsquo;\u00eatre, le soir, enfin r\u00e9fugi\u00e9 dans sa chambre. [\u2026]<br \/>\n<\/span><\/p>\n<p style=\"margin-left: 28pt;\"><span style=\"color: #c00000; font-family: Arial;\">\u00ab Enfin ! Seul ! On n&rsquo;entend plus que le roulement de quelques fiacres attard\u00e9s et \u00e9reint\u00e9s. Pendant quelque heure, nous poss\u00e9derons le silence, sinon le repos. Enfin ! La tyrannie de la face humaine a disparu, et je ne souffrirai plus que par moi-m\u00eame. (\u2026) M\u00e9content de tous et m\u00e9content de moi, je voudrais bien me racheter et m&rsquo;enorgueillir un peu dans le silence et la solitude de la nuit. \u00bb \u00ab Le Spleen de Paris \u00bb<br \/>\n<\/span><\/p>\n<p><span style=\"color: #777777; font-family: Arial;\">Marcel Proust a fait recouvrir de li\u00e8ge les murs de sa chambre et soudoie les ouvriers pour qu&rsquo;ils ne fassent pas les travaux qu&rsquo;ils devaient effectuer dans l&rsquo;appartement du dessus. Plus tard, Kafka exprime le d\u00e9sir d&rsquo;avoir une chambre d&rsquo;h\u00f4tel qui lui permette \u00ab de s&rsquo;isoler, de se taire, jouir du silence, \u00e9crire la nuit \u00bb.<br \/>\n<\/span><\/p>\n<p><span style=\"color: #777777; font-family: Arial;\">Mallarm\u00e9, po\u00e8te acoustique, voyait na\u00eetre un <em>\u00ab grand plafond silencieux \u00bb<\/em> dans l&rsquo;accumulation soudaine des brouillards. Chateaubriand, au milieu des ruines de Sparte, entendait les pierres qui <em>\u00ab se taisaient \u00bb<\/em> autour de lui. Et Albert Camus, \u00e0 Tipasa, disait distinguer <em>\u00ab un \u00e0 un les bruits imperceptibles dont \u00e9tait fait le silence \u00bb.<\/em><br \/>\n<\/span><\/p>\n<p><span style=\"color: #777777; font-family: Arial;\">Dans son interview \u00e0 l&rsquo;Express, Corbin explique :<br \/>\n<\/span><\/p>\n<p style=\"margin-left: 28pt;\"><span style=\"color: #c00000; font-family: Arial;\">\u00ab Aujourd&rsquo;hui, il faut r\u00e9ussir \u00e0 \u00e9chapper \u00e0 la peur du silence, c&rsquo;est-\u00e0-dire \u00e0 la peur de la solitude \u00bb.<br \/>\n<\/span><\/p>\n<p><span style=\"color: #777777; font-family: Arial;\">Il a aussi cette r\u00e9flexion :<br \/>\n<\/span><\/p>\n<p style=\"margin-left: 28pt;\"><span style=\"color: #c00000; font-family: Arial;\">\u00ab La perception de l&rsquo;intol\u00e9rable a chang\u00e9 depuis le milieu du XIXe. Ainsi du bruit dans les villes. On ne tol\u00e9rerait plus aujourd&rsquo;hui les forges en appartement et les essieux sur les pav\u00e9s, les cloches et les chiens trop bruyants. Cela dit, le nombre de cloches n&rsquo;a pas diminu\u00e9, mais on ne les entend plus, car on ne les \u00e9coute plus. Ce qui me frappe, c&rsquo;est qu&rsquo;un m\u00eame individu a des degr\u00e9s de tol\u00e9rance tr\u00e8s variables: il ne supporte plus les conversations dans un avion ou dans un train, mais va s&rsquo;assourdir dans une bo\u00eete de nuit. \u00bb<br \/>\n<\/span><\/p>\n<p><img decoding=\"async\" class=\"alignright\" src=\"https:\/\/lemotdujour.fr\/wp-content\/uploads\/2018\/08\/080818_1812_DATEINCERTA2.jpg\" alt=\"\" align=\"left\"><span style=\"color: #777777; font-family: Arial;\">Finalement c&rsquo;est <span style=\"color: #0000ff;\"><a style=\"color: #0000ff;\" href=\"http:\/\/www.europe1.fr\/societe\/alain-corbin-le-silence-nest-pas-seulement-une-absence-de-bruit-2721253\">Anne Sinclair<\/a> <\/span>qui semble donner le r\u00e9sum\u00e9 le plus riche de ce livre :<br \/>\n<\/span><\/p>\n<p style=\"margin-left: 28pt;\"><span style=\"color: #c00000; font-family: Arial;\">\u00ab L&rsquo;importance de savoir se taire. Le silence est \u00ab\u00a0multiple\u00a0\u00bb, selon l&rsquo;historien. Il peut signifier paix, bonheur, peur comme ennui. Mais il explique que chaque p\u00e9riode a une fa\u00e7on de concevoir le silence. \u00ab\u00a0Dans les si\u00e8cles pass\u00e9s, le silence \u00e9tait une richesse, le moyen d&rsquo;approfondir son Moi, de m\u00e9diter, se ressourcer.<br \/>\n<\/span><\/p>\n<p style=\"margin-left: 28pt;\"><span style=\"color: #c00000; font-family: Arial;\">Le silence du 17e si\u00e8cle \u00e9tait destin\u00e9 \u00e0 l&rsquo;oraison, \u00e0 l&rsquo;\u00e9coute de Dieu\u00a0\u00bb. Le sp\u00e9cialiste indique aussi que \u00ab\u00a0depuis la moiti\u00e9 du 16e si\u00e8cle, dans la soci\u00e9t\u00e9 de cour, prendre la parole est un risque, se taire est plus prudent voire b\u00e9n\u00e9fique. Le Roi, comme toute personne qui a le pouvoir, dit F\u00e9nelon, doit se taire. On n&rsquo;imagine pas les grands de la cour parlant \u00e0 tort et \u00e0 travers.\u00a0\u00bb S&rsquo;il est important de savoir parler, il l&rsquo;est encore plus de savoir se taire.<br \/>\n<\/span><\/p>\n<p style=\"margin-left: 28pt;\"><span style=\"color: #c00000; font-family: Arial;\">Le silence de la nature. Aujourd&rsquo;hui, avec la fr\u00e9n\u00e9sie de la ville, des communications, la nature serait-elle le dernier ancrage du silence ? Il y a du vrai, selon l&rsquo;historien. \u00ab\u00a0Les marcheurs des sentiers de grande randonn\u00e9e, c&rsquo;est le reflet du si\u00e8cle pr\u00e9c\u00e9dent. Mais ils ne cherchent peut-\u00eatre pas la m\u00eame chose\u00a0\u00bb, nuance-t-il, en y voyant davantage un besoin de \u00ab\u00a0d\u00e9connexion\u00a0\u00bb ou d&rsquo;oubli de certains bruits qui n&rsquo;existaient pas auparavant. Pour autant, il ne croit pas que les villes soient plus bruyantes qu&rsquo;autrefois, \u00e0 l&rsquo;\u00e9poque des crieurs ou des ateliers dans les \u00e9tages.<br \/>\n<\/span><\/p>\n<p style=\"margin-left: 28pt;\"><span style=\"color: #c00000; font-family: Arial;\">Les silences intermittents d&rsquo;aujourd&rsquo;hui. De nos jours, les bruits de fond sont partout, des magasins aux ascenseurs. Mais il existe aussi une intol\u00e9rance au bruit. Par exemple, on n&rsquo;accepte pas que\u00a0\u00bb son voisin de TGV parle, fasse de bruit alors que c&rsquo;\u00e9tait m\u00eame de la politesse de s&rsquo;adresser \u00e0 son voisin auparavant.\u00a0\u00bb Pour l&rsquo;historien, les enfants du 21e si\u00e8cle ont davantage peur du silence. \u00ab\u00a0Dans ma g\u00e9n\u00e9ration, on pouvait en profiter pour r\u00eaver, imaginer\u00a0\u00bb. D\u00e9sormais, pense le sp\u00e9cialiste, les enfants \u00ab\u00a0identifient le silence \u00e0 l&rsquo;ennui, \u00e0 un arr\u00eat du rythme.\u00a0\u00bb<br \/>\n<\/span><\/p>\n<p style=\"margin-left: 28pt;\"><span style=\"color: #c00000; font-family: Arial;\">Le Silence de la paix et de la mort. Le silence comme reflet de l&rsquo;ennui\u2026 mais aussi de la paix. Alain Corbin renvoie \u00e0 la Premi\u00e8re guerre mondiale. \u00ab\u00a0Dans ce vacarme effroyable de la guerre, le silence est celui de la paix, de l&rsquo;interruption brutale de la canonnade. A la fois tr\u00e8s inqui\u00e9tant et rassurant.\u00a0\u00bb Ce peut \u00eatre \u00e9galement le silence de la mort. Car la mort, c&rsquo;est le silence. \u00ab\u00a0D\u00e9j\u00e0, le silence de la chambre du malade est tragique. Je ne parle pas de chambre mortuaire et de la tombe\u2026\u00a0\u00bb<br \/>\n<\/span><\/p>\n<p style=\"margin-left: 28pt;\"><span style=\"color: #c00000; font-family: Arial;\">Le silence des silences. Et s&rsquo;il doit y avoir un silence final, il y a ni plus ni moins que celui de la fin des temps. L&rsquo;historien s&rsquo;appuie sur un po\u00e8me de Leconte de Lisle, o\u00f9 le vrai silence sera celui de la Terre. \u00ab\u00a0Non seulement de tous ses habitants, mais aussi de sa mati\u00e8re m\u00eame, qui en explosant deviendra poussi\u00e8re.\u00a0\u00bb \u00bb<br \/>\n<\/span><\/p>\n<p><span style=\"color: #777777; font-family: Arial;\">Voici les liens promis :<br \/>\n<\/span><\/p>\n<p><span style=\"color: #777777; font-family: Arial;\">TELERAMA :<span style=\"color: #0000ff;\"> <a style=\"color: #0000ff;\" href=\"http:\/\/www.telerama.fr\/livres\/histoire-du-silence-de-la-renaissance-a-nos-jours,140578.php\">Histoire du silence de la renaissance \u00e0 nos jours<\/a><\/span><br \/>\n<\/span><\/p>\n<p><span style=\"color: #777777; font-family: Arial;\">LE POINT :<span style=\"color: #0000ff;\"> <a style=\"color: #0000ff;\" href=\"http:\/\/www.lepoint.fr\/histoire\/alain-corbin-il-etait-une-fois-le-silence-31-03-2016-2029049_1615.php\">Alain Corbin : Il \u00e9tait une fois le silence<\/a><\/span><br \/>\n<\/span><\/p>\n<p><span style=\"color: #777777; font-family: Arial;\">L&rsquo;EXPRESS :<span style=\"color: #0000ff;\"> <a style=\"color: #0000ff;\" href=\"http:\/\/www.lexpress.fr\/culture\/livre\/alain-corbin-a-l-ecoute-du-silence_1777381.html\">Alain Corbin \u00e0 l&rsquo;\u00e9coute du silence<\/a><\/span><br \/>\n<\/span><\/p>\n<p><span style=\"color: #777777; font-family: Arial;\">LIBERATION :<span style=\"color: #0000ff;\"> <a style=\"color: #0000ff;\" href=\"http:\/\/next.liberation.fr\/livres\/2016\/05\/06\/alain-corbin-les-archives-du-silence_1450954\">Alain Corbin : les archives du silence<\/a><\/span><br \/>\n<\/span><\/p>\n<p><span style=\"color: #777777; font-family: Arial;\">Et pour les amoureux de la po\u00e9sie un lien vers le po\u00e8me de Leconte de Lisle cit\u00e9 par l&rsquo;historien :&lt;<span style=\"color: #0000ff;\"> <a style=\"color: #0000ff;\" href=\"http:\/\/www.poesie-action.com\/2016\/04\/la-derniere-vision-le-conte-de-lisle.html\">La derni\u00e8re vision de Leconte de Lisle<\/a><\/span>&gt;<br \/>\n<\/span><\/p>\n<p><span style=\"color: #777777; font-family: Arial;\">Il me semble que ce mot du jour sur le silence est appropri\u00e9 pour vous annoncer que le mot du jour va se r\u00e9g\u00e9n\u00e9rer dans le silence pendant 2 mois.<br \/>\n<\/span><\/p>\n<p><span style=\"color: #777777; font-family: Arial;\">Demain, j&rsquo;ai pr\u00e9vu un mot sp\u00e9cial, puis s&rsquo;ouvrira pour moi et ma douce compagne un mois de cong\u00e9.<br \/>\n<\/span><\/p>\n<p><span style=\"color: #777777; font-family: Arial;\">Mais je souhaite prolonger le silence encore un mois, parce que j&rsquo;ai besoin de ce silence, de laisser reposer l&rsquo;esprit, le corps et la sensibilit\u00e9.<br \/>\n<\/span><\/p>\n<p><span style=\"color: #800000; font-family: Arial;\">&lt;733&gt;<\/span><\/p>\n","protected":false},"excerpt":{"rendered":"<p>&nbsp;\u00ab&nbsp;Histoire du silence&nbsp;\u00bb Alain Corbin Alain Corbin, n\u00e9 en janvier 1936 est le grand historien fran\u00e7ais \u00ab de toutes les sensibilit\u00e9s qui a ouvert tellement de voies neuves \u00e0 [l&rsquo;Histoire] et \u00e0 ses curiosit\u00e9s \u00bb comme le d\u00e9crit Jean-No\u00ebl Jeanneney<\/p>\n","protected":false},"author":1,"featured_media":0,"comment_status":"closed","ping_status":"closed","sticky":false,"template":"","format":"standard","meta":{"footnotes":""},"categories":[1],"tags":[17,54,9],"class_list":["post-1386","post","type-post","status-publish","format-standard","hentry","category-motdujour","tag-histoire","tag-humanisme","tag-litterature"],"_links":{"self":[{"href":"https:\/\/lemotdujour.fr\/index.php?rest_route=\/wp\/v2\/posts\/1386","targetHints":{"allow":["GET"]}}],"collection":[{"href":"https:\/\/lemotdujour.fr\/index.php?rest_route=\/wp\/v2\/posts"}],"about":[{"href":"https:\/\/lemotdujour.fr\/index.php?rest_route=\/wp\/v2\/types\/post"}],"author":[{"embeddable":true,"href":"https:\/\/lemotdujour.fr\/index.php?rest_route=\/wp\/v2\/users\/1"}],"replies":[{"embeddable":true,"href":"https:\/\/lemotdujour.fr\/index.php?rest_route=%2Fwp%2Fv2%2Fcomments&post=1386"}],"version-history":[{"count":7,"href":"https:\/\/lemotdujour.fr\/index.php?rest_route=\/wp\/v2\/posts\/1386\/revisions"}],"predecessor-version":[{"id":12158,"href":"https:\/\/lemotdujour.fr\/index.php?rest_route=\/wp\/v2\/posts\/1386\/revisions\/12158"}],"wp:attachment":[{"href":"https:\/\/lemotdujour.fr\/index.php?rest_route=%2Fwp%2Fv2%2Fmedia&parent=1386"}],"wp:term":[{"taxonomy":"category","embeddable":true,"href":"https:\/\/lemotdujour.fr\/index.php?rest_route=%2Fwp%2Fv2%2Fcategories&post=1386"},{"taxonomy":"post_tag","embeddable":true,"href":"https:\/\/lemotdujour.fr\/index.php?rest_route=%2Fwp%2Fv2%2Ftags&post=1386"}],"curies":[{"name":"wp","href":"https:\/\/api.w.org\/{rel}","templated":true}]}}