{"id":1380,"date":"2016-06-27T02:00:00","date_gmt":"2016-06-26T22:00:00","guid":{"rendered":"http:\/\/lemotdujour.fr\/?p=1380"},"modified":"2017-05-08T13:28:05","modified_gmt":"2017-05-08T11:28:05","slug":"lundi-27-juin-2016","status":"publish","type":"post","link":"https:\/\/lemotdujour.fr\/?p=1380","title":{"rendered":"Lundi 27 Juin 2016"},"content":{"rendered":"<div class=\"mdjDate\">Lundi 27 Juin 2016<\/div>\n<div class=\"mdjTexte\">\u00ab L\u2019abdication d\u2019une d\u00e9mocratie peut prendre deux formes, soit le recours \u00e0 une dictature interne par la remise de tous les pouvoirs \u00e0 un homme providentiel,\u00a0<br \/>soit la d\u00e9l\u00e9gation de ces pouvoirs \u00e0 une autorit\u00e9 ext\u00e9rieure, laquelle, au nom de la technique, exercera en r\u00e9alit\u00e9 la puissance politique. [&#8230;] Il m\u2019est arriv\u00e9 souvent de recommander plus de rigueur dans notre gestion \u00e9conomique.\u00a0Mais je ne suis pas r\u00e9sign\u00e9, je vous l\u2019avoue, \u00e0 en faire juge un ar\u00e9opage europ\u00e9en dans lequel r\u00e8gne un esprit qui est loin d\u2019\u00eatre le n\u00f4tre.\u00bb<\/div>\n<div class=\"mdjAuteur\">Pierre Mend\u00e8s France, 18 Janvier 1957<\/div>\n<div class=\"mdjComplements\">Dans un <a href=\"https:\/\/www.mediapart.fr\/journal\/international\/240616\/l-avertissement-prophetique-de-pierre-mendes-france?onglet=full\">article publi\u00e9 par Mediapart<\/a> le 25\/06\/2016, on apprend qu&rsquo;en 1957, lors du d\u00e9bat sur le Trait\u00e9 de Rome, Pierre Mend\u00e8s France mettait en garde, en \u00e9voquant la construction europ\u00e9enne, contre un projet inspir\u00e9 par \u00ab un lib\u00e9ralisme du XIXe si\u00e8cle \u00bb. [&#8230;]<\/div>\n<div class=\"mdjComplements\">Le 18 janvier 1957, Pierre Mend\u00e8s France (1907-1982) intervient \u00e0 l\u2019Assembl\u00e9e nationale dans le d\u00e9bat sur le projet du Trait\u00e9 de Rome qui, sign\u00e9 deux mois plus tard, le 25 mars, instituera la premi\u00e8re communaut\u00e9 \u00e9conomique europ\u00e9enne, compos\u00e9e de l\u2019Allemagne, de la rance, de l\u2019Italie et des trois pays du Benelux, Belgique, Luxembourg et Pays-Bas. Alors figure du Parti radical, il avait quitt\u00e9 la pr\u00e9sidence du Conseil deux ans auparavant, apr\u00e8s sept mois et dix-huit jours de gouvernement dont la bri\u00e8vet\u00e9 n\u2019emp\u00eachera pas le souvenir durable, celui d\u2019un homme d\u2019\u00c9tat vertueux, averti en mati\u00e8re \u00e9conomique, soucieux des comptes publics, respectueux du d\u00e9bat d\u00e9mocratique et, de plus, en qu\u00eate d\u2019une issue \u00e0 la crise coloniale.<\/div>\n<div class=\"mdjComplements\">\u00ab L\u2019harmonisation doit se faire dans le sens du progr\u00e8s social, affirme le d\u00e9put\u00e9 Mend\u00e8s France, dans le sens du rel\u00e8vement parall\u00e8le des avantages sociaux et non pas, comme les gouvernements fran\u00e7ais le redoutent depuis si longtemps, au profit des pays les plus conservateurs et au d\u00e9triment des pays socialement les plus avanc\u00e9s. \u00bb<\/div>\n<div class=\"mdjComplements\">\u00ab Mes chers coll\u00e8gues, poursuit Mend\u00e8s France, il m\u2019est arriv\u00e9 souvent de recommander plus de rigueur dans notre gestion \u00e9conomique. <strong>Mais je ne suis pas r\u00e9sign\u00e9, je vous l\u2019avoue, \u00e0 en faire juge un ar\u00e9opage europ\u00e9en dans lequel r\u00e8gne un esprit qui est loin d\u2019\u00eatre le n\u00f4tre<\/strong>. Sur ce point, je mets le gouvernement en garde : nous ne pouvons pas nous laisser d\u00e9pouiller de notre libert\u00e9 de d\u00e9cision dans des mati\u00e8res qui touchent d\u2019aussi pr\u00e8s notre conception m\u00eame du progr\u00e8s et de la justice sociale ; les suites peuvent en \u00eatre trop graves du point de vue social comme du point de vue politique.<\/div>\n<div class=\"mdjComplements\">Prenons-y bien garde aussi : <strong>le m\u00e9canisme une fois mis en marche, nous ne pourrons plus l\u2019arr\u00eater. (\u2026) Nous ne pourrons plus nous d\u00e9gager<\/strong>.\u00a0<\/div>\n<div class=\"mdjComplements\"><strong>Nous serons enti\u00e8rement assujettis aux d\u00e9cisions de l\u2019autorit\u00e9 supranationale devant laquelle, si notre situation est trop mauvaise, nous serons condamn\u00e9s \u00e0 venir qu\u00e9mander des d\u00e9rogations et des exemptions, qu\u2019elle ne nous accordera pas, soyez-en assur\u00e9s, sans contreparties et sans conditions. \u00bb<\/strong><\/div>\n<div class=\"mdjComplements\">\u00c0 la lecture de ces anciennes paroles, Mend\u00e8s France prend soudain stature de devin tragique, anticipant ce que ses contemporains ne voient pas, parce qu\u2019ils sont aveugles ou parce qu\u2019ils s\u2019aveuglent. Car c\u2019est peu dire que la suite, notamment celle v\u00e9cue ces trente derni\u00e8res ann\u00e9es par des gouvernements de gauche, \u00e9lus sur des promesses sociales alternatives, aura donn\u00e9 raison \u00e0 cette proph\u00e9tie.<\/div>\n<div class=\"mdjComplements\">\u00c0 la fin de son discours, Mend\u00e8s France souligne le c\u0153ur du d\u00e9saccord : ce projet de march\u00e9 commun, r\u00e9sume-t-il, \u00ab est bas\u00e9 sur le lib\u00e9ralisme classique du XIXe si\u00e8cle, selon lequel la concurrence pure et simple r\u00e8gle tous les probl\u00e8mes\u00bb. Autrement dit, un lib\u00e9ralisme \u00e9conomique qui ruine tout lib\u00e9ralisme politique, imposant la loi d\u2019airain de la concurrence \u00e0 la vie sociale, au d\u00e9triment des solidarit\u00e9s collectives et des libert\u00e9s individuelles.\u00a0<\/div>\n<div class=\"mdjComplements\">\u00ab L\u2019abdication d\u2019une d\u00e9mocratie peut prendre deux formes, conclut Mend\u00e8s France, soit le recours \u00e0 une dictature interne par la remise de tous les pouvoirs \u00e0 un homme providentiel, soit la d\u00e9l\u00e9gation de ces pouvoirs \u00e0 une autorit\u00e9 ext\u00e9rieure, laquelle, au nom de la technique, exercera en r\u00e9alit\u00e9 la puissance politique, car au nom d\u2019une saine \u00e9conomie on en vient ais\u00e9ment \u00e0 dicter une politique mon\u00e9taire, budg\u00e9taire, sociale, finalement \u201cune politique\u201d, au sens le plus large du mot, nationale et internationale. \u00bb<\/div>\n<div class=\"mdjComplements\">\u00ab <strong>Dire cela, ajoutait Pierre Mend\u00e8s France, ce n\u2019est pas \u00eatre hostile \u00e0 l\u2019\u00e9dification de l\u2019Europe, mais c\u2019est ne pas vouloir que l\u2019entreprise se traduise, demain, par une d\u00e9ception terrible pour notre pays, apr\u00e8s un grand et bel espoir, par le sentiment qu\u2019il en serait la victime et, tout d\u2019abord, ses \u00e9l\u00e9ments d\u00e9j\u00e0 les plus d\u00e9favoris\u00e9s. <\/strong>\u00bb Faute de l\u2019avoir \u00e9cout\u00e9, nous vivons aujourd\u2019hui ces temps de \u00ab d\u00e9ception terrible \u00bb pr\u00e9dits par Mend\u00e8s France.<\/div>\n<div class=\"mdjComplements\"><a href=\"https:\/\/static.mediapart.fr\/files\/2016\/06\/25\/1957-i4.pdf\">Le texte int\u00e9gral du discours de Pierre Mend\u00e8s<\/a>&#8211;<a href=\"https:\/\/static.mediapart.fr\/files\/2016\/06\/25\/1957-i4.pdf\">France dans , pages 159 \u00e0 166.<\/a><\/div>\n<div class=\"mdjComplements\">La clairvoyance de Mend\u00e9s France, il y a pr\u00e8s de 60 ans m\u2019impressionne. Tout c&rsquo;est bien pass\u00e9 comme il l&rsquo;a dit : Les d\u00e9cisions sont prises sous l&rsquo;appellation de d\u00e9cisions techniques par un ar\u00e9opage europ\u00e9en.<\/div>\n<div class=\"mdjComplements\">Mais sortir de cette impasse est tout sauf simple.<\/div>\n<div class=\"mdjComplements\">Il est devenu \u00e9vident qu&rsquo;aujourd&rsquo;hui et probablement davantage demain que la globalisation et la financiarisation de l&rsquo;Economie ainsi que l&rsquo;automatisation g\u00e9n\u00e9rale ne profitera plus \u00e0 la majorit\u00e9 des populations du vieux continent qui avaient \u00e9t\u00e9 habitu\u00e9s \u00e0 vivre beaucoup mieux que tout le reste du monde \u00e0 l&rsquo;exception des pays o\u00f9 les europ\u00e9ens s&rsquo;\u00e9taient implant\u00e9s et avaient remplac\u00e9s les autochtones et \u00e0 l&rsquo;autre exception du Japon.<\/div>\n<div class=\"mdjComplements\">En outre dans ces pays s&rsquo;est mis en place un Etat social qui ne peut plus \u00eatre financ\u00e9 \u00e9tant donn\u00e9 ces \u00e9volutions et l&rsquo;augmentation de l&rsquo;esp\u00e9rance de vie.<\/div>\n<div class=\"mdjComplements\">Pour \u00e9clairer mon affirmation pr\u00e9c\u00e9dente, je donne <a href=\"http:\/\/www.lesechos.fr\/10\/10\/2014\/lesechos.fr\/0203850231675_depenses-sociales-et-endettement---le-choc-des-chiffres.htm\">ces chiffres<\/a> : la France repr\u00e9sente 1 % de la population de la plan\u00e8te et 4 % du PIB mondial et concentre 15 % des d\u00e9penses sociales du monde.<\/div>\n<div class=\"mdjComplements\">Dans ces conditions il est normal qu&rsquo;en D\u00e9mocratie, la majorit\u00e9 se rebelle et vote non.<\/div>\n<div class=\"mdjComplements\">La technocratie europ\u00e9enne que l&rsquo;on critique tellement aujourd&rsquo;hui, comme le faisait Mend\u00e9s France en 1957,\u00a0 a jusqu&rsquo;\u00e0 pr\u00e9sent permis de faire semblant que la D\u00e9mocratie s&rsquo;exprime mais comme le disait justement Juncker s&rsquo;arr\u00eate aux Trait\u00e9s sign\u00e9s.<\/div>\n<div class=\"mdjComplements\">Pour sortir de cela, pour sortir des multiples non, il faudrait arriver \u00e0 se mettre d&rsquo;accord sur un Oui, c&rsquo;est \u00e0 dire un projet europ\u00e9en coh\u00e9rent alternatif politique trouvant une majorit\u00e9.<\/div>\n<div class=\"mdjComplements\">Cela, ce n&rsquo;est pas gagn\u00e9, comme le montre cet article du Monde : <a href=\"http:\/\/allemagne.blog.lemonde.fr\/2016\/06\/25\/merkel-acte-la-fin-du-couple-franco-allemand\/\">http:\/\/allemagne.blog.lemonde.fr\/2016\/06\/25\/merkel-acte-la-fin-du-couple-franco-allemand\/<\/a><\/div>\n<div class=\"mdjComplements\">Et comme le dit, le ministre belge des affaires \u00e9trang\u00e8res : <a href=\"http:\/\/www.lemonde.fr\/referendum-sur-le-brexit\/article\/2016\/06\/26\/il-n-y-a-clairement-pas-d-unanimite-pour-davantage-d-integration-en-europe_4958501_4872498.html\">\u00ab Il n\u2019y a clairement pas d\u2019unanimit\u00e9 pour davantage d\u2019int\u00e9gration en Europe \u00bb<\/a><\/div>\n","protected":false},"excerpt":{"rendered":"<p>Lundi 27 Juin 2016 \u00ab L\u2019abdication d\u2019une d\u00e9mocratie peut prendre deux formes, soit le recours \u00e0 une dictature interne par la remise de tous les pouvoirs \u00e0 un homme providentiel,\u00a0soit la d\u00e9l\u00e9gation de ces pouvoirs \u00e0 une autorit\u00e9 ext\u00e9rieure, laquelle,<\/p>\n","protected":false},"author":1,"featured_media":0,"comment_status":"closed","ping_status":"closed","sticky":false,"template":"","format":"standard","meta":{"footnotes":""},"categories":[1],"tags":[],"class_list":["post-1380","post","type-post","status-publish","format-standard","hentry","category-motdujour"],"_links":{"self":[{"href":"https:\/\/lemotdujour.fr\/index.php?rest_route=\/wp\/v2\/posts\/1380","targetHints":{"allow":["GET"]}}],"collection":[{"href":"https:\/\/lemotdujour.fr\/index.php?rest_route=\/wp\/v2\/posts"}],"about":[{"href":"https:\/\/lemotdujour.fr\/index.php?rest_route=\/wp\/v2\/types\/post"}],"author":[{"embeddable":true,"href":"https:\/\/lemotdujour.fr\/index.php?rest_route=\/wp\/v2\/users\/1"}],"replies":[{"embeddable":true,"href":"https:\/\/lemotdujour.fr\/index.php?rest_route=%2Fwp%2Fv2%2Fcomments&post=1380"}],"version-history":[{"count":1,"href":"https:\/\/lemotdujour.fr\/index.php?rest_route=\/wp\/v2\/posts\/1380\/revisions"}],"predecessor-version":[{"id":1381,"href":"https:\/\/lemotdujour.fr\/index.php?rest_route=\/wp\/v2\/posts\/1380\/revisions\/1381"}],"wp:attachment":[{"href":"https:\/\/lemotdujour.fr\/index.php?rest_route=%2Fwp%2Fv2%2Fmedia&parent=1380"}],"wp:term":[{"taxonomy":"category","embeddable":true,"href":"https:\/\/lemotdujour.fr\/index.php?rest_route=%2Fwp%2Fv2%2Fcategories&post=1380"},{"taxonomy":"post_tag","embeddable":true,"href":"https:\/\/lemotdujour.fr\/index.php?rest_route=%2Fwp%2Fv2%2Ftags&post=1380"}],"curies":[{"name":"wp","href":"https:\/\/api.w.org\/{rel}","templated":true}]}}