{"id":13794,"date":"2022-07-13T01:15:29","date_gmt":"2022-07-12T23:15:29","guid":{"rendered":"https:\/\/lemotdujour.fr\/?p=13794"},"modified":"2022-07-25T23:43:03","modified_gmt":"2022-07-25T21:43:03","slug":"mercredi-13-juillet-2022","status":"publish","type":"post","link":"https:\/\/lemotdujour.fr\/?p=13794","title":{"rendered":"Mercredi 13 juillet 2022"},"content":{"rendered":"<div class=\"mdjTexte\">\u00ab\u00a0Un monde divis\u00e9 en civilisations.\u00a0\u00bb<\/div>\n<div class=\"mdjAuteur\">Samuel Huntington, titre de la premi\u00e8re partie du Choc des civilisations.<\/div>\n<p><span style=\"color: #777777; font-family: Arial;\">D\u00e9finir le terme de \u00ab\u00a0<strong>civilisation<\/strong>\u00a0\u00bb n&rsquo;est pas commode.<br \/>\n<\/span><\/p>\n<p><span style=\"color: #777777; font-family: Arial;\">Souvent on donne comme synonyme \u00abculture\u00bb et comme contraire \u00abbarbarie\u00bb.<br \/>\n<\/span><\/p>\n<p><span style=\"color: #777777; font-family: Arial;\">Pour les romains le partage \u00e9tait simple : Rome constituait la civilisation, \u00e0 laquelle ils acceptaient d&rsquo;int\u00e9grer les grecs, et tous les autres \u00e9taient des barbares.<br \/>\n<\/span><\/p>\n<p><span style=\"color: #777777; font-family: Arial;\">Le Larousse tente cette d\u00e9finition\u00a0:<br \/>\n<\/span><\/p>\n<p style=\"margin-left: 28pt;\"><span style=\"color: #c00000; font-family: Arial;\">\u00ab\u00a0Ensemble des caract\u00e8res propres \u00e0 la vie intellectuelle, artistique, morale, sociale et mat\u00e9rielle d&rsquo;un pays ou d&rsquo;une soci\u00e9t\u00e9\u00a0: La civilisation des Incas.\u00a0\u00bb<br \/>\n<\/span><\/p>\n<p><span style=\"color: #777777; font-family: Arial;\">Le Robert en propose une proche\u00a0:<br \/>\n<\/span><\/p>\n<p style=\"margin-left: 28pt;\"><span style=\"color: #c00000; font-family: Arial;\">\u00ab\u00a0Ensemble de ph\u00e9nom\u00e8nes sociaux (religieux, moraux, esth\u00e9tiques, scientifiques, techniques) d&rsquo;une grande soci\u00e9t\u00e9\u00a0: La civilisation chinoise, \u00e9gyptienne.\u00a0\u00bb<br \/>\n<\/span><\/p>\n<p><span style=\"color: #777777; font-family: Arial;\">Le <span style=\"color: #0000ff;\"><a style=\"color: #0000ff;\" href=\"https:\/\/www.cnrtl.fr\/definition\/civilisation\">dictionnaire du CNRS<\/a> <\/span>propose d&rsquo;abord une opposition\u00a0: celle de l&rsquo;\u00e9tat de nature avec l&rsquo;\u00e9tat de civilisation :<br \/>\n<\/span><\/p>\n<p style=\"margin-left: 28pt;\"><span style=\"color: #c00000; font-family: Arial;\">\u00ab\u00a0Fait pour un peuple de quitter une condition primitive (un \u00e9tat de nature) pour progresser dans le domaine des m\u0153urs, des connaissances, des id\u00e9es.\u00a0\u00bb<br \/>\n<\/span><\/p>\n<p><span style=\"color: #777777; font-family: Arial;\">Et ce dictionnaire cite plusieurs auteurs. J&rsquo;en retiens deux, tous les deux acad\u00e9miciens :<br \/>\n<\/span><\/p>\n<p><span style=\"color: #777777; font-family: Arial;\">Jacques-Henri Bernardin de Saint-Pierre (1737-1814), \u00e9crivain et botaniste fran\u00e7ais, auteur de \u00ab Paul et Virginie \u00bb :<br \/>\n<\/span><\/p>\n<p style=\"margin-left: 28pt;\"><span style=\"color: #c00000; font-family: Arial;\">\u00ab\u00a0Les Mexicains et les P\u00e9ruviens, ces peuples naturellement si doux et d\u00e9j\u00e0 avanc\u00e9s en <strong>civilisation<\/strong>, offraient chaque ann\u00e9e \u00e0 leurs dieux un grand nombre de victimes humaines; &#8230;\u00a0\u00bb<br \/>\n<\/span><span style=\"color: #c00000; font-family: Arial;\"><em>Harmonies de la nature,1814, p. 298.<br \/>\n<\/em><\/span><\/p>\n<p><span style=\"color: #777777; font-family: Arial;\">Charles-Augustin Sainte-Beuve (1804 &#8211; 1869) critique litt\u00e9raire et \u00e9crivain fran\u00e7ais :<br \/>\n<\/span><\/p>\n<p style=\"margin-left: 28pt;\"><span style=\"color: #c00000; font-family: Arial;\">\u00ab\u00a0C&rsquo;est l&rsquo;effet et le but de la <strong>civilisation<\/strong>, de faire pr\u00e9valoir la douceur et les bons sentiments sur les app\u00e9tits sauvages.\u00a0\u00bb<br \/>\n<\/span><span style=\"color: #c00000; font-family: Arial;\"><em>Port-Royal,t. 5, 1859, p. 235.<br \/>\n<\/em><\/span><\/p>\n<p><span style=\"color: #777777; font-family: Arial;\">Cette mani\u00e8re d&rsquo;aborder le sujet distingue la civilisation de la non civilisation, mais ne semble pas ouvrir la possibilit\u00e9 de la coexistence de civilisations diff\u00e9rentes.<br \/>\n<\/span><\/p>\n<p><span style=\"color: #777777; font-family: Arial;\">Mais elle semble assez proche de l&rsquo;\u00e9tymologie du mot qui est d&rsquo;origine latine\u00a0: Form\u00e9 \u00e0 partir du mot latin <strong>civis<\/strong> (\u00ab citoyen \u00bb), qui a donn\u00e9 naissance \u00e0 <strong>civilis <\/strong>qui signifie en latin \u00ab poli \u00bb, \u00ab de m\u0153urs convenables et raffin\u00e9es \u00bb. Il semble que ce nouveau substantif \u00ab\u00a0civilis\u00a0\u00bb \u00e9tablissait une distinction qui s&rsquo;\u00e9tait peu \u00e0 peu \u00e9tablie entre gens des villes et habitants des campagnes.<br \/>\n<\/span><\/p>\n<p><span style=\"color: #777777; font-family: Arial;\">Mais le dictionnaire du CNRS propose d&rsquo;autres d\u00e9finitions\u00a0:<br \/>\n<\/span><\/p>\n<p style=\"margin-left: 28pt;\"><span style=\"color: #c00000; font-family: Arial;\">\u00ab\u00a0\u00c9tat plus ou moins stable (durable) d&rsquo;une soci\u00e9t\u00e9 qui, ayant quitt\u00e9 l&rsquo;\u00e9tat de nature, a acquis un haut d\u00e9veloppement\u00a0\u00bb<br \/>\n<\/span><\/p>\n<p><span style=\"color: #777777; font-family: Arial;\">Et ajoute\u00a0:<br \/>\n<\/span><\/p>\n<p style=\"margin-left: 28pt;\"><span style=\"color: #c00000; font-family: Arial;\">\u00ab\u00a0Ensemble transmissible des valeurs (intellectuelles, spirituelles, artistiques) et des connaissances scientifiques ou r\u00e9alisations techniques qui caract\u00e9risent une \u00e9tape des progr\u00e8s d&rsquo;une soci\u00e9t\u00e9 en \u00e9volution.\u00a0\u00bb<br \/>\n<\/span><\/p>\n<p><span style=\"color: #777777; font-family: Arial;\">Mais si on veut vraiment approcher le concept de civilisation, il faut revenir \u00e0 <strong>Fernand Braudel<\/strong> qui dans sa qu\u00eate de raconter l&rsquo;Histoire s&rsquo;inscrivant dans le Temps long \u00e9crit dans son ouvrage \u00ab\u00a0<strong>Grammaire des civilisations<\/strong>\u00a0\u00bb<strong>\u00a0:<br \/>\n<\/strong><\/span><\/p>\n<p style=\"margin-left: 28pt;\"><span style=\"color: #c00000; font-family: Arial;\">\u00ab\u00a0Cependant vous n&rsquo;aurez pas de peine \u00e0 constater que la vie des hommes implique bien d&rsquo;autres r\u00e9alit\u00e9s qui ne peuvent prendre place dans ce film des \u00e9v\u00e8nements\u00a0: l&rsquo;espace dans lequel ils vivent, les formes sociales qui les emprisonnent et d\u00e9cident de leur existence, les r\u00e8gles \u00e9thiques, conscientes ou inconscientes auxquelles ils ob\u00e9issent, leurs croyances religieuses et philosophiques, la civilisation qui leur est propre. Ces r\u00e9alit\u00e9s ont une vie beaucoup plus longue que la n\u00f4tre et nous n&rsquo;aurons pas toujours le loisir eu cours de notre existence, de les voir changer de fond en comble.\u00a0\u00bb<br \/>\n<em>Grammaire des civilisations page 26<\/em><br \/>\n<\/span><\/p>\n<p><span style=\"color: #777777; font-family: Arial;\">Pour Braudel, le concept de civilisation est n\u00e9cessaire pour expliquer le temps long en Histoire et il donne les \u00e9l\u00e9ments qui constituent la civilisation\u00a0:<br \/>\n<\/span><\/p>\n<ul>\n<li><span style=\"color: #777777; font-family: Arial;\">L&rsquo;espace<br \/>\n<\/span><\/li>\n<li><span style=\"color: #777777; font-family: Arial;\">Les formes sociales<br \/>\n<\/span><\/li>\n<li><span style=\"color: #777777; font-family: Arial;\">Les r\u00e8gles \u00e9thiques<br \/>\n<\/span><\/li>\n<li><span style=\"color: #777777; font-family: Arial;\">Les croyances religieuses et philosophiques<br \/>\n<\/span><\/li>\n<\/ul>\n<p><span style=\"color: #777777; font-family: Arial;\">et un peu plus loin, il lance cette envol\u00e9e lyrique :<br \/>\n<\/span><\/p>\n<p style=\"margin-left: 28pt;\"><span style=\"color: #c00000; font-family: Arial;\">\u00ab\u00a0Les civilisations sont assur\u00e9ment des personnages \u00e0 part, dont la long\u00e9vit\u00e9 d\u00e9passe l&rsquo;entendement. Fabuleusement vieilles, elles persistent \u00e0 vivre dans chacun d&rsquo;entre nous et elles nous survivront longtemps encore.\u00a0\u00bb<br \/>\n<\/span><\/p>\n<p><span style=\"color: #777777; font-family: Arial;\">Mais si les civilisations sont \u00ab\u00a0des personnages\u00a0\u00bb qui viennent de loin et sont anciennes, il semble que le mot \u00ab\u00a0civilisation\u00a0\u00bb est d&rsquo;invention assez r\u00e9cente, juste avant la r\u00e9volution fran\u00e7aise.<br \/>\n<\/span><\/p>\n<p><span style=\"color: #777777; font-family: Arial;\">Selon l&rsquo;excellent site d&rsquo;Histoire \u00ab\u00a0<a href=\"https:\/\/www.herodote.net\/civilisation-mot-490.php\"><span style=\"color: #0000ff;\">HERODOTE<\/span>\u00a0<\/a>\u00bb\u00a0:<br \/>\n<\/span><\/p>\n<p style=\"margin-left: 28pt;\"><span style=\"color: #c00000; font-family: Arial;\">\u00ab\u00a0Le mot \u00ab civilisation \u00bb n&rsquo;a que trois si\u00e8cles d&rsquo;existence. [\u2026] Au si\u00e8cle des Lumi\u00e8res, il commence \u00e0 se montrer dans un sens moderne. On le rep\u00e8re en 1756 dans <strong>L&rsquo;Ami des Hommes<\/strong> ou Trait\u00e9 sur la population, un essai politique \u00e0 l&rsquo;origine du courant physiocratique. Son auteur est <strong>Victor Riqueti de Mirabeau<\/strong>, le p\u00e8re du tribun r\u00e9volutionnaire. Il \u00e9crit : \u00ab C&rsquo;est la religion le premier ressort de la civilisation \u00bb, c&rsquo;est-\u00e0-dire qui rend les hommes plus aptes \u00e0 vivre ensemble.\u00a0\u00bb<br \/>\n<\/span><\/p>\n<p><span style=\"color: #777777; font-family: Arial;\">Mais que dit Huntington\u00a0?<br \/>\n<\/span><\/p>\n<p><span style=\"color: #777777; font-family: Arial;\">D&rsquo;abord, il cite Braudel qui est un de ses inspirateurs :<br \/>\n<\/span><\/p>\n<p style=\"margin-left: 28pt;\"><span style=\"color: #c00000; font-family: Arial;\">\u00ab\u00a0Comme l&rsquo;\u00e9crivait avec sagesse Fernand Braudel, \u00ab\u00a0pour toute personne qui s&rsquo;int\u00e9resse au monde contemporain et \u00e0 plus forte raison qui veut agir sur ce monde, il est \u00ab\u00a0payant\u00a0\u00bb de savoir reconna\u00eetre sur une mappemonde quelles civilisations existent aujourd&rsquo;hui d&rsquo;\u00eatre capable de d\u00e9finir leurs fronti\u00e8res, leur centre et leur p\u00e9riph\u00e9rie, leurs provinces et l&rsquo;air qu&rsquo;on y respire, les formes g\u00e9n\u00e9rales et particuli\u00e8res qui existent et qui s&rsquo;associent en leur sein.\u00a0\u00bb\u00a0\u00bb<br \/>\n<em>Page 42<br \/>\n<\/em><\/span><\/p>\n<p><span style=\"color: #777777; font-family: Arial;\">Et puis il aborde le c\u0153ur de son argumentation\u00a0:<br \/>\n<\/span><\/p>\n<p style=\"margin-left: 28pt;\"><span style=\"color: #c00000; font-family: Arial;\">\u00ab\u00a0Dans le monde d&rsquo;apr\u00e8s la guerre froide, les distinctions majeures entre les peuples ne sont pas id\u00e9ologiques, politiques ou \u00e9conomiques. Elles sont culturelles. Les peuples et les nations s&rsquo;efforcent de r\u00e9pondre \u00e0 la question fondamentale entre toutes pour les humains\u00a0: <strong>Qui sommes-nous\u00a0?<\/strong> Et ils y r\u00e9pondent de la fa\u00e7on la plus traditionnelle qui soit : en se r\u00e9f\u00e9rant \u00e0 ce qui compte le plus pour eux. Ils se d\u00e9finissent en termes de lignage, de religion, de langue, d&rsquo;histoire, de valeurs, d&rsquo;habitudes et d&rsquo;institutions. Ils s&rsquo;identifient \u00e0 des groupes culturels : tribus, ethnies, communaut\u00e9s religieuses, nations et, au niveau le plus large, civilisations. Ils utilisent la politique non pas seulement pour faire pr\u00e9valoir leur int\u00e9r\u00eat, mais pour d\u00e9finir leur identit\u00e9. On sait qui on est seulement si on sait qui on n&rsquo;est pas. Et, bien souvent, si on sait contre qui on est. \u00bb<br \/>\n<\/span><span style=\"color: #c00000; font-family: Arial;\"><em>Page 21<br \/>\n<\/em><\/span><\/p>\n<p><span style=\"color: #777777; font-family: Arial;\">Et c&rsquo;est ainsi qu&rsquo;il s&rsquo;oppose frontalement \u00e0 la pr\u00e9tention \u00e0 aller vers une civilisation universelle que pr\u00e9voit Fukuyama dans la \u00ab\u00a0Fin de l&rsquo;Histoire\u00a0\u00bb et qui serait une d\u00e9riv\u00e9e de la civilisation occidentale.<br \/>\n<\/span><\/p>\n<p><span style=\"color: #777777; font-family: Arial;\">Selon lui c&rsquo;est justement la civilisation occidentale qui est source de frictions et de rejet. Il pr\u00e9sente ainsi sa premi\u00e8re partie\u00a0:\u00a0\u00ab\u00a0<strong>Un monde divis\u00e9 en civilisations<\/strong>\u00a0\u00bb\u00a0:<br \/>\n<\/span><\/p>\n<p style=\"margin-left: 28pt;\"><span style=\"color: #c00000; font-family: Arial;\">\u00ab\u00a0Pour la premi\u00e8re fois dans l&rsquo;histoire, la politique globale est \u00e0 la fois multipolaire et multi-civilisationnel. La modernisation se distingue de l&rsquo;occidentalisation et ne produit nullement une civilisation universelle pas plus qu&rsquo;elle ne donne lieu \u00e0 l&rsquo;occidentalisation des soci\u00e9t\u00e9s non occidentales\u00a0\u00bb<br \/>\n<em>Page 17<br \/>\n<\/em><\/span><\/p>\n<p><span style=\"color: #777777; font-family: Arial;\">Et cette opposition entre l&rsquo;occident et les autres, il la pr\u00e9cise encore davantage dans cet extrait\u00a0:<br \/>\n<\/span><\/p>\n<p style=\"margin-left: 28pt;\"><span style=\"color: #c00000; font-family: Arial;\">\u00ab\u00a0Le monde en un sens, est dual, mais la distinction centrale oppose l&rsquo;actuelle civilisation dominante, l&rsquo;Occident et toutes les autres, lesquelles ont bien peu en commun. En r\u00e9sum\u00e9, le monde est divis\u00e9 en une entit\u00e9 occidentale et une multitude d&rsquo;entit\u00e9s non occidentales\u00a0\u00bb<br \/>\n<\/span><span style=\"color: #c00000; font-family: Arial;\"><em>Page 37<br \/>\n<\/em><\/span><\/p>\n<p><span style=\"color: #777777; font-family: Arial;\">A ce stade, Huntington est oblig\u00e9 de s&rsquo;engager et de citer les principales civilisations contemporaines. Il en cite 6 et h\u00e9site sur une septi\u00e8me :<br \/>\n<\/span><\/p>\n<ol>\n<li><span style=\"color: #777777; font-family: Arial;\">La civilisation chinoise\u00a0;<br \/>\n<\/span><\/li>\n<li><span style=\"color: #777777; font-family: Arial;\">La civilisation japonaise\u00a0;<br \/>\n<\/span><\/li>\n<li><span style=\"color: #777777; font-family: Arial;\">La civilisation hindoue\u00a0;<br \/>\n<\/span><\/li>\n<li><span style=\"color: #777777; font-family: Arial;\">La civilisation musulmane\u00a0;<br \/>\n<\/span><\/li>\n<li><span style=\"color: #777777; font-family: Arial;\">La civilisation Occidentale\u00a0;<br \/>\n<\/span><\/li>\n<li><span style=\"color: #777777; font-family: Arial;\">La civilisation latino-am\u00e9ricaine\u00a0;<br \/>\n<\/span><\/li>\n<\/ol>\n<p><span style=\"color: #777777; font-family: Arial;\">La 7<sup>\u00e8me<\/sup> sur laquelle il h\u00e9site est la civilisation africaine<br \/>\n<\/span><span style=\"color: #777777; font-family: Arial;\"><em>Page 51 \u00e0 57<br \/>\n<\/em><\/span><\/p>\n<p><span style=\"color: #777777; font-family: Arial;\">Si on essaye de reprendre la typologie de<strong> Fernand Braudel<\/strong> dans la \u00ab<strong>Grammaire des civilisations<\/strong>\u00bb, on trouve cette liste que Braudel classe g\u00e9ographiquement et qui compte 11 civilisations : <\/span><span style=\"color: #777777; font-family: Arial;\"><br \/>\n<\/span><\/p>\n<p><span style=\"color: #777777; font-family: Arial;\">A &#8211; Les civilisations non-europ\u00e9ennes<br \/>\n<\/span><\/p>\n<p style=\"padding-left: 80px;\"><strong><span style=\"color: #777777; font-family: Arial;\">1. L&rsquo;Islam et le monde musulman<br \/>\n<\/span><\/strong><span style=\"color: #777777; font-family: Arial;\"><strong>2. Le continent noir \u00ab l&rsquo;Afrique Noire, ou mieux <em>les <\/em>Afrique Noire \u00bb<\/strong><br \/>\n<\/span><\/p>\n<p style=\"padding-left: 40px;\"><span style=\"color: #777777; font-family: Arial;\">Aa &#8211; L&rsquo;Extr\u00eame-Orient<br \/>\n<\/span><\/p>\n<p style=\"padding-left: 80px;\"><strong><span style=\"color: #777777; font-family: Arial;\">3. La Chine<br \/>\n<\/span><\/strong><strong><span style=\"color: #777777; font-family: Arial;\">4. L&rsquo;Inde<br \/>\n<\/span><\/strong><strong><span style=\"color: #777777; font-family: Arial;\">5. Indochine, Indon\u00e9sie, Philippines, Cor\u00e9e : \u00ab un Extr\u00eame-Orient maritime \u00bb<br \/>\n<\/span><\/strong><span style=\"color: #777777; font-family: Arial;\"><strong>6. Japon<\/strong><br \/>\n<\/span><\/p>\n<p><span style=\"color: #777777; font-family: Arial;\">B &#8211; Les civilisations europ\u00e9ennes<br \/>\n<\/span><\/p>\n<p style=\"padding-left: 80px;\"><span style=\"color: #777777; font-family: Arial;\"><strong>7. L&rsquo;Europe<\/strong><br \/>\n<\/span><\/p>\n<p style=\"padding-left: 40px;\"><span style=\"color: #777777; font-family: Arial;\">Ba &#8211; L&rsquo;Am\u00e9rique<br \/>\n<\/span><\/p>\n<p style=\"padding-left: 80px;\"><strong><span style=\"color: #777777; font-family: Arial;\">8. L&rsquo;Am\u00e9rique latine<br \/>\n<\/span><\/strong><strong><span style=\"color: #777777; font-family: Arial;\">9. Les \u00c9tats-Unis<br \/>\n<\/span><\/strong><span style=\"color: #777777; font-family: Arial;\"><strong>10. L&rsquo;univers anglais (Canada, Afrique du Sud, Australie, Nouvelle-Z\u00e9lande)<\/strong><br \/>\n<\/span><\/p>\n<p style=\"padding-left: 40px;\"><span style=\"color: #777777; font-family: Arial;\">Bb &#8211; L&rsquo;autre Europe (U.R.S.S.)<br \/>\n<\/span><\/p>\n<p style=\"padding-left: 80px;\"><span style=\"color: #777777; font-family: Arial;\"><strong>11. Le monde orthodoxe<\/strong><br \/>\n<\/span><\/p>\n<p><span style=\"color: #777777; font-family: Arial;\">Si on compare les deux listes, on constate que Braudel y inclut bien une civilisation africaine mais dont il enl\u00e8ve le Maghreb et l&rsquo;Egypte et affirme la pluralit\u00e9 : \u00ab<strong>Les Afrique noire<\/strong> \u00bb. Ensuite il divise l&rsquo;Occident en plusieurs branches : <strong>L&rsquo;Europe, Les \u00c9tats-Unis et L&rsquo;Univers anglais<\/strong>. Pour arriver \u00e0 11, il ajoute le <strong>\u00abmonde orthodoxe\u00bb<\/strong> qui a l&rsquo;\u00e9poque du livre de Braudel \u00e9tait largement sous le joug et m\u00eame le n\u00e9gationnisme sovi\u00e9tique . Cette situation a bien chang\u00e9 depuis. Enfin, il ajoute une particularit\u00e9 orientale : <strong>\u00ab un Extr\u00eame-Orient maritime \u00bb. <\/strong><\/span><\/p>\n<p><span style=\"color: #777777; font-family: Arial;\">Sur ce &lt;<span style=\"color: #0000ff;\"><a style=\"color: #0000ff;\" href=\"http:\/\/blogs.histoireglobale.com\/la-grammaire-des-civilisations_2750\">site<\/a><\/span>&gt; j&rsquo;ai trouv\u00e9 cette repr\u00e9sentation de la vision braudelienne :<br \/>\n<\/span><\/p>\n<p><img loading=\"lazy\" decoding=\"async\" class=\"alignnone size-full wp-image-13805\" src=\"https:\/\/lemotdujour.fr\/wp-content\/uploads\/2022\/07\/Aires-de-civilisation-Braudel-scaled.jpg\" alt=\"\" width=\"2560\" height=\"1555\" srcset=\"https:\/\/lemotdujour.fr\/wp-content\/uploads\/2022\/07\/Aires-de-civilisation-Braudel-scaled.jpg 2560w, https:\/\/lemotdujour.fr\/wp-content\/uploads\/2022\/07\/Aires-de-civilisation-Braudel-300x182.jpg 300w, https:\/\/lemotdujour.fr\/wp-content\/uploads\/2022\/07\/Aires-de-civilisation-Braudel-1024x622.jpg 1024w, https:\/\/lemotdujour.fr\/wp-content\/uploads\/2022\/07\/Aires-de-civilisation-Braudel-768x466.jpg 768w, https:\/\/lemotdujour.fr\/wp-content\/uploads\/2022\/07\/Aires-de-civilisation-Braudel-1536x933.jpg 1536w, https:\/\/lemotdujour.fr\/wp-content\/uploads\/2022\/07\/Aires-de-civilisation-Braudel-2048x1244.jpg 2048w\" sizes=\"auto, (max-width: 2560px) 100vw, 2560px\" \/><\/p>\n<p><span style=\"color: #777777; font-family: Arial;\">Huntington pr\u00e9cise que ces s\u00e9parations ne sauraient \u00eatre grav\u00e9es dans le marbre, qu&rsquo;elles sont fluctuantes, mouvantes, mobiles.<\/span><\/p>\n<p><span style=\"color: #777777; font-family: Arial;\">Tout ceci n&rsquo;a pas la rigueur de la science physique. Nous sommes dans l&rsquo;humain, donc dans le r\u00e9cit. Et ce qui importe c&rsquo;est que les soci\u00e9t\u00e9s, leurs gouvernants en appellent \u00e0 ces r\u00e9cits pour justifier leurs actions, leurs organisations, leurs rejets. Des chinois, des russes, des musulmans font appel \u00e0 ces r\u00e9cits civilisationnels pour rejeter les valeurs, l&rsquo;organisation et l&rsquo;h\u00e9g\u00e9monie occidentales.<br \/>\n<\/span><br \/>\n<span style=\"color: #777777; font-family: Arial;\"><img loading=\"lazy\" decoding=\"async\" class=\" wp-image-13811 alignleft\" src=\"https:\/\/lemotdujour.fr\/wp-content\/uploads\/2022\/07\/fernand-braudel-1902-1985.jpg\" alt=\"\" width=\"386\" height=\"313\" srcset=\"https:\/\/lemotdujour.fr\/wp-content\/uploads\/2022\/07\/fernand-braudel-1902-1985.jpg 562w, https:\/\/lemotdujour.fr\/wp-content\/uploads\/2022\/07\/fernand-braudel-1902-1985-300x243.jpg 300w\" sizes=\"auto, (max-width: 386px) 100vw, 386px\" \/>Fernand Braudel \u00e9voque, dans son ouvrage, le choc des civilisations que conceptualisera Samuel Huntington 30 ans plus tard :<br \/>\n<\/span><\/p>\n<p style=\"margin-left: 28pt;\"><span style=\"color: #c00000; font-family: Arial;\">\u00ab\u00a0Le raisonnement, jusqu&rsquo;ici, suppose des civilisations en rapport pacifique les unes avec les autres, libres de leurs choix. Or les rapports violents ont souvent \u00e9t\u00e9 la r\u00e8gle. Toujours tragiques, ils ont \u00e9t\u00e9 assez souvent inutiles \u00e0 long terme.\u00a0\u00bb<br \/>\n<\/span><\/p>\n<p><span style=\"color: #777777; font-family: Arial;\">Et il donne l&rsquo;exemple du c\u00f4t\u00e9 vain de ces affrontements\u00a0:<br \/>\n<\/span><\/p>\n<p style=\"margin-left: 28pt;\"><span style=\"color: #c00000; font-family: Arial;\">\u00ab\u00a0Le colonialisme, c&rsquo;est par excellence la submersion d&rsquo;une civilisation par une autre. Les vaincus c\u00e8dent toujours au plus fort, mais leur soumission reste provisoire, d\u00e8s qu&rsquo;il y a conflit de civilisations.\u00a0\u00bb<br \/>\n<\/span><\/p>\n<p><span style=\"color: #777777; font-family: Arial;\">Dans un exemple que j&rsquo;ai d\u00e9j\u00e0 cit\u00e9 mardi, il raconte la M\u00e9diterran\u00e9e comme l&rsquo;espace de 3 civilisations : l&rsquo;Occident, l&rsquo;Islam et le monde orthodoxe gr\u00e9co-russe. Et malgr\u00e9 de nombreuses guerres, et quelques fluctuations de fronti\u00e8res, globalement sur la longue dur\u00e9e ces 3 espaces n&rsquo;ont que peu \u00e9volu\u00e9. Et lors de la chute du communisme sovi\u00e9tique, Braudel \u00e9tait mort, le monde orthodoxe est r\u00e9apparu du fond de la soci\u00e9t\u00e9 opprim\u00e9e par l&rsquo;anti-religiosit\u00e9 communiste qui n&rsquo;est pas parvenue \u00e0 \u00e9radiquer ce r\u00e9cit port\u00e9 dans les esprits, dans les familles, dans les si\u00e8cles.<\/span><\/p>\n<p><span style=\"color: #777777; font-family: Arial;\"><span style=\"color: #008080;\"><em>Quelque repos est bienvenu, il n&rsquo;y aura pas de mots du jour \u00e0 partir du 14 juillet, au moins jusqu&rsquo;au lundi 25 juillet. Mais il est possible que, pour poursuivre cette s\u00e9rie, quelques jours de r\u00e9flexions suppl\u00e9mentaires soient n\u00e9cessaires.<\/em><\/span><br \/>\n<\/span><\/p>\n<p><span style=\"color: maroon; font-family: Arial;\">&lt;1700&gt;<\/span><\/p>\n","protected":false},"excerpt":{"rendered":"<p>\u00ab\u00a0Un monde divis\u00e9 en civilisations.\u00a0\u00bb Samuel Huntington, titre de la premi\u00e8re partie du Choc des civilisations. D\u00e9finir le terme de \u00ab\u00a0civilisation\u00a0\u00bb n&rsquo;est pas commode. Souvent on donne comme synonyme \u00abculture\u00bb et comme contraire \u00abbarbarie\u00bb. Pour les romains le partage \u00e9tait<\/p>\n","protected":false},"author":1,"featured_media":0,"comment_status":"open","ping_status":"closed","sticky":false,"template":"","format":"standard","meta":{"footnotes":""},"categories":[1],"tags":[222,17,189],"class_list":["post-13794","post","type-post","status-publish","format-standard","hentry","category-motdujour","tag-civilisation","tag-histoire","tag-occident"],"_links":{"self":[{"href":"https:\/\/lemotdujour.fr\/index.php?rest_route=\/wp\/v2\/posts\/13794","targetHints":{"allow":["GET"]}}],"collection":[{"href":"https:\/\/lemotdujour.fr\/index.php?rest_route=\/wp\/v2\/posts"}],"about":[{"href":"https:\/\/lemotdujour.fr\/index.php?rest_route=\/wp\/v2\/types\/post"}],"author":[{"embeddable":true,"href":"https:\/\/lemotdujour.fr\/index.php?rest_route=\/wp\/v2\/users\/1"}],"replies":[{"embeddable":true,"href":"https:\/\/lemotdujour.fr\/index.php?rest_route=%2Fwp%2Fv2%2Fcomments&post=13794"}],"version-history":[{"count":9,"href":"https:\/\/lemotdujour.fr\/index.php?rest_route=\/wp\/v2\/posts\/13794\/revisions"}],"predecessor-version":[{"id":13842,"href":"https:\/\/lemotdujour.fr\/index.php?rest_route=\/wp\/v2\/posts\/13794\/revisions\/13842"}],"wp:attachment":[{"href":"https:\/\/lemotdujour.fr\/index.php?rest_route=%2Fwp%2Fv2%2Fmedia&parent=13794"}],"wp:term":[{"taxonomy":"category","embeddable":true,"href":"https:\/\/lemotdujour.fr\/index.php?rest_route=%2Fwp%2Fv2%2Fcategories&post=13794"},{"taxonomy":"post_tag","embeddable":true,"href":"https:\/\/lemotdujour.fr\/index.php?rest_route=%2Fwp%2Fv2%2Ftags&post=13794"}],"curies":[{"name":"wp","href":"https:\/\/api.w.org\/{rel}","templated":true}]}}