{"id":1378,"date":"2016-06-24T02:00:00","date_gmt":"2016-06-23T22:00:00","guid":{"rendered":"http:\/\/lemotdujour.fr\/?p=1378"},"modified":"2021-09-26T20:50:34","modified_gmt":"2021-09-26T18:50:34","slug":"vendredi-24-juin-2016","status":"publish","type":"post","link":"https:\/\/lemotdujour.fr\/?p=1378","title":{"rendered":"Vendredi 24 Juin 2016"},"content":{"rendered":"<div class=\"mdjTexte\">\t\u00abLes technocrates, si on leur donnait le Sahara, dans cinq ans il faudrait qu\u2019ils ach\u00e8tent du sable ailleurs.\u00bb<\/div>\n<div class=\"mdjAuteur\">\tColuche<\/div>\n<p><span style=\"color: #777777; font-family: Arial;\">Souvent les mots du jour se moquent des technocrates.<br \/>\n<\/span><span style=\"color: #777777; font-family: Arial;\">Mais ce n&rsquo;est pas le cas de celui du jour. Cela \u00e9tant, il n&rsquo;en fera pas l&rsquo;\u00e9loge non plus.<br \/>\n<\/span><\/p>\n<p><span style=\"color: #777777; font-family: Arial;\">Coluche est mort il y a 30 ans, exactement le 19 Juin 1986 \u00e0 41 ans.<br \/>\n<\/span><span style=\"color: #777777; font-family: Arial;\">Coluche \u00e9tait dr\u00f4le et souvent ses blagues cognaient juste.<br \/>\n<\/span><\/p>\n<p><span style=\"color: #777777; font-family: Arial;\">Il voulait faire une nouvelle blague sur les technocrates et il a donc eu ce mot qui signifie que si on donnait un d\u00e9sert aux technocrates, ils ne pourraient pas exploiter intelligemment le sable qui s&rsquo;y trouve \u00e0 profusion.<br \/>\n<\/span><\/p>\n<p><span style=\"color: #777777; font-family: Arial;\">Seulement Coluche se trompait, cette blague tombe \u00e0 plat d\u00e8s que l&rsquo;on approfondit un peu ce sujet \u00e0 savoir l&rsquo;importance du sable dans l&rsquo;activit\u00e9 humaine et la qualit\u00e9 du sable du d\u00e9sert.<br \/>\n<\/span><\/p>\n<p><span style=\"color: #777777; font-family: Arial;\">Les anglais ont aussi une expression : \u00ab <span style=\"color: #c00000;\">C&rsquo;est comme vendre du sable aux arabes<span style=\"color: #777777;\"> \u00bb qui veut signifier qu&rsquo;un acte est inutile avec cette id\u00e9e que vendre du sable aux arabes ne pr\u00e9sente aucune pertinence \u00e9conomique puisque \u00ab les Arabes \u00bb sont en grande partie un peuple du d\u00e9sert et qu&rsquo;ils ont donc du sable \u00e0 sati\u00e9t\u00e9.<br \/>\n<\/span><\/span><\/span><\/p>\n<p><span style=\"color: #777777; font-family: Arial;\">C&rsquo;est tout aussi faux, d&rsquo;ailleurs aujourd&rsquo;hui les peuples arabes de Duba\u00ef, du Qatar et des autres \u00e9tats p\u00e9troliers ach\u00e8tent massivement du sable ! Notamment aux Australiens.<br \/>\n<\/span><\/p>\n<p><span style=\"color: #777777; font-family: Arial;\">J&rsquo;ai \u00e9t\u00e9 sensibilis\u00e9 \u00e0 cette probl\u00e9matique lors de cette \u00e9mission de France Inter : <a href=\"https:\/\/www.franceinter.fr\/emissions\/un-jour-dans-le-monde\/un-jour-dans-le-monde-23-septembre-2015-0\"><span style=\"color: blue; text-decoration: underline;\">https:\/\/www.franceinter.fr\/emissions\/un-jour-dans-le-monde\/un-jour-dans-le-monde-23-septembre-2015-0<\/span><\/a><br \/>\n<\/span><\/p>\n<p><span style=\"color: #777777; font-family: Arial;\">On y apprend trois choses :<br \/>\n<\/span><\/p>\n<ul>\n<li><span style=\"color: #777777; font-family: Arial;\">Le sable est une mati\u00e8re premi\u00e8re essentielle pour l&rsquo;\u00e9conomie contemporaine :<br \/>\n<\/span><\/li>\n<li><span style=\"color: #777777; font-family: Arial;\">Le sable du d\u00e9sert est inutilisable pour ces activit\u00e9s<br \/>\n<\/span><\/li>\n<li><span style=\"color: #777777; font-family: Arial;\">Le sable est surexploit\u00e9 et cette surexploitation constitue un probl\u00e8me \u00e9cologique consid\u00e9rable dont on parle peu.<br \/>\n<\/span><\/li>\n<\/ul>\n<p><span style=\"color: #777777; font-family: Arial;\">On y apprend en outre que le sable est la ressource naturelle la plus consomm\u00e9e apr\u00e8s l&rsquo;eau et les hydrocarbures.<br \/>\n<\/span><\/p>\n<p><a href=\"http:\/\/wikhydro.developpement-durable.gouv.fr\/index.php\/Extraction_du_sable_marin_:_menace_pour_nos_rivages\"><span style=\"color: blue; font-family: Arial; text-decoration: underline;\">&lt;Un premier article donne des d\u00e9tails techniques :&gt;<\/span><\/a><span style=\"color: #777777; font-family: Arial;\"> :<br \/>\n<\/span><\/p>\n<p style=\"margin-left: 28pt;\"><span style=\"color: #c00000; font-family: Arial;\">\u00ab Le sable est la 3\u00e8me ressource la plus utilis\u00e9e au monde, apr\u00e8s l&rsquo;air et l&rsquo;eau. Il repr\u00e9sente un volume d&rsquo;\u00e9changes internationaux de 70 milliards de dollars par an. <\/span><span style=\"color: #c00000; font-family: Arial;\">Plus de 15 milliards de tonnes utilis\u00e9es dans le monde chaque ann\u00e9e. Sur la plan\u00e8te, 2\/3 de ce qui est construit est en b\u00e9ton arm\u00e9 et le b\u00e9ton est constitu\u00e9 de 2\/3 de sable.<br \/>\n<\/span><\/p>\n<p style=\"margin-left: 28pt;\"><span style=\"color: #c00000; font-family: Arial;\">Chaque ann\u00e9e en France, ce sont plus de 7 millions de tonnes de sable qui sont puis\u00e9es dans l&rsquo;oc\u00e9an Atlantique et dans la Manche. A 95 %, ce sable est destin\u00e9 \u00e0 la fabrication de b\u00e9ton pour la construction.<br \/>\n<\/span><\/p>\n<p style=\"margin-left: 28pt;\"><span style=\"color: #c00000; font-family: Arial;\">Il faut 200 tonnes de sable pour construire une maison de taille moyenne.<br \/>\n<\/span><span style=\"color: #c00000; font-family: Arial;\">Un b\u00e2timent comme un h\u00f4pital, consomme environ 3000 tonnes,<br \/>\n<\/span><span style=\"color: #c00000; font-family: Arial;\">Chaque kilom\u00e8tre d&rsquo;autoroutes engloutit au moins 30 000 tonnes de sable,<br \/>\n<\/span><span style=\"color: #c00000; font-family: Arial;\">Pour construire une centrale nucl\u00e9aire, il faut compter environ 12 millions de tonnes.<br \/>\n<\/span><\/p>\n<p style=\"margin-left: 28pt;\"><span style=\"color: #c00000; font-family: Arial;\">Entre 75 et 90% des plages de la plan\u00e8te sont aujourd&rsquo;hui menac\u00e9es de disparition. Si on ne fait rien d&rsquo;ici 2100, les plages du monde seront de l&rsquo;histoire ancienne.<br \/>\n<\/span><\/p>\n<p style=\"margin-left: 28pt;\"><span style=\"color: #c00000; font-family: Arial;\">A Duba\u00ef, la presqu&rsquo;\u00eele artificielle autoproclam\u00e9e \u00ab\u00a08e merveille du monde\u00a0\u00bb a co\u00fbt\u00e9 plus de 12 milliards de dollars et a ingurgit\u00e9 pr\u00e8s de 150 millions de tonnes de sable pomp\u00e9 au large des c\u00f4tes de Duba\u00ef.<br \/>\n<\/span><\/p>\n<p style=\"margin-left: 28pt;\"><span style=\"color: #c00000; font-family: Arial;\">3500 soci\u00e9t\u00e9s australiennes exportent vers la p\u00e9ninsule arabique. Leurs b\u00e9n\u00e9fices ont tripl\u00e9 en 20 ans et le sable repr\u00e9sente aujourd&rsquo;hui un jackpot annuel de 5 milliards de dollars pour l&rsquo;Australie.<br \/>\n<\/span><span style=\"color: #c00000; font-family: Arial;\">L&rsquo;existence m\u00eame de Singapour d\u00e9pend de ses importations de sable. Sa superficie s&rsquo;est agrandie de 20% ces 40 derni\u00e8res ann\u00e9es. \u00bb<br \/>\n<\/span><\/p>\n<p style=\"margin-left: 28pt;\"><span style=\"color: #c00000; font-family: Arial;\">Evidemment une telle ressource avec tant d&rsquo;int\u00e9r\u00eats financiers suscite des convoitises et m\u00eame des d\u00e9linquants : <\/span><span style=\"color: #c00000; font-family: Arial;\">\u00ab En Inde, les pirates du sable agissent au grand jour sur plus de 8000 sites ill\u00e9gaux d&rsquo;extraction, diss\u00e9min\u00e9s sur les c\u00f4tes et rivi\u00e8res du sous-continent. Au Maroc, le sable vol\u00e9 repr\u00e9sente \u00e0 ce jour, aux alentours de 40% \u00e0 45% des pr\u00e9l\u00e8vements. \u00bb<br \/>\n<\/span><\/p>\n<p><span style=\"color: #777777; font-family: Arial;\">En outre, il y a des exemples de gabegie :<br \/>\n<\/span><\/p>\n<p style=\"margin-left: 28pt;\"><span style=\"color: #c00000; font-family: Arial;\">\u00ab En Chine, 65 millions de logements sont vides, pourtant la construction est florissante et engloutie 1\/4 du sable extrait sur la plan\u00e8te &lt;<br \/>\n<\/span><\/p>\n<p style=\"margin-left: 28pt;\"><span style=\"color: #c00000; font-family: Arial;\">L&rsquo;Espagne d\u00e9tient le triste record du pays qui a utilis\u00e9 le plus de sable en Europe\u2026 pour rien. Alors qu&rsquo;elle conna\u00eet une crise du logement sans pr\u00e9c\u00e9dent, 30% des habitations construites depuis 1996 sont inoccup\u00e9es. Des a\u00e9roports entiers ont \u00e9t\u00e9 \u00e9difi\u00e9s, mais n&rsquo;ont jamais vu un passager. \u00bb<br \/>\n<\/span><\/p>\n<p><span style=\"color: #777777; font-family: Arial;\">Mais d&rsquo;o\u00f9 vient le sable ?<br \/>\n<\/span><\/p>\n<p style=\"margin-left: 28pt;\"><span style=\"color: #c00000; font-family: Arial;\">\u00ab Depuis 5 000 ans, les hommes ont extrait des roches que ce soit par l&rsquo;exploitation de mines, la d\u00e9forestation ou encore l&rsquo;extraction de granulats.<br \/>\n<\/span><\/p>\n<p style=\"margin-left: 28pt;\"><span style=\"color: #c00000; font-family: Arial;\">L&rsquo;extraction de granulats (sables, graviers et galets) est majoritairement effectu\u00e9e dans des carri\u00e8res de sable et de gravier (granulats roul\u00e9s) et de roches massives (granulats concass\u00e9s, roches ornementales). Mais face \u00e0 l&rsquo;\u00e9puisement des ressources terrestres en granulats alluvionnaires et aux d\u00e9sordres engendr\u00e9s par la surexploitation dans les rivi\u00e8res (approfondissement du lit, d\u00e9chaussement d&rsquo;ouvrages d&rsquo;art), les industriels se sont tourn\u00e9s vers des ressources de substitution, notamment les granulats marins.<br \/>\n<\/span><\/p>\n<p style=\"margin-left: 28pt;\"><span style=\"color: #c00000; font-family: Arial;\">L&rsquo;exploitation de sable marin s&rsquo;est d\u00e9velopp\u00e9e depuis les ann\u00e9es 1970 et est en plein essor depuis. Certains navires de drague peuvent pomper par jour entre 4 000 et 400 000 m3 de sable au fond de la mer.<br \/>\n<\/span><\/p>\n<p style=\"margin-left: 28pt;\"><span style=\"color: #c00000; font-family: Arial;\">Pour r\u00e9sumer, le sable provient de deux origines principales : d&rsquo;origine \u00e9ruptive dans les carri\u00e8res et surtout le sable marin. \u00bb<br \/>\n<\/span><\/p>\n<p><span style=\"color: #777777; font-family: Arial;\">Les impacts sur l&rsquo;environnement sont immenses et alarmants. La disparition du sable est une question qui se pose.<br \/>\n<\/span><\/p>\n<p><span style=\"color: #777777; font-family: Arial;\">Denis Delestrac a r\u00e9alis\u00e9 un documentaire pour ARTE : <strong>\u00ab Le sable : enqu\u00eate sur une disparition \u00bb<\/strong>.<br \/>\n<\/span><\/p>\n<p><span style=\"color: #777777; font-family: Arial;\">Documentaire que vous pouvez acheter sur la boutique d&rsquo;Arte : <a href=\"http:\/\/boutique.arte.tv\/f9016-sable_enquete_disparition\"><span style=\"color: blue; text-decoration: underline;\">http:\/\/boutique.arte.tv\/f9016-sable_enquete_disparition<\/span><\/a><br \/>\n<\/span><\/p>\n<p><a href=\"https:\/\/www.youtube.com\/watch?v=fN7x9C3Q6Mg\"><span style=\"color: blue; font-family: Arial; text-decoration: underline;\">&lt;Ici vous trouverez un extrait du documentaire ARTE de Denis Delestrac : Le sable en qu\u00eate sur une disparition&gt;<\/span><\/a><span style=\"color: #777777; font-family: Arial;\"><br \/>\n<\/span><\/p>\n<p><span style=\"color: #777777; font-family: Arial;\">Et ci-apr\u00e8s un autre documentaire : <a href=\"http:\/\/future.arte.tv\/fr\/le-sable-va-t-il-vraiment-disparaitre\"><span style=\"color: blue; text-decoration: underline;\">http:\/\/future.arte.tv\/fr\/le-sable-va-t-il-vraiment-disparaitre#article-anchor-14781<\/span><\/a><br \/>\n<\/span><\/p>\n<p><span style=\"color: #777777; font-family: Arial;\">Le site \u00e9cologiste terraeco : <a href=\"http:\/\/www.terraeco.net\/Les-marchands-de-sable-menacent,51075.html\"><span style=\"color: blue; text-decoration: underline;\">http:\/\/www.terraeco.net\/Les-marchands-de-sable-menacent,51075.html<\/span><\/a> donne les informations suivantes :<br \/>\n<\/span><\/p>\n<p style=\"margin-left: 28pt;\"><span style=\"color: #c00000; font-family: Arial;\">\u00ab Le biologiste Pierre Mollo s&rsquo;inqui\u00e8te d&rsquo;un autre impact, plus imm\u00e9diat, sur le plancton. En remuant les fonds marins, l&rsquo;extraction de sable cr\u00e9e un panache dans lequel remontent des min\u00e9raux et m\u00e9taux lourds enfouis depuis des mill\u00e9naires, explique l&rsquo;enseignant chercheur, cela peut contribuer \u00e0 rendre le plancton toxique. \u00bb<br \/>\n<\/span><\/p>\n<p><span style=\"color: #777777; font-family: Arial;\">De quoi ajouter \u00e0 l&rsquo;inqui\u00e9tude des ostr\u00e9iculteurs. Elle-m\u00eame moindre que celle des p\u00eacheurs.<br \/>\n<\/span><\/p>\n<p><span style=\"color: #777777; font-family: Arial;\">Car, par sa seule pr\u00e9sence, la bruyante \u00e9lingue des extracteurs fait fuir les poissons, tout en aspirant leur alimentation. Alors \u00e0 Lannion, les professionnels de la p\u00eache crient au conflit d&rsquo;usage. \u00ab <span style=\"color: #c00000;\">C&rsquo;est insoluble car les zones qui pr\u00e9sentent le plus grand nombre de s\u00e9diments marins, g\u00e9n\u00e9ralement les estuaires, sont aussi des niches de biodiversit\u00e9<span style=\"color: #777777;\"> \u00bb, soupire Pierre Mollo.\u00bb<br \/>\n<\/span><\/span><\/span><\/p>\n<p><span style=\"color: #777777; font-family: Arial;\">Il y a encore les articles suivants :<br \/>\n<\/span><\/p>\n<p><a href=\"http:\/\/www.rfi.fr\/afrique\/20130604-le-business-marchands-sable\"><span style=\"color: blue; font-family: Arial; text-decoration: underline;\">http:\/\/www.rfi.fr\/afrique\/20130604-le-business-marchands-sable<\/span><\/a><span style=\"color: #777777; font-family: Arial;\"><br \/>\n<\/span><\/p>\n<p><a href=\"http:\/\/www.humanite.fr\/environnement\/marchands-de-sable-les-autres-pilleurs-d-ocean-542170\"><span style=\"color: blue; font-family: Arial; text-decoration: underline;\">http:\/\/www.humanite.fr\/environnement\/marchands-de-sable-les-autres-pilleurs-d-ocean-542170<\/span><\/a><span style=\"color: #777777; font-family: Arial;\"><br \/>\n<\/span><\/p>\n<p><a href=\"https:\/\/fr.sott.net\/article\/20862-L-Extraction-de-sable-Un-enjeu-environnemental-et-economique-majeur\"><span style=\"color: blue; font-family: Arial; text-decoration: underline;\">https:\/\/fr.sott.net\/article\/20862-L-Extraction-de-sable-Un-enjeu-environnemental-et-economique-majeur<\/span><\/a><span style=\"color: #777777; font-family: Arial;\"><br \/>\n<\/span><\/p>\n<p><span style=\"color: #777777; font-family: Arial;\">Il existe donc bien des marchands de sable, peut-\u00eatre m\u00eame veulent-ils nous endormir pour qu&rsquo;ils puissent faire leur business tranquillement, mais nous apprenons par toutes ces informations que ces marchands de sable ne sont pas de gentils bisounours.<br \/>\n<\/span><\/p>\n<p><span style=\"color: #800000;\">&lt;729&gt;<\/span><\/p>\n","protected":false},"excerpt":{"rendered":"<p>\u00abLes technocrates, si on leur donnait le Sahara, dans cinq ans il faudrait qu\u2019ils ach\u00e8tent du sable ailleurs.\u00bb Coluche Souvent les mots du jour se moquent des technocrates. Mais ce n&rsquo;est pas le cas de celui du jour. Cela \u00e9tant,<\/p>\n","protected":false},"author":1,"featured_media":0,"comment_status":"closed","ping_status":"closed","sticky":false,"template":"","format":"standard","meta":{"footnotes":""},"categories":[1],"tags":[43,10,18],"class_list":["post-1378","post","type-post","status-publish","format-standard","hentry","category-motdujour","tag-ecologie","tag-economie","tag-international"],"_links":{"self":[{"href":"https:\/\/lemotdujour.fr\/index.php?rest_route=\/wp\/v2\/posts\/1378","targetHints":{"allow":["GET"]}}],"collection":[{"href":"https:\/\/lemotdujour.fr\/index.php?rest_route=\/wp\/v2\/posts"}],"about":[{"href":"https:\/\/lemotdujour.fr\/index.php?rest_route=\/wp\/v2\/types\/post"}],"author":[{"embeddable":true,"href":"https:\/\/lemotdujour.fr\/index.php?rest_route=\/wp\/v2\/users\/1"}],"replies":[{"embeddable":true,"href":"https:\/\/lemotdujour.fr\/index.php?rest_route=%2Fwp%2Fv2%2Fcomments&post=1378"}],"version-history":[{"count":5,"href":"https:\/\/lemotdujour.fr\/index.php?rest_route=\/wp\/v2\/posts\/1378\/revisions"}],"predecessor-version":[{"id":12152,"href":"https:\/\/lemotdujour.fr\/index.php?rest_route=\/wp\/v2\/posts\/1378\/revisions\/12152"}],"wp:attachment":[{"href":"https:\/\/lemotdujour.fr\/index.php?rest_route=%2Fwp%2Fv2%2Fmedia&parent=1378"}],"wp:term":[{"taxonomy":"category","embeddable":true,"href":"https:\/\/lemotdujour.fr\/index.php?rest_route=%2Fwp%2Fv2%2Fcategories&post=1378"},{"taxonomy":"post_tag","embeddable":true,"href":"https:\/\/lemotdujour.fr\/index.php?rest_route=%2Fwp%2Fv2%2Ftags&post=1378"}],"curies":[{"name":"wp","href":"https:\/\/api.w.org\/{rel}","templated":true}]}}