{"id":13768,"date":"2022-07-07T00:05:00","date_gmt":"2022-07-06T22:05:00","guid":{"rendered":"https:\/\/lemotdujour.fr\/?p=13768"},"modified":"2022-07-07T00:23:56","modified_gmt":"2022-07-06T22:23:56","slug":"jeudi-7-juillet-2022","status":"publish","type":"post","link":"https:\/\/lemotdujour.fr\/?p=13768","title":{"rendered":"Jeudi 7 juillet 2022"},"content":{"rendered":"<div class=\"mdjTexte\">\u00ab\u00a0En d\u00e9mocratie, rien n&rsquo;est aussi important que la v\u00e9rit\u00e9.\u00a0\u00bb<\/div>\n<div class=\"mdjAuteur\">Pierre Mend\u00e8s-France<\/div>\n<p><span style=\"color: #777777; font-family: Arial;\">J&rsquo;ai beaucoup critiqu\u00e9 notre Pr\u00e9sident, ces derniers temps, et surtout la d\u00e9rive de nos institutions.<br \/>\n<\/span><\/p>\n<p><span style=\"color: #777777; font-family: Arial;\">Mais la qualit\u00e9 de la vie politique ne d\u00e9pend pas exclusivement des hommes politiques au pouvoir, elle d\u00e9pend aussi de l&rsquo;\u00e9thique, de la comp\u00e9tence, des actes et du s\u00e9rieux des propositions des femmes et hommes qui sont dans l&rsquo;opposition.<br \/>\n<\/span><\/p>\n<p><span style=\"color: #777777; font-family: Arial;\">La posture, la d\u00e9magogie ne devrait pas \u00eatre de mise en d\u00e9mocratie.<br \/>\n<\/span><\/p>\n<p><span style=\"color: #777777; font-family: Arial;\">Hier, je rappelais un mot du jour ancien consacr\u00e9 \u00e0 une \u00e9mission de 1973 de Jacques Chancel avec <strong>Pierre Mend\u00e8s-France<\/strong>. Vous la trouverez derri\u00e8re ce &lt;<span style=\"color: #0000ff;\"><a style=\"color: #0000ff;\" href=\"https:\/\/www.radiofrance.fr\/franceinter\/podcasts\/radioscopie-par-jacques-chancel\/pierre-mendes-france-ne-plus-gouverner-c-est-encore-choisir-6786956\"><span style=\"text-decoration: underline;\">Lien<\/span><\/a><\/span>&gt;.<br \/>\n<\/span><\/p>\n<p><span style=\"color: #777777; font-family: Arial;\">Je l&rsquo;ai r\u00e9\u00e9cout\u00e9e et tout au d\u00e9but voici <strong>comment parlait Pierre Mend\u00e8s-France<\/strong>\u00a0:<br \/>\n<\/span><\/p>\n<p style=\"margin-left: 28pt;\"><span style=\"color: #c00000; font-family: Arial;\">\u00ab\u00a0Un homme politique est toujours en face de situations avec leurs difficult\u00e9s et leurs obstacles.<br \/>\nIl doit, en toute circonstance, aussi bien dans l&rsquo;opposition qu&rsquo;au pouvoir, d\u00e9terminer les meilleures solutions.<br \/>\nDont toutes sont en g\u00e9n\u00e9ral difficiles et entre elles il doit choisir. [\u2026]<br \/>\n<\/span><\/p>\n<p style=\"margin-left: 28pt;\"><span style=\"color: #c00000; font-family: Arial;\">Je crois que quand on n&rsquo;est pas au pouvoir, on doit aussi s&rsquo;efforcer de servir en faisant avancer les causes auxquelles on est attach\u00e9.<br \/>\nEt dans tous les cas, parler pour ce que l&rsquo;on croit \u00eatre le bien de la collectivit\u00e9, m\u00eame dire des choses impopulaires, cela consiste in\u00e9vitablement \u00e0 choisir entre des inconv\u00e9nients, c&rsquo;est-\u00e0-dire choisir, toujours choisir, prendre ses risques et choisir. [\u2026]<br \/>\n<\/span><\/p>\n<p style=\"margin-left: 28pt;\"><span style=\"color: #c00000; font-family: Arial;\">On ne doit jamais s&rsquo;occuper de savoir si on est pay\u00e9 en retour. Un homme politique doit dire ce qu&rsquo;il pense, il doit \u00eatre au service de convictions. Il doit se battre pour ce qu&rsquo;il croit \u00eatre le bien.<br \/>\nAlors oui il y a des cas o\u00f9 il sera mal entendu, mal \u00e9cout\u00e9, o\u00f9 il n&rsquo;aura pas gain de cause.<br \/>\n<\/span><\/p>\n<p style=\"margin-left: 28pt;\"><span style=\"color: #c00000; font-family: Arial;\">S&rsquo;il est s\u00fbr que ce qu&rsquo;il dit, il croit que c&rsquo;est la v\u00e9rit\u00e9, du m\u00eame coup il est s\u00fbr qu&rsquo;\u00e0 la longue il aura raison.<br \/>\n<\/span><\/p>\n<p style=\"margin-left: 28pt;\"><span style=\"color: #c00000; font-family: Arial;\">Peut \u00eatre apr\u00e8s lui, peut \u00eatre sans lui, peut-\u00eatre dans l&rsquo;intervalle on aura perdu du temps, on aura fait du mal.<br \/>\n<\/span><\/p>\n<p style=\"margin-left: 28pt;\"><span style=\"color: #c00000; font-family: Arial;\">Mais s&rsquo;il est s\u00fbr qu&rsquo;il a raison, s&rsquo;il est s\u00fbr qu&rsquo;il l&#8217;emportera \u00e0 la longue, il doit s&rsquo;efforcer de faire avancer cette maturation le plus possible et c&rsquo;est pour cela qu&rsquo;il doit se battre. [\u2026]<br \/>\n<\/span><\/p>\n<p style=\"margin-left: 28pt;\"><span style=\"color: #c00000; font-family: Arial;\">[La qualit\u00e9 essentielle] est de dire la v\u00e9rit\u00e9. [\u2026] Je n&rsquo;ai jamais d\u00e9test\u00e9 autant que le mensonge, la l\u00e2chet\u00e9, le manque de franchise.<br \/>\n<\/span><\/p>\n<p style=\"margin-left: 28pt;\"><span style=\"color: #c00000; font-family: Arial;\">Un homme politique a le devoir, surtout dans une d\u00e9mocratie, de dire \u00e0 tous ceux qui l&rsquo;\u00e9coutent ce qu&rsquo;il pense pour que pr\u00e9cis\u00e9ment ils prennent la d\u00e9cision, puisque par hypoth\u00e8se on est en d\u00e9mocratie. [\u2026]<br \/>\n<\/span><\/p>\n<p style=\"margin-left: 28pt;\"><span style=\"color: #c00000; font-family: Arial;\">L&rsquo;hypoth\u00e8se de la d\u00e9mocratie, c&rsquo;est que le peuple doit juger par lui-m\u00eame, mais pour juger lui-m\u00eame, il faut qu&rsquo;il ait entendu le pour et le contre, les opinions qui s&rsquo;opposent et que chacun lui ait parl\u00e9 franchement.<br \/>\n<\/span><\/p>\n<p style=\"margin-left: 28pt;\"><span style=\"color: #c00000; font-family: Arial;\">Si ceux qui viennent s&rsquo;exprimer devant lui, jouent de d\u00e9magogie, d&rsquo;habilet\u00e9, farde la v\u00e9rit\u00e9 pour favoriser leur propre carri\u00e8re, ils ne fournissent pas \u00e0 l&rsquo;opinion publique les moyens de se former une opinion valable, par cons\u00e9quent ils fourvoient l&rsquo;opinion publique.<br \/>\n<\/span><\/p>\n<p style=\"margin-left: 28pt;\"><span style=\"color: #c00000; font-family: Arial;\">Par cons\u00e9quent, en d\u00e9mocratie rien n&rsquo;est aussi important que la v\u00e9rit\u00e9.\u00a0\u00bb<br \/>\n<\/span><\/p>\n<p><span style=\"color: #777777; font-family: Arial;\">Je crois que Pierre Mend\u00e8s-France serait tr\u00e8s s\u00e9v\u00e8re aujourd&rsquo;hui \u00e0 l&rsquo;\u00e9gard de l&rsquo;opposition.<br \/>\n<\/span><\/p>\n<p><span style=\"color: #800000; font-family: Arial;\">&lt;1696&gt;<\/span><\/p>\n","protected":false},"excerpt":{"rendered":"<p>\u00ab\u00a0En d\u00e9mocratie, rien n&rsquo;est aussi important que la v\u00e9rit\u00e9.\u00a0\u00bb Pierre Mend\u00e8s-France J&rsquo;ai beaucoup critiqu\u00e9 notre Pr\u00e9sident, ces derniers temps, et surtout la d\u00e9rive de nos institutions. Mais la qualit\u00e9 de la vie politique ne d\u00e9pend pas exclusivement des hommes politiques<\/p>\n","protected":false},"author":1,"featured_media":0,"comment_status":"open","ping_status":"closed","sticky":false,"template":"","format":"standard","meta":{"footnotes":""},"categories":[1],"tags":[15,3],"class_list":["post-13768","post","type-post","status-publish","format-standard","hentry","category-motdujour","tag-france","tag-politique"],"_links":{"self":[{"href":"https:\/\/lemotdujour.fr\/index.php?rest_route=\/wp\/v2\/posts\/13768","targetHints":{"allow":["GET"]}}],"collection":[{"href":"https:\/\/lemotdujour.fr\/index.php?rest_route=\/wp\/v2\/posts"}],"about":[{"href":"https:\/\/lemotdujour.fr\/index.php?rest_route=\/wp\/v2\/types\/post"}],"author":[{"embeddable":true,"href":"https:\/\/lemotdujour.fr\/index.php?rest_route=\/wp\/v2\/users\/1"}],"replies":[{"embeddable":true,"href":"https:\/\/lemotdujour.fr\/index.php?rest_route=%2Fwp%2Fv2%2Fcomments&post=13768"}],"version-history":[{"count":2,"href":"https:\/\/lemotdujour.fr\/index.php?rest_route=\/wp\/v2\/posts\/13768\/revisions"}],"predecessor-version":[{"id":13771,"href":"https:\/\/lemotdujour.fr\/index.php?rest_route=\/wp\/v2\/posts\/13768\/revisions\/13771"}],"wp:attachment":[{"href":"https:\/\/lemotdujour.fr\/index.php?rest_route=%2Fwp%2Fv2%2Fmedia&parent=13768"}],"wp:term":[{"taxonomy":"category","embeddable":true,"href":"https:\/\/lemotdujour.fr\/index.php?rest_route=%2Fwp%2Fv2%2Fcategories&post=13768"},{"taxonomy":"post_tag","embeddable":true,"href":"https:\/\/lemotdujour.fr\/index.php?rest_route=%2Fwp%2Fv2%2Ftags&post=13768"}],"curies":[{"name":"wp","href":"https:\/\/api.w.org\/{rel}","templated":true}]}}