{"id":13757,"date":"2022-07-06T00:42:00","date_gmt":"2022-07-05T22:42:00","guid":{"rendered":"https:\/\/lemotdujour.fr\/?p=13757"},"modified":"2022-07-05T13:09:48","modified_gmt":"2022-07-05T11:09:48","slug":"mercredi-6-juillet-2022","status":"publish","type":"post","link":"https:\/\/lemotdujour.fr\/?p=13757","title":{"rendered":"Mercredi 6 juillet 2022"},"content":{"rendered":"<div class=\"mdjTexte\">\u00abPause (retour \u00e0 Pierre Mend\u00e8s-France) \u00bb<\/div>\n<div class=\"mdjAuteur\">Un jour sans mot du jour nouveau<\/div>\n<p><span style=\"color: #777777; font-family: Arial;\">Quelquefois, il est utile de se replonger dans des mots du jour \u00e9crits, il y a longtemps.<br \/>\n<\/span><\/p>\n<p><span style=\"color: #777777; font-family: Arial;\"><img loading=\"lazy\" decoding=\"async\" class=\"wp-image-13758 alignleft\" src=\"https:\/\/lemotdujour.fr\/wp-content\/uploads\/2022\/07\/00-Chat-qui-lit.jpg\" alt=\"\" width=\"458\" height=\"286\" srcset=\"https:\/\/lemotdujour.fr\/wp-content\/uploads\/2022\/07\/00-Chat-qui-lit.jpg 1196w, https:\/\/lemotdujour.fr\/wp-content\/uploads\/2022\/07\/00-Chat-qui-lit-300x187.jpg 300w, https:\/\/lemotdujour.fr\/wp-content\/uploads\/2022\/07\/00-Chat-qui-lit-1024x639.jpg 1024w, https:\/\/lemotdujour.fr\/wp-content\/uploads\/2022\/07\/00-Chat-qui-lit-768x479.jpg 768w\" sizes=\"auto, (max-width: 458px) 100vw, 458px\" \/>Celui que je vous propose, date de 2015. Je faisais retour sur une \u00ab<strong>Radioscopie<\/strong>\u00bb, c\u00e9l\u00e8bre \u00e9mission de <strong>Jacques Chancel.<\/strong><\/span><\/p>\n<p><span style=\"color: #777777; font-family: Arial;\">Il avait invit\u00e9 <strong>Pierre Mend\u00e8s-France,<\/strong> c&rsquo;\u00e9tait en d\u00e9cembre 1973 : &lt; <a href=\"https:\/\/lemotdujour.fr\/?p=1260\"><span style=\"color: #0000ff;\">Mot du jour du 1 octobre 2015<\/span><\/a> &gt;<br \/>\n<\/span><\/p>\n<p><span style=\"color: #777777; font-family: Arial;\">J&rsquo;avais relev\u00e9 plusieurs r\u00e9flexions qui me paraissaient particuli\u00e8rement sages et que Pierre Mend\u00e8s-France avait \u00e9voqu\u00e9es au cours de l&rsquo;\u00e9mission. J&rsquo;en reprends une : <\/span><\/p>\n<p style=\"margin-left: 28pt;\"><span style=\"color: #c00000; font-family: Arial;\"><strong>\u00ab\u00a0<\/strong>Ce qui est fondamental c&rsquo;est que les hommes dans le cadre d&rsquo;une action gouvernementale se soient mis d&rsquo;accord pr\u00e9alablement sur ce qu&rsquo;ils allaient faire.<br \/>\nUn gouvernement se constitue non pour distribuer des portefeuilles, non pas pour favoriser telle op\u00e9ration \u00e0 l&rsquo;horizon mais pour faire aboutir une r\u00e9forme une am\u00e9lioration qu&rsquo;on estime dans l&rsquo;int\u00e9r\u00eat du pays.<br \/>\nEt c&rsquo;est cela qui doit d\u00e9terminer les alliances. Si des hommes sont d&rsquo;accord pour faire quelque chose, il n&rsquo;y a pas de raison d&rsquo;en exclure certains.<br \/>\nSi des hommes ne sont pas d&rsquo;accord pour faire quelque chose je trouve que c&rsquo;est une escroquerie de les r\u00e9unir. Parce qu&rsquo;arriver au gouvernement ils s&rsquo;annulent, ils se paralysent.<br \/>\nLe crit\u00e8re d\u00e9terminant c&rsquo;est ce qu&rsquo;on veut faire ensemble.<\/span><\/p>\n<p style=\"margin-left: 28pt;\"><span style=\"color: #c00000; font-family: Arial;\">C&rsquo;est pourquoi depuis longtemps l&rsquo;id\u00e9e d&rsquo;un programme de gouvernement m&rsquo;a paru absolument essentiel.\u00a0<strong>\u00bb<\/strong><br \/>\n<\/span><\/p>\n<p><span style=\"color: #777777; font-family: Arial;\">Cet \u00e9mission de 1973 est toujours en ligne sur le site de Radio France. Vous la trouverez derri\u00e8re ce &lt;<span style=\"color: #0000ff;\"><a style=\"color: #0000ff;\" href=\"https:\/\/www.radiofrance.fr\/franceinter\/podcasts\/radioscopie-par-jacques-chancel\/pierre-mendes-france-ne-plus-gouverner-c-est-encore-choisir-6786956\">Lien<\/a><\/span>&gt;.<br \/>\n<\/span><br \/>\n<span style=\"color: maroon; font-family: Arial;\">&lt;Mot du jour sans num\u00e9ro&gt;<\/span><\/p>\n","protected":false},"excerpt":{"rendered":"<p>\u00abPause (retour \u00e0 Pierre Mend\u00e8s-France) \u00bb Un jour sans mot du jour nouveau Quelquefois, il est utile de se replonger dans des mots du jour \u00e9crits, il y a longtemps. Celui que je vous propose, date de 2015. Je faisais<\/p>\n","protected":false},"author":1,"featured_media":0,"comment_status":"open","ping_status":"closed","sticky":false,"template":"","format":"standard","meta":{"footnotes":""},"categories":[1],"tags":[96],"class_list":["post-13757","post","type-post","status-publish","format-standard","hentry","category-motdujour","tag-pause"],"_links":{"self":[{"href":"https:\/\/lemotdujour.fr\/index.php?rest_route=\/wp\/v2\/posts\/13757","targetHints":{"allow":["GET"]}}],"collection":[{"href":"https:\/\/lemotdujour.fr\/index.php?rest_route=\/wp\/v2\/posts"}],"about":[{"href":"https:\/\/lemotdujour.fr\/index.php?rest_route=\/wp\/v2\/types\/post"}],"author":[{"embeddable":true,"href":"https:\/\/lemotdujour.fr\/index.php?rest_route=\/wp\/v2\/users\/1"}],"replies":[{"embeddable":true,"href":"https:\/\/lemotdujour.fr\/index.php?rest_route=%2Fwp%2Fv2%2Fcomments&post=13757"}],"version-history":[{"count":2,"href":"https:\/\/lemotdujour.fr\/index.php?rest_route=\/wp\/v2\/posts\/13757\/revisions"}],"predecessor-version":[{"id":13767,"href":"https:\/\/lemotdujour.fr\/index.php?rest_route=\/wp\/v2\/posts\/13757\/revisions\/13767"}],"wp:attachment":[{"href":"https:\/\/lemotdujour.fr\/index.php?rest_route=%2Fwp%2Fv2%2Fmedia&parent=13757"}],"wp:term":[{"taxonomy":"category","embeddable":true,"href":"https:\/\/lemotdujour.fr\/index.php?rest_route=%2Fwp%2Fv2%2Fcategories&post=13757"},{"taxonomy":"post_tag","embeddable":true,"href":"https:\/\/lemotdujour.fr\/index.php?rest_route=%2Fwp%2Fv2%2Ftags&post=13757"}],"curies":[{"name":"wp","href":"https:\/\/api.w.org\/{rel}","templated":true}]}}