{"id":13747,"date":"2022-07-05T00:03:00","date_gmt":"2022-07-04T22:03:00","guid":{"rendered":"https:\/\/lemotdujour.fr\/?p=13747"},"modified":"2022-07-05T12:08:35","modified_gmt":"2022-07-05T10:08:35","slug":"mardi-5-juillet-2022","status":"publish","type":"post","link":"https:\/\/lemotdujour.fr\/?p=13747","title":{"rendered":"Mardi 5 juillet 2022"},"content":{"rendered":"<div class=\"mdjTexte\">\u00ab\u00a0Les politiques, les contradictions et les erreurs.\u00a0\u00bb<\/div>\n<div class=\"mdjAuteur\">Quelques \u00e9l\u00e9ments de langage des politiques examin\u00e9s par les sciences politiques<\/div>\n<p><span style=\"color: #777777; font-family: Arial;\">Je donne simplement quelques exemples.<br \/>\n<\/span><\/p>\n<p><span style=\"color: #777777; font-family: Arial;\"><strong>Une contradiction\u00a0:<br \/>\n<\/strong><\/span><\/p>\n<p><span style=\"color: #777777; font-family: Arial;\">Emmanuel Macron a \u00e9t\u00e9 r\u00e9\u00e9lu Pr\u00e9sident de la R\u00e9publique, dimanche 24 avril 2022. Le soir de cette victoire, il a tenu un discours au pied de la Tour Eiffel. Et parmi d&rsquo;autres choses, il <span style=\"color: #0000ff;\"><a style=\"color: #0000ff;\" href=\"https:\/\/www.letelegramme.fr\/elections\/presidentielle\/discours-de-macron-l-allocution-a-suivre-ici-en-video-24-04-2022-12999921.php\">&lt;a dit&gt;\u00a0<\/a><\/span>:<br \/>\n<\/span><\/p>\n<p style=\"margin-left: 28pt;\"><span style=\"color: #c00000; font-family: Arial;\">\u00ab\u00a0Je sais aussi que nombre de nos compatriotes ont vot\u00e9 ce jour pour moi non pour soutenir les id\u00e9es que je porte mais pour faire barrage \u00e0 celles de l&rsquo;extr\u00eame droite. Et je veux ici les remercier et leur dire que j&rsquo;ai conscience que ce vote m&rsquo;oblige pour les ann\u00e9es \u00e0 venir\u00a0\u00bb<br \/>\n<\/span><\/p>\n<p><span style=\"color: #777777; font-family: Arial;\">Le m\u00eame homme, apr\u00e8s les \u00e9lections l\u00e9gislatives qui ne lui ont pas permis de disposer d&rsquo;une majorit\u00e9 absolue a fait un discours, de 8 minutes, le 22 juin dans lequel il demandait aux groupes politiques d&rsquo;opposition de dire \u00ab\u00a0jusqu&rsquo;o\u00f9 ils sont pr\u00eats \u00e0 aller\u00a0\u00bb<br \/>\n<\/span><\/p>\n<p><span style=\"color: #777777; font-family: Arial;\">Et dans ce discours il a analys\u00e9 sa r\u00e9\u00e9lection <span style=\"color: #0000ff;\"><a style=\"color: #0000ff;\" href=\"https:\/\/www.vie-publique.fr\/discours\/285480-emmanuel-macron-elections-legislatives\">de la mani\u00e8re suivante\u00a0<\/a>:<\/span><br \/>\n<\/span><\/p>\n<p style=\"margin-left: 28pt;\"><span style=\"color: #c00000; font-family: Arial;\">\u00ab\u00a0Le 24 avril, vous m&rsquo;avez renouvel\u00e9 votre confiance en m&rsquo;\u00e9lisant Pr\u00e9sident de la R\u00e9publique. Vous l&rsquo;avez fait sur le fondement d&rsquo;un projet clair, et en me donnant une l\u00e9gitimit\u00e9 claire.\u00a0\u00bb<br \/>\n<\/span><\/p>\n<p><span style=\"color: #777777; font-family: Arial;\">Et il a ajout\u00e9\u00a0:<br \/>\n<\/span><\/p>\n<p style=\"margin-left: 28pt;\"><span style=\"color: #c00000; font-family: Arial;\">\u00ab\u00a0Cela veut dire ne jamais perdre la coh\u00e9rence du projet que vous avez choisi en avril dernier. C&rsquo;est un projet d&rsquo;ind\u00e9pendance pour notre pays, la France et dans notre Europe que nous devons rendre plus forte, qui passe par une d\u00e9fense forte et ambitieuse, une recherche d&rsquo;excellence, [&#8230;]\u00a0\u00bb<br \/>\n<\/span><\/p>\n<p><span style=\"color: #777777; font-family: Arial;\">Il a donc, \u00e0 2 mois d&rsquo;intervalle, d&rsquo;abord reconnu que son \u00e9lection a \u00e9t\u00e9 le fruit d&rsquo;un rejet de l&rsquo;autre candidate, ensuite pr\u00e9tendu qu&rsquo;il a \u00e9t\u00e9 \u00e9lu pour son seul programme<br \/>\n<\/span><\/p>\n<p><span style=\"color: #777777; font-family: Arial;\"><strong>Une erreur<br \/>\n<\/strong><\/span><\/p>\n<p><span style=\"color: #777777; font-family: Arial;\">Jordan Bardella a affirm\u00e9 apr\u00e8s les \u00e9lections l\u00e9gislatives\u00a0: \u00ab\u00a0<a href=\"https:\/\/www.youtube.com\/watch?v=vbh2dEURlXY\"><span style=\"color: #0000ff;\">Macron a \u00e9t\u00e9 mis en minorit\u00e9<\/span>\u00a0<\/a>\u00bb<br \/>\n<\/span><\/p>\n<p><span style=\"color: #777777; font-family: Arial;\">Dans le troisi\u00e8me point, je reprendrai les chiffres.<br \/>\n<\/span><\/p>\n<p><span style=\"color: #777777; font-family: Arial;\">Mais ce que dit Jordan Bardella est faux.<br \/>\n<\/span><\/p>\n<p><span style=\"color: #777777; font-family: Arial;\">En sciences politiques, la situation \u00e0 l&rsquo;Assembl\u00e9e Nationale est, du c\u00f4t\u00e9 des d\u00e9put\u00e9s macronistes, celle d&rsquo;une <strong>majorit\u00e9 relative.<br \/>\n<\/strong><\/span><\/p>\n<p><span style=\"color: #777777; font-family: Arial;\">C&rsquo;est-\u00e0-dire qu&rsquo;ils ne disposent pas de la majorit\u00e9 absolue.<br \/>\n<\/span><\/p>\n<p><span style=\"color: #777777; font-family: Arial;\"><strong>La minorit\u00e9<\/strong> c&rsquo;est la position d&rsquo;un parti qui dans une assembl\u00e9e a, en face de lui, une majorit\u00e9 relative ou absolue<br \/>\n<\/span><\/p>\n<p><span style=\"color: #777777; font-family: Arial;\">Le Rassemblement National ou la NUPES sont minoritaires, parce qu&rsquo;ils sont face \u00e0 la majorit\u00e9 macroniste et qu&rsquo;ils ne sont pas en capacit\u00e9 de se r\u00e9unir, ni de se r\u00e9unir avec un autre Parti pour avoir la majorit\u00e9, c&rsquo;est-\u00e0-dire plus de d\u00e9put\u00e9s que le parti macroniste.<br \/>\n<\/span><\/p>\n<p><span style=\"color: #777777; font-family: Arial;\">La NUPES veut d\u00e9poser une motion de censure en vue de renverser le gouvernement. Il est peu probable qu&rsquo;elle y arrive. Mais si elle y arrivait, elle n&rsquo;aurait pas de majorit\u00e9 alternative pour gouverner \u00e0 la place des macronistes.<br \/>\n<\/span><\/p>\n<p><span style=\"color: #777777; font-family: Arial;\">En Allemagne, il n&rsquo;est pas possible de renverser un gouvernement si on ne peut pas proposer une majorit\u00e9 alternative acceptant de gouverner ensemble.<br \/>\n<\/span><\/p>\n<p><span style=\"color: #777777; font-family: Arial;\"><strong>Une autre erreur<br \/>\n<\/strong><\/span><\/p>\n<p><span style=\"color: #777777; font-family: Arial;\">Lors des diverses \u00e9missions que j&rsquo;ai \u00e9cout\u00e9es, plusieurs commentateurs ont affirm\u00e9 qu&rsquo;il n&rsquo;\u00e9tait plus n\u00e9cessaire d&rsquo;instaurer la proportionnelle aux \u00e9lections l\u00e9gislatives parce que les fran\u00e7ais \u00e9taient parvenus \u00e0 \u00e9lire une assembl\u00e9e quasi proportionnelle avec le scrutin actuel : scrutin uninominal \u00e0 deux tours.<br \/>\n<\/span><\/p>\n<p><span style=\"color: #777777; font-family: Arial;\">C&rsquo;est d&rsquo;abord factuellement faux ou tr\u00e8s approximatif.<br \/>\n<\/span><\/p>\n<p><span style=\"color: #777777; font-family: Arial;\">Pour la proportionnelle sur la base du premier tour, il suffit que je reprenne le sch\u00e9ma d\u00e9j\u00e0 propos\u00e9 lors du mot du jour du 14 juin. Et \u00e0 c\u00f4t\u00e9 je pr\u00e9sente la vraie Assembl\u00e9e \u00e9lue.<br \/>\n<\/span><\/p>\n<p><img loading=\"lazy\" decoding=\"async\" class=\"alignnone  wp-image-13746\" src=\"https:\/\/lemotdujour.fr\/wp-content\/uploads\/2022\/07\/070422_2159_Mardi5juill1.png\" alt=\"\" width=\"748\" height=\"285\" srcset=\"https:\/\/lemotdujour.fr\/wp-content\/uploads\/2022\/07\/070422_2159_Mardi5juill1.png 627w, https:\/\/lemotdujour.fr\/wp-content\/uploads\/2022\/07\/070422_2159_Mardi5juill1-300x114.png 300w\" sizes=\"auto, (max-width: 748px) 100vw, 748px\" \/><span style=\"color: #777777; font-family: Arial;\"><br \/>\n<\/span><\/p>\n<p><span style=\"color: #777777; font-family: Arial;\">On voit donc que \u00ab Ensemble \u00bb dispose bien d&rsquo;une nette majorit\u00e9 m\u00eame si elle est relative, ce qui n&rsquo;est absolument pas le cas s&rsquo;il y a repr\u00e9sentation proportionnelle car alors la NUPES fait jeu \u00e9gal.<br \/>\n<\/span><\/p>\n<p><span style=\"color: #777777; font-family: Arial;\">En outre, on constate que 51 d\u00e9put\u00e9s ont \u00e9t\u00e9 \u00e9lus sur aucune des 4 listes qui auraient \u00e9t\u00e9 seules repr\u00e9sent\u00e9es en cas de proportionnelle int\u00e9grale.<br \/>\n<\/span><\/p>\n<p><span style=\"color: #777777; font-family: Arial;\">Mais il y a surtout une autre erreur, c&rsquo;est que le scrutin a une influence sur l&rsquo;organisation politique. Un simple exemple\u00a0: jamais il n&rsquo;y aurait eu une coalition NUPES, si le mode de scrutin n&rsquo;avait pas oblig\u00e9 le PS, les \u00e9cologistes et le PC de s&rsquo;allier aux Insoumis pour esp\u00e9rer avoir des d\u00e9put\u00e9s.<br \/>\n<\/span><\/p>\n<p><span style=\"color: #777777; font-family: Arial;\">Dans le scrutin uninominal \u00e0 deux tours, pour lequel je rappelle que quasi personne d&rsquo;autre que la France ne l&rsquo;applique, il faut pr\u00e9senter l&rsquo;autre camp comme un adversaire qui a tous les d\u00e9fauts pour mobiliser. Dans un scrutin proportionnel, on sait qu&rsquo;il n&rsquo;y aura pas de majorit\u00e9 et qu&rsquo;il va falloir discuter avec les autres pour cr\u00e9er, apr\u00e8s les \u00e9lections, une coalition de gouvernement. Les relations avec les adversaires, futurs partenaires potentiels ne sont pas les m\u00eames.<br \/>\n<\/span><\/p>\n<p><span style=\"color: #777777; font-family: Arial;\">Enfin, on peut d\u00e9sormais avoir la crainte que si on laisse perdurer le scrutin actuel et \u00e9tant donn\u00e9 les le\u00e7ons du dernier scrutin qui a montr\u00e9 une d\u00e9diabolisation totale du Rassemblement National, ce dernier pourra b\u00e9n\u00e9ficier, \u00e0 son tour, de l&rsquo;effet multiplicateur de ce scrutin pour obtenir, la prochaine fois, la majorit\u00e9 absolue. Est-ce cela que nous voulons\u00a0?<br \/>\n<\/span><\/p>\n<p><span style=\"color: #777777; font-family: Arial;\">Le scrutin actuel tant qu&rsquo;il permettait \u00e0 une coalition qui repr\u00e9sentait plus de 40% du corps \u00e9lectoral \u00e0 disposer d&rsquo;une majorit\u00e9 absolue gr\u00e2ce \u00e0 un coup de pouce du scrutin \u00e9tait tol\u00e9rable.<br \/>\n<\/span><\/p>\n<p><span style=\"color: #777777; font-family: Arial;\">Aujourd&rsquo;hui que le parti majoritaire dispose de moins de 30% des voix exprim\u00e9s et moins de 15% du corps \u00e9lectoral, cela devient inacceptable. Cette repr\u00e9sentation d\u00e9form\u00e9e du corps \u00e9lectoral augmente les tensions dans la soci\u00e9t\u00e9 et cr\u00e9e des mouvements de contestation de plus en plus violents.<br \/>\n<\/span><\/p>\n<p><span style=\"color: maroon; font-family: Arial;\">&lt;1695&gt;<\/span><\/p>\n","protected":false},"excerpt":{"rendered":"<p>\u00ab\u00a0Les politiques, les contradictions et les erreurs.\u00a0\u00bb Quelques \u00e9l\u00e9ments de langage des politiques examin\u00e9s par les sciences politiques Je donne simplement quelques exemples. Une contradiction\u00a0: Emmanuel Macron a \u00e9t\u00e9 r\u00e9\u00e9lu Pr\u00e9sident de la R\u00e9publique, dimanche 24 avril 2022. Le soir<\/p>\n","protected":false},"author":1,"featured_media":0,"comment_status":"open","ping_status":"closed","sticky":false,"template":"","format":"standard","meta":{"footnotes":""},"categories":[1],"tags":[141,15,3],"class_list":["post-13747","post","type-post","status-publish","format-standard","hentry","category-motdujour","tag-elections","tag-france","tag-politique"],"_links":{"self":[{"href":"https:\/\/lemotdujour.fr\/index.php?rest_route=\/wp\/v2\/posts\/13747","targetHints":{"allow":["GET"]}}],"collection":[{"href":"https:\/\/lemotdujour.fr\/index.php?rest_route=\/wp\/v2\/posts"}],"about":[{"href":"https:\/\/lemotdujour.fr\/index.php?rest_route=\/wp\/v2\/types\/post"}],"author":[{"embeddable":true,"href":"https:\/\/lemotdujour.fr\/index.php?rest_route=\/wp\/v2\/users\/1"}],"replies":[{"embeddable":true,"href":"https:\/\/lemotdujour.fr\/index.php?rest_route=%2Fwp%2Fv2%2Fcomments&post=13747"}],"version-history":[{"count":3,"href":"https:\/\/lemotdujour.fr\/index.php?rest_route=\/wp\/v2\/posts\/13747\/revisions"}],"predecessor-version":[{"id":13751,"href":"https:\/\/lemotdujour.fr\/index.php?rest_route=\/wp\/v2\/posts\/13747\/revisions\/13751"}],"wp:attachment":[{"href":"https:\/\/lemotdujour.fr\/index.php?rest_route=%2Fwp%2Fv2%2Fmedia&parent=13747"}],"wp:term":[{"taxonomy":"category","embeddable":true,"href":"https:\/\/lemotdujour.fr\/index.php?rest_route=%2Fwp%2Fv2%2Fcategories&post=13747"},{"taxonomy":"post_tag","embeddable":true,"href":"https:\/\/lemotdujour.fr\/index.php?rest_route=%2Fwp%2Fv2%2Ftags&post=13747"}],"curies":[{"name":"wp","href":"https:\/\/api.w.org\/{rel}","templated":true}]}}