{"id":1374,"date":"2016-06-22T02:00:00","date_gmt":"2016-06-21T22:00:00","guid":{"rendered":"http:\/\/lemotdujour.fr\/?p=1374"},"modified":"2017-05-08T13:28:03","modified_gmt":"2017-05-08T11:28:03","slug":"mercredi-22-juin-2016","status":"publish","type":"post","link":"https:\/\/lemotdujour.fr\/?p=1374","title":{"rendered":"Mercredi 22 Juin 2016"},"content":{"rendered":"<div class=\"mdjDate\">Mercredi 22 Juin 2016<\/div>\n<div class=\"mdjTexte\">\u00ab La diff\u00e9rence entre la Politique qui est le concept et l\u2019Administration qui est le moyen.\u00a0\u00bb<\/div>\n<div class=\"mdjAuteur\">Edgar Pisani<\/div>\n<div class=\"mdjComplements\">Edgard Pisani vient de mourir. Nous l\u2019avons appris hier, mais il est d\u00e9c\u00e9d\u00e9 le 20 juin 2016.<\/div>\n<div class=\"mdjComplements\">Il \u00e9tait n\u00e9 le 9 octobre 1918 et il est donc mort \u00e0 97 ans.<\/div>\n<div class=\"mdjComplements\">Il fut Ministre sous De Gaulle et sous Mitterrand.<\/div>\n<div class=\"mdjComplements\">Sous Mitterrand, il joua un r\u00f4le de premier plan pour trouver une solution au probl\u00e8me de la Nouvelle Cal\u00e9donie et permettre \u00e0 cette \u00eele de sortir du cycle de la violence.<\/div>\n<div class=\"mdjComplements\">Mais c\u2019est surtout sous De Gaulle qu\u2019il joua un r\u00f4le essentiel puisqu\u2019il f\u00fbt nomm\u00e9, Ministre de l\u2019Agriculture 4 semaines avant le d\u00e9but de la n\u00e9gociation de la Politique Agricole Commune dans laquelle il porta la voix de la France. <\/div>\n<div class=\"mdjComplements\">Il fut le grand ministre de l\u2019agriculture de cette \u00e9poque, d\u2019abord \u00a0dans les cabinets Michel Debr\u00e9 en 1961 et 1962, puis de Georges Pompidou de 1962 \u00e0 1966.<\/div>\n<div class=\"mdjComplements\">J\u2019\u00e9tais \u00e9videmment beaucoup trop jeune \u00e0 l\u2019\u00e9poque pour me souvenir de cette p\u00e9riode.<\/div>\n<div class=\"mdjComplements\">Mais, sa mort me fait penser \u00e0 une \u00e9mission que j\u2019avais \u00e9cout\u00e9 et que j\u2019ai bien s\u00fbr conserv\u00e9 sur un de mes supports de sauvegarde\u00a0: La fabrique de l\u2019histoire de France Culture du 04\/05\/2009.<\/div>\n<div class=\"mdjComplements\">Il existe toujours <a href=\"http:\/\/www.franceculture.fr\/emissions\/la-fabrique-de-lhistoire\/nourrir-la-ville-14\">trace sur le Web de cette \u00e9mission<\/a> mais plus le son.<\/div>\n<div class=\"mdjComplements\">En 2009, il avait donc 90 ans, une voix chaude et grave.<\/div>\n<div class=\"mdjComplements\">Dans cette \u00e9mission, il a r\u00e9cus\u00e9 le fait d\u2019avoir \u00e9t\u00e9 un homme politique en se qualifiant de commis de l\u2019Etat qui a fait de la politique.<\/div>\n<div class=\"mdjComplements\">\u00c9couter cet homme m\u2019a profond\u00e9ment marqu\u00e9 en raison de son intelligence, son sens de l\u2019Etat et sa r\u00e9flexion.<\/div>\n<div class=\"mdjComplements\">Je vous livre un petit extrait de cet entretien\u00a0:<\/div>\n<div class=\"mdjCiter\">\u00ab[Je venais d\u2019\u00eatre nomm\u00e9 Ministre de l\u2019agriculture]\u00a0Le directeur g\u00e9n\u00e9ral du G\u00e9nie Rural, Charles David un grand bonhomme, me conduisait du Minist\u00e8re de l\u2019agriculture jusqu\u2019\u00e0 Matignon o\u00f9 Michel Debr\u00e9 m\u2019attendait.<\/div>\n<div class=\"mdjCiter\">Devant Matignon, il m\u2019a mis la main sur mon avant-bras et m\u2019a dit\u00a0:<\/div>\n<div class=\"mdjCiter\">\u00ab\u00a0<strong>Ayez une vision, communiquez nous l\u00e0, acceptez que nous en discutions, prenez une d\u00e9cision et nous l\u2019ex\u00e9cuterons sans fr\u00e9mir.<\/strong><\/div>\n<div class=\"mdjCiter\">Mettre le pied dans la porte pour emp\u00eacher qu\u2019elle se ferme, c\u2019est notre m\u00e9tier, nous n\u2019allons jamais au-del\u00e0.\u00a0\u00bb<\/div>\n<div class=\"mdjCiter\"><strong>J\u2019ai appris l\u00e0, la diff\u00e9rence entre la Politique qui est le concept et l\u2019Administration qui est le moyen.<\/strong><\/div>\n<div class=\"mdjCiter\">H\u00e9las je constate aujourd\u2019hui qu\u2019on ne fait plus avec autant de clart\u00e9 cette distinction pourtant essentielle.\u00a0\u00bb.<\/div>\n<div class=\"mdjComplements\">Evidemment le monde a beaucoup chang\u00e9. L&rsquo;Etat ne peut plus jouer le m\u00eame r\u00f4le.<\/div>\n<div class=\"mdjComplements\">Mais nous n&rsquo;avons plus ce type d&rsquo;homme capable d&rsquo;une vision, d&rsquo;un projet.<\/div>\n<div class=\"mdjComplements\">Tout devient gestion, administration des choses et des hommes.<\/div>\n<div class=\"mdjComplements\">La politique s&rsquo;arr\u00eate \u00e0 la capacit\u00e9 de gagner des \u00e9lections, mais apr\u00e8s on ne sait plus quoi faire.<\/div>\n<div class=\"mdjComplements\">Quand on \u00e9coute un homme comme Edgar Pisani et qu&rsquo;on le compare avec des ministres de 2009 ou de 2016 (ce ne sont pas les m\u00eames) on est frapp\u00e9 de la diff\u00e9rence de ce que j&rsquo;appellerais, la dimension humaine et la capacit\u00e9 de porter le poids de l&rsquo;Histoire.<\/div>\n<div class=\"mdjComplements\">Voil\u00e0 les pens\u00e9es qui me sont venues et que j&rsquo;ai voulu partager avec vous quand j&rsquo;ai lu sur mon t\u00e9l\u00e9phone, hier, Edgar Pisani est mort<\/div>\n","protected":false},"excerpt":{"rendered":"<p>Mercredi 22 Juin 2016 \u00ab La diff\u00e9rence entre la Politique qui est le concept et l\u2019Administration qui est le moyen.\u00a0\u00bb Edgar Pisani Edgard Pisani vient de mourir. Nous l\u2019avons appris hier, mais il est d\u00e9c\u00e9d\u00e9 le 20 juin 2016. Il<\/p>\n","protected":false},"author":1,"featured_media":0,"comment_status":"closed","ping_status":"closed","sticky":false,"template":"","format":"standard","meta":{"footnotes":""},"categories":[1],"tags":[],"class_list":["post-1374","post","type-post","status-publish","format-standard","hentry","category-motdujour"],"_links":{"self":[{"href":"https:\/\/lemotdujour.fr\/index.php?rest_route=\/wp\/v2\/posts\/1374","targetHints":{"allow":["GET"]}}],"collection":[{"href":"https:\/\/lemotdujour.fr\/index.php?rest_route=\/wp\/v2\/posts"}],"about":[{"href":"https:\/\/lemotdujour.fr\/index.php?rest_route=\/wp\/v2\/types\/post"}],"author":[{"embeddable":true,"href":"https:\/\/lemotdujour.fr\/index.php?rest_route=\/wp\/v2\/users\/1"}],"replies":[{"embeddable":true,"href":"https:\/\/lemotdujour.fr\/index.php?rest_route=%2Fwp%2Fv2%2Fcomments&post=1374"}],"version-history":[{"count":1,"href":"https:\/\/lemotdujour.fr\/index.php?rest_route=\/wp\/v2\/posts\/1374\/revisions"}],"predecessor-version":[{"id":1375,"href":"https:\/\/lemotdujour.fr\/index.php?rest_route=\/wp\/v2\/posts\/1374\/revisions\/1375"}],"wp:attachment":[{"href":"https:\/\/lemotdujour.fr\/index.php?rest_route=%2Fwp%2Fv2%2Fmedia&parent=1374"}],"wp:term":[{"taxonomy":"category","embeddable":true,"href":"https:\/\/lemotdujour.fr\/index.php?rest_route=%2Fwp%2Fv2%2Fcategories&post=1374"},{"taxonomy":"post_tag","embeddable":true,"href":"https:\/\/lemotdujour.fr\/index.php?rest_route=%2Fwp%2Fv2%2Ftags&post=1374"}],"curies":[{"name":"wp","href":"https:\/\/api.w.org\/{rel}","templated":true}]}}