{"id":13738,"date":"2022-07-04T04:57:00","date_gmt":"2022-07-04T02:57:00","guid":{"rendered":"https:\/\/lemotdujour.fr\/?p=13738"},"modified":"2022-07-04T21:36:58","modified_gmt":"2022-07-04T19:36:58","slug":"lundi-4-juillet-2022","status":"publish","type":"post","link":"https:\/\/lemotdujour.fr\/?p=13738","title":{"rendered":"Lundi 4 juillet 2022"},"content":{"rendered":"<div class=\"mdjTexte\">\u00abPause (suite des vieux fourneaux) \u00bb<\/div>\n<div class=\"mdjAuteur\">Un jour sans mot du jour nouveau<\/div>\n<p><span style=\"color: #777777; font-family: Arial;\">Vendredi le mot du jour \u00e9tait assez long.<br \/>\n<\/span><\/p>\n<p><span style=\"color: #777777; font-family: Arial;\"><img loading=\"lazy\" decoding=\"async\" class=\"wp-image-13739 alignleft\" src=\"https:\/\/lemotdujour.fr\/wp-content\/uploads\/2022\/07\/chat-pain.jpg\" alt=\"\" width=\"307\" height=\"278\" srcset=\"https:\/\/lemotdujour.fr\/wp-content\/uploads\/2022\/07\/chat-pain.jpg 462w, https:\/\/lemotdujour.fr\/wp-content\/uploads\/2022\/07\/chat-pain-300x271.jpg 300w\" sizes=\"auto, (max-width: 307px) 100vw, 307px\" \/>Pour ce lundi, je me repose un peu. Mais je partage encore un petit extrait de la BD \u00abLes vieux fourneaux. \u00bb du dessinateur <strong>Paul Cauuet<\/strong> et du sc\u00e9nariste <strong>Wilfrid Lupano. <\/strong><\/span><\/p>\n<p><span style=\"color: #777777; font-family: Arial;\">Je pense que certains auront trouv\u00e9 que j&rsquo;\u00e9tais trop dur avec nos ain\u00e9s, mais d&rsquo;autres peuvent aussi penser qu&rsquo;\u00e9tant donn\u00e9 que j&rsquo;entre peu \u00e0 peu dans cette p\u00e9riode de vie j&rsquo;ai \u00e9t\u00e9 trop complaisant.<\/span><\/p>\n<p><span style=\"color: #777777; font-family: Arial;\">Pour ces derniers je voudrais quand m\u00eame insister sur le fait que ce n&rsquo;est pas toujours facile d&rsquo;\u00eatre vieux dans la soci\u00e9t\u00e9 d&rsquo;aujourd&rsquo;hui. Je remarque sur le march\u00e9 ou dans les grands magasins que le rythme lent des vieux est souvent bouscul\u00e9 par l&rsquo;imp\u00e9tuosit\u00e9 des jeunes.<\/span><\/p>\n<p><span style=\"color: #777777; font-family: Arial;\">Alors quand un vieux va dans une boulangerie moderne pour simplement acheter une baguette comme il en a toujours achet\u00e9 depuis sa tendre enfance, il se trouve devant un monde qu&rsquo;il ne comprend plus :<\/span><\/p>\n<p><img loading=\"lazy\" decoding=\"async\" class=\"alignnone  wp-image-13740\" src=\"https:\/\/lemotdujour.fr\/wp-content\/uploads\/2022\/07\/les-vieux-fourneaux-achete-une-baguette.jpg\" alt=\"\" width=\"875\" height=\"1153\" srcset=\"https:\/\/lemotdujour.fr\/wp-content\/uploads\/2022\/07\/les-vieux-fourneaux-achete-une-baguette.jpg 1214w, https:\/\/lemotdujour.fr\/wp-content\/uploads\/2022\/07\/les-vieux-fourneaux-achete-une-baguette-228x300.jpg 228w, https:\/\/lemotdujour.fr\/wp-content\/uploads\/2022\/07\/les-vieux-fourneaux-achete-une-baguette-777x1024.jpg 777w, https:\/\/lemotdujour.fr\/wp-content\/uploads\/2022\/07\/les-vieux-fourneaux-achete-une-baguette-768x1012.jpg 768w, https:\/\/lemotdujour.fr\/wp-content\/uploads\/2022\/07\/les-vieux-fourneaux-achete-une-baguette-1165x1536.jpg 1165w\" sizes=\"auto, (max-width: 875px) 100vw, 875px\" \/><\/p>\n<p><span style=\"color: maroon; font-family: Arial;\">&lt;Mot du jour sans num\u00e9ro&gt;<\/span><\/p>\n","protected":false},"excerpt":{"rendered":"<p>\u00abPause (suite des vieux fourneaux) \u00bb Un jour sans mot du jour nouveau Vendredi le mot du jour \u00e9tait assez long. Pour ce lundi, je me repose un peu. Mais je partage encore un petit extrait de la BD \u00abLes<\/p>\n","protected":false},"author":1,"featured_media":0,"comment_status":"open","ping_status":"closed","sticky":false,"template":"","format":"standard","meta":{"footnotes":""},"categories":[1],"tags":[96],"class_list":["post-13738","post","type-post","status-publish","format-standard","hentry","category-motdujour","tag-pause"],"_links":{"self":[{"href":"https:\/\/lemotdujour.fr\/index.php?rest_route=\/wp\/v2\/posts\/13738","targetHints":{"allow":["GET"]}}],"collection":[{"href":"https:\/\/lemotdujour.fr\/index.php?rest_route=\/wp\/v2\/posts"}],"about":[{"href":"https:\/\/lemotdujour.fr\/index.php?rest_route=\/wp\/v2\/types\/post"}],"author":[{"embeddable":true,"href":"https:\/\/lemotdujour.fr\/index.php?rest_route=\/wp\/v2\/users\/1"}],"replies":[{"embeddable":true,"href":"https:\/\/lemotdujour.fr\/index.php?rest_route=%2Fwp%2Fv2%2Fcomments&post=13738"}],"version-history":[{"count":3,"href":"https:\/\/lemotdujour.fr\/index.php?rest_route=\/wp\/v2\/posts\/13738\/revisions"}],"predecessor-version":[{"id":13744,"href":"https:\/\/lemotdujour.fr\/index.php?rest_route=\/wp\/v2\/posts\/13738\/revisions\/13744"}],"wp:attachment":[{"href":"https:\/\/lemotdujour.fr\/index.php?rest_route=%2Fwp%2Fv2%2Fmedia&parent=13738"}],"wp:term":[{"taxonomy":"category","embeddable":true,"href":"https:\/\/lemotdujour.fr\/index.php?rest_route=%2Fwp%2Fv2%2Fcategories&post=13738"},{"taxonomy":"post_tag","embeddable":true,"href":"https:\/\/lemotdujour.fr\/index.php?rest_route=%2Fwp%2Fv2%2Ftags&post=13738"}],"curies":[{"name":"wp","href":"https:\/\/api.w.org\/{rel}","templated":true}]}}