{"id":1372,"date":"2016-06-21T02:00:00","date_gmt":"2016-06-20T22:00:00","guid":{"rendered":"http:\/\/lemotdujour.fr\/?p=1372"},"modified":"2025-01-22T12:48:46","modified_gmt":"2025-01-22T11:48:46","slug":"mardi-21-juin-2016","status":"publish","type":"post","link":"https:\/\/lemotdujour.fr\/?p=1372","title":{"rendered":"Mardi 21 Juin 2016"},"content":{"rendered":"<div class=\"mdjDate\">Mardi 21 Juin 2016<\/div>\n<div class=\"mdjTexte\">\u00ab\u00a0Ce qui compte, ce n&rsquo;est pas que le mec soit dingue, mais qu&rsquo;il mette sa folie au service d&rsquo;une id\u00e9ologie&#8230;\u00a0\u00bb<\/div>\n<div class=\"mdjAuteur\">Raphael Glucksmann<\/div>\n<p><span style=\"color: #777777; font-family: arial;\"><strong>Raphael Glucksmann<\/strong> est le fils d\u2019Andr\u00e9 Glucksmann qui a quitt\u00e9 le monde des vivants 3 jours avant les attentats du 13 novembre 2015. <\/span><\/p>\n<p><span style=\"color: #777777; font-family: arial;\">Il est possible de lire des choses intelligentes sur Twitter. En effet, l\u2019exergue du mot du jour vient de twitter, car je suis un \u00ab abonn\u00e9 twitter \u00bb de Raphael Glucksmann. <\/span><\/p>\n<p><span style=\"color: #777777; font-family: arial;\">Et ce tweet renvoie vers un message (on dit un \u00ab statut \u00bb) publi\u00e9 sur Facebook, car on peut aussi trouver des messages intelligents sur facebook :<\/span><\/p>\n<p><img loading=\"lazy\" decoding=\"async\" class=\"size-full wp-image-16295 alignleft\" src=\"https:\/\/lemotdujour.fr\/wp-content\/uploads\/2016\/06\/Glucksman-LEs-terrostistes.jpg\" alt=\"\" width=\"483\" height=\"716\" srcset=\"https:\/\/lemotdujour.fr\/wp-content\/uploads\/2016\/06\/Glucksman-LEs-terrostistes.jpg 483w, https:\/\/lemotdujour.fr\/wp-content\/uploads\/2016\/06\/Glucksman-LEs-terrostistes-202x300.jpg 202w\" sizes=\"auto, (max-width: 483px) 100vw, 483px\" \/><\/p>\n<p><span style=\"color: #777777; font-family: arial;\">Tous les salafistes ne sont pas des terroristes ! <\/span><\/p>\n<p><span style=\"color: #777777; font-family: arial;\">Mais l\u2019id\u00e9ologie salafiste qui classe les humains et les actes des humains entre \u00ab purs \u00bb et \u00ab impurs \u00bb donne \u00e0 ces d\u00e9s\u00e9quilibr\u00e9s violents les outils de justification pour passer \u00e0 l\u2019acte et m\u00eame pour en \u00eatre fiers. <\/span><\/p>\n<p><span style=\"color: #777777; font-family: arial;\">J\u2019aime beaucoup lire sur ce sujet C\u00e9line Pina qui a \u00e9crit \u00ab <a href=\"http:\/\/livre.fnac.com\/a9313497\/Celine-Pina-Silence-coupable\"><span style=\"color: #0000ff;\">Silence Coupable<\/span><\/a>.\u00bb<\/span><\/p>\n<p><span style=\"color: #777777; font-family: arial;\">C\u00e9line Pina est une socialiste, ancienne \u00e9lue r\u00e9gionale qui explique \u00e0 la fois le danger devant cette id\u00e9ologie radicale qui remet en cause nos fondamentaux de d\u00e9mocratie\u200b, de libert\u00e9, d\u2019\u00e9galit\u00e9 et du vivre ensemble et la r\u00e9action souvent molle voire la non r\u00e9action des responsables du PS. \u200b<\/span><\/p>\n<p><span style=\"color: #777777; font-family: arial;\">Vous pouvez lire cet article o\u00f9 elle intervient sur le site de Marianne : \u00ab <a href=\"https:\/\/celinepina.com\/lislamisme-ce-nest-pas-une-invasion-de-barbus-cest-beaucoup-plus-insidieux\/\"><span style=\"color: #0000ff;\">L\u2019islamisme, ce n\u2019est pas une invasion de barbus, c\u2019est beaucoup plus insidieux<\/span><\/a> \u00bb. <\/span><\/p>\n<p><span style=\"color: #777777; font-family: arial;\">Elle n\u2019est pas la seule \u00e0 d\u00e9fendre cette position : <strong>Gilles Kepel<\/strong> d\u00e9nonce aussi une \u00ab <a href=\"https:\/\/www.revuedesdeuxmondes.fr\/gilles-kepel-le-salafisme-est-larriere-plan-culturel-du-djihadisme\/\"><span style=\"color: #0000ff;\">rupture salafiste de fond<\/span><\/a> \u00bb qui est en arri\u00e8re-plan des actes de terrorisme.<\/span><\/p>\n<p><span style=\"color: #777777; font-family: arial;\">Il y a aussi, l\u2019\u00e9crivain alg\u00e9rien qui a vu l\u2019islamisme peu \u00e0 peu s\u2019imposer dans son pays : <strong>Boualem Sansal<\/strong> : \u00ab<a href=\"http:\/\/www.lefigaro.fr\/vox\/monde\/2016\/06\/17\/31002-20160617ARTFIG00263-boualem-sansal-l-ordre-islamique-tente-progressivement-de-s-installer-en-france.php\"><span style=\"color: #0000ff;\">L\u2019ordre islamique tente progressivement de s\u2019installer en France<\/span><\/a>. \u00bb<\/span><\/p>\n<p><span style=\"color: #777777; font-family: arial;\">Cette question est tr\u00e8s controvers\u00e9e en France, il y a notamment une opposition frontale entre \u00ab <a href=\"http:\/\/www.liberation.fr\/debats\/2016\/04\/14\/olivier-roy-et-gilles-kepel-querelle-francaise-sur-le-jihadisme_1446226\"><span style=\"color: #0000ff;\">Gilles Kepel et Olivier Roy<\/span><\/a> \u00bb. Le second parlant de l\u2019islamisation de la radicalit\u00e9 et rejetant l\u2019id\u00e9e que l\u2019islamisation salafiste soit un danger. Grosso modo il d\u00e9fend cette id\u00e9e que certains jeunes sont radicaux et cherchent une cause pour laquelle ils peuvent trouver une raison pour tuer et se faire tuer et qu\u2019aujourd\u2019hui il n\u2019y a que l\u2019islamisme qui se trouve sur le march\u00e9\u2026 <\/span><\/p>\n<p><span style=\"color: #777777; font-family: arial;\">Les tenants de la th\u00e8se d\u2019Olivier Roy sont tr\u00e8s nombreux dans la Gauche bien-pensante au pouvoir et universitaire comme l\u2019a prouv\u00e9 cette pol\u00e9mique qui a atteint cet homme remarquable qu\u2019est <strong>Kamel Daoud<\/strong>. <\/span><\/p>\n<p><span style=\"color: #777777; font-family: arial;\">\u00ab <a href=\"http:\/\/www.courrierinternational.com\/article\/polemique-kamel-daoud-et-les-cliches-orientalistes\"><span style=\"color: #0000ff;\">Ici<\/span><\/a> \u00bb un article de Courrier International sur cette pol\u00e9mique ou cette \u00e9mission de France Culture \u00ab <a href=\"http:\/\/www.franceculture.fr\/emissions\/dimanche-et-apres\/kamel-daoud-la-polemique-s-emballe-et-apres\"><span style=\"color: #0000ff;\">Kamel Daoud : La pol\u00e9mique s&#8217;emballe<\/span><\/a> \u00bb <\/span><\/p>\n<p><span style=\"color: #777777; font-family: arial;\">\u00ab <a href=\"http:\/\/www.liberation.fr\/debats\/2016\/02\/28\/au-nom-de-kamel-daoud_1436364\"><span style=\"color: #0000ff;\">Ici<\/span><\/a> \u00bb ce beau texte de l\u2019\u00e9crivaine franco-tunisienne <span style=\"color: #777777;\"><strong>Fawzia Zouari<\/strong><\/span> qui d\u00e9fend Kamel Daoud.<\/span><\/p>\n<p><span style=\"color: #777777; font-family: arial;\">D\u2019habitude, je reste prudent dans mes analyses et j\u2019essaie de rester \u00e0 distance de points de vue oppos\u00e9s qui expriment un autre regard sur une m\u00eame r\u00e9alit\u00e9. Car c\u2019est de la richesse des regards diff\u00e9renci\u00e9s qu\u2019on peut le mieux approcher la compr\u00e9hension de la complexit\u00e9 des choses. <\/span><\/p>\n<p><span style=\"color: #777777; font-family: arial;\">Mais ici je ne le serais pas car je penche nettement du c\u00f4t\u00e9 de Kepel, C\u00e9line Pina et Raphael Glucksmann, tant je pense avoir compris combien est dangereuse toute religion mise entre de mauvaises mains. <\/span><\/p>\n<p><span style=\"color: #777777; font-family: arial;\">Dans mon analyse le nazisme et le communisme \u00e9taient aussi des religions, des religions sans Dieu, mais des religions car ils d\u00e9fendaient un dogme, une pens\u00e9e qui n\u2019acceptaient pas la contradiction et la mesure scientifique. <\/span><\/p>\n<p><span style=\"color: #777777; font-family: arial;\">C\u2019est cela m\u00eame la maladie des religions qui n\u2019acceptent pas l\u2019alt\u00e9rit\u00e9, pour qui celui qui n\u2019est pas d\u2019accord n\u2019exprime pas une autre opinion mais se trouve dans l\u2019erreur, dans l\u2019impuret\u00e9 pour les salafistes. <\/span><\/p>\n<p><span style=\"color: #777777; font-family: arial;\">Car pour que ces \u00ab criminels \u00bb puissent aller au bout de leur d\u00e9lire de destruction il faut qu\u2019ils puissent s\u2019appuyer sur une id\u00e9ologie qui distingue \u00ab les vrais croyants \u00bb des \u00ab autres \u00bb. <\/span><\/p>\n<p><span style=\"color: #777777; font-family: arial;\"> \u00ab <a href=\"https:\/\/fr.wikipedia.org\/wiki\/Kafir\"><span style=\"color: #0000ff;\">A partir du moment o\u00f9 l\u2019autre est un Kouffar<\/span><\/a> \u00bb ou un apostat, tout devient possible. <\/span><\/p>\n<p><span style=\"color: #777777; font-family: arial;\">Il faut d\u2019abord l\u2019id\u00e9ologie, comme celle des nazis qui distinguaient les aryens des sous hommes, pour que le reste devienne possible, les assassinats de masse, les camps et ces massacres d\u2019aujourd\u2019hui comme celui d\u2019Orlando.<br \/>\n<\/span><\/p>\n<p><span style=\"color: #777777; font-family: arial;\">La premi\u00e8re bataille est celle des id\u00e9es et le refus des <a href=\"https:\/\/fr.wikipedia.org\/wiki\/Controverse_qu%C3%A9b%C3%A9coise_sur_les_accommodements_raisonnables\"><span style=\"color: #0000ff;\">accommodements d\u00e9raisonnables<\/span><\/a>, pour reprendre ce concept cher \u00e0 nos amis qu\u00e9b\u00e9cois ! <\/span><\/p>\n<p><span style=\"color: #777777; font-family: arial;\">Et si ce concept d\u2019accommodements raisonnables vous interpelle voici plusieurs liens qui parlent de ce sujet : <\/span><\/p>\n<ul>\n<li><span style=\"color: #777777; font-family: arial;\"> \u00ab <a href=\"http:\/\/www.lepoint.fr\/invites-du-point\/jean-paul-brighelli\/brighelli-les-accommodements-raisonnables-tombeau-de-la-laicite-21-01-2015-1898496_1886.php\"><span style=\"color: #0000ff;\">Les accommodements raisonnables tombeau de la la\u00efcit\u00e9<\/span><\/a> \u00bb <\/span><\/li>\n<li><span style=\"color: #777777; font-family: arial;\">\u00ab <a href=\"http:\/\/abonnes.lemonde.fr\/culture\/article\/2012\/11\/01\/au-canada-des-accommodements-raisonnables_1784524_3246.html\"><span style=\"color: #0000ff;\">Au canada des accommodements raisonnables<\/span><\/a> \u00bb <\/span><\/li>\n<li><span style=\"color: #777777; font-family: arial;\">Et la page \u00ab <a href=\"https:\/\/fr.wikipedia.org\/wiki\/Accommodement_raisonnable\"><span style=\"color: #0000ff;\">Wikipedia<\/span><\/a> \u00bbqui parle de l\u2019accommodement raisonnable.<\/span><\/li>\n<\/ul>\n<p><span style=\"color: #c00000; font-family: Arial;\">&lt;726&gt;<\/span><\/p>\n","protected":false},"excerpt":{"rendered":"<p>Mardi 21 Juin 2016 \u00ab\u00a0Ce qui compte, ce n&rsquo;est pas que le mec soit dingue, mais qu&rsquo;il mette sa folie au service d&rsquo;une id\u00e9ologie&#8230;\u00a0\u00bb Raphael Glucksmann Raphael Glucksmann est le fils d\u2019Andr\u00e9 Glucksmann qui a quitt\u00e9 le monde des vivants<\/p>\n","protected":false},"author":1,"featured_media":0,"comment_status":"closed","ping_status":"closed","sticky":false,"template":"","format":"standard","meta":{"footnotes":""},"categories":[1],"tags":[113,248,41],"class_list":["post-1372","post","type-post","status-publish","format-standard","hentry","category-motdujour","tag-droits-de-lhomme","tag-islamisme","tag-liberte"],"_links":{"self":[{"href":"https:\/\/lemotdujour.fr\/index.php?rest_route=\/wp\/v2\/posts\/1372","targetHints":{"allow":["GET"]}}],"collection":[{"href":"https:\/\/lemotdujour.fr\/index.php?rest_route=\/wp\/v2\/posts"}],"about":[{"href":"https:\/\/lemotdujour.fr\/index.php?rest_route=\/wp\/v2\/types\/post"}],"author":[{"embeddable":true,"href":"https:\/\/lemotdujour.fr\/index.php?rest_route=\/wp\/v2\/users\/1"}],"replies":[{"embeddable":true,"href":"https:\/\/lemotdujour.fr\/index.php?rest_route=%2Fwp%2Fv2%2Fcomments&post=1372"}],"version-history":[{"count":5,"href":"https:\/\/lemotdujour.fr\/index.php?rest_route=\/wp\/v2\/posts\/1372\/revisions"}],"predecessor-version":[{"id":16297,"href":"https:\/\/lemotdujour.fr\/index.php?rest_route=\/wp\/v2\/posts\/1372\/revisions\/16297"}],"wp:attachment":[{"href":"https:\/\/lemotdujour.fr\/index.php?rest_route=%2Fwp%2Fv2%2Fmedia&parent=1372"}],"wp:term":[{"taxonomy":"category","embeddable":true,"href":"https:\/\/lemotdujour.fr\/index.php?rest_route=%2Fwp%2Fv2%2Fcategories&post=1372"},{"taxonomy":"post_tag","embeddable":true,"href":"https:\/\/lemotdujour.fr\/index.php?rest_route=%2Fwp%2Fv2%2Ftags&post=1372"}],"curies":[{"name":"wp","href":"https:\/\/api.w.org\/{rel}","templated":true}]}}