{"id":13716,"date":"2022-07-01T01:30:00","date_gmt":"2022-06-30T23:30:00","guid":{"rendered":"https:\/\/lemotdujour.fr\/?p=13716"},"modified":"2022-07-02T20:08:28","modified_gmt":"2022-07-02T18:08:28","slug":"vendredi-1-juillet-2022","status":"publish","type":"post","link":"https:\/\/lemotdujour.fr\/?p=13716","title":{"rendered":"Vendredi 1 juillet 2022"},"content":{"rendered":"<div class=\"mdjTexte\">\u00ab\u00a0Tous les vieux fourneaux prennent les jeunots pour des cons.\u00a0\u00bb<\/div>\n<div class=\"mdjAuteur\">Georges Brassens \u00ab\u00a0Le Temps ne fait rien \u00e0 l&rsquo;affaire.\u00a0\u00bb<\/div>\n<p><span style=\"color: #777777; font-family: Arial;\">Aujourd&rsquo;hui, je voudrais parler du r\u00f4le des vieux dans notre soci\u00e9t\u00e9.<br \/>\n<\/span><\/p>\n<p><span style=\"color: #777777; font-family: Arial;\">Pour agr\u00e9menter ce sujet aust\u00e8re, j&rsquo;ai d\u00e9cid\u00e9 de l&rsquo;enrichir de dessins de la s\u00e9rie de BD\u00a0: \u00ab\u00a0<strong>Les Vieux Fourneaux<\/strong>\u00a0\u00bb du dessinateur <strong>Paul Cauuet<\/strong> et du sc\u00e9nariste <strong>Wilfrid Lupano. <\/strong>J&rsquo;ai aussi convoqu\u00e9 le chat de Geluck, \u00e0 deux reprises.<br \/>\n<\/span><\/p>\n<p><img loading=\"lazy\" decoding=\"async\" class=\"alignleft\" src=\"https:\/\/lemotdujour.fr\/wp-content\/uploads\/2022\/07\/063022_2259_Vendredi1ju1.jpg\" alt=\"\" width=\"586\" height=\"279\" align=\"left\" \/><span style=\"color: #777777; font-family: Arial;\">\u00ab\u00a0Les Vieux fourneaux\u00a0\u00bb sont une BD absolument g\u00e9niale dont un ami nous a fait d\u00e9couvrir le tome 1. Et depuis, avec Annie, nous avons achet\u00e9 tous les autres tomes parus.<br \/>\n<\/span><\/p>\n<p><span style=\"color: #777777; font-family: Arial;\">Nous reconnaissons une pr\u00e9f\u00e9rence pour les trois premiers dans lesquels l&rsquo;imagination et la cr\u00e9ativit\u00e9 des deux auteurs sont d\u00e9bordantes et infiniment dr\u00f4les.<br \/>\n<\/span><\/p>\n<p><span style=\"color: #777777; font-family: Arial;\">Cet &lt;<a href=\"https:\/\/www.bfmtv.com\/culture\/les-vieux-fourneaux-ce-qu-il-faut-savoir-sur-la-bd-a-succes-au-million-d-exemplaires-vendus_AN-201801060033.html\"><span style=\"color: blue; text-decoration: underline;\"><span style=\"color: #0000ff; text-decoration: underline;\">Article<\/span><\/span><\/a>&gt; nous apprend que <strong>Wilfrid Lupano<\/strong> a trouv\u00e9 le titre de la s\u00e9rie dans une chanson de <strong>Georges Brassens<\/strong>\u00a0: \u00ab\u00a0Le Temps ne fait rien \u00e0 l&rsquo;affaire.\u00a0\u00bb\u00a0:<br \/>\n<\/span><\/p>\n<p style=\"margin-left: 28pt;\"><span style=\"color: #c00000; font-family: Arial;\">\u00ab\u00a0Quand ils sont tout neufs,<br \/>\nqu&rsquo;ils sortent de l&rsquo;\u0153uf, du cocon,<br \/>\ntous les jeunes blancs-becs prennent les vieux mecs pour des cons.<br \/>\nQuand ils sont devenus des t\u00eates chenues, des grisons,<br \/>\ntous les vieux fourneaux prennent les jeunots pour des cons\u00a0\u00bb.<br \/>\n<\/span><\/p>\n<p><img loading=\"lazy\" decoding=\"async\" class=\"\" src=\"https:\/\/lemotdujour.fr\/wp-content\/uploads\/2022\/07\/063022_2259_Vendredi1ju2.png\" alt=\"\" width=\"838\" height=\"314\" \/><span style=\"color: #777777; font-family: Arial;\"><strong><br \/>\n<\/strong><\/span><\/p>\n<p><span style=\"color: #777777; font-family: Arial;\"><strong>Mani\u00e8re po\u00e9tique et piquante de parler du conflit de g\u00e9n\u00e9ration<br \/>\n<\/strong><\/span><\/p>\n<p><span style=\"color: #777777; font-family: Arial;\">C&rsquo;est de la pure fiction. Il n&rsquo;y a personne derri\u00e8re \u00abLes Vieux Fourneaux\u00bb, assure Lupano. Il conc\u00e8de toutefois s&rsquo;\u00eatre inspir\u00e9 des philosophes Edgar Morin et Michel Serres et du diplomate St\u00e9phane Hessel pour imaginer leur personnalit\u00e9.<br \/>\n<\/span><\/p>\n<p><span style=\"color: #777777; font-family: Arial;\">\u00c9tant donn\u00e9 les trois inspirateurs, souvent cit\u00e9s dans le mot du jour, il est assez intuitif que cette BD me plaise beaucoup.<br \/>\n<\/span><\/p>\n<p><span style=\"color: #777777; font-family: Arial;\">Les trois vieux qui sont en c\u0153ur de la BD sont r\u00e9solument de gauche tendance anarchiste<br \/>\n<\/span><\/p>\n<p><span style=\"color: #777777; font-family: Arial;\">Ce type de vieux existe assur\u00e9ment, j&rsquo;en connais personnellement. Mais il ne me semble pas qu&rsquo;ils repr\u00e9sentent la majorit\u00e9 de cette g\u00e9n\u00e9ration.<br \/>\n<\/span><\/p>\n<p><img loading=\"lazy\" decoding=\"async\" class=\"alignleft\" src=\"https:\/\/lemotdujour.fr\/wp-content\/uploads\/2022\/07\/063022_2259_Vendredi1ju3.jpg\" alt=\"\" width=\"412\" height=\"274\" align=\"left\" \/><span style=\"color: #777777; font-family: Arial;\">Probablement cette majorit\u00e9 a-t-elle pleinement int\u00e9gr\u00e9 cette formule qu&rsquo;on attribue \u00e0 GB Shaw ou \u00e0 Aristide Briand, c&rsquo;est selon\u00a0: \u00ab\u00a0Celui qui n&rsquo;est pas de gauche \u00e0 20 ans n&rsquo;a pas de c\u0153ur, mais celui qui est toujours de gauche \u00e0 40 ans n&rsquo;a pas de t\u00eate\u00a0\u00bb<br \/>\n<\/span><\/p>\n<p><span style=\"color: #777777; font-family: Arial;\">Mais il y a une question pr\u00e9alable\u00a0: <strong>Qui est vieux\u00a0?<\/strong><br \/>\n<\/span><\/p>\n<p><span style=\"color: #777777; font-family: Arial;\">Longtemps, je n&rsquo;ai pas eu de doute : <\/span><span style=\"color: #777777; font-family: Arial;\">Est vieux celui qui est plus \u00e2g\u00e9 que moi\u00a0!<br \/>\n<\/span><\/p>\n<p><span style=\"color: #777777; font-family: Arial;\">Et, en parall\u00e8le est jeune celui qui est plus jeune que moi. !<br \/>\n<\/span><\/p>\n<p><span style=\"color: #777777; font-family: Arial;\">Mais aujourd&rsquo;hui, m&rsquo;approchant de mes 64 ans et aussi de la retraite, j&rsquo;ai du mal \u00e0 ne pas me classer dans la cat\u00e9gorie des vieux.<br \/>\n<\/span><\/p>\n<p><span style=\"color: #777777; font-family: Arial;\">Surtout quand je me souviens qu&rsquo;alors que j&rsquo;avais 15 ans, quand je voyais mes tantes et oncles qui avaient 60 ans, je ne les trouvais pas vieux, mais tr\u00e8s vieux ! <\/span><\/p>\n<p><span style=\"color: #777777; font-family: Arial;\"><strong>Fran\u00e7ois de Closets,<\/strong> \u00e0 88 ans vient de commettre un nouveau livre o\u00f9 il \u00e9ructe comme d&rsquo;habitude sur tout ce qui va mal selon lui. Il s&rsquo;en prend, cette fois, \u00e0 sa classe d&rsquo;\u00e2ge\u00a0: \u00ab<span style=\"color: #0000ff;\">\u00a0<a style=\"color: #0000ff;\" href=\"https:\/\/www.fayard.fr\/documents-temoignages\/la-parenthese-boomers-9782213721934\">La parenth\u00e8se boomers\u00a0<\/a><\/span>\u00bb.<br \/>\n<\/span><\/p>\n<p><img decoding=\"async\" src=\"https:\/\/lemotdujour.fr\/wp-content\/uploads\/2022\/07\/063022_2259_Vendredi1ju4.jpg\" alt=\"\" align=\"left\" \/><span style=\"color: #777777; font-family: Arial;\">Pour de Closets il y a deux types de vieux !<br \/>\n<\/span><\/p>\n<p><span style=\"color: #777777; font-family: Arial;\">De mani\u00e8re g\u00e9n\u00e9rique, les vieux c&rsquo;est ceux qui sont \u00e0 la retraite.<br \/>\n<\/span><\/p>\n<p><span style=\"color: #777777; font-family: Arial;\">Mais il y a d&rsquo;abord les profiteurs, ceux dont je ferais bient\u00f4t partie. Ils vivent aux frais des jeunes actifs, font des voyages, profitent grassement de tout ce que la soci\u00e9t\u00e9 de consommation leur vend et pratiquent des tas d&rsquo;activit\u00e9s prouvant ainsi qu&rsquo;ils pourraient parfaitement continuer \u00e0 travailler et d\u00e9caler l&rsquo;\u00e2ge de la retraite.<br \/>\n<\/span><\/p>\n<p><span style=\"color: #777777; font-family: Arial;\">Et puis, il y a \u00ab\u00a0les vrais vieux\u00a0\u00bb, ceux qui ont perdu leur autonomie et pour lesquels la soci\u00e9t\u00e9 n&rsquo;a pas encore pleinement int\u00e9gr\u00e9 l&rsquo;ampleur de ce qu&rsquo;il conviendrait de faire pour prendre pleinement en charge cette derni\u00e8re p\u00e9riode de la vie.<br \/>\n<\/span><\/p>\n<p><span style=\"color: #777777; font-family: Arial;\">Sur le second point le \u00ab\u00a0vieux r\u00e2leur\u00a0\u00bb a raison.<br \/>\n<\/span><\/p>\n<p><span style=\"color: #777777; font-family: Arial;\">Sur le premier, il est vrai qu&rsquo;il y a par moment un petit souci, parce que \u00ab certains retrait\u00e9s \u00bb ne comprennent pas vraiment comment fonctionnent leur retraite. Ils pensent qu&rsquo;ils ont pay\u00e9, pendant les ann\u00e9es d&#8217;emploi, une caisse de retraite qui maintenant leur restitue ce qui a \u00e9t\u00e9 vers\u00e9.<br \/>\n<\/span><\/p>\n<p><img decoding=\"async\" src=\"https:\/\/lemotdujour.fr\/wp-content\/uploads\/2022\/07\/063022_2259_Vendredi1ju5.jpg\" alt=\"\" align=\"left\" \/><span style=\"color: #777777; font-family: Arial;\">C&rsquo;est \u00e9videmment totalement faux. Ils ont pay\u00e9 dans leur jeunesse, alors qu&rsquo;ils \u00e9taient nombreux \u00e0 une caisse de retraite qui utilisait cet argent pour payer les pensions des retrait\u00e9s qui \u00e9taient peu nombreux.<br \/>\n<\/span><\/p>\n<p><span style=\"color: #777777; font-family: Arial;\">Aujourd&rsquo;hui, ils sont pay\u00e9s, alors qu&rsquo;ils sont nombreux, par une caisse de retraite financ\u00e9e par des jeunes qui sont moins nombreux qu&rsquo;\u00e0 leur \u00e9poque.<br \/>\n<\/span><\/p>\n<p><span style=\"color: #777777; font-family: Arial;\">En revanche, Fran\u00e7ois de Closets ignore superbement que notre \u00e9conomie surtout fran\u00e7aise ne veut plus des seniors : quand ils sont au ch\u00f4mage ils ne trouvent plus de travail, personne ne veut les embaucher. Les RH pensent probablement qu&rsquo;ils sont trop lents et inadapt\u00e9s au monde moderne.<br \/>\n<\/span><\/p>\n<p><span style=\"color: #777777; font-family: Arial;\">Mais que repr\u00e9sentent les vieux dans la soci\u00e9t\u00e9\u00a0?<br \/>\n<\/span><\/p>\n<p><span style=\"color: #777777; font-family: Arial;\">Si on prend d&rsquo;abord le monde, on peut constater que selon les continents, la r\u00e9partition entre les classes d&rsquo;\u00e2ge est tr\u00e8s diff\u00e9rente.<br \/>\n<\/span><\/p>\n<p><span style=\"color: #777777; font-family: Arial;\">Il y a beaucoup plus de vieux en Europe et beaucoup plus de jeunes en Afrique.<br \/>\n<\/span><\/p>\n<p><span style=\"color: #777777; font-family: Arial;\">Encore faut il pr\u00e9ciser que dans les continents il peut exister encore beaucoup de disparit\u00e9 entre les pays. Ainsi, en Asie les chinois et les japonais ont une pyramide des \u00e2ges qui donne une grande importance aux classes \u00e2g\u00e9es, ce qui n&rsquo;est pas le cas du moyen orient.<br \/>\n<\/span><\/p>\n<p><span style=\"color: #777777; font-family: Arial;\">On trouve cela sur le site de l&rsquo;INSEE\u00a0:<span style=\"color: #0000ff;\"> <a style=\"color: #0000ff;\" href=\"https:\/\/www.insee.fr\/fr\/statistiques\/2381482#tableau-figure1\">https:\/\/www.insee.fr\/fr\/statistiques\/2381482#tableau-figure1<\/a><\/span><br \/>\n<\/span><\/p>\n<p><span style=\"color: #777777; font-family: Arial;\">J&rsquo;en tire cette repr\u00e9sentation<br \/>\n<\/span><\/p>\n<p><img loading=\"lazy\" decoding=\"async\" class=\"wp-image-13724 alignleft\" src=\"https:\/\/lemotdujour.fr\/wp-content\/uploads\/2022\/07\/063022_2259_Vendredi1ju6.png\" alt=\"\" width=\"681\" height=\"342\" srcset=\"https:\/\/lemotdujour.fr\/wp-content\/uploads\/2022\/07\/063022_2259_Vendredi1ju6.png 627w, https:\/\/lemotdujour.fr\/wp-content\/uploads\/2022\/07\/063022_2259_Vendredi1ju6-300x151.png 300w\" sizes=\"auto, (max-width: 681px) 100vw, 681px\" \/><span style=\"color: #777777; font-family: Arial;\">On constate quand m\u00eame que la classe d&rsquo;\u00e2ge des 15 \u00e0 64 ans reste tr\u00e8s largement majoritaire. Certains discours alarmistes semblent quelquefois nous inciter \u00e0 croire le contraire.<br \/>\n<\/span><\/p>\n<p><span style=\"color: #777777; font-family: Arial;\">Si on s&rsquo;int\u00e9resse \u00e0 la France m\u00e9tropolitaine (<span style=\"color: #0000ff;\"><a style=\"color: #0000ff;\" href=\"https:\/\/www.insee.fr\/fr\/statistiques\/3303333?sommaire=3353488\">https:\/\/www.insee.fr\/fr\/statistiques\/3303333?sommaire=3353488<\/a>)<\/span> et qu&rsquo;on prend certaines p\u00e9riodes de notre Histoire, en tenant compte \u00e9videmment des \u00e9l\u00e9ments publi\u00e9s par l&rsquo;INSEE<br \/>\n<\/span><\/p>\n<p><img loading=\"lazy\" decoding=\"async\" class=\"\" src=\"https:\/\/lemotdujour.fr\/wp-content\/uploads\/2022\/07\/063022_2259_Vendredi1ju7.png\" alt=\"\" width=\"803\" height=\"501\" \/><span style=\"color: #777777; font-family: Arial;\"><br \/>\n<\/span><\/p>\n<p><span style=\"color: #777777; font-family: Arial;\">C&rsquo;est un peu plus clair si on compare simplement la r\u00e9partition des classes d&rsquo;\u00e2ge entre 1980 et 2018 dans le cadre d&rsquo;une repr\u00e9sentation \u00ab camembert \u00bb. <\/span><span style=\"color: #777777; font-family: Arial;\"><br \/>\n<\/span><\/p>\n<p><img loading=\"lazy\" decoding=\"async\" class=\"alignleft\" src=\"https:\/\/lemotdujour.fr\/wp-content\/uploads\/2022\/07\/063022_2259_Vendredi1ju8.png\" alt=\"\" width=\"579\" height=\"242\" \/><span style=\"color: #777777; font-family: Arial;\">On voit ainsi les classes d&rsquo;\u00e2ge qui progressent et celles qui r\u00e9gressent\u00a0!<\/span><\/p>\n<p><span style=\"color: #777777; font-family: Arial;\">Donc nous sommes dans une soci\u00e9t\u00e9 o\u00f9 il y a de plus en plus de vieux.<br \/>\n<\/span><\/p>\n<p><span style=\"color: #777777; font-family: Arial;\">Et si les vieux occupent de plus en plus de place, ce sont surtout eux qui d\u00e9tiennent le patrimoine.<br \/>\n<\/span><\/p>\n<p><span style=\"color: #777777; font-family: Arial;\">Dans les salles de concert de musique classique, dans les th\u00e9\u00e2tres et m\u00eame dans les cin\u00e9mas apr\u00e8s le COVID et NETFLIX la proportion de vieux est de plus en plus importante.<br \/>\n<\/span><\/p>\n<p><span style=\"color: #777777; font-family: Arial;\">Mais l\u00e0 o\u00f9 la v\u00e9ritable querelle de g\u00e9n\u00e9ration vient d&rsquo;\u00e9clater, au moins sur certains r\u00e9seaux sociaux c&rsquo;est la proportion de votants et la nature du vote des vieux.<br \/>\n<\/span><\/p>\n<p><span style=\"color: #777777; font-family: Arial;\">\u00ab\u00a0<strong>France Info<\/strong>\u00a0\u00bb relaie cette proposition de certains\u00a0: &lt;<span style=\"color: #0000ff;\"><a style=\"color: #0000ff;\" href=\"https:\/\/www.francetvinfo.fr\/elections\/presidentielle\/presidentielle-et-si-on-limitait-le-vote-des-personnes-agees-qui-pesent-si-lourd-dans-les-urnes_5082289.html\">Pourquoi l&rsquo;id\u00e9e d&rsquo;un \u00e2ge limite pour le vote des seniors en convainc certains<\/a><\/span>&gt; le titre ajoute\u00a0: \u00ab\u00a0et scandalise les autres\u00a0\u00bb<br \/>\n<\/span><\/p>\n<p><span style=\"color: #777777; font-family: Arial;\">Et voil\u00e0 ce que dit cet article\u00a0:<br \/>\n<\/span><\/p>\n<p style=\"margin-left: 28pt;\"><span style=\"color: #c00000; font-family: Arial;\">\u00ab\u00a0C&rsquo;est une petite musique qui courait d\u00e9j\u00e0 avant le premier tour de l&rsquo;\u00e9lection pr\u00e9sidentielle, dimanche 10 avril, mais qui s&rsquo;est renforc\u00e9e \u00e0 l&rsquo;annonce des r\u00e9sultats. \u00ab\u00a0Les jeunes qui ont vot\u00e9 en masse M\u00e9lenchon pour leur avenir se font voler leur \u00e9lection par des vieux retrait\u00e9s qui ont v\u00e9cu leur meilleure vie et n&rsquo;ont plus rien \u00e0 perdre et des vieux bourgeois qui ont tous les privil\u00e8ges de Macron\u00a0\u00bb, s&rsquo;exasp\u00e9rait par exemple un jeune sur Twitter au soir du premier tour. Un autre s&rsquo;agace aussi, graphiques \u00e0 l&rsquo;appui : \u00ab\u00a0Ce sont donc des vieux d\u00e9j\u00e0 \u00e0 la retraite qui vont nous imposer de travailler cinq ans de plus. Merci \u00e0 eux.\u00a0\u00bb A tel point que certains vont jusqu&rsquo;\u00e0 se poser cette question : \u00ab\u00a0Pourquoi diable laissons-nous les plus de 65 ans voter ?\u00a0\u00bb \u00a0\u00bb<br \/>\n<\/span><\/p>\n<p><span style=\"color: #777777; font-family: Arial;\">L&rsquo;article de France Info parle m\u00eame d&rsquo;une lame de fond\u00a0:<br \/>\n<\/span><\/p>\n<p style=\"margin-left: 28pt;\"><span style=\"color: #c00000; font-family: Arial;\">\u00ab\u00a0 Elle est une lame de fond plus profonde dans une partie de cette classe d&rsquo;\u00e2ge, angoiss\u00e9e et en partie mobilis\u00e9e sur des th\u00e9matiques qui ne sont parfois pas le centre d&rsquo;int\u00e9r\u00eat des autres classes d&rsquo;\u00e2ge, et des seniors en particulier. \u00ab\u00a0Ils ont vot\u00e9 sans penser \u00e0 nous\u00a0\u00bb, d\u00e9ploraient des \u00e9tudiants qui bloquaient la Sorbonne \u00e0 Paris, jeudi 14 avril, dans le podcast de franceinfo Le Quart d&rsquo;Heure. \u00ab\u00a0On a deux candidats qui m\u00e9prisent l&rsquo;urgence sociale, climatique et \u00e9cologique. Je trouve \u00e7a terrible\u00a0\u00bb, exprimait pour sa part, lundi 11 avril Denis, 26 ans, au micro de Manon Mella dans \u00ab\u00a0G\u00e9n\u00e9ration 2022&Prime;. Il disait ressentir \u00ab\u00a0une fracture entre les plus jeunes et les plus vieux\u00a0\u00bb\u00bb<br \/>\n<\/span><\/p>\n<p><span style=\"color: #777777; font-family: Arial;\">Les experts s&rsquo;en m\u00ealent ainsi le politologue Martial Foucault dans La Croix analyse\u00a0:<br \/>\n<\/span><\/p>\n<p style=\"margin-left: 28pt;\"><span style=\"color: #c00000; font-family: Arial;\">\u00ab\u00a0Pour les plus \u00e2g\u00e9s, les enjeux sont d&rsquo;abord le pouvoir d&rsquo;achat, l&rsquo;ins\u00e9curit\u00e9 ou encore la d\u00e9linquance, avant d&rsquo;\u00eatre la lutte contre le r\u00e9chauffement climatique, qui est davantage une priorit\u00e9 pour les jeunes\u00a0\u00bb.\u00a0\u00bb<br \/>\n<\/span><\/p>\n<p><span style=\"color: #777777; font-family: Arial;\">Nous sommes dans un paradoxe dans lequel les vieux qui devraient \u00eatre sages et s&rsquo;inscrire dans le long terme s&rsquo;inqui\u00e8tent de l&rsquo;imm\u00e9diat et du court terme, alors que les jeunes imp\u00e9tueux qui devraient vivre au pr\u00e9sent pensent et s&rsquo;inqui\u00e8tent du long terme.<br \/>\n<\/span><\/p>\n<p><span style=\"color: #777777; font-family: Arial;\">L&rsquo;article de France Info montre que si, bien s\u00fbr les vieux repr\u00e9sentent un poids d\u00e9mographique de plus en important dans la soci\u00e9t\u00e9, leur importance dans le vote vient surtout du fait qu&rsquo;ils vont majoritairement voter alors que les jeunes massivement s&rsquo;abstiennent.<br \/>\n<\/span><\/p>\n<p><span style=\"color: #777777; font-family: Arial;\">C&rsquo;est donc la responsabilit\u00e9 des jeunes qui est en cause car ils ne vont pas voter et pr\u00e9tendent m\u00eame qu&rsquo;ils ont bien raison de faire ainsi.<br \/>\n<\/span><\/p>\n<p><span style=\"color: #777777; font-family: Arial;\">C&rsquo;est une erreur non pas morale, mais simplement strat\u00e9gique.<br \/>\n<\/span><\/p>\n<p><span style=\"color: #777777; font-family: Arial;\">Car comme l&rsquo;\u00e9crit le sociologue <strong>J\u00e9r\u00e9mie Moualek\u00a0: <\/strong><br \/>\n<\/span><\/p>\n<p style=\"margin-left: 28pt;\"><span style=\"color: #c00000; font-family: Arial;\">\u00ab\u00a0Les politiques publiques \u00e9pousent les revendications des classes d&rsquo;\u00e2ge qui votent le plus.\u00a0\u00bb<br \/>\n<\/span><\/p>\n<p><span style=\"color: #777777; font-family: Arial;\">S&rsquo;il faut \u00eatre rassurant pour nous autres vieux, la conclusion de l&rsquo;article de France Info montrent que la pond\u00e9ration du vote des plus \u00e2g\u00e9s rencontre de vrais obstacles techniques et \u00e9thiques <strong>Pour l&rsquo;instant cette id\u00e9e n&rsquo;a pas vocation \u00e0 prosp\u00e9rer.<br \/>\n<\/strong><\/span><\/p>\n<p><span style=\"color: #777777; font-family: Arial;\">Dans le vote, il faut reconna\u00eetre qu&rsquo;il existe un vrai &lt;<a href=\"https:\/\/www.tf1info.fr\/politique\/election-presidentielle-2022-les-resultats-du-premier-tour-revelent-un-clivage-entre-les-generations-2216357.html\"><span style=\"color: #0000ff;\">clivage entre les g\u00e9n\u00e9rations<\/span><\/a>&gt;. Ainsi si on analyse le premier tour des \u00e9lections pr\u00e9sidentielles<br \/>\n<\/span><\/p>\n<p style=\"margin-left: 28pt;\"><span style=\"color: #c00000; font-family: Arial;\">\u00ab\u00a0Plus d&rsquo;un tiers des moins de 35 ans ont choisi le leader de la France insoumise. [\u2026]<br \/>\n<\/span><\/p>\n<p style=\"margin-left: 28pt;\"><span style=\"color: #c00000; font-family: Arial;\">Chez les actifs, de 35 \u00e0 65 ans, c&rsquo;est la candidate du Rassemblement national qui m\u00e8ne les suffrages.<br \/>\n<\/span><\/p>\n<p style=\"margin-left: 28pt;\"><span style=\"color: #c00000; font-family: Arial;\">[En revanche Macron] devance la candidate du RN et celui de LFI tr\u00e8s nettement dans le vote des \u00e9lecteurs de plus de 60 ans, recueillant selon Ipsos 41% des suffrages chez les plus de 70 ans \u00bb<br \/>\n<\/span><\/p>\n<p><span style=\"color: #777777; font-family: Arial;\">Pour le sociologue Laurent Lardeux<br \/>\n<\/span><\/p>\n<p style=\"margin-left: 28pt;\"><span style=\"color: #c00000; font-family: Arial;\">\u00ab\u00a0Si un clivage politique existe bien entre les g\u00e9n\u00e9rations, il se serait surtout cr\u00e9\u00e9 entre les seniors et le reste de la population, les jeunes inclus. Les seniors vont voter de fa\u00e7on tr\u00e8s sp\u00e9cifique par rapport aux autres g\u00e9n\u00e9rations, plus particuli\u00e8rement sur les valeurs conservatrices auxquelles ils adh\u00e8rent plus largement.<br \/>\n<\/span><\/p>\n<p style=\"margin-left: 28pt;\"><span style=\"color: #c00000; font-family: Arial;\">A contrario, le vote de la jeunesse a plut\u00f4t tendance \u00e0 \u00eatre proche du vote des 35-65 ans. \u00ab\u00a0On voit qu&rsquo;il y a plut\u00f4t un rapprochement g\u00e9n\u00e9rationnel entre les jeunes et la population active\u00a0\u00bb<br \/>\n<\/span><\/p>\n<p><img decoding=\"async\" src=\"https:\/\/lemotdujour.fr\/wp-content\/uploads\/2022\/07\/063022_2259_Vendredi1ju9.jpg\" alt=\"\" align=\"left\" \/><span style=\"color: #777777; font-family: Arial;\">Et en effet, contrairement aux Vieux fourneaux de la BD qui consid\u00e9rerait probablement que m\u00eame Melenchon n&rsquo;est pas assez \u00e0 gauche, les vieux votent \u00e0 droite.<br \/>\n<\/span><\/p>\n<p><span style=\"color: #777777; font-family: Arial;\">Le journal \u00ab\u00a0<strong>Lib\u00e9ration\u00a0<\/strong>\u00bb posait d\u00e9j\u00e0 en 2018 la question\u00a0: &lt;<a href=\"https:\/\/www.liberation.fr\/checknews\/2018\/06\/08\/pourquoi-les-personnes-agees-votent-elles-plus-a-droite_1657269\"><span style=\"color: #0000ff;\">Pourquoi les personnes \u00e2g\u00e9es votent \u00e0 droite\u00a0?<\/span><\/a>&gt;<br \/>\n<\/span><\/p>\n<p><span style=\"color: #777777; font-family: Arial;\">La r\u00e9ponse\u00a0:<br \/>\n<\/span><\/p>\n<p style=\"margin-left: 28pt;\"><span style=\"color: #c00000; font-family: Arial;\">\u00ab\u00a0Les seniors sont plus conservateurs et attach\u00e9s \u00e0 la transmission de leur patrimoine, des valeurs traditionnellement mises en avant par la droite. [\u2026]<br \/>\n<\/span><\/p>\n<p style=\"margin-left: 28pt;\"><span style=\"color: #c00000; font-family: Arial;\">Premi\u00e8re raison : les seniors sont aussi les plus conservateurs [\u2026]<br \/>\n<\/span><\/p>\n<p style=\"margin-left: 28pt;\"><span style=\"color: #c00000; font-family: Arial;\">Deuxi\u00e8me raison: le patrimoine. Les plus \u00e2g\u00e9s sont aussi ceux qui d\u00e9tiennent le plus de patrimoine en France. [\u2026]. De fait, ils sont donc plus sensibles aux politiques proposant de diminuer les imp\u00f4ts sur la succession, faciliter les donations ou encore supprimer ou modifier l&rsquo;ISF. [\u2026]<br \/>\n<\/span><\/p>\n<p style=\"margin-left: 28pt;\"><span style=\"color: #c00000; font-family: Arial;\">Leur demande de stabilit\u00e9 est absolument centrale. Quand elle propose un report de l&rsquo;\u00e2ge l\u00e9gal pour le d\u00e9part \u00e0 la retraite (jusqu&rsquo;\u00e0 65 ans pour le candidat Jupp\u00e9), la droite rassure ainsi les seniors car cela p\u00e9rennise le syst\u00e8me et donc leurs pensions. Une logique qui vaut pour tout ce qui peut contribuer \u00e0 assurer leurs revenus &#8211; alors qu&rsquo;eux-m\u00eames ont g\u00e9n\u00e9ralement b\u00e9n\u00e9fici\u00e9 d&rsquo;une retraite \u00e0 60 ans. C&rsquo;est d&rsquo;autant plus vrai que les seniors ne paient pas les contreparties de telles r\u00e9formes, celles-ci pesant sur les actifs et le march\u00e9 du travail bien davantage que sur le niveau des pensions ou le syst\u00e8me de sant\u00e9.<br \/>\n<\/span><\/p>\n<p style=\"margin-left: 28pt;\"><span style=\"color: #c00000; font-family: Arial;\">En r\u00e9sum\u00e9, les seniors votent \u00e0 droite car ils sont plus conservateurs et attach\u00e9s \u00e0 la transmission de leur patrimoine, selon les chercheurs ayant travaill\u00e9 sur ces sujets.\u00a0\u00bb<\/span><\/p>\n<p><img loading=\"lazy\" decoding=\"async\" class=\"alignleft\" src=\"https:\/\/lemotdujour.fr\/wp-content\/uploads\/2022\/07\/063022_2259_Vendredi1ju10.jpg\" alt=\"\" width=\"479\" height=\"330\" align=\"left\" \/><\/p>\n<p><span style=\"color: #777777; font-family: Arial;\">Je r\u00e9sumerai ainsi cette analyse\u00a0: les vieux votent majoritairement \u00e0 droite, parce que majoritairement c&rsquo;est leur int\u00e9r\u00eat.<\/span><\/p>\n<p><span style=\"color: #777777; font-family: Arial;\">Et pour r\u00e9gler cela pacifiquement et intelligemment il faut tout simplement que les jeunes qui restent plus nombreux dans notre soci\u00e9t\u00e9 comme le montre les camemberts publi\u00e9s, ne doivent pas laisser faire, s&rsquo;ils ne sont pas d&rsquo;accord, en allant voter.<\/span><\/p>\n<p><span style=\"color: #777777; font-family: Arial;\">\u00a0<\/span><span style=\"color: maroon; font-family: Arial;\">&lt;1694&gt;<\/span><\/p>\n","protected":false},"excerpt":{"rendered":"<p>\u00ab\u00a0Tous les vieux fourneaux prennent les jeunots pour des cons.\u00a0\u00bb Georges Brassens \u00ab\u00a0Le Temps ne fait rien \u00e0 l&rsquo;affaire.\u00a0\u00bb Aujourd&rsquo;hui, je voudrais parler du r\u00f4le des vieux dans notre soci\u00e9t\u00e9. Pour agr\u00e9menter ce sujet aust\u00e8re, j&rsquo;ai d\u00e9cid\u00e9 de l&rsquo;enrichir de<\/p>\n","protected":false},"author":1,"featured_media":0,"comment_status":"open","ping_status":"closed","sticky":false,"template":"","format":"standard","meta":{"footnotes":""},"categories":[1],"tags":[167,141,15,11],"class_list":["post-13716","post","type-post","status-publish","format-standard","hentry","category-motdujour","tag-bande-dessinee","tag-elections","tag-france","tag-sociologie"],"_links":{"self":[{"href":"https:\/\/lemotdujour.fr\/index.php?rest_route=\/wp\/v2\/posts\/13716","targetHints":{"allow":["GET"]}}],"collection":[{"href":"https:\/\/lemotdujour.fr\/index.php?rest_route=\/wp\/v2\/posts"}],"about":[{"href":"https:\/\/lemotdujour.fr\/index.php?rest_route=\/wp\/v2\/types\/post"}],"author":[{"embeddable":true,"href":"https:\/\/lemotdujour.fr\/index.php?rest_route=\/wp\/v2\/users\/1"}],"replies":[{"embeddable":true,"href":"https:\/\/lemotdujour.fr\/index.php?rest_route=%2Fwp%2Fv2%2Fcomments&post=13716"}],"version-history":[{"count":9,"href":"https:\/\/lemotdujour.fr\/index.php?rest_route=\/wp\/v2\/posts\/13716\/revisions"}],"predecessor-version":[{"id":13737,"href":"https:\/\/lemotdujour.fr\/index.php?rest_route=\/wp\/v2\/posts\/13716\/revisions\/13737"}],"wp:attachment":[{"href":"https:\/\/lemotdujour.fr\/index.php?rest_route=%2Fwp%2Fv2%2Fmedia&parent=13716"}],"wp:term":[{"taxonomy":"category","embeddable":true,"href":"https:\/\/lemotdujour.fr\/index.php?rest_route=%2Fwp%2Fv2%2Fcategories&post=13716"},{"taxonomy":"post_tag","embeddable":true,"href":"https:\/\/lemotdujour.fr\/index.php?rest_route=%2Fwp%2Fv2%2Ftags&post=13716"}],"curies":[{"name":"wp","href":"https:\/\/api.w.org\/{rel}","templated":true}]}}