{"id":13699,"date":"2022-06-30T00:14:00","date_gmt":"2022-06-29T22:14:00","guid":{"rendered":"https:\/\/lemotdujour.fr\/?p=13699"},"modified":"2022-06-30T00:16:08","modified_gmt":"2022-06-29T22:16:08","slug":"jeudi-30-juin-2022","status":"publish","type":"post","link":"https:\/\/lemotdujour.fr\/?p=13699","title":{"rendered":"Jeudi 30 juin 2022"},"content":{"rendered":"<div class=\"mdjTexte\">\u00ab\u00a0Je suis hyper \u00e9mue d&rsquo;avoir v\u00e9cu cette exp\u00e9rience, de m&rsquo;\u00eatre fait prendre dans cette rivi\u00e8re-l\u00e0.\u00a0\u00bb<\/div>\n<div class=\"mdjAuteur\">Aur\u00e9lie Sylvestre \u00e9pouse de Matthieu assassin\u00e9 au Bataclan le 13 novembre 2015<\/div>\n<p><span style=\"color: #777777; font-family: Arial;\">Ce fut le plus long proc\u00e8s criminel de la France de l&rsquo;apr\u00e8s-guerre\u00a0: Apr\u00e8s neuf mois d&rsquo;audiences hors norme, les cinq magistrats de la cour d&rsquo;assises sp\u00e9ciale ont rendu leur d\u00e9cision contre les vingt personnes (dont six \u00ab jug\u00e9es en absence \u00bb) accus\u00e9es d&rsquo;avoir particip\u00e9 aux attentats du 13 novembre<br \/>\n<\/span><\/p>\n<p><span style=\"color: #777777; font-family: Arial;\">\u00ab\u00a0<strong>Lib\u00e9ration\u00a0<\/strong>\u00bb parle d&rsquo;un \u00ab\u00a0<\/span><span style=\"font-family: Arial; color: #0000ff;\"><a style=\"color: #0000ff;\" href=\"https:\/\/www.liberation.fr\/societe\/police-justice\/13-novembre-un-verdict-pour-lhistoire-20220629_RHA6TP3SOZGHHN7IVMZQB6MZAU\/\">verdict pour l&rsquo;Histoire\u00a0<\/a><\/span><span style=\"color: #777777; font-family: Arial;\">\u00bb en narrant l&rsquo;ensemble des peines prononc\u00e9es<br \/>\n<\/span><\/p>\n<p style=\"text-align: left;\"><img decoding=\"async\" class=\"alignleft\" src=\"https:\/\/lemotdujour.fr\/wp-content\/uploads\/2022\/06\/062922_2114_Jeudi30juin1.png\" alt=\"\" align=\"left\" \/><span style=\"color: #777777; font-family: Arial;\">Hier le journal publiait en Une : \u00ab\u00a0<strong>L&rsquo;humanit\u00e9 a gagn\u00e9<\/strong>\u00a0\u00bb<br \/>\n<\/span><\/p>\n<p><span style=\"color: #777777; font-family: Arial;\">Nous autres fran\u00e7ais sommes souvent critiques sur notre pays, mais je crois que pour ce proc\u00e8s nous pouvons \u00eatre fier.<br \/>\n<\/span><\/p>\n<p><span style=\"color: #777777; font-family: Arial;\">Les am\u00e9ricains n&rsquo;ont pas su le faire, ils ont invent\u00e9 Guantanamo et n&rsquo;ont pas su mettre en pratique un proc\u00e8s digne de l&rsquo;\u00e9tat de droit et d&rsquo;une d\u00e9mocratie lib\u00e9rale.<br \/>\n<\/span><\/p>\n<p><span style=\"color: #777777; font-family: Arial;\">Le <strong>Un Hebdo<\/strong> a aussi consacr\u00e9 le num\u00e9ro de cette semaine \u00e0 ce proc\u00e8s\u00a0: \u00ab\u00a0<strong>Je ne suis plus victime, je suis un survivant\u00a0<\/strong>\u00bb<br \/>\n<\/span><\/p>\n<p><span style=\"color: #777777; font-family: Arial;\">Et dans ce num\u00e9ro, l&rsquo;\u00e9crivain <strong>Robert Sol\u00e9<\/strong> interroge le mot \u00ab\u00a0Partie civile\u00a0\u00bb<br \/>\n<\/span><\/p>\n<p style=\"margin-left: 28pt;\"><span style=\"color: #c00000; font-family: Arial;\">\u00ab \u00c0 l&rsquo;ouverture de ce proc\u00e8s hors norme, ils \u00e9taient d\u00e9j\u00e0 1800. Par la suite, quelque 700 autres rescap\u00e9s, bless\u00e9s ou proches des victimes se sont \u00e9galement constitu\u00e9s partie civile pour avoir subi, eux aussi, un pr\u00e9judice corporel, mat\u00e9riel ou moral ce funeste 13 novembre 2015.<br \/>\n<\/span><\/p>\n<p style=\"margin-left: 28pt;\"><span style=\"color: #c00000; font-family: Arial;\"><img loading=\"lazy\" decoding=\"async\" class=\"wp-image-13701 alignright\" src=\"https:\/\/lemotdujour.fr\/wp-content\/uploads\/2022\/06\/Le-Bataclan-Le-Un.png\" alt=\"\" width=\"282\" height=\"415\" srcset=\"https:\/\/lemotdujour.fr\/wp-content\/uploads\/2022\/06\/Le-Bataclan-Le-Un.png 413w, https:\/\/lemotdujour.fr\/wp-content\/uploads\/2022\/06\/Le-Bataclan-Le-Un-204x300.png 204w\" sizes=\"auto, (max-width: 282px) 100vw, 282px\" \/>Un proc\u00e8s p\u00e9nal oppose l&rsquo;accus\u00e9 au minist\u00e8re public. Cependant, un troisi\u00e8me acteur s&rsquo;est introduit peu \u00e0 peu dans le pr\u00e9toire, sans se limiter \u00e0 un strapontin : devenue \u00ab partie au proc\u00e8s \u00bb, la victime b\u00e9n\u00e9ficie de droits croissants, notamment celui de pouvoir s&rsquo;exprimer \u00e0 l&rsquo;audience.<br \/>\n<\/span><\/p>\n<p style=\"margin-left: 28pt;\"><span style=\"color: #c00000; font-family: Arial;\">Des juristes contestent cette \u00e9volution, estimant qu&rsquo;un \u00ab parquet bis \u00bb vient porter atteinte \u00e0 l&rsquo;\u00e9quilibre entre l&rsquo;accusation et la d\u00e9fense. Mais on peut se demander ce qu&rsquo;aurait \u00e9t\u00e9 le \u00ab proc\u00e8s du Bataclan \u00bb sans les t\u00e9moignages bouleversants de ces hommes et de ces femmes, frapp\u00e9s par la foudre il y a six ans : ceux qui s&rsquo;\u00e9taient interdit de pleurer\u2005; ceux qui se sont adress\u00e9s sans haine aux accus\u00e9s\u2005; ceux qui ne se pardonnent pas d&rsquo;\u00eatre vivants\u2026<br \/>\n<\/span><\/p>\n<p style=\"margin-left: 28pt;\"><span style=\"color: #c00000; font-family: Arial;\">Chaque drame est unique, \u00ab mais il y a dans cette salle des mains qui se touchent, des familles qui s&rsquo;\u00e9treignent, des amis qui se r\u00e9confortent \u00bb, disait \u00e0 la barre <strong>Aur\u00e9lie<\/strong>, une \u00ab partie civile \u00bb qui a perdu son compagnon dans le massacre, alors qu&rsquo;elle \u00e9tait enceinte et m\u00e8re d&rsquo;un enfant de trois ans. \u00ab <strong>Il y a ici tout ce qui faisait de nous une cible : l&rsquo;ouverture \u00e0 l&rsquo;autre, la capacit\u00e9 d&rsquo;aimer, de r\u00e9fl\u00e9chir, de partager, et c&rsquo;est incroyable de constater qu&rsquo;au milieu de tout ce qui s&rsquo;est cass\u00e9 pour nous ce soir-l\u00e0, ce truc-l\u00e0 est rest\u00e9 intact.<\/strong> \u00bb<br \/>\n<\/span><\/p>\n<p style=\"margin-left: 28pt;\"><span style=\"color: #c00000; font-family: Arial;\">En l&rsquo;entendant, on se disait que le terme glacial de \u00ab partie civile \u00bb \u00e9tait bien mal adapt\u00e9 \u00e0 tant de douleurs, de larmes et d&rsquo;humanit\u00e9.\u00a0\u00bb<br \/>\n<\/span><\/p>\n<p><span style=\"color: #777777; font-family: Arial;\">Aur\u00e9lie, c&rsquo;est <strong>Aur\u00e9lie Sylvestre<\/strong> qui a perdu son compagnon <strong>Matthieu Giroud <\/strong>au Bataclan alors qu&rsquo;elle \u00e9tait enceinte de leur deuxi\u00e8me enfant. Son t\u00e9moignage puissant et plein d&rsquo;humanit\u00e9 lors du proc\u00e8s a marqu\u00e9 beaucoup de monde et a \u00e9t\u00e9 relay\u00e9 massivement dans les m\u00e9dias et sur les r\u00e9seaux sociaux.<br \/>\n<\/span><\/p>\n<p><span style=\"color: #777777; font-family: Arial;\">Le <span style=\"color: #0000ff;\">&lt;<a style=\"color: #0000ff;\" href=\"https:\/\/lemotdujour.fr\/?p=13086\">mot du jour du 8 f\u00e9vrier 2022<\/a><\/span>&gt; avait \u00e9t\u00e9 consacr\u00e9 \u00e0 ce moment.<br \/>\n<\/span><\/p>\n<p><span style=\"color: #777777; font-family: Arial;\">A la veille du verdict, \u00ab\u00a0Lib\u00e9ration\u00a0\u00bb est all\u00e9 l&rsquo;interviewer\u00a0: \u00ab<a href=\"https:\/\/www.liberation.fr\/societe\/police-justice\/proces-du-13-novembre-plus-tu-touches-a-lintime-et-a-la-sincerite-plus-tu-es-universel-20220628_O542KXTKWFGK3DARYGUU4YHNAM\/\"><span style=\"color: #0000ff;\">Plus tu touches \u00e0 l&rsquo;intime et \u00e0 la sinc\u00e9rit\u00e9, plus tu es universel.<\/span><\/a> \u00bb<br \/>\n<\/span><\/p>\n<p style=\"margin-left: 28pt;\"><span style=\"color: #c00000; font-family: Arial;\">\u00ab\u00a0Je me souviens du premier jour, quand le pr\u00e9sident de la cour a lu la liste des victimes des attentats, tous ces noms \u00e9gren\u00e9s\u2009: on convoquait les fant\u00f4mes. Et puis, dans la salle, il y avait toutes les autres parties civiles, moi qui avais v\u00e9cu compl\u00e9ment recroquevill\u00e9e sur mon chagrin, j&rsquo;ai vu tous ces gens et j&rsquo;ai pens\u00e9\u2009: \u00ab\u00a0<strong>On a tous \u00e9t\u00e9 br\u00fbl\u00e9s \u00e0 la m\u00eame flamme.<\/strong>\u00a0\u00bb\u00a0\u00bb<br \/>\n<\/span><\/p>\n<p><span style=\"color: #777777; font-family: Arial;\">Toutes les parties civiles, ce n&rsquo;est pas un beau mot, mais il permet d&rsquo;inclure la communaut\u00e9 de celles et ceux qui sont victimes ou parents de victimes de cet attentat, ont racont\u00e9 peu ou prou la m\u00eame chose\u00a0: ils ont fait de merveilleuses rencontres au cours de ce proc\u00e8s qui leur a fait du bien<br \/>\n<\/span><\/p>\n<p><img decoding=\"async\" class=\"alignleft\" src=\"https:\/\/lemotdujour.fr\/wp-content\/uploads\/2022\/06\/062922_2114_Jeudi30juin2.jpg\" alt=\"\" align=\"left\" \/><span style=\"color: #777777; font-family: Arial;\">Aur\u00e9lie Sylvestre le dit ainsi\u00a0:<br \/>\n<\/span><\/p>\n<p style=\"margin-left: 28pt;\"><span style=\"color: #c00000; font-family: Arial;\">\u00ab Pendant six ans, j&rsquo;ai n\u00e9glig\u00e9 mon traumatisme. Epuiser le r\u00e9cit de cette nuit-l\u00e0, rencontrer d&rsquo;autres personnes qui ont v\u00e9cu \u00e7a, a vraiment eu une vertu. Oui, ce proc\u00e8s nous r\u00e9pare, je le d\u00e9couvre. Et je trouve important de le dire. On a tous chemin\u00e9 dans cette salle : les accus\u00e9s, les avocats, les parties civiles\u2026 On n&rsquo;est plus du tout au m\u00eame endroit qu&rsquo;en septembre<strong>. Je suis hyper \u00e9mue d&rsquo;avoir v\u00e9cu cette exp\u00e9rience, de m&rsquo;\u00eatre fait prendre dans cette rivi\u00e8re-l\u00e0<\/strong>.<br \/>\n[\u2026] La femme que j&rsquo;\u00e9tais vraiment a explos\u00e9 la nuit du 13 Novembre. Pendant six ans, j&rsquo;ai eu l&rsquo;impression d&rsquo;avoir ramass\u00e9 mes petits morceaux de moi. Avec ce proc\u00e8s, j&rsquo;ai pu rassembler ces d\u00e9bris et sculpter, r\u00e9animer la femme que j&rsquo;\u00e9tais avant. Ces dix mois, \u00e0 la fois tr\u00e8s longs et tr\u00e8s courts, ont \u00e9t\u00e9 une avanc\u00e9e spectaculaire. Cela m&rsquo;a permis de m\u00e9taboliser mon drame. J&rsquo;ai pourtant longtemps cru qu&rsquo;il fallait que je me trouve ailleurs, comme disait Marguerite Yourcenar. Il fallait tout ce temps-l\u00e0. Il fallait six ans et dix mois pour me retrouver. Je vais tourner une \u00e9norme page, et apr\u00e8s \u00e7a, la vie recommencera. C&rsquo;est s\u00fbr, il y aura un apr\u00e8s. \u00bb<br \/>\n<\/span><\/p>\n<p><span style=\"color: #777777; font-family: Arial;\">R\u00e9pondre \u00e0 la barbarie par de l&rsquo;humanit\u00e9, c&rsquo;est ce qui honore une civilisation.<\/span><\/p>\n<p><span style=\"color: #800000;\">&lt;1693&gt;<\/span><\/p>\n","protected":false},"excerpt":{"rendered":"<p>\u00ab\u00a0Je suis hyper \u00e9mue d&rsquo;avoir v\u00e9cu cette exp\u00e9rience, de m&rsquo;\u00eatre fait prendre dans cette rivi\u00e8re-l\u00e0.\u00a0\u00bb Aur\u00e9lie Sylvestre \u00e9pouse de Matthieu assassin\u00e9 au Bataclan le 13 novembre 2015 Ce fut le plus long proc\u00e8s criminel de la France de l&rsquo;apr\u00e8s-guerre\u00a0: Apr\u00e8s<\/p>\n","protected":false},"author":1,"featured_media":0,"comment_status":"open","ping_status":"closed","sticky":false,"template":"","format":"standard","meta":{"footnotes":""},"categories":[1],"tags":[15,54,51],"class_list":["post-13699","post","type-post","status-publish","format-standard","hentry","category-motdujour","tag-france","tag-humanisme","tag-justice"],"_links":{"self":[{"href":"https:\/\/lemotdujour.fr\/index.php?rest_route=\/wp\/v2\/posts\/13699","targetHints":{"allow":["GET"]}}],"collection":[{"href":"https:\/\/lemotdujour.fr\/index.php?rest_route=\/wp\/v2\/posts"}],"about":[{"href":"https:\/\/lemotdujour.fr\/index.php?rest_route=\/wp\/v2\/types\/post"}],"author":[{"embeddable":true,"href":"https:\/\/lemotdujour.fr\/index.php?rest_route=\/wp\/v2\/users\/1"}],"replies":[{"embeddable":true,"href":"https:\/\/lemotdujour.fr\/index.php?rest_route=%2Fwp%2Fv2%2Fcomments&post=13699"}],"version-history":[{"count":4,"href":"https:\/\/lemotdujour.fr\/index.php?rest_route=\/wp\/v2\/posts\/13699\/revisions"}],"predecessor-version":[{"id":13707,"href":"https:\/\/lemotdujour.fr\/index.php?rest_route=\/wp\/v2\/posts\/13699\/revisions\/13707"}],"wp:attachment":[{"href":"https:\/\/lemotdujour.fr\/index.php?rest_route=%2Fwp%2Fv2%2Fmedia&parent=13699"}],"wp:term":[{"taxonomy":"category","embeddable":true,"href":"https:\/\/lemotdujour.fr\/index.php?rest_route=%2Fwp%2Fv2%2Fcategories&post=13699"},{"taxonomy":"post_tag","embeddable":true,"href":"https:\/\/lemotdujour.fr\/index.php?rest_route=%2Fwp%2Fv2%2Ftags&post=13699"}],"curies":[{"name":"wp","href":"https:\/\/api.w.org\/{rel}","templated":true}]}}