{"id":1368,"date":"2016-06-17T02:00:00","date_gmt":"2016-06-16T22:00:00","guid":{"rendered":"http:\/\/lemotdujour.fr\/?p=1368"},"modified":"2021-09-26T21:00:58","modified_gmt":"2021-09-26T19:00:58","slug":"vendredi-17-juin-2016","status":"publish","type":"post","link":"https:\/\/lemotdujour.fr\/?p=1368","title":{"rendered":"Vendredi 17 Juin 2016"},"content":{"rendered":"<div class=\"mdjTexte\">\t\u00abLes tisserands : r\u00e9parer ensemble le tissu d\u00e9chir\u00e9 du monde\u00bb<\/div>\n<div class=\"mdjAuteur\">\tAbdennour Bidar<\/div>\n<p><span style=\"color: #777777; font-family: Arial;\">Abdennour Bidar avait \u00e9t\u00e9 \u00e9voqu\u00e9 lors du mot du jour du 14 octobre 2014 : \u00abUne religion tyrannique, dogmatique, litt\u00e9raliste, formaliste, machiste, conservatrice, r\u00e9gressive \u2013 est trop souvent l&rsquo;islam ordinaire\u00bb, c&rsquo;\u00e9tait ce qu&rsquo;il \u00e9crivait dans sa &lt;<a href=\"https:\/\/www.marianne.net\/agora\/tribunes-libres\/lettre-ouverte-au-monde-musulman\"><span style=\"color: blue; text-decoration: underline;\">Lettre ouverte au monde musulman<\/span><\/a><a href=\"http:\/\/www.marianne.net\/Lettre-ouverte-au-monde-musulman_a241765.html\"><span style=\"color: blue; text-decoration: underline;\">&gt;<\/span><\/a><br \/>\n<\/span><\/p>\n<p><span style=\"color: #777777; font-family: Arial;\">C&rsquo;est dans l&rsquo;\u00e9mission <a href=\"http:\/\/www.franceinter.fr\/emission-agora-un-euro-pour-gagner-quoi\"><span style=\"color: blue; text-decoration: underline;\">AGORA<\/span><\/a> que j&rsquo;ai entendu Abdennour Bidar parler de son nouveau livre <a href=\"http:\/\/livre.fnac.com\/a9550108\/Abdennour-Bidar-Les-tisserands\"><span style=\"color: blue; text-decoration: underline;\">\u00abLes tisserands : r\u00e9parer ensemble le tissu d\u00e9chir\u00e9 du monde\u00bb<\/span><\/a><br \/>\n<\/span><\/p>\n<p><span style=\"color: #777777; font-family: Arial;\">Et puis il y a cet entretien dans LIBE : <a href=\"http:\/\/www.liberation.fr\/debats\/2016\/05\/05\/abdennour-bidar-j-en-ai-marre-de-parler-du-voile_1450742\"><span style=\"color: blue; text-decoration: underline;\">&lt;abdennour-bidar-J&rsquo;en ai marre de parler du voile&gt; <\/span><\/a><br \/>\n<\/span><\/p>\n<p><span style=\"color: #777777; font-family: Arial;\">Avec son dernier livre, \u00ables Tisserands\u00bb, le philosophe Abdennour Bidar met en lumi\u00e8re ceux qui, partout en France, travaillent \u00e0 la recomposition des liens d&rsquo;une soci\u00e9t\u00e9 atomis\u00e9e. [\u2026].<br \/>\n<\/span><\/p>\n<p><span style=\"color: #777777; font-family: Arial;\">Depuis qu&rsquo;il a \u00e9crit sa Lettre ouverte au monde musulman, en octobre 2014, Bidar est devenu le philosophe d&rsquo;une soci\u00e9t\u00e9 qui se d\u00e9chire autour de questions soci\u00e9tales ou religieuses, ethniques ou philosophiques et qui parfois se concentre caricaturalement sur un mot, un objet agit\u00e9 p\u00e9riodiquement : le voile. Il voudrait ne plus entendre parler de ce morceau de tissu, et tente de passer \u00e0 autre chose : les Tisserands. Titre de son dernier ouvrage qui para\u00eet, logiquement, aux \u00e9ditions Les liens qui lib\u00e8rent. \u00abTisserand\u00bb, le terme d\u00e9signe ces citoyens qui agissent un peu partout en France pour reconstruire des relations dans une soci\u00e9t\u00e9 ab\u00eem\u00e9e par une crise qui n&rsquo;en finit pas. A l&rsquo;expression de \u00abCultural Creatives\u00bb (1), groupe social invent\u00e9 par le sociologue am\u00e9ricain Paul Ray et la psychologue Sherry Anderson, Abdennour Bidar pr\u00e9f\u00e8re l&rsquo;image de ces artisans qui repr\u00e9senteraient en France 17 % de la population.<br \/>\n<\/span><\/p>\n<p style=\"margin-left: 28pt;\"><span style=\"color: #c00000; font-family: Arial;\">\u00abQu&rsquo;est-ce qui peut relier sans ali\u00e9ner ? C&rsquo;est pr\u00e9cis\u00e9ment la vie reli\u00e9e qui passe parce que j&rsquo;appelle le \u00abTriple Lien\u00bb : \u00e0 soi, aux autres et \u00e0 la nature. Le lien \u00e0 l&rsquo;autre peut se cultiver dans la totalit\u00e9 de nos engagements sociaux, que ce soit au sein d&rsquo;associations comme Primavera que je vais voir \u00e0 Uz\u00e8s, que ce soit \u00e0 l&rsquo;\u00e9cole comme professeur, parents d&rsquo;\u00e9l\u00e8ve, ou \u00e9l\u00e8ve, que ce soit au travail ou dans l&rsquo;espace culturel. J&rsquo;ai voulu mettre l&rsquo;accent sur ceux qui retricotent ce lien social et culturel \u00e0 des toutes petites \u00e9chelles, avec des buts tr\u00e8s modestes. Faire que la communaut\u00e9 turque ou maghr\u00e9bine discute \u00e0 nouveau avec les bourgeois du centre-ville. Ces gens existent partout en France : vous en tant que journalistes, le commer\u00e7ant, le professeur. Tous ces gens qui s&rsquo;engagent socialement \u00e0 partir d&rsquo;une certaine \u00e9thique du partage.\u00bb<br \/>\n<\/span><\/p>\n<p><span style=\"color: #777777; font-family: Arial;\"><em>Vous critiquez la soci\u00e9t\u00e9 individualiste et pointez un \u00absuper \u00e9go\u00efsme\u00bb ambiant. Est-ce vraiment le probl\u00e8me quand on constate que les soci\u00e9t\u00e9s arabo-musulmanes souffrent justement du peu de place accord\u00e9e \u00e0 la libert\u00e9 individuelle ?<\/em><br \/>\n<\/span><\/p>\n<p style=\"margin-left: 28pt;\"><span style=\"color: #c00000; font-family: Arial;\">\u00abC&rsquo;est juste. D&rsquo;un c\u00f4t\u00e9, il y a l&rsquo;individualisme de nos soci\u00e9t\u00e9s et de l&rsquo;autre, l&rsquo;enfermement dans une id\u00e9ologie religieuse. Il reste \u00e0 faire le trajet vers l&rsquo;\u00e9mancipation de l&rsquo;individu et l&rsquo;affirmation de la libert\u00e9 de conscience qui a comme traduction politique la d\u00e9mocratie ou le r\u00e8gne d&rsquo;un pluralisme politique. Cela dit, j&rsquo;ai l&rsquo;impression de me retrouver entre deux extr\u00eames avec d&rsquo;un c\u00f4t\u00e9 des individus hyperatomis\u00e9s qui doivent r\u00e9inventer ce que l&rsquo;on appelle du vivre ensemble, et de l&rsquo;autre c\u00f4t\u00e9, quelque chose de commun tr\u00e8s fort, mais qui a pour prix l&rsquo;ali\u00e9nation des individus. Yadh Ben Achour (2) parle de \u00abl&rsquo;orthodoxie de masse\u00bb. La grande \u00e9quation contemporaine est : \u00abComment \u00eatre libre ensemble\u00bb. Les liens que nous tissons entre nous doivent pr\u00e9cis\u00e9ment alimenter notre libert\u00e9. C&rsquo;est l&rsquo;obstacle devant lequel nous sommes.\u00bb[\u2026]<br \/>\n<\/span><\/p>\n<p><span style=\"color: #777777; font-family: Arial;\"><em>Vous \u00eates tr\u00e8s s\u00e9v\u00e8re envers les politiques. Tous les politiques ont-ils failli ?<\/em><br \/>\n<\/span><\/p>\n<p style=\"margin-left: 28pt;\"><span style=\"color: #c00000; font-family: Arial;\">\u00abJe cherche un projet de soci\u00e9t\u00e9 qui porte les aspirations des peuples et je n&rsquo;en vois pas. Regardez Nuit debout, il y a de l&rsquo;envie et aucune proposition politique capable de repr\u00e9senter un horizon d&rsquo;esp\u00e9rance, de donner un sens \u00e0 la vie collective, qui exalte l&rsquo;individu. Cet \u00e9chec n&rsquo;est pas d\u00fb \u00e0 la m\u00e9diocrit\u00e9 des hommes ou des femmes politiques, il est li\u00e9 \u00e0 une \u00e9poque qui se trouve au bout de son histoire. On a besoin de se r\u00e9alimenter.\u00bb<br \/>\n<\/span><\/p>\n<p style=\"margin-left: 28pt;\"><span style=\"color: #c00000; font-family: Arial;\">C&rsquo;est ce que proposent les tisserands. Une vie moins atomis\u00e9e, une soci\u00e9t\u00e9 qui prenne conscience de l&rsquo;importance des interactions et qui retrouve du sens \u00e0 partir de la reconstruction des liens. Une soci\u00e9t\u00e9 plus \u00e9quitable, plus solidaire. Il y a dans Nuit debout cette chaleur humaine. Cela a peut-\u00eatre un c\u00f4t\u00e9 \u00abprimitif\u00bb, mais c&rsquo;est le signe d&rsquo;une \u00e9norme frustration, de la recherche d&rsquo;espace de discussion qui n&rsquo;existe pas. La langue des tisserands que j&rsquo;appelle du \u00abTriple Lien\u00bb peut parler \u00e0 tout le monde, tout en laissant chacun libre de la parler comme il l&rsquo;entend.\u00bb<em><br \/>\n<\/em><\/span><\/p>\n<p><span style=\"color: #777777; font-family: Arial;\"><em>Peut-on tisser des liens avec tout le monde ?<\/em><br \/>\n<\/span><\/p>\n<p style=\"margin-left: 28pt;\"><span style=\"color: #c00000; font-family: Arial;\">\u00abJe passe mon temps \u00e0 batailler avec l&rsquo;islam fondamentaliste. Je ne vais pas tisser des liens avec cet islam-l\u00e0. Mais il faut par ailleurs tisser assez de liens qui nous mettent \u00e0 l&rsquo;abri de cette gangr\u00e8ne. Nous devons construire une nouvelle culture de la restauration face \u00e0 la d\u00e9chirure du monde qui se manifeste par des fractures sociales ou des guerres culturelles.\u00bb<br \/>\n<\/span><\/p>\n<p><span style=\"color: #777777; font-family: Arial;\"><em>Que pensez-vous des propos de Michel Onfray sur l&rsquo;inexistence d&rsquo;un Spinoza musulman ?<\/em><br \/>\n<\/span><\/p>\n<p style=\"margin-left: 28pt;\"><span style=\"color: #c00000; font-family: Arial;\">\u00abCela veut dire qu&rsquo;il ne lit pas, c&rsquo;est dommage. Onfray devrait arr\u00eater de croire qu&rsquo;il peut avoir un magist\u00e8re intellectuel sur tout et n&rsquo;importe quoi. Je veux bien qu&rsquo;il soit la grande conscience de notre temps mais le chapeau est peut-\u00eatre un peu large.<br \/>\n<\/span><\/p>\n<p style=\"margin-left: 28pt;\"><span style=\"color: #c00000; font-family: Arial;\">Je peux lui dresser une liste de penseurs musulmans, il pourrait les lire, il serait d\u00e8s lors un peu mieux inform\u00e9 sur cette question. Nous, les penseurs musulmans libres, nous sommes ostracis\u00e9s de tous c\u00f4t\u00e9s. Ce qui me donne la force de continuer, c&rsquo;est que je vois beaucoup de musulmanes et de musulmans me dire : \u00abVous dites tout haut ce que nous pensons tout bas. Continuez.\u00bb<br \/>\n<\/span><\/p>\n<p><span style=\"color: #777777; font-family: Arial;\"><em>(1) Les Cr\u00e9atifs culturels en France, \u00e9ditions Yves Michel, 2006. Ce livre reprend une \u00e9tude analysant cette famille socioculturelle.<\/em><br \/>\n<\/span><\/p>\n<p><span style=\"color: #777777; font-family: Arial;\"><em>(2) Juriste tunisien, opposant \u00e0 Ben Ali, il a pr\u00e9sid\u00e9 la Haute Instance pour la r\u00e9alisation des objectifs de la r\u00e9volution, de la r\u00e9forme politique et de la transition d\u00e9mocratique, mise en place apr\u00e8s la \u00abr\u00e9volution du jasmin\u00bb.<\/em><br \/>\n<\/span><\/p>\n<p><span style=\"color: #777777; font-family: Arial;\">Il y a aussi cet article des Inrocks : <span style=\"color: #0000ff;\"><a style=\"color: #0000ff;\" href=\"http:\/\/www.lesinrocks.com\/2016\/04\/16\/actualite\/abdennour-bidar-propositions-politique-religieuse-demandent-a-etre-completement-reinventees-11819872\/\">&lt;Abdennour Bidar : \u00ab Les propositions politiques et religieuses demandent \u00e0 \u00eatre compl\u00e8tement r\u00e9invent\u00e9es \u00bb&gt;<\/a><\/span><br \/>\n<\/span><\/p>\n<p><img decoding=\"async\" class=\"alignleft\" src=\"https:\/\/lemotdujour.fr\/wp-content\/uploads\/2018\/08\/080818_0827_Vendredi17j1.jpg\" alt=\"\" align=\"left\"><span style=\"color: #777777; font-family: Arial;\"><em>Dans votre livre, vous \u00e9crivez que les \u00ab\u00a0traditions religieuses (sont) de moins en moins adapt\u00e9es au temps pr\u00e9sent\u00a0\u00bb. Pourquoi ?<\/em><br \/>\n<\/span><\/p>\n<p style=\"margin-left: 28pt;\"><span style=\"color: #c00000; font-family: Arial;\">\u00abAbdennour Bidar \u2013 Qui dit religion dit syst\u00e8me de croyances, c&rsquo;est-\u00e0-dire quelque chose qui a historiquement impos\u00e9 aux individus un ensemble de dogmes, de rites et une morale. C&rsquo;est la premi\u00e8re caract\u00e9ristique p\u00e9renne et universelle des religions. La seconde est le caract\u00e8re souvent clos de ces syst\u00e8mes. Les religions ont une tr\u00e8s forte puissance d&rsquo;inclusion entre les membres de la communaut\u00e9 et une puissance d&rsquo;exclusion des autres.<br \/>\n<\/span><\/p>\n<p style=\"margin-left: 28pt;\"><span style=\"color: #c00000; font-family: Arial;\">Ce sont ces deux aspects qui me semblent aujourd&rsquo;hui absolument incompatibles avec les conditions de nos soci\u00e9t\u00e9s, de nos cultures et de nos mentalit\u00e9s. La civilisation contemporaine est fond\u00e9e sur un tr\u00e8s fort principe de libert\u00e9 individuelle. Ainsi, l&rsquo;individu est tr\u00e8s r\u00e9ticent vis-\u00e0-vis de tout ce qu&rsquo;il per\u00e7oit comme une vexation de sa libert\u00e9. Et \u00e7a ne s&rsquo;applique pas seulement au domaine religieux. Dans nos soci\u00e9t\u00e9s, il y a une r\u00e9elle crise de l&rsquo;autorit\u00e9. On a de plus en plus de mal \u00e0 ob\u00e9ir \u00e0 quelque chose d&rsquo;impos\u00e9.<br \/>\n<\/span><\/p>\n<p style=\"margin-left: 28pt;\"><span style=\"color: #c00000; font-family: Arial;\">Ce qui se cherche aujourd&rsquo;hui c&rsquo;est la possibilit\u00e9 d&rsquo;\u00eatre libre ensemble. On ne prononce pas la fin du religieux mais on se demande si \u00e7a va suffire pour faire soci\u00e9t\u00e9, civilisation et sens ensemble. Car avant, chaque civilisation avait son p\u00e9rim\u00e8tre et son espace vital. Aujourd&rsquo;hui, c&rsquo;est diff\u00e9rent. Le monde est compl\u00e8tement connect\u00e9. On vit au quotidien avec des gens qui n&rsquo;ont ni la m\u00eame origine, ni la m\u00eame religion, ni la m\u00eame identit\u00e9, ou les m\u00eames convictions que nous. Les fronti\u00e8res que trace la religion posent de plus en plus de difficult\u00e9s par rapport \u00e0 ces projets de vivre ensemble.<br \/>\n<\/span><\/p>\n<p style=\"margin-left: 28pt;\"><span style=\"color: #c00000; font-family: Arial;\">Si une personne assouvit son besoin de sens par une religion qui lui fait consid\u00e9rer que son syst\u00e8me de croyance est meilleur que celui de l&rsquo;autre, cela va imposer un plafond de verre \u00e0 sa relation avec autrui. On se retrouve du coup cantonn\u00e9 \u00e0 \u00e9changer de fa\u00e7on superficielle et ext\u00e9rieure.\u00bb<br \/>\n<\/span><\/p>\n<p><span style=\"color: #777777; font-family: Arial;\"><em>Mais est-ce que le collectif ne se construit pas par d\u00e9finition en r\u00e9action \u00e0 quelque chose ? Toute mobilisation, m\u00eame celle des \u00ab\u00a0tisserands\u00a0\u00bb, n&rsquo;est-elle pas condamn\u00e9e \u00e0 exclure ?<\/em><br \/>\n<\/span><\/p>\n<p style=\"margin-left: 28pt;\"><span style=\"color: #c00000; font-family: Arial;\">\u00abLa vertu de la proposition tisserande est de donner une d\u00e9finition tr\u00e8s large \u00e0 la notion de lien. Le probl\u00e8me c&rsquo;est que nous sommes les fils des modernes, les fils de soci\u00e9t\u00e9s qui nous ont atomis\u00e9s, individualis\u00e9s et \u00e9cart\u00e9s les uns des autres. On a donc une tr\u00e8s forte aspiration \u00e0 la libert\u00e9. De plus, on a tellement vu et subi de m\u00e9saventures de \u00a0\u00bbl&rsquo;\u00eatre ensemble\u00a0\u00bb qu&rsquo;on est devenu incr\u00e9dule face \u00e0 la r\u00e9ussite d&rsquo;un collectif qui ne nous fait pas entrer dans un syst\u00e8me d&rsquo;endoctrinement. En r\u00e9alit\u00e9, il y a une multitude de fa\u00e7ons d&rsquo;\u00eatre \u00a0\u00bbtisserand\u00a0\u00bb.<br \/>\n<\/span><\/p>\n<p style=\"margin-left: 28pt;\"><span style=\"color: #c00000; font-family: Arial;\">Pour cr\u00e9er un lien, il faut \u00eatre deux. Si j&rsquo;ai affaire \u00e0 quelqu&rsquo;un dont la croyance religieuse m&rsquo;exclut et me d\u00e9valorise, \u00e9videmment \u00e7a ne va pas. Le lien entre nous sera alors abstrait puisqu&rsquo;il n&rsquo;est pas possible de s&rsquo;entendre avec une personne qui ne vous reconna\u00eet pas un droit \u00e9gal \u00e0 d\u00e9velopper votre propre vision du monde. Mais si je rencontre une personne croyante mais non pros\u00e9lyte, alors le partage devient possible.<br \/>\n<\/span><\/p>\n<p style=\"margin-left: 28pt;\"><span style=\"color: #c00000; font-family: Arial;\">La vie \u00a0\u00bbtisserande\u00a0\u00bb repose sur de bonnes volont\u00e9s et la tol\u00e9rance. Les tisserands sont des gens qui se disent : \u00a0\u00bbTu nourris ta vie comme tu l&rsquo;entends, moi \u00e9galement, mais on se retrouve dans cette conviction qu&rsquo;il faut d\u00e9velopper un lien de qualit\u00e9 avec autrui\u00a0\u00bb. Les tisserands renoncent au pr\u00e9jug\u00e9 selon lequel on d\u00e9tient la v\u00e9rit\u00e9. C&rsquo;est une sorte d&rsquo;humanisme.\u00bb [\u2026]<br \/>\n<\/span><\/p>\n<p><span style=\"color: #777777; font-family: Arial;\"><em>Vous affirmez dans les Tisserands&rsquo; votre refus de la figure du ma\u00eetre et du directeur de conscience. Mais comment la jeunesse peut se former si elle n&rsquo;est pas guid\u00e9e ?<\/em><br \/>\n<\/span><\/p>\n<p style=\"margin-left: 28pt;\"><span style=\"color: #c00000; font-family: Arial;\">\u00abL&rsquo;\u00e9cole. Elle a \u00e9t\u00e9 invent\u00e9e paradoxalement \u00e0 la place des ma\u00eetres. Son r\u00f4le est de mettre l&rsquo;individu en situation d&rsquo;\u00eatre libre et autonome. L&rsquo;\u00e9cole doit apprendre \u00e0 l&rsquo;individu \u00e0 cultiver le lien \u00e0 soi, ce que fait la philosophie par exemple, et \u00e0 se questionner. Elle doit aussi lui apprendre \u00e0 cultiver le lien \u00e0 l&rsquo;autre. En faisant \u00e7a, elle propose une p\u00e9dagogie de la libert\u00e9. Gr\u00e2ce \u00e0 cet apprentissage, on acc\u00e8de au fameux \u00a0\u00bblibre-ensemble\u00a0\u00bb dans des espaces sociaux dans lesquels on peut discuter de questionnements existentiels et fondamentaux. C&rsquo;est exactement ce que fait Nuit debout. Les assembl\u00e9es comme Nuit debout sont le rem\u00e8de pour s&rsquo;extirper de l&rsquo;alternative ferm\u00e9e : \u00a0\u00bbsoit j&rsquo;ai des maitres soit je me retrouve seul\u00a0\u00bb.<br \/>\n<\/span><\/p>\n<p style=\"margin-left: 28pt;\"><span style=\"color: #c00000; font-family: Arial;\">Il faut promouvoir et encourager tous les nouveaux espaces o\u00f9 l&rsquo;on va se rasseoir pour discuter ensemble sur la meilleure fa\u00e7on de redonner du sens \u00e0 nos vies. Les ma\u00eetres sont inutiles car on est dans un si\u00e8cle d&rsquo;irr\u00e9m\u00e9diable \u00e9galit\u00e9. Du moins je l&rsquo;esp\u00e8re. On se dirige vers des soci\u00e9t\u00e9s o\u00f9 il y aura de moins en moins de relations hi\u00e9rarchiques entre les hommes.\u00bb<br \/>\n<\/span><\/p>\n<p><span style=\"color: #777777; font-family: Arial;\">Cr\u00e9er des liens \u00e0 soi, aux autres et \u00e0 la nature pour r\u00e9parer ensemble le tissu d\u00e9chir\u00e9 du monde, quelle belle image !<br \/>\n<\/span><\/p>\n<p><span style=\"color: #777777; font-family: Arial;\">Ce livre qui a pour ambition de relier les relieurs, me semble poursuivre un objectif n\u00e9cessaire \u00e0 notre temps.<br \/>\n<\/span><\/p>\n<p><span style=\"color: #800000;\">&lt;724&gt;<\/span><\/p>\n","protected":false},"excerpt":{"rendered":"<p>\u00abLes tisserands : r\u00e9parer ensemble le tissu d\u00e9chir\u00e9 du monde\u00bb Abdennour Bidar Abdennour Bidar avait \u00e9t\u00e9 \u00e9voqu\u00e9 lors du mot du jour du 14 octobre 2014 : \u00abUne religion tyrannique, dogmatique, litt\u00e9raliste, formaliste, machiste, conservatrice, r\u00e9gressive \u2013 est trop souvent<\/p>\n","protected":false},"author":1,"featured_media":0,"comment_status":"closed","ping_status":"closed","sticky":false,"template":"","format":"standard","meta":{"footnotes":""},"categories":[1],"tags":[54,86,7],"class_list":["post-1368","post","type-post","status-publish","format-standard","hentry","category-motdujour","tag-humanisme","tag-islam","tag-societe"],"_links":{"self":[{"href":"https:\/\/lemotdujour.fr\/index.php?rest_route=\/wp\/v2\/posts\/1368","targetHints":{"allow":["GET"]}}],"collection":[{"href":"https:\/\/lemotdujour.fr\/index.php?rest_route=\/wp\/v2\/posts"}],"about":[{"href":"https:\/\/lemotdujour.fr\/index.php?rest_route=\/wp\/v2\/types\/post"}],"author":[{"embeddable":true,"href":"https:\/\/lemotdujour.fr\/index.php?rest_route=\/wp\/v2\/users\/1"}],"replies":[{"embeddable":true,"href":"https:\/\/lemotdujour.fr\/index.php?rest_route=%2Fwp%2Fv2%2Fcomments&post=1368"}],"version-history":[{"count":6,"href":"https:\/\/lemotdujour.fr\/index.php?rest_route=\/wp\/v2\/posts\/1368\/revisions"}],"predecessor-version":[{"id":12156,"href":"https:\/\/lemotdujour.fr\/index.php?rest_route=\/wp\/v2\/posts\/1368\/revisions\/12156"}],"wp:attachment":[{"href":"https:\/\/lemotdujour.fr\/index.php?rest_route=%2Fwp%2Fv2%2Fmedia&parent=1368"}],"wp:term":[{"taxonomy":"category","embeddable":true,"href":"https:\/\/lemotdujour.fr\/index.php?rest_route=%2Fwp%2Fv2%2Fcategories&post=1368"},{"taxonomy":"post_tag","embeddable":true,"href":"https:\/\/lemotdujour.fr\/index.php?rest_route=%2Fwp%2Fv2%2Ftags&post=1368"}],"curies":[{"name":"wp","href":"https:\/\/api.w.org\/{rel}","templated":true}]}}