{"id":13677,"date":"2022-06-29T00:02:00","date_gmt":"2022-06-28T22:02:00","guid":{"rendered":"https:\/\/lemotdujour.fr\/?p=13677"},"modified":"2022-06-30T00:15:44","modified_gmt":"2022-06-29T22:15:44","slug":"mercredi-29-juin-2022","status":"publish","type":"post","link":"https:\/\/lemotdujour.fr\/?p=13677","title":{"rendered":"Mercredi 29 juin 2022"},"content":{"rendered":"<div class=\"mdjTexte\">\u00ab\u00a0Faire de la chute, un pas de danse, faire de la peur, un escalier.\u00a0\u00bb<\/div>\n<div class=\"mdjAuteur\">Fernando Sabino<\/div>\n<p><span style=\"color: #777777; font-family: Arial;\">On ne va pas se mentir, quelque soit l&rsquo;endroit vers lequel on se tourne : Les \u00c9tats-Unis, la France, la guerre d&rsquo;Ukraine, la Chine, la crise alimentaire mondiale, le r\u00e9chauffement climatique et tant d&rsquo;autres choses encore, la situation est tr\u00e8s pr\u00e9occupante.<br \/>\n<\/span><\/p>\n<p><span style=\"color: #777777; font-family: Arial;\">Et puis, brusquement ce po\u00e8me s&rsquo;est affich\u00e9 sur mon \u00e9cran\u00a0:<br \/>\n<\/span><\/p>\n<p style=\"margin-left: 28pt;\"><span style=\"color: #c00000; font-family: Arial;\">\u00ab\u00a0De tout, il resta trois choses :<br \/>\n<\/span><span style=\"color: #c00000; font-family: Arial;\">La certitude que tout \u00e9tait en train de commencer,<br \/>\n<\/span><span style=\"color: #c00000; font-family: Arial;\">la certitude qu&rsquo;il fallait continuer,<br \/>\n<\/span><span style=\"color: #c00000; font-family: Arial;\">la certitude que cela serait interrompu avant que d&rsquo;\u00eatre termin\u00e9.<br \/>\n<\/span><span style=\"color: #c00000; font-family: Arial;\">Faire de l&rsquo;interruption, un nouveau chemin,<br \/>\n<\/span><span style=\"color: #c00000; font-family: Arial;\"><img loading=\"lazy\" decoding=\"async\" class=\" wp-image-13676 alignright\" src=\"https:\/\/lemotdujour.fr\/wp-content\/uploads\/2022\/06\/062822_2152_Mercredi29j1.jpg\" alt=\"\" width=\"365\" height=\"270\" srcset=\"https:\/\/lemotdujour.fr\/wp-content\/uploads\/2022\/06\/062822_2152_Mercredi29j1.jpg 486w, https:\/\/lemotdujour.fr\/wp-content\/uploads\/2022\/06\/062822_2152_Mercredi29j1-300x222.jpg 300w\" sizes=\"auto, (max-width: 365px) 100vw, 365px\" \/>faire de la chute, un pas de danse,<br \/>\n<\/span><span style=\"color: #c00000; font-family: Arial;\">faire de la peur, un escalier,<br \/>\n<\/span><span style=\"color: #c00000; font-family: Arial;\">du r\u00eave, un pont,<br \/>\n<\/span><span style=\"color: #c00000; font-family: Arial;\">de la recherche\u2026<br \/>\n<\/span><span style=\"color: #c00000; font-family: Arial;\">une rencontre.\u00a0\u00bb<br \/>\n<\/span><\/p>\n<p><span style=\"color: #777777; font-family: Arial;\">Ce texte est ins\u00e9r\u00e9 dans le roman \u00ab\u00a0<strong>O encontro marcado\u00a0<\/strong>\u00bb [Le rendez-vous] publi\u00e9 en 1956 par le po\u00e8te br\u00e9silien <strong>Fernando Sabino<\/strong>.<strong><br \/>\n<\/strong><\/span><\/p>\n<p><span style=\"color: #777777; font-family: Arial;\">Fernando Sabino est n\u00e9, le 12 octobre 1923 \u00e0 Belo Horizonte au Br\u00e9sil et il est d\u00e9c\u00e9d\u00e9 le 11 octobre 2004 \u00e0 Rio de Janeiro.<br \/>\n<\/span><\/p>\n<p><span style=\"color: #777777; font-family: Arial;\">&lt;<a href=\"https:\/\/fr.wikipedia.org\/wiki\/Fernando_Sabino\"><strong><span style=\"color: #0000ff;\">Wikipedia<\/span><\/strong><\/a>&gt; nous apprend que Fernando Sabino est l&rsquo;auteur de 50 livres, romans, nouvelles, chroniques, essais. Et qu&rsquo;il a acc\u00e8d\u00e9 \u00e0 une renomm\u00e9e nationale et internationale en 1956 pr\u00e9cis\u00e9ment avec le roman O Encontro Marcado qui est l&rsquo;histoire de trois amis de Belo Horizonte. Le livre est inspir\u00e9 de la vie de l&rsquo;auteur.<br \/>\n\u00ab\u00a0<strong>Le Monde<\/strong>\u00a0\u00bb a publi\u00e9 un article hommage lors de son d\u00e9c\u00e8s\u00a0: &lt;<span style=\"color: #0000ff;\"> <a style=\"color: #0000ff;\" href=\"https:\/\/www.lemonde.fr\/archives\/article\/2004\/10\/16\/fernando-sabino-ecrivain-et-journaliste-bresilien_383324_1819218.html\">Fernando Sabino, \u00e9crivain et journaliste br\u00e9silien<\/a><\/span>&gt;<br \/>\n<\/span><\/p>\n<p><span style=\"color: #777777; font-family: Arial;\">Cet article nous apprend qu&rsquo;il avait choisi son \u00e9pitaphe :<br \/>\n<\/span><\/p>\n<p style=\"margin-left: 28pt;\"><span style=\"color: #c00000; font-family: Arial;\">\u00ab\u00a0Ci-g\u00eet Fernando Sabino. N\u00e9 homme, il est mort enfant.\u00a0\u00bb<br \/>\n<\/span><\/p>\n<p><span style=\"color: maroon; font-family: Arial;\">&lt;1692&gt;<\/span><\/p>\n","protected":false},"excerpt":{"rendered":"<p>\u00ab\u00a0Faire de la chute, un pas de danse, faire de la peur, un escalier.\u00a0\u00bb Fernando Sabino On ne va pas se mentir, quelque soit l&rsquo;endroit vers lequel on se tourne : Les \u00c9tats-Unis, la France, la guerre d&rsquo;Ukraine, la Chine,<\/p>\n","protected":false},"author":1,"featured_media":0,"comment_status":"open","ping_status":"closed","sticky":false,"template":"","format":"standard","meta":{"footnotes":""},"categories":[1],"tags":[116,8],"class_list":["post-13677","post","type-post","status-publish","format-standard","hentry","category-motdujour","tag-amerique-du-sud","tag-poesie"],"_links":{"self":[{"href":"https:\/\/lemotdujour.fr\/index.php?rest_route=\/wp\/v2\/posts\/13677","targetHints":{"allow":["GET"]}}],"collection":[{"href":"https:\/\/lemotdujour.fr\/index.php?rest_route=\/wp\/v2\/posts"}],"about":[{"href":"https:\/\/lemotdujour.fr\/index.php?rest_route=\/wp\/v2\/types\/post"}],"author":[{"embeddable":true,"href":"https:\/\/lemotdujour.fr\/index.php?rest_route=\/wp\/v2\/users\/1"}],"replies":[{"embeddable":true,"href":"https:\/\/lemotdujour.fr\/index.php?rest_route=%2Fwp%2Fv2%2Fcomments&post=13677"}],"version-history":[{"count":6,"href":"https:\/\/lemotdujour.fr\/index.php?rest_route=\/wp\/v2\/posts\/13677\/revisions"}],"predecessor-version":[{"id":13706,"href":"https:\/\/lemotdujour.fr\/index.php?rest_route=\/wp\/v2\/posts\/13677\/revisions\/13706"}],"wp:attachment":[{"href":"https:\/\/lemotdujour.fr\/index.php?rest_route=%2Fwp%2Fv2%2Fmedia&parent=13677"}],"wp:term":[{"taxonomy":"category","embeddable":true,"href":"https:\/\/lemotdujour.fr\/index.php?rest_route=%2Fwp%2Fv2%2Fcategories&post=13677"},{"taxonomy":"post_tag","embeddable":true,"href":"https:\/\/lemotdujour.fr\/index.php?rest_route=%2Fwp%2Fv2%2Ftags&post=13677"}],"curies":[{"name":"wp","href":"https:\/\/api.w.org\/{rel}","templated":true}]}}