{"id":13668,"date":"2022-06-28T00:39:26","date_gmt":"2022-06-27T22:39:26","guid":{"rendered":"https:\/\/lemotdujour.fr\/?p=13668"},"modified":"2022-06-28T18:33:29","modified_gmt":"2022-06-28T16:33:29","slug":"mardi-28-juin-2022","status":"publish","type":"post","link":"https:\/\/lemotdujour.fr\/?p=13668","title":{"rendered":"Mardi 28 juin 2022"},"content":{"rendered":"<div class=\"mdjTexte\">\u00ab\u00a0Le c\u00f4t\u00e9 obscur des religions..\u00a0\u00bb<\/div>\n<div class=\"mdjAuteur\">Imposer aux autres ce qu&rsquo;on croit ou peut \u00eatre m\u00eame feint de croire<\/div>\n<p><span style=\"color: #777777; font-family: Arial;\">Ils ont os\u00e9\u00a0!<br \/>\n<\/span><\/p>\n<p><span style=\"color: #777777; font-family: Arial;\">L&rsquo;Am\u00e9rique des \u00e9vang\u00e9liques, celle qui vote massivement Trump est arriv\u00e9e \u00e0 son objectif : annuler l&rsquo;arr\u00eat rendu par d&rsquo;autres juges de la Cour Supr\u00eame des \u00c9tats Unis en 1973 : \u00ab\u00a0<a href=\"https:\/\/fr.wikipedia.org\/wiki\/Roe_v._Wade\"><strong><span style=\"color: #0000ff;\">l&rsquo;Arr\u00eat Roe v Wade<\/span>\u00a0<\/strong><\/a>\u00bb<br \/>\n<\/span><\/p>\n<p><span style=\"color: #777777; font-family: Arial;\">\u00ab\u00a0<strong>Roe v. Wade<\/strong>\u00a0\u00bb, 410 U.S. 113 est un arr\u00eat historique rendu par la Cour supr\u00eame des \u00c9tats-Unis en 1973 sur la question de la constitutionnalit\u00e9 des lois qui criminalisent ou restreignent l&rsquo;acc\u00e8s \u00e0 l&rsquo;avortement. <strong>La Cour statue, par sept voix contre deux<\/strong>, que le droit \u00e0 la vie priv\u00e9e, en s&rsquo;appuyant sur le quatorzi\u00e8me amendement de la Constitution des \u00c9tats-Unis, s&rsquo;\u00e9tend \u00e0 la d\u00e9cision d&rsquo;une femme de poursuivre ou non sa grossesse, mais que ce droit doit \u00eatre mis en balance avec les int\u00e9r\u00eats de l&rsquo;\u00c9tat dans la r\u00e9glementation de l&rsquo;avortement : prot\u00e9ger la sant\u00e9 des femmes et prot\u00e9ger le potentiel de la vie humaine.<br \/>\n<\/span><\/p>\n<p><span style=\"color: #777777; font-family: Arial;\">Roe v. Wade est devenu l&rsquo;un des arr\u00eats de la Cour supr\u00eame les plus importants politiquement, divisant les \u00c9tats-Unis entre personnes se disant \u00ab\u202fpro-choice\u202f\u00bb (\u00ab pro-choix \u00bb, pour le droit \u00e0 l&rsquo;avortement) et \u00ab\u202fpro-life\u202f\u00bb (\u00ab pro-vie \u00bb, anti-avortement).<br \/>\n<\/span><\/p>\n<p><span style=\"color: #777777; font-family: Arial;\">Et depuis 1973, m\u00e9thodiquement avec la pers\u00e9v\u00e9rance, la patience de ceux qui croient en l&rsquo;\u00c9ternit\u00e9, ces r\u00e9gressifs ont poursuivi leur lutte, pas \u00e0 pas, en infiltrant les cercles de pouvoirs ou en faisant un lobbying incessant aupr\u00e8s des \u00e9lus et en usant de toutes les opportunit\u00e9s m\u00eame les plus invraisemblables. Ils ont finalement utilis\u00e9 Donald Trump, qui est tellement loin de tous les principes moraux qu&rsquo;ils pr\u00e9tendent mettre en \u0153uvre, pour parvenir au but qu&rsquo;ils s&rsquo;\u00e9taient fix\u00e9s.<br \/>\n<\/span><\/p>\n<p><span style=\"color: #777777; font-family: Arial;\">Et c&rsquo;est ainsi que cet ignoble personnage a pu \u00e9crire\u00a0:<br \/>\n<\/span><\/p>\n<p style=\"margin-left: 28pt;\"><span style=\"color: #c00000; font-family: Arial;\">\u00ab\u00a0<a href=\"https:\/\/www.huffingtonpost.fr\/entry\/trump-savoure-sa-victoire-a-retardement-sur-la-fin-du-droit-a-lavortement-aux-etats-unis_fr_62b6aabbe4b06594c1e47700\"><span style=\"color: #0000ff;\">C&rsquo;est la volont\u00e9 de Dieu<\/span>\u00a0<\/a>\u00bb.<br \/>\n<\/span><\/p>\n<p><span style=\"color: #777777; font-family: Arial;\">Dans un communiqu\u00e9, Donald Trump a estim\u00e9 que la d\u00e9cision historique sur l&rsquo;avortement, apr\u00e8s celle de jeudi consacrant le droit au port d&rsquo;armes en public, a \u00e9t\u00e9 rendue possible \u00ab\u00a0seulement car j&rsquo;ai tenu mes promesses\u00a0\u00bb.<br \/>\n<\/span><\/p>\n<p><span style=\"color: #777777; font-family: Arial;\">Il a en effet nomm\u00e9 trois juges conservateurs, pendant les 4 ann\u00e9es de son mandat, dont un en tout fin de mandat.<br \/>\n<\/span><\/p>\n<p><span style=\"color: #777777; font-family: Arial;\">Alors que les lobbys \u00e9vang\u00e9liques et r\u00e9publicains sont arriv\u00e9s \u00e0 emp\u00eacher Obama de nommer un juge progressiste, en pr\u00e9tendant qu&rsquo;en fin de mandat un Pr\u00e9sident n&rsquo;\u00e9tait plus l\u00e9gitime \u00e0 nommer un juge \u00e0 vie.<br \/>\n<\/span><\/p>\n<p><span style=\"color: #777777; font-family: Arial;\">Et le milliardaire cynique et inculte a ajout\u00e9\u00a0:<br \/>\n<\/span><\/p>\n<p style=\"margin-left: 28pt;\"><span style=\"color: #c00000; font-family: Arial;\">\u00ab\u00a0Ces victoires majeures montrent que m\u00eame si la gauche radicale fait tout ce qui est en son pouvoir pour d\u00e9truire notre pays, vos droits sont prot\u00e9g\u00e9s, le pays est d\u00e9fendu et il y a toujours un espoir et du temps pour sauver l&rsquo;Am\u00e9rique\u00a0\u00bb.<br \/>\n<\/span><\/p>\n<p><span style=\"color: #777777; font-family: Arial;\">Je n&rsquo;approfondirai pas cette organisation juridique si particuli\u00e8re des \u00c9tats-Unis, dans laquelle ce sont les 9 juges de la Cour Supr\u00eame qui fixent les r\u00e8gles en se basant sur l&rsquo;interpr\u00e9tation de la constitution des \u00c9tats-Unis.<br \/>\n<\/span><\/p>\n<p><span style=\"color: #777777; font-family: Arial;\">En France, c&rsquo;est une Loi, la fameuse Loi Simone Veil qui a fix\u00e9 les r\u00e8gles qui encadraient le droit des femmes \u00e0 recourir \u00e0 l&rsquo;interruption volontaire de grossesse.<br \/>\n<\/span><\/p>\n<p><span style=\"color: #777777; font-family: Arial;\">Aux \u00c9tats-Unis ce n&rsquo;est ni le Congr\u00e8s f\u00e9d\u00e9ral, ni le S\u00e9nat f\u00e9d\u00e9ral qui sont intervenus, mais la Cour Supr\u00eame F\u00e9d\u00e9ral qui, en 1973, a contraint les gouvernements des \u00c9tats f\u00e9d\u00e9r\u00e9s de tol\u00e9rer l&rsquo;avortement.<br \/>\n<\/span><\/p>\n<p><span style=\"color: #777777; font-family: Arial;\">Par son jugement du 24 juin 2022 et par 6 voix contre 3, la Cour donne raison \u00e0 l&rsquo;\u00c9tat du Mississippi qui l&rsquo;avait saisi et r\u00e9voque Roe v. Wade. Les \u00c9tats sont d\u00e9sormais libres de d\u00e9finir la politique relative \u00e0 l&rsquo;avortement dans leur juridiction.<br \/>\n<\/span><\/p>\n<p><span style=\"color: #777777; font-family: Arial;\">Cette m\u00eame Cour avait la veille, le 23 juin 2022, autoris\u00e9 tous les Am\u00e9ricains \u00e0 sortir dans la rue, arm\u00e9s d&rsquo;une arme de poing, dissimul\u00e9e sous leurs v\u00eatements. Ce qui \u00e9tait interdit, par exemple, dans les rues de New York.<br \/>\n<\/span><\/p>\n<p><span style=\"color: #777777; font-family: Arial;\">Et il semble qu&rsquo;elle a m\u00eame l&rsquo;intention de ne pas s&rsquo;arr\u00eater en si bon chemin et envisage \u00e0 revenir aussi sur la contraception, en interdisant la d\u00e9livrance des pilules contraceptives, permises depuis 1955 \u2013 soit 2 ans avant la France !<br \/>\n<\/span><\/p>\n<p><span style=\"color: #777777; font-family: Arial;\">Nous sommes dans un pays o\u00f9 comme l&rsquo;\u00e9crit, en 2014, &lt;<span style=\"color: #0000ff;\"><a style=\"color: #0000ff;\" href=\"https:\/\/www.lemonde.fr\/ameriques\/article\/2014\/02\/15\/un-quart-des-americains-ignorent-que-la-terre-tourne-autour-du-soleil_4367120_3222.html\">Le Monde<\/a><\/span>&gt;\u00a0:<br \/>\n<\/span><\/p>\n<p style=\"margin-left: 28pt;\"><span style=\"color: #c00000; font-family: Arial;\">\u00ab\u00a0Un quart des Am\u00e9ricains (26 %) ignorent que la Terre tourne autour du Soleil et plus de la moiti\u00e9 (52 %) ne savent pas que l&rsquo;homme a \u00e9volu\u00e9 \u00e0 partir d&rsquo;esp\u00e8ces pr\u00e9c\u00e9dentes d&rsquo;animaux. C&rsquo;est ce que r\u00e9v\u00e8le une enqu\u00eate aux r\u00e9sultats \u00e9difiants, men\u00e9e aupr\u00e8s de 2 200 personnes par la Fondation nationale des sciences am\u00e9ricaine et publi\u00e9e vendredi 14 f\u00e9vrier.\u00a0\u00bb<br \/>\n<\/span><\/p>\n<p><span style=\"color: #777777; font-family: Arial;\">En France, sommes-nous \u00e0 l&rsquo;abri de telles d\u00e9rives\u00a0?<br \/>\n<\/span><\/p>\n<p><img decoding=\"async\" class=\"alignleft\" src=\"https:\/\/lemotdujour.fr\/wp-content\/uploads\/2022\/06\/062722_2233_Mardi28juin1.png\" alt=\"\" align=\"left\" \/><span style=\"color: #777777; font-family: Arial;\">J&rsquo;ai reproduit le tweet ainsi qu&rsquo;un ajout qu&rsquo;a \u00e9crit cette dame qui a \u00e9t\u00e9 d\u00e9put\u00e9 pendant 21 ans et ministre du logement pendant deux ans dans le gouvernement de Fillon sous la pr\u00e9sidence de Sarkozy.<br \/>\n<\/span><\/p>\n<p><span style=\"color: #777777; font-family: Arial;\">Et elle n&rsquo;est pas seule, il suffit de se rappeler de ce furent les manifestations contre le mariage pour tous.<br \/>\n<\/span><\/p>\n<p><span style=\"color: #777777; font-family: Arial;\">Simone de Beauvoir \u00e9crivait<br \/>\n<\/span><\/p>\n<p style=\"margin-left: 28pt;\"><span style=\"color: #c00000; font-family: Arial;\"> \u00ab\u00a0N&rsquo;oubliez jamais qu&rsquo;il suffira d&rsquo;une crise politique, \u00e9conomique ou religieuse pour que les droits des femmes soient remis en question. Ces\u00a0droits ne sont jamais acquis. Vous devrez rester vigilantes votre\u00a0vie\u00a0durant\u00a0\u00bb<br \/>\n<\/span><\/p>\n<p><span style=\"color: #777777; font-family: Arial;\">Tout ceci ne serait pas possible s&rsquo;il n&rsquo;existait plus des populations compl\u00e8tement aveugl\u00e9es par des r\u00e9cits \u00e9crits par des hommes, je veux dire des m\u00e2les humains, et que ceux qui croient continuent \u00e0 penser qu&rsquo;il s&rsquo;agit de textes dict\u00e9s directement par leur dieu.<br \/>\n<\/span><\/p>\n<p><span style=\"color: #777777; font-family: Arial;\">Il y a quelques mois, en allant au travail, juste apr\u00e8s avoir pos\u00e9 le v\u00e9lo&rsquo;v \u00e0 sa station, j&rsquo;ai \u00e9t\u00e9 interpell\u00e9 par 3 jeunes hommes en costume, portant \u00e9cusson qui portait cette mention\u00a0: \u00ab\u00a0L&rsquo;\u00c9glise de J\u00e9sus-Christ des saints des derniers jours\u00a0\u00bb.<br \/>\n<\/span><\/p>\n<p><span style=\"color: #777777; font-family: Arial;\">Ce qui est le nom \u00ab\u00a0scientifique\u00a0\u00bb des Mormons.<br \/>\n<\/span><\/p>\n<p><span style=\"color: #777777; font-family: Arial;\">Ils ont souhait\u00e9 engager la conversation, j&rsquo;y consentis.<br \/>\n<\/span><\/p>\n<p><span style=\"color: #777777; font-family: Arial;\">Et voici la teneur de cet \u00e9change, cit\u00e9 de m\u00e9moire. Je pense que vous n&rsquo;aurez aucune peine \u00e0 distinguer mes propos de ceux des trois jeunes aspirant \u00e0 devenir des saints des derniers jours\u00a0:<br \/>\n<\/span><\/p>\n<ul style=\"margin-left: 64pt;\">\n<li><span style=\"color: #c00000; font-family: Arial;\">Bonjour<br \/>\n<\/span><\/li>\n<li><span style=\"color: #c00000; font-family: Arial;\">Bonjour<br \/>\n<\/span><\/li>\n<li><span style=\"color: #c00000; font-family: Arial;\">Nous sommes\u2026<br \/>\n<\/span><\/li>\n<li><span style=\"color: #c00000; font-family: Arial;\">Oui je sais, j&rsquo;ai vu votre \u00e9cusson<br \/>\n<\/span><\/li>\n<li><span style=\"color: #c00000; font-family: Arial;\">Croyez-vous en l&rsquo;existence de Dieu\u00a0?<br \/>\n<\/span><\/li>\n<li><span style=\"color: #c00000; font-family: Arial;\">Je ne sais pas si Dieu existe ou s&rsquo;il n&rsquo;existe pas.<br \/>\n<\/span><\/li>\n<li><span style=\"color: #c00000; font-family: Arial;\">Si vous examinez le monde, le soleil, l&rsquo;univers vous croyez vraiment que tout cela peut exister par hasard, sans qu&rsquo;il y ait quelqu&rsquo;un qui a cr\u00e9\u00e9 tout cela\u00a0?<br \/>\n<\/span><\/li>\n<li><span style=\"color: #c00000; font-family: Arial;\">Oui c&rsquo;est possible que le hasard ait fait cela. Mais si c&rsquo;est vraiment Dieu qui a r\u00e9alis\u00e9 cela, cet univers gigantesque avec des milliards d&rsquo;\u00e9toiles, de plan\u00e8tes, de trous noirs, croyez vous vraiment que ce Dieu puisse manifester le moindre int\u00e9r\u00eat pour un animal vaguement \u00e9volu\u00e9, habitant une petite plan\u00e8te du syst\u00e8me solaire situ\u00e9 en p\u00e9riph\u00e9rie de la galaxie de la voie lact\u00e9e, une parmi des milliards d&rsquo;autres ? Ne manifestez-vous pas ainsi un orgueil incommensurable ?<br \/>\n<\/span><\/li>\n<li><span style=\"color: #c00000; font-family: Arial;\">Mais si, Dieu s&rsquo;int\u00e9resse \u00e0 nous, nous entoure de son amour et nous guide pour notre bien.<br \/>\n<\/span><\/li>\n<li><span style=\"color: #c00000; font-family: Arial;\">Vous \u00eates s\u00e9rieux\u00a0? Qu&rsquo;avez-vous compris de l&rsquo;histoire r\u00e9cente des humains, simplement depuis le d\u00e9but du XX\u00e8me si\u00e8cle. Qu&rsquo;a fait ce Dieu dont vous me parlez \u00e0 Auschwitz\u00a0?<br \/>\n<\/span><\/li>\n<li><span style=\"color: #c00000; font-family: Arial;\">Il \u00e9tait l\u00e0, mais il a laiss\u00e9 les humains agir selon leur volont\u00e9.<br \/>\n<\/span><\/li>\n<li><span style=\"color: #c00000; font-family: Arial;\">\u00c9videmment, c&rsquo;est une hypoth\u00e8se commode, mais elle ne me convainc pas. Je vous ai dit que je ne sais pas si Dieu existe. Mais je suis convaincu ou je crois si vous pr\u00e9f\u00e9rez que votre Dieu, celui dont il est question dans la bible ou dans le coran, lui il n&rsquo;existe pas ! Ce qui existe ce sont des organisations humaines qui sont hi\u00e9rarchis\u00e9es, qui profitent \u00e0 ceux qui les dirigent et qui sont gris\u00e9s par le pouvoir qu&rsquo;ils en tirent et quelquefois m\u00eame des revenus et un patrimoine substantiel. En g\u00e9n\u00e9ral ce sont d&rsquo;ailleurs des hommes qui par le r\u00e9cit et les r\u00e8gles qu&rsquo;ils racontent ont parmi leur objectif principal de soumettre les femmes.<br \/>\n<\/span><\/li>\n<li><span style=\"color: #c00000; font-family: Arial;\">Mais non ce n&rsquo;est pas ainsi et croyez-vous en l&rsquo;existence de J\u00e9sus\u00a0?<br \/>\n<\/span><\/li>\n<li><span style=\"color: #c00000; font-family: Arial;\">J\u00e9sus, l&rsquo;homme a peut-\u00eatre exist\u00e9, mais il n&rsquo;y a aucune source autre que celles \u00e9crites par les chr\u00e9tiens qui atteste de son existence.<br \/>\n<\/span><\/li>\n<li><span style=\"color: #c00000; font-family: Arial;\">Mais si, il y a d&rsquo;autres sources\u2026<br \/>\n<\/span><\/li>\n<li><span style=\"color: #c00000; font-family: Arial;\">Alors l\u00e0 jeune homme ce sont des d\u00e9couvertes r\u00e9centes dont je n&rsquo;ai pas connaissance, parce que vous comprenez c&rsquo;est un sujet qui m&rsquo;int\u00e9resse.<br \/>\n<\/span><\/li>\n<li><span style=\"color: #c00000; font-family: Arial;\">Il y a l&rsquo;historien Flavius Josephe qui parle de J\u00e9sus.<br \/>\n<\/span><\/li>\n<li><span style=\"color: #c00000; font-family: Arial;\">Oui, mais l\u00e0 ce n&rsquo;est pas une source externe, Flavius Josephe cite des chr\u00e9tiens qu&rsquo;il a rencontr\u00e9 et rapporte ce qu&rsquo;ils lui ont dit. En revanche, il y a une st\u00e8le qu&rsquo;on a retrouv\u00e9 au proche orient qui \u00e9voque l&rsquo;existence de Ponce Pilate. Mais savez-vous que le Dieu monoth\u00e9iste a \u00e9t\u00e9 invent\u00e9 par les juifs il y a environ 2500 ans. Et que notre esp\u00e8ce homo sapiens a environ 100\u00a0000 ans d&rsquo;existence. Notre race humaine a donc su se passer, la plus grande partie de son existence, de ce Dieu \u00e9ternel, unique et qui s&rsquo;int\u00e9resserait \u00e0 vous\u00a0?<br \/>\n<\/span><\/li>\n<li><span style=\"color: #c00000; font-family: Arial;\">\u2026<br \/>\n<\/span><\/li>\n<li><span style=\"color: #c00000; font-family: Arial;\">Bon il faut que je me rende \u00e0 mon travail. Si je peux me permettre un conseil\u00a0: si le fait de croire vous fait du bien n&rsquo;h\u00e9sitez pas \u00e0 continuer, mais garder toujours \u00e9veill\u00e9 le germe f\u00e9cond du doute et surtout n&rsquo;imposez jamais votre croyance et vos r\u00e8gles par la contrainte. Bonne journ\u00e9e\u00a0!<br \/>\n<\/span><\/li>\n<li><span style=\"color: #c00000; font-family: Arial;\">Bonne journ\u00e9e.<br \/>\n<\/span><\/li>\n<\/ul>\n<p><span style=\"color: #777777; font-family: Arial;\">Alors il peut exister un cot\u00e9 lumineux de la religion, celle qui s&rsquo;int\u00e9resse au spirituel, \u00e0 ce qui nous d\u00e9passe et \u00e0 ce qui transcende le mat\u00e9riel.<br \/>\n<\/span><\/p>\n<p><span style=\"color: #777777; font-family: Arial;\">R\u00e9gis Debray, \u00e0 ce stade, pense que l&rsquo;absence de Dieu est pire que sa pr\u00e9sence.<br \/>\n<\/span><\/p>\n<p><span style=\"color: #777777; font-family: Arial;\">Il y aussi ce propos qu&rsquo;aurait tenu Jaur\u00e8s \u00e0 des radicaux qui \u00e9taient tr\u00e8s anticl\u00e9ricaux au d\u00e9but du XX\u00e8me si\u00e8cle\u00a0:<br \/>\n<\/span><\/p>\n<p style=\"margin-left: 28pt;\"><span style=\"color: #c00000; font-family: Arial;\">\u00ab\u00a0Pourquoi voulez-vous faire taire cette petite voix consolante qui fait tant de bien aux pauvres humains qui sont dans la peine\u00a0?\u00a0\u00bb<br \/>\n<\/span><\/p>\n<p><span style=\"color: #777777; font-family: Arial;\">Car oui, c&rsquo;est une source de consolation pour beaucoup qui souffrent, qui sont dans le deuil ou sont au seuil de cette terrible inconnue qu&rsquo;est la mort.<br \/>\n<\/span><\/p>\n<p><span style=\"color: #777777; font-family: Arial;\">Mais le c\u00f4t\u00e9 obscur des religions c&rsquo;est celui qui veut imposer sa r\u00e8gle \u00e0 tous, obliger tout le monde \u00e0 respecter les r\u00e8gles que les adeptes de ce r\u00e9cit auquel ils croient s&rsquo;imposent \u00e0 eux-m\u00eames.<br \/>\n<\/span><\/p>\n<p><span style=\"color: #777777; font-family: Arial;\">Et dans ce cas quand ils sont puissants, les religieux sont m\u00eame capables des pires crimes pour imposer leurs r\u00e8gles.<br \/>\n<\/span><\/p>\n<p><span style=\"color: #777777; font-family: Arial;\">Combien de crimes ont \u00e9t\u00e9 ainsi commis au nom de ces religions qui pr\u00e9tendent \u0153uvrer pour la paix et d&rsquo;amour du prochain\u00a0?<br \/>\n<\/span><\/p>\n<p><span style=\"color: #777777; font-family: Arial;\">Il faut arr\u00eater d&rsquo;\u00eatre na\u00eff.<br \/>\n<\/span><\/p>\n<p><span style=\"color: #777777; font-family: Arial;\">Et en France, au moins, il est essentiel de respecter les croyances, permettre \u00e0 chacun de vivre librement sa Foi tant qu&rsquo;elle n&rsquo;est pas en contradiction avec la Loi de la R\u00e9publique.<br \/>\n<\/span><\/p>\n<p><span style=\"color: #777777; font-family: Arial;\">Mais de mani\u00e8re r\u00e9ciproque\u00a0; il faut d\u00e9fendre avec fermet\u00e9, lucidit\u00e9 et force s&rsquo;il le faut, la libert\u00e9 de faire et penser autrement quand les religions de toute ob\u00e9dience veulent imposer aux autres, \u00e0 leur famille puis aux voisins puis \u00e0 tout le monde les r\u00e8gles qu&rsquo;ils s&rsquo;appliquent \u00e0 eux m\u00eame parce qu&rsquo;ils adh\u00e8rent \u00e0 un r\u00e9cit particulier.<br \/>\n<\/span><\/p>\n<p><span style=\"color: #777777; font-family: Arial;\">Nous devons arr\u00eater de regarder les responsables ou autorit\u00e9s religieuses avec les yeux de Chim\u00e8ne en leur reconnaissant une quelconque autorit\u00e9 morale g\u00e9n\u00e9rale.<br \/>\n<\/span><\/p>\n<p><span style=\"color: #777777; font-family: Arial;\">Nous devons les regarder avec les yeux du doute que je d\u00e9crirai ainsi :<br \/>\n<\/span><\/p>\n<p><span style=\"color: #777777; font-family: Arial;\"><strong>Je reconnais ton droit absolu de croire. Est-ce que tu reconnais r\u00e9ciproquement la libert\u00e9 des autres \u00e0 ne pas croire ce que tu crois et est-ce que tu renonces d\u00e9finitivement \u00e0 imposer aux autres et \u00e0 la soci\u00e9t\u00e9 les r\u00e8gles qui ne concernent que ta foi et ceux qui y adh\u00e8rent ?<br \/>\n<\/strong><\/span><\/p>\n<p><span style=\"color: #777777; font-family: Arial;\">&lt;<a href=\"https:\/\/www.facebook.com\/1459509387\/videos\/1065810127664429\/\"><span style=\"color: #0000ff;\">La journaliste Ana Kasparian<\/span><\/a>&gt; synth\u00e9tise tout cela tr\u00e8s bien.<br \/>\n<\/span><\/p>\n<p><span style=\"color: maroon; font-family: Arial;\">&lt;1689&gt;<\/span><\/p>\n","protected":false},"excerpt":{"rendered":"<p>\u00ab\u00a0Le c\u00f4t\u00e9 obscur des religions..\u00a0\u00bb Imposer aux autres ce qu&rsquo;on croit ou peut \u00eatre m\u00eame feint de croire Ils ont os\u00e9\u00a0! L&rsquo;Am\u00e9rique des \u00e9vang\u00e9liques, celle qui vote massivement Trump est arriv\u00e9e \u00e0 son objectif : annuler l&rsquo;arr\u00eat rendu par d&rsquo;autres<\/p>\n","protected":false},"author":1,"featured_media":0,"comment_status":"open","ping_status":"closed","sticky":false,"template":"","format":"standard","meta":{"footnotes":""},"categories":[1],"tags":[113,65,36,34],"class_list":["post-13668","post","type-post","status-publish","format-standard","hentry","category-motdujour","tag-droits-de-lhomme","tag-etats-unis","tag-feminisme","tag-religion"],"_links":{"self":[{"href":"https:\/\/lemotdujour.fr\/index.php?rest_route=\/wp\/v2\/posts\/13668","targetHints":{"allow":["GET"]}}],"collection":[{"href":"https:\/\/lemotdujour.fr\/index.php?rest_route=\/wp\/v2\/posts"}],"about":[{"href":"https:\/\/lemotdujour.fr\/index.php?rest_route=\/wp\/v2\/types\/post"}],"author":[{"embeddable":true,"href":"https:\/\/lemotdujour.fr\/index.php?rest_route=\/wp\/v2\/users\/1"}],"replies":[{"embeddable":true,"href":"https:\/\/lemotdujour.fr\/index.php?rest_route=%2Fwp%2Fv2%2Fcomments&post=13668"}],"version-history":[{"count":5,"href":"https:\/\/lemotdujour.fr\/index.php?rest_route=\/wp\/v2\/posts\/13668\/revisions"}],"predecessor-version":[{"id":13675,"href":"https:\/\/lemotdujour.fr\/index.php?rest_route=\/wp\/v2\/posts\/13668\/revisions\/13675"}],"wp:attachment":[{"href":"https:\/\/lemotdujour.fr\/index.php?rest_route=%2Fwp%2Fv2%2Fmedia&parent=13668"}],"wp:term":[{"taxonomy":"category","embeddable":true,"href":"https:\/\/lemotdujour.fr\/index.php?rest_route=%2Fwp%2Fv2%2Fcategories&post=13668"},{"taxonomy":"post_tag","embeddable":true,"href":"https:\/\/lemotdujour.fr\/index.php?rest_route=%2Fwp%2Fv2%2Ftags&post=13668"}],"curies":[{"name":"wp","href":"https:\/\/api.w.org\/{rel}","templated":true}]}}