{"id":1362,"date":"2016-06-14T02:00:00","date_gmt":"2016-06-13T22:00:00","guid":{"rendered":"http:\/\/lemotdujour.fr\/?p=1362"},"modified":"2017-05-08T13:27:57","modified_gmt":"2017-05-08T11:27:57","slug":"mardi-14-juin-2016","status":"publish","type":"post","link":"https:\/\/lemotdujour.fr\/?p=1362","title":{"rendered":"Mardi 14 Juin 2016"},"content":{"rendered":"<div class=\"mdjDate\">Mardi 14 Juin 2016<\/div>\n<div class=\"mdjTexte\">\u00abEn haut on parle technique et en bas on ressent le changement du monde et on ressent l\u2019absence de perspective \u00e0 l\u2019\u00e9gard de ce changement.\u00bb<\/div>\n<div class=\"mdjAuteur\">Marcel Gauchet dans les matins de France Culture du 30\/05\/2016 <\/div>\n<div class=\"mdjComplements\">Pour continuer \u00e0 entendre des gens raisonnables parler de la loi travail, Marcel Gauchet \u00e9tait l&rsquo;invit\u00e9 de l&rsquo;\u00e9mission <a href=\"http:\/\/www.franceculture.fr\/emissions\/l-invite-des-matins\/l-invite-des-matins-lundi-30-mai-2016\">&lt;les matins de France Culture&gt;<\/a><\/div>\n<div class=\"mdjComplements\">Dans cette \u00e9mission, on a fait \u00e9couter \u00e0\u00a0 Marcel Gauchet un extrait de l\u2019\u00e9mission o\u00f9 Alain Touraine exprimait sa col\u00e8re et dont nous avons parl\u00e9 hier.<\/div>\n<div class=\"mdjComplements\">Marcel Gauchet disait sa convergence de vue avec cette analyse et expliquait combien en France la valeur travail qui s\u2019\u00e9tait reconstitu\u00e9e dans le monde industriel \u00e9tait importante en France et combien la d\u00e9sindustrialisation est v\u00e9cue comme un cauchemar par beaucoup.<\/div>\n<div class=\"mdjComplements\">Et il dit\u00a0: <\/div>\n<div class=\"mdjCiter\">\u00ab La technocratie est totalement d\u00e9cal\u00e9e par rapport \u00e0 ces enjeux, pour la technocratie, il s\u2019agit de probl\u00e8mes techniques, mais l\u2019enjeu n\u2019est jamais mesur\u00e9.<\/div>\n<div class=\"mdjCiter\">Et c\u2019est ce qui fait la r\u00e9currence de ces conflits. On ne parle pas de la m\u00eame chose en haut et en bas !<\/div>\n<div class=\"mdjCiter\">En haut on parle technique et en bas on ressent le changement du monde, et on ressent l\u2019absence de perspective \u00e0 l\u2019\u00e9gard de ce changement, on ne nous promet rien, il n\u2019y a aucune perspective d\u2019ensemble qui se d\u00e9gage des mesures qui sont prises.<\/div>\n<div class=\"mdjCiter\">Ce sont des ajustements qui ne paraissent avoir aucune prise sur la r\u00e9alit\u00e9 du mouvement social en cours.<\/div>\n<div class=\"mdjCiter\">La France a en effet une attitude singuli\u00e8re par rapport aux autres pays, qui tient \u00e0 des racines particuli\u00e8rement fortes et qui tient aussi \u00e0 un divorce entre l\u2019\u00e9lite gouvernante et la population [..] qui a la perception d\u2019une mondialisation aux effets particuli\u00e8rement destructeurs\u00bb<\/div>\n<div class=\"mdjComplements\">Et surtout il montre l&rsquo;aspect simplement d\u00e9fensif : on dit Non et on ne sait plus \u00e0 quoi dire Oui !<\/div>\n<div class=\"mdjCiter\">\u00abCe qui est tr\u00e8s frappant dans ces mouvements c\u2019est leur caract\u00e8re d\u00e9fensif. Et je dirais d\u00e9faitiste. On ne part pas sur la base d\u2019un projet contre-projet qu\u2019il s\u2019agirait de d\u00e9battre<\/div>\n<div class=\"mdjCiter\">Mais sur la base d\u2019un emp\u00eachement d\u2019agir de la part des gouvernants.<\/div>\n<div class=\"mdjCiter\">C\u2019est un mot d\u2019ordre de r\u00e9sistance, d\u2019une r\u00e9sistance \u00e0 un changement o\u00f9 on se r\u00e9signe finalement puisqu\u2019on n\u2019a pas de contre-projet \u00e0 mettre en face.<\/div>\n<div class=\"mdjCiter\">On est dans une soci\u00e9t\u00e9 qui est arc bout\u00e9 dans une identit\u00e9 qu\u2019elle ne veut pas perdre car elle a la conviction que \u00e7a ne peut \u00eatre que pire.<\/div>\n<div class=\"mdjCiter\">Et c\u2019est cela qui est le plus d\u00e9sesp\u00e9rant dans ces mouvements, car le sentiment est que le mouvement va dans l\u2019aggravation de ce qui existe d\u00e9j\u00e0.<\/div>\n<div class=\"mdjCiter\">On n\u2019est plus dans la lutte sociale qui \u00e9tait la lutte pour un avenir meilleur, on est dans la r\u00e9sistance dans un avenir qui ne peut \u00eatre que pire que le pr\u00e9sent que nous vivons.<\/div>\n<div class=\"mdjCiter\">Pendant longtemps on avait face \u00e0 face un parti de l\u2019ordre qui s\u2019effor\u00e7ait de c\u00e9der le moins possible aux revendications sociales en maintenant l\u2019ordre social et un parti de la r\u00e9volution qui voulait remettre en cause l\u2019ordre \u00e9tabli. C\u2019\u00e9tait des conflits collectifs.<\/div>\n<div class=\"mdjCiter\">Nous sommes entr\u00e9s dans un march\u00e9 individuel des int\u00e9r\u00eats o\u00f9 tout le monde est fond\u00e9 \u00e0 d\u00e9fendre \u00ab\u00a0son bout de gras\u00a0\u00bb comme on dit populairement et o\u00f9 \u00e0 l\u2019arriv\u00e9e il s\u2019agit d\u2019op\u00e9rer une sorte de compromis entre les int\u00e9r\u00eats des uns et des autres. C\u2019est un sc\u00e9nario totalement diff\u00e9rent.\u00bb<\/div>\n<div class=\"mdjComplements\">Il parle ensuite du vide intersid\u00e9ral des partis politiques fran\u00e7ais et des immenses carences de l\u2019Europe qui n\u2019a plus aucune vision strat\u00e9gique de la place et du r\u00f4le que l\u2019Europe doit jouer dans le monde d\u2019aujourd\u2019hui et de demain : <\/div>\n<div class=\"mdjCiter\">\u00abIl serait temps de se r\u00e9veiller, de voir le monde tel qu\u2019il est et de se mettre d\u2019accord sur ce que nous devons y entreprendre.<\/div>\n<div class=\"mdjCiter\">Toutes les discussions qui se basent sur les acquis sont d\u00e9pass\u00e9es par la situation et n\u00e9cessitent que les choses soient reprises \u00e0 la racine.<\/div>\n<div class=\"mdjCiter\">Un pouvoir politique doit avoir un projet pour la soci\u00e9t\u00e9.<\/div>\n<div class=\"mdjCiter\">La grande question est de choisir si on laisse la soci\u00e9t\u00e9 se d\u00e9brouiller toute seule ou s\u2019il faut encore faire de la politique pour faire avancer la soci\u00e9t\u00e9.<\/div>\n<div class=\"mdjCiter\">L\u2019autre question est d\u2019essayer de comprendre pourquoi la France est si r\u00e9ticente \u00e0 se r\u00e9former, c\u2019est que probablement la r\u00e9forme manque de sens.<\/div>\n<div class=\"mdjCiter\">Au centre de la r\u00e9flexion politique doit \u00eatre d\u00e9battue la question de savoir quelles sont les conditions qu\u2019il faut r\u00e9aliser pour que des r\u00e9formes n\u00e9cessaires et utiles peuvent \u00eatre accept\u00e9es par le corps social.\u00bb <\/div>\n<div class=\"mdjComplements\">Quand on a l&rsquo;ambition d&rsquo;\u00eatre un r\u00e9formateur, il faut avoir un projet, savoir l&rsquo;expliquer, convaincre qu&rsquo;il est r\u00e9aliste puis faire les r\u00e9formes qui sont en coh\u00e9rence avec ce projet.<\/div>\n<div class=\"mdjComplements\"><a href=\"http:\/\/abonnes.lemonde.fr\/idees\/article\/2011\/06\/14\/il-faut-avoir-confiance-en-la-democratie-sociale_1535809_3232.html\">&lt;En Juin 2011, Fran\u00e7ois Hollande n&rsquo;\u00e9tait pas encore pr\u00e9sident et il a \u00e9crit dans une tribune :&gt;<\/a> \u00abS&rsquo;il n&rsquo;y a pas au d\u00e9part des engagements qui permettent de comprendre quel va \u00eatre le sens de l&rsquo;action, le rythme des r\u00e9alisations et la fa\u00e7on dont les urgences vont \u00eatre hi\u00e9rarchis\u00e9es, elle (la gauche) sera emport\u00e9e par l&rsquo;ampleur des probl\u00e8mes. \u00c0 l&rsquo;inverse, la clart\u00e9, la v\u00e9rit\u00e9 et la responsabilit\u00e9 seront les gages de notre r\u00e9ussite\u00bb.<\/div>\n<div class=\"mdjComplements\">Cela rappelle la d\u00e9finition d&rsquo;un projet. <\/div>\n<div class=\"mdjComplements\">Mais a t&rsquo;il su suivre ses bons conseils ? <\/div>\n","protected":false},"excerpt":{"rendered":"<p>Mardi 14 Juin 2016 \u00abEn haut on parle technique et en bas on ressent le changement du monde et on ressent l\u2019absence de perspective \u00e0 l\u2019\u00e9gard de ce changement.\u00bb Marcel Gauchet dans les matins de France Culture du 30\/05\/2016 Pour<\/p>\n","protected":false},"author":1,"featured_media":0,"comment_status":"closed","ping_status":"closed","sticky":false,"template":"","format":"standard","meta":{"footnotes":""},"categories":[1],"tags":[],"class_list":["post-1362","post","type-post","status-publish","format-standard","hentry","category-motdujour"],"_links":{"self":[{"href":"https:\/\/lemotdujour.fr\/index.php?rest_route=\/wp\/v2\/posts\/1362","targetHints":{"allow":["GET"]}}],"collection":[{"href":"https:\/\/lemotdujour.fr\/index.php?rest_route=\/wp\/v2\/posts"}],"about":[{"href":"https:\/\/lemotdujour.fr\/index.php?rest_route=\/wp\/v2\/types\/post"}],"author":[{"embeddable":true,"href":"https:\/\/lemotdujour.fr\/index.php?rest_route=\/wp\/v2\/users\/1"}],"replies":[{"embeddable":true,"href":"https:\/\/lemotdujour.fr\/index.php?rest_route=%2Fwp%2Fv2%2Fcomments&post=1362"}],"version-history":[{"count":1,"href":"https:\/\/lemotdujour.fr\/index.php?rest_route=\/wp\/v2\/posts\/1362\/revisions"}],"predecessor-version":[{"id":1363,"href":"https:\/\/lemotdujour.fr\/index.php?rest_route=\/wp\/v2\/posts\/1362\/revisions\/1363"}],"wp:attachment":[{"href":"https:\/\/lemotdujour.fr\/index.php?rest_route=%2Fwp%2Fv2%2Fmedia&parent=1362"}],"wp:term":[{"taxonomy":"category","embeddable":true,"href":"https:\/\/lemotdujour.fr\/index.php?rest_route=%2Fwp%2Fv2%2Fcategories&post=1362"},{"taxonomy":"post_tag","embeddable":true,"href":"https:\/\/lemotdujour.fr\/index.php?rest_route=%2Fwp%2Fv2%2Ftags&post=1362"}],"curies":[{"name":"wp","href":"https:\/\/api.w.org\/{rel}","templated":true}]}}