{"id":13617,"date":"2022-06-22T00:04:00","date_gmt":"2022-06-21T22:04:00","guid":{"rendered":"https:\/\/lemotdujour.fr\/?p=13617"},"modified":"2022-06-21T23:55:05","modified_gmt":"2022-06-21T21:55:05","slug":"mercredi-22-juin-2022","status":"publish","type":"post","link":"https:\/\/lemotdujour.fr\/?p=13617","title":{"rendered":"Mercredi 22 juin 2022"},"content":{"rendered":"<div class=\"mdjTexte\">\u00ab\u00a0La r\u00e9alit\u00e9 du pouvoir minoritaire de Macron est [enfin) apparue.\u00a0\u00bb<\/div>\n<div class=\"mdjAuteur\">J\u00e9r\u00f4me Sainte-Marie, politologue<\/div>\n<p><span style=\"color: #777777; font-family: Arial;\">Depuis deux jours, des commentateurs politiques se d\u00e9solent du fait qu&rsquo;il n&rsquo;y ait pas de majorit\u00e9 absolue \u00e0 l&rsquo;Assembl\u00e9e Nationale.<br \/>\n<\/span><\/p>\n<p><span style=\"color: #777777; font-family: Arial;\">Tout tourne autour de cette question.<br \/>\n<\/span><\/p>\n<p><span style=\"color: #777777; font-family: Arial;\">Certains supporters de la NUPES expriment l&rsquo;id\u00e9e qu&rsquo;ils sont pass\u00e9s \u00e0 c\u00f4t\u00e9 d&rsquo;une victoire possible et de l&rsquo;objectif d&rsquo;envoyer Melenchon \u00e0 Matignon pour mettre en \u0153uvre son programme.<br \/>\n<\/span><\/p>\n<p><span style=\"color: #777777; font-family: Arial;\">Et tout le monde de s&rsquo;\u00e9tonner qu&rsquo;apr\u00e8s une victoire nette \u00e0 l&rsquo;\u00e9lection pr\u00e9sidentielle, les fran\u00e7ais n&rsquo;aient pas confirm\u00e9 leur vote en envoyant une majorit\u00e9 confortable \u00e0 ce pr\u00e9sident r\u00e9\u00e9lu.<br \/>\n<\/span><\/p>\n<p><span style=\"color: #777777; font-family: Arial;\">D&rsquo;autres dissertent ensuite sur les erreurs que Macron a commises depuis son \u00e9lection et qui expliquent cette d\u00e9convenue.<br \/>\n<\/span><\/p>\n<p><span style=\"color: #777777; font-family: Arial;\">Dans l&rsquo;\u00e9mission de France 5 \u00ab\u00a0<strong>C en l&rsquo;air<\/strong> \u00bb du 20 juin, on apprend que Macron au lendemain du second tour plut\u00f4t que de consacrer son temps et son \u00e9nergie \u00e0 nommer une Premi\u00e8re Ministre et pr\u00e9parer le futur gouvernement pour mener la bataille \u00e9lectorale, a pass\u00e9 son pr\u00e9cieux temps \u00e0 examiner dans le d\u00e9tail la liste de 577 candidats de sa coalition \u00ab Ensemble \u00bb aux \u00e9lections l\u00e9gislatives. Il semble que cet exercice devait lui permettre de s&rsquo;assurer, personnellement, de la fid\u00e9lit\u00e9 de chacune et chacun d&rsquo;entre eux. L&rsquo;objectif \u00e9tant d&rsquo;essayer de d\u00e9nicher des candidats susceptibles de rejoindre, par la suite, son alli\u00e9 Edouard Philippe dont il se m\u00e9fie. On dit que son ancien premier ministre occupe beaucoup de son temps de cerveau disponible.<br \/>\n<\/span><\/p>\n<p><span style=\"color: #777777; font-family: Arial;\">Tout ceci ne me convenait pas.<br \/>\n<\/span><\/p>\n<p><span style=\"color: #777777; font-family: Arial;\">Je pensais \u00e0 cette pens\u00e9e de la sagesse chinoise\u00a0:<br \/>\n<\/span><\/p>\n<p style=\"margin-left: 28pt;\"><span style=\"color: #c00000; font-family: Arial;\">\u00ab\u00a0Quand le sage montre la lune, l&rsquo;idiot regarde le doigt\u00a0\u00bb<br \/>\n<\/span><\/p>\n<p><span style=\"color: #777777; font-family: Arial;\">Quel est le probl\u00e8me ?<br \/>\n<\/span><\/p>\n<p><span style=\"color: #777777; font-family: Arial;\"><strong>Le probl\u00e8me est qu&rsquo;un mouvement politique qui a obtenu 28 % des voix exprim\u00e9s aux Pr\u00e9sidentielles et 26 % aux l\u00e9gislatives puisse vouloir pr\u00e9tendre obtenir la majorit\u00e9 absolue \u00e0 l&rsquo;Assembl\u00e9e Nationale, puis appliquer son programme comme si la majorit\u00e9 du corps \u00e9lectoral avait fait ce choix.<\/strong><br \/>\n<\/span><\/p>\n<p><span style=\"color: #777777; font-family: Arial;\">Et encore, nous avons constat\u00e9 pendant les derniers cinq ans o\u00f9 ce mouvement politique \u00e9tait au pouvoir que les d\u00e9put\u00e9s de la majorit\u00e9 jouait un r\u00f4le accessoire sur l&rsquo;\u00e9laboration des textes et de la politique mise en \u0153uvre. La seule vraie mission de cette majorit\u00e9 \u00e9tait de voter sans discuter ce que la petit \u00e9quipe de l&rsquo;Elys\u00e9e avait d\u00e9cid\u00e9.<br \/>\n<\/span><\/p>\n<p><span style=\"color: #777777; font-family: Arial;\">Je m&#8217;empresse d&rsquo;ajouter que la pr\u00e9tention de la NUPES de gouverner seule \u00e9tait encore plus insens\u00e9e\u00a0: Le corps \u00e9lectoral fran\u00e7ais qui s&rsquo;exprime penche \u00e0 droite.<br \/>\n<\/span><\/p>\n<p><span style=\"color: #777777; font-family: Arial;\">Alors j&rsquo;ai enfin \u00e9t\u00e9 rassur\u00e9 quand j&rsquo;ai regard\u00e9 l&rsquo;\u00e9mission \u00ab\u00a0<strong>C ce soir<\/strong>\u00a0\u00bb du lundi 20 juin\u00a0: \u00ab<span style=\"color: #0000ff;\">\u00a0<a style=\"color: #0000ff;\" href=\"https:\/\/www.france.tv\/france-5\/c-ce-soir\/c-ce-soir-saison-2\/3523639-emission-du-lundi-20-juin-2022.html\">Macron : le grand saut dans le vide\u00a0<\/a>\u00bb<\/span><br \/>\n<\/span><\/p>\n<p><span style=\"color: #777777; font-family: Arial;\"><strong>Karim Rissouli<\/strong> avait invit\u00e9 Franz-Olivier Giesbert, G\u00e9raldine Muhlmann, J\u00e9r\u00f4me Sainte-Marie, Gilles Finchelstein et C\u00e9line Calvez, d\u00e9put\u00e9e LREM.<br \/>\n<\/span><\/p>\n<p><span style=\"color: #777777; font-family: Arial;\">Ce d\u00e9bat correspondait aux questions qui me semblaient importantes \u00e0 poser.<br \/>\n<\/span><\/p>\n<p><span style=\"color: #777777; font-family: Arial;\">Et c&rsquo;est le politologue J\u00e9r\u00f4me Sainte Marie qui a avanc\u00e9 cette analyse\u00a0:<br \/>\n<\/span><\/p>\n<p style=\"margin-left: 28pt;\"><span style=\"color: #c00000; font-family: Arial;\">\u00ab\u00a0Un pouvoir qui \u00e9tait structurellement minoritaire depuis 5 ans, avait gagn\u00e9 massivement, en 2017, au second tour face \u00e0 une de ses oppositions.<br \/>\n<\/span><\/p>\n<p style=\"margin-left: 28pt;\"><span style=\"color: #c00000; font-family: Arial;\">Parce que les autres oppositions pr\u00e9f\u00e9raient encore voter pour Macron que pour Marine Le Pen.<br \/>\n<\/span><\/p>\n<p style=\"margin-left: 28pt;\"><span style=\"color: #c00000; font-family: Arial;\">Cela a dur\u00e9 pendant 5 ans et puis cela a dur\u00e9 encore pendant l&rsquo;\u00e9lection pr\u00e9sidentielle de 2022\u00a0: 28% au premier tour puis 58 % au second Tour.<br \/>\n<\/span><\/p>\n<p style=\"margin-left: 28pt;\"><span style=\"color: #c00000; font-family: Arial;\">Mais l\u00e0 la machine s&rsquo;est gripp\u00e9e.<br \/>\n<\/span><\/p>\n<p style=\"margin-left: 28pt;\"><span style=\"color: #c00000; font-family: Arial;\">Ce dimanche, les diff\u00e9rentes oppositions ne se sont pas mobilis\u00e9es les unes contre les autres.<br \/>\n<\/span><\/p>\n<p style=\"margin-left: 28pt;\"><span style=\"color: #c00000; font-family: Arial;\">Et la r\u00e9alit\u00e9 du pouvoir minoritaire d&rsquo;Emmanuel Macron apparait et nous place au Parlement dans une situation inextricable.\u00a0\u00bb<br \/>\n<\/span><\/p>\n<p style=\"margin-left: 28pt;\"><span style=\"color: #c00000; font-family: Arial;\"><em>Apr\u00e8s 10 min d&rsquo;\u00e9mission<br \/>\n<\/em><\/span><\/p>\n<p><span style=\"color: #777777; font-family: Arial;\">Voil\u00e0 c&rsquo;est dit\u00a0!<br \/>\n<\/span><\/p>\n<p><span style=\"color: #777777; font-family: Arial;\">Je l&rsquo;exprime autrement\u00a0: Un pouvoir minoritaire a pu obtenir un pouvoir majoritaire parce que ses oppositions se combattaient les unes les autres.<br \/>\n<\/span><\/p>\n<p><span style=\"color: #777777; font-family: Arial;\">Alors il faut bien gouverner\u00a0?<br \/>\n<\/span><\/p>\n<p><span style=\"color: #777777; font-family: Arial;\">Certes\u00a0!<br \/>\n<\/span><\/p>\n<p><span style=\"color: #777777; font-family: Arial;\">Mais il ne faut pas gouverner en faisant semblant de croire qu&rsquo;une majorit\u00e9 de fran\u00e7ais approuvait la politique poursuivie.<br \/>\n<\/span><\/p>\n<p><span style=\"color: #777777; font-family: Arial;\">Dans un \u00e9lan de bienveillance on peut encore admettre que pendant 5 ans \u00ab\u00a0on a donn\u00e9 sa chance au produit\u00a0\u00bb comme dirait mon neveu.<br \/>\n<\/span><\/p>\n<p><span style=\"color: #777777; font-family: Arial;\">Mais au bout de 5 ans, il faut arr\u00eater les faux semblants.<br \/>\n<\/span><\/p>\n<p><span style=\"color: #777777; font-family: Arial;\">Un quart du corps \u00e9lectoral, les nantis, les seniors et retrait\u00e9s, les gagnants de la mondialisation et ceux qui esp\u00e8rent en faire partie, soutiennent ce mouvement politique. Tous les autres n&rsquo;ont pas vot\u00e9 Macron mais ont vot\u00e9 contre Melenchon et contre Le Pen .<br \/>\n<\/span><\/p>\n<p><span style=\"color: #777777; font-family: Arial;\">Et puis tout repartait comme avant\u00a0: \u00ab\u00a0Les Fran\u00e7ais m&rsquo;ont fait confiance et maintenant il me faut une solide majorit\u00e9 pour mettre en \u0153uvre mon programme\u00a0\u00bb.<br \/>\n<\/span><\/p>\n<p><span style=\"color: #777777; font-family: Arial;\">Les fran\u00e7ais ont dit non \u00e0 cette pr\u00e9tention.<br \/>\n<\/span><\/p>\n<p><span style=\"color: #777777; font-family: Arial;\">Ils ont donn\u00e9 au mouvement dominant le nombre de d\u00e9put\u00e9s le plus important mais n&rsquo;ont pas donn\u00e9 la majorit\u00e9 absolue.<br \/>\n<\/span><\/p>\n<p><span style=\"color: #777777; font-family: Arial;\">Et c&rsquo;est bien et normal ainsi.<br \/>\n<\/span><\/p>\n<p><span style=\"color: #777777; font-family: Arial;\">Il faut gouverner autrement.<br \/>\n<\/span><\/p>\n<p><span style=\"color: #777777; font-family: Arial;\">Cela devient certes plus compliqu\u00e9, mais il est beaucoup plus sain que les d\u00e9bats aient lieu au Parlement, plut\u00f4t qu&rsquo;ailleurs.<br \/>\n<\/span><\/p>\n<p><span style=\"color: #777777; font-family: Arial;\">Gilles Finchelstein a fait ce constat\u00a0:<br \/>\n<\/span><\/p>\n<p style=\"margin-left: 28pt;\"><span style=\"color: #c00000; font-family: Arial;\">\u00ab\u00a0C&rsquo;est une crise politique\u00a0: incapacit\u00e9 de trouver une majorit\u00e9.<br \/>\n<\/span><\/p>\n<p style=\"margin-left: 28pt;\"><span style=\"color: #c00000; font-family: Arial;\">C&rsquo;est une crise fran\u00e7aise, pour tous les autres pays europ\u00e9ens cette situation est normale et ne conduit pas \u00e0 une crise mais \u00e0 une coalition.<br \/>\n<\/span><\/p>\n<p style=\"margin-left: 28pt;\"><span style=\"color: #c00000; font-family: Arial;\">C&rsquo;est une crise in\u00e9dite, elle n&rsquo;a rien de comparable avec le gouvernement minoritaire de Rocard en 1988 qui disposait sur ses deux ailes d&rsquo;opposants moins vindicatifs qu&rsquo;aujourd&rsquo;hui.<br \/>\n<\/span><\/p>\n<p style=\"margin-left: 28pt;\"><span style=\"color: #c00000; font-family: Arial;\">C&rsquo;est une crise s\u00e9rieuse parce que nous ne voyons pas le chemin d&rsquo;une solution. \u00bb<br \/>\n<\/span><\/p>\n<p><span style=\"color: #777777; font-family: Arial;\">On ne voit pas, mais il faut chercher.<br \/>\n<\/span><\/p>\n<p><span style=\"color: #777777; font-family: Arial;\">C&rsquo;est la responsabilit\u00e9 de la majorit\u00e9 pr\u00e9sidentielle, mais c&rsquo;est aussi la responsabilit\u00e9 des oppositions.<br \/>\n<\/span><\/p>\n<p><span style=\"color: #777777; font-family: Arial;\">Mais l&rsquo;\u00e9mission est rest\u00e9e dans une tonalit\u00e9 optimiste\u00a0: peut \u00eatre que de cette crise sortira du mieux.<br \/>\n<\/span><\/p>\n<p><span style=\"color: #777777; font-family: Arial;\">La 5<sup>\u00e8me<\/sup> r\u00e9publique d\u00e9rivait de plus en plus vers un pouvoir de l&rsquo;extr\u00eame centre sans opposition en capacit\u00e9 d&rsquo;alternance. Cette situation cr\u00e9ait des tensions de plus en plus fortes dans la soci\u00e9t\u00e9.<br \/>\n<\/span><\/p>\n<p><span style=\"color: #777777; font-family: Arial;\">La crise politique actuelle ne vient pas d&rsquo;un vote \u00ab\u00a0fantasque\u00a0\u00bb des fran\u00e7ais.<br \/>\n<\/span><\/p>\n<p><span style=\"color: #777777; font-family: Arial;\">Elle est le r\u00e9v\u00e9lateur d&rsquo;une situation politique devenue intenable.<br \/>\n<\/span><\/p>\n<p><span style=\"color: #777777; font-family: Arial;\">La promesse de Macron de d\u00e9passer les clivages s&rsquo;est heurt\u00e9e au mur des r\u00e9alit\u00e9s et des tensions internes de la soci\u00e9t\u00e9 fran\u00e7aise.<br \/>\n<\/span><\/p>\n<p><span style=\"color: maroon; font-family: Arial;\">&lt;1685&gt;<\/span><\/p>\n","protected":false},"excerpt":{"rendered":"<p>\u00ab\u00a0La r\u00e9alit\u00e9 du pouvoir minoritaire de Macron est [enfin) apparue.\u00a0\u00bb J\u00e9r\u00f4me Sainte-Marie, politologue Depuis deux jours, des commentateurs politiques se d\u00e9solent du fait qu&rsquo;il n&rsquo;y ait pas de majorit\u00e9 absolue \u00e0 l&rsquo;Assembl\u00e9e Nationale. Tout tourne autour de cette question. Certains<\/p>\n","protected":false},"author":1,"featured_media":0,"comment_status":"open","ping_status":"closed","sticky":false,"template":"","format":"standard","meta":{"footnotes":""},"categories":[1],"tags":[141,15,3],"class_list":["post-13617","post","type-post","status-publish","format-standard","hentry","category-motdujour","tag-elections","tag-france","tag-politique"],"_links":{"self":[{"href":"https:\/\/lemotdujour.fr\/index.php?rest_route=\/wp\/v2\/posts\/13617","targetHints":{"allow":["GET"]}}],"collection":[{"href":"https:\/\/lemotdujour.fr\/index.php?rest_route=\/wp\/v2\/posts"}],"about":[{"href":"https:\/\/lemotdujour.fr\/index.php?rest_route=\/wp\/v2\/types\/post"}],"author":[{"embeddable":true,"href":"https:\/\/lemotdujour.fr\/index.php?rest_route=\/wp\/v2\/users\/1"}],"replies":[{"embeddable":true,"href":"https:\/\/lemotdujour.fr\/index.php?rest_route=%2Fwp%2Fv2%2Fcomments&post=13617"}],"version-history":[{"count":3,"href":"https:\/\/lemotdujour.fr\/index.php?rest_route=\/wp\/v2\/posts\/13617\/revisions"}],"predecessor-version":[{"id":13621,"href":"https:\/\/lemotdujour.fr\/index.php?rest_route=\/wp\/v2\/posts\/13617\/revisions\/13621"}],"wp:attachment":[{"href":"https:\/\/lemotdujour.fr\/index.php?rest_route=%2Fwp%2Fv2%2Fmedia&parent=13617"}],"wp:term":[{"taxonomy":"category","embeddable":true,"href":"https:\/\/lemotdujour.fr\/index.php?rest_route=%2Fwp%2Fv2%2Fcategories&post=13617"},{"taxonomy":"post_tag","embeddable":true,"href":"https:\/\/lemotdujour.fr\/index.php?rest_route=%2Fwp%2Fv2%2Ftags&post=13617"}],"curies":[{"name":"wp","href":"https:\/\/api.w.org\/{rel}","templated":true}]}}