{"id":1360,"date":"2016-06-13T02:00:00","date_gmt":"2016-06-12T22:00:00","guid":{"rendered":"http:\/\/lemotdujour.fr\/?p=1360"},"modified":"2017-05-08T13:27:56","modified_gmt":"2017-05-08T11:27:56","slug":"lundi-13-juin-2016","status":"publish","type":"post","link":"https:\/\/lemotdujour.fr\/?p=1360","title":{"rendered":"Lundi 13 Juin 2016"},"content":{"rendered":"<div class=\"mdjDate\">Lundi 13 Juin 2016<\/div>\n<div class=\"mdjTexte\">\u00abJe suis \u00e9nerv\u00e9, je suis irrit\u00e9, parce que je trouve qu\u2019il y a une absence de conscience dans ce pays de ce qui est en jeu.\u00bb<\/div>\n<div class=\"mdjAuteur\">Alain Touraine, lors de l&rsquo;\u00e9mission de France Culture \u00ab\u00a0<a href=\"http:\/\/www.franceculture.fr\/emissions\/dimanche-et-apres\/loi-travail-la-colere-du-sociologue-alain-touraine\">Dimanche et apr\u00e8s\u00a0du 29\/05\/2016<\/a>\u00a0\u00bb<\/div>\n<div class=\"mdjComplements\">La loi travail dit Loi El Khomri a cr\u00e9\u00e9 une tension \u00e9norme en France, elle oppose notamment les syndicats avec dans le camp des d\u00e9fenseurs de la loi, seconde mouture, la CFDT et dans le camp des opposants la CGT et FO.<\/div>\n<div class=\"mdjComplements\">Du point de vue \u00e9tranger, personne ne comprend la crispation fran\u00e7aise devant une Loi qui leur semble tr\u00e8s peu lib\u00e9rale au go\u00fbt des standards internationaux. Elle accr\u00e9dite l\u2019id\u00e9e que la France est irr\u00e9formable.<\/div>\n<div class=\"mdjComplements\">Pour ma part, elle me plonge dans un oc\u00e9an de perplexit\u00e9.<\/div>\n<div class=\"mdjComplements\">Dans un premier temps j\u2019ai cru comprendre que Robert Badinter aid\u00e9 du sp\u00e9cialiste du droit du travail Antoine Lyon-Caen a convaincu tout le monde que le code du travail devait \u00eatre simplifi\u00e9.<\/div>\n<div class=\"mdjComplements\">Le r\u00e9sultat qui est la loi de la ministre El Khomri est un pav\u00e9 de plus de 500 pages assez illisibles. C\u2019est une curieuse mani\u00e8re de simplifier\u00a0!<\/div>\n<div class=\"mdjComplements\">Grosso modo, et c\u2019est ce qui plait \u00e0 la CFDT, cette loi s\u2019efforce de s\u00e9parer les droits des salari\u00e9s de l\u2019entreprise dont ils sont\u00a0 temporairement salari\u00e9 (\u00e9tant donn\u00e9 la disparition de l\u2019emploi \u00e0 vie dans la m\u00eame entreprise). Cette \u00e9volution s\u2019appelle le C.P.A.. Le Compte Personnel d\u2019Activit\u00e9 permettra \u00e0 chacun, gr\u00e2ce \u00e0 un point d\u2019entr\u00e9e unique sur internet, d\u2019acc\u00e9der facilement \u00e0 ses droits et de les mobiliser de fa\u00e7on autonome. <\/div>\n<div class=\"mdjComplements\">Pour le reste, l\u2019essentiel est de donner de la souplesse et de la flexibilit\u00e9 en permettant de r\u00e9aliser des n\u00e9gociations et des compromis au niveau des entreprises par des accords entre des syndicats et le patron de l\u2019entreprise, compromis qui peuvent sur certains points \u00eatre plus d\u00e9favorables aux salari\u00e9s que les conditions standards pr\u00e9vus au niveau de la Loi ou de la Branche, tout en respectant cependant des minimums impos\u00e9s quand m\u00eame par la Loi.<\/div>\n<div class=\"mdjComplements\">Les optimistes disent que les salari\u00e9s et leurs repr\u00e9sentants ne sont pas stupides, ils ne sont pas oblig\u00e9s de n\u00e9gocier et que s\u2019ils n\u00e9gocient ils pourront c\u00e9der sur certains points mais pour mieux obtenir d\u2019autres avantages.<\/div>\n<div class=\"mdjComplements\">Les pessimistes consid\u00e8rent que la n\u00e9gociation au niveau de l\u2019entreprise se passe dans un rapport de force tr\u00e8s d\u00e9favorable aux salari\u00e9s et que cela entra\u00eenera un dumping social entre entreprises.<\/div>\n<div class=\"mdjComplements\">Troisi\u00e8me point, il s\u2019agit de faciliter et de simplifier les licenciements.<\/div>\n<div class=\"mdjComplements\">Les optimistes disant que si les employeurs savent qu\u2019ils peuvent facilement mettre fin \u00e0 un CDI, \u00e0 moindre frais, ils embaucheront d\u2019autant plus facilement des salari\u00e9s d\u00e8s que leur activit\u00e9 le leur permet.<\/div>\n<div class=\"mdjComplements\">Les pessimistes trouvant simplement que faciliter le licenciement, conduira m\u00e9caniquement \u00e0 plus de licenciements et donc plus de ch\u00f4mage.<\/div>\n<div class=\"mdjComplements\">Pour essayer d\u2019\u00e9clairer ce d\u00e9bat je ne donnerai pas la parole \u00e0 des lib\u00e9raux qui trouvent cette Loi largement insuffisante surtout dans sa seconde mouture, ni \u00e0 ceux qui \u00e0 gauche estiment que cette loi constitue \u00ab\u00a0le mal lib\u00e9ral absolu\u00a0\u00bb.<\/div>\n<div class=\"mdjComplements\">Je donnerai d\u2019abord la parole au glorieux p\u00e8re d\u2019une des ministres du gouvernement \u00e0 savoir\u00a0: Alain Touraine, grand sociologue proche de Michel Rocard et qui aura 91 ans en ao\u00fbt prochain, bref le contraire d\u2019un r\u00e9volutionnaire ou d\u2019un jeune excit\u00e9.<\/div>\n<div class=\"mdjComplements\">Il avait m\u00eame soutenu avec vigueur Fran\u00e7ois Hollande en 2012 en publiant cette tribune : <a href=\"http:\/\/abonnes.lemonde.fr\/idees\/article\/2012\/04\/25\/m-hollande-porte-les-valeurs-d-une-nouvelle-gauche-reformatrice_1690974_3232.html?xtmc=m_hollande_porte_les_valeurs_d_une_nouvelle_gauche_reformatrice&amp;xtcr=2\">&lt; M. Hollande porte les valeurs d&rsquo;une nouvelle gauche r\u00e9formatrice&gt;<\/a><\/div>\n<div class=\"mdjComplements\">Il \u00e9tait l\u2019invit\u00e9 d\u2019Olivia Gesbert lors de l\u2019\u00e9mission <a href=\"http:\/\/www.franceculture.fr\/emissions\/dimanche-et-apres\/loi-travail-la-colere-du-sociologue-alain-touraine\">&lt;Dimanche et apr\u00e8s\u00a0du 29\/05\/2016&gt;<\/a><\/div>\n<div class=\"mdjComplements\">Et voil\u00e0 ce qu\u2019il a dit lors de cette \u00e9mission\u00a0:<\/div>\n<div class=\"mdjCiter\">\u00ab\u00a0Ce qui me fait pleurer, devant cette situation que nous vivons, c&rsquo;est que j&rsquo;ai l&rsquo;impression d&rsquo;assister en France \u00e0 la fin de ce qu&rsquo;on a appel\u00e9 le mouvement ouvrier. Quand j&rsquo;ai vu la premi\u00e8re version du projet de loi, j&rsquo;ai eu l&rsquo;impression que tout ce qui a \u00e9t\u00e9 fait et gagn\u00e9 pendant 50 ans a \u00e9t\u00e9 perdu. On parle d&rsquo;inverser les normes, tout ceci a l&rsquo;air de d\u00e9tails techniques mais ce ne sont pas des d\u00e9tails techniques. Vous avez en ce moment un pays qui sort avec beaucoup de difficult\u00e9s de ce qu&rsquo;on a appel\u00e9 le monde industriel. Il ne sait pas tr\u00e8s bien dans quel autre monde on va entrer mais on sait ce qu&rsquo;on a gagn\u00e9 \u00e0 l&rsquo;\u00e9poque industrielle et soudain on nous le fout en l&rsquo;air et c&rsquo;est tout \u00e0 fait inacceptable. [\u2026]<\/div>\n<div class=\"mdjCiter\">Il s&rsquo;agit de beaucoup plus que d&rsquo;un mod\u00e8le social, il s&rsquo;agit de 100 ans de notre histoire. De 100 ans dont il faut sortir pour entrer dans un monde nouveau mais dont il faut sortir si on assure nos arri\u00e8res, pas si on retourne \u00e0 des situations insupportables. Or la premi\u00e8re version de ce texte \u00e9tait insupportable pour des millions de gens. Je ne dis pas que c&rsquo;\u00e9tait l&rsquo;intention du gouvernement .Je dis que quand on parle du code du travail on ne parle pas du code de la route, c&rsquo;est d&rsquo;une toute autre importance, c&rsquo;est des si\u00e8cles de gr\u00e8ves, de luttes. Donner aux gens le sentiment qu&rsquo;on va effacer tout \u00e7a pour \u00eatre comp\u00e9titif par rapport \u00e0 tel ou tel pays c&rsquo;est insultant.[\u2026]<\/div>\n<div class=\"mdjCiter\">C\u2019est quand m\u00eame une chose grave. Il y a une incompr\u00e9hension dont il faut sortir. Le probl\u00e8me de la France c\u2019est qu\u2019elle est en d\u00e9sindustrialisation. La France est un pays moins industriel que l\u2019Italie alors que c\u2019\u00e9tait le contraire pendant 100 ans.<\/div>\n<div class=\"mdjCiter\">Notre grande affaire [est que nous sommes entr\u00e9s] dans un monde nouveau, dans un monde global, de l\u2019ensemble de la plan\u00e8te [\u2026] il s\u2019agit de faire que le monde du travail qui est la base de notre soci\u00e9t\u00e9 comprenne qu\u2019il ne s\u2019agit pas de d\u00e9fendre des int\u00e9r\u00eats acquis [\u2026] mais de se battre contre autre chose, et de faire changer [la nouvelle] soci\u00e9t\u00e9 qui se profile d\u00e9j\u00e0 devant nous. [\u2026]<\/div>\n<div class=\"mdjCiter\">Ce n\u2019est pas la gauche qui a perdu le sens de l\u2019histoire du peuple, c\u2019est toute la classe politique, la gauche, la droite et le centre, c\u2019est tout le monde politique.<\/div>\n<div class=\"mdjCiter\">L\u2019Europe par exemple, il y a 30 ans on n\u2019y croyait, on n\u2019y croit plus.<\/div>\n<div class=\"mdjCiter\">On a cru qu\u2019on allait reprendre la croissance apr\u00e8s la grande crise financi\u00e8re, il n\u2019y a pas de reprise.<\/div>\n<div class=\"mdjCiter\">Nous sommes aujourd\u2019hui un continent qui n\u2019a plus de sens, qui ne trouve plus de sens \u00e0 rien, qui ne pense plus, qui n\u2019agit plus.<\/div>\n<div class=\"mdjCiter\">Aujourd\u2019hui on ne parle plus que de l\u2019\u00e9conomie avec ses bons et ses mauvais c\u00f4t\u00e9s. Comme s\u2019il n\u2019y avait pas d\u2019acteurs, comme si les gens n\u2019existaient pas, que les gens n\u2019avaient pas de sentiments, pas d\u2019\u00e9motions, des d\u00e9sirs, des col\u00e8res.<\/div>\n<div class=\"mdjCiter\">Nous faisons comme si le monde o\u00f9 nous sommes n\u2019avait aucun sens. C\u2019est \u00e7a le fond de l\u2019affaire.[\u2026]<\/div>\n<div class=\"mdjCiter\">Il s\u2019agit face \u00e0 un monde o\u00f9 nous risquons d\u2019\u00eatre foutus en l\u2019air, d\u2019\u00eatre jet\u00e9 dans un trou il s\u2019agit de savoir si nous allons arriver \u00e0 nous entendre pour passer \u00e0 l\u2019\u00e9tape suivante. Ce qui suppose qu\u2019on ne fait pas reculer ceux qui ont d\u00e9j\u00e0 le moins. On n&rsquo;entre pas dans l\u2019avenir en ne tenant aucun compte de ceux qui n\u2019ont pas eu la gloire du pass\u00e9, la richesse du pass\u00e9 en leur disant simplement\u00a0: attendez un peu, dans un si\u00e8cle ou deux on essayera d\u2019arranger tout \u00e7a.<\/div>\n<div class=\"mdjCiter\">Je suis \u00e9nerv\u00e9, je suis irrit\u00e9, parce que je trouve qu\u2019il y a une absence de conscience dans ce pays de ce qui est en jeu.<\/div>\n<div class=\"mdjCiter\">Parlons concr\u00e8tement, parler aujourd\u2019hui probl\u00e8mes des Fran\u00e7ais n\u2019a aucun sens. Tout ce qui se passe en France, comme en Allemagne, comme en Argentine tout \u00e7a, \u00e7a se joue au niveau mondial [\u2026]<\/div>\n<div class=\"mdjCiter\">On se bagarre sur les choses du monde du pass\u00e9 et ces bagarres profitent \u00e0 ceux qui ont \u00e9t\u00e9 les profiteurs du pass\u00e9. Nous sommes une soci\u00e9t\u00e9 en petits morceaux alors que nous devons nous mettre \u00e0 l\u2019\u00e9chelle du monde. Il ne faut pas renoncer aux droits sociaux il faut les \u00e9largir, il faut les repenser<\/div>\n<div class=\"mdjCiter\">Les d\u00e9bats ne sont pas \u00e0 la hauteur des probl\u00e8mes extr\u00eamement graves dans lesquelles nous nous trouvons.\u00a0\u00bb<\/div>\n<div class=\"mdjComplements\">Un autre supporter du candidat Fran\u00e7ois Hollande\u00a0 et \u00e9conomiste raisonnable Daniel Cohen a dit <a href=\"http:\/\/www.europe1.fr\/emissions\/l-interview-politique-du-week-end\/daniel-cohen-sur-la-loi-travail-au-depart-la-loi-el-khomri-etait-totalement-desequilibree-2757136\">&lt;Au d\u00e9part, la loi El Khomri \u00e9tait totalement d\u00e9s\u00e9quilibr\u00e9e&gt;<\/a> et il ajoute <a href=\"http:\/\/www.europe1.fr\/societe\/daniel-cohen-la-loi-travail-reste-desequilibree-2756752\">&lt;La loi Travail reste d\u00e9s\u00e9quilibr\u00e9e&gt;<\/a><\/div>\n<div class=\"mdjComplements\">Daniel Cohen affirme notamment qu&rsquo;un des manques de la loi celle qu&rsquo;elle ne permet pas \u00ab\u00a0de ressourcer le syndicalisme\u00a0\u00bb car pour que les n\u00e9gociations au niveau de l&rsquo;entreprise puisse \u00eatre efficace et \u00e9quilibr\u00e9e il faut un syndicalisme fort.<\/div>\n<div class=\"mdjComplements\">\u200bMais je retiens surtout de la saine col\u00e8re d&rsquo;Alain Touraine, qu&rsquo;il faut savoir donner du sens \u00e0 une r\u00e9forme, c&rsquo;est cela l&rsquo;essence du r\u00e9formateur sinon on a affaire \u00e0 un technocrate qui lui se cache derri\u00e8re des mesures techniques&#8230;<\/div>\n","protected":false},"excerpt":{"rendered":"<p>Lundi 13 Juin 2016 \u00abJe suis \u00e9nerv\u00e9, je suis irrit\u00e9, parce que je trouve qu\u2019il y a une absence de conscience dans ce pays de ce qui est en jeu.\u00bb Alain Touraine, lors de l&rsquo;\u00e9mission de France Culture \u00ab\u00a0Dimanche et<\/p>\n","protected":false},"author":1,"featured_media":0,"comment_status":"closed","ping_status":"closed","sticky":false,"template":"","format":"standard","meta":{"footnotes":""},"categories":[1],"tags":[],"class_list":["post-1360","post","type-post","status-publish","format-standard","hentry","category-motdujour"],"_links":{"self":[{"href":"https:\/\/lemotdujour.fr\/index.php?rest_route=\/wp\/v2\/posts\/1360","targetHints":{"allow":["GET"]}}],"collection":[{"href":"https:\/\/lemotdujour.fr\/index.php?rest_route=\/wp\/v2\/posts"}],"about":[{"href":"https:\/\/lemotdujour.fr\/index.php?rest_route=\/wp\/v2\/types\/post"}],"author":[{"embeddable":true,"href":"https:\/\/lemotdujour.fr\/index.php?rest_route=\/wp\/v2\/users\/1"}],"replies":[{"embeddable":true,"href":"https:\/\/lemotdujour.fr\/index.php?rest_route=%2Fwp%2Fv2%2Fcomments&post=1360"}],"version-history":[{"count":1,"href":"https:\/\/lemotdujour.fr\/index.php?rest_route=\/wp\/v2\/posts\/1360\/revisions"}],"predecessor-version":[{"id":1361,"href":"https:\/\/lemotdujour.fr\/index.php?rest_route=\/wp\/v2\/posts\/1360\/revisions\/1361"}],"wp:attachment":[{"href":"https:\/\/lemotdujour.fr\/index.php?rest_route=%2Fwp%2Fv2%2Fmedia&parent=1360"}],"wp:term":[{"taxonomy":"category","embeddable":true,"href":"https:\/\/lemotdujour.fr\/index.php?rest_route=%2Fwp%2Fv2%2Fcategories&post=1360"},{"taxonomy":"post_tag","embeddable":true,"href":"https:\/\/lemotdujour.fr\/index.php?rest_route=%2Fwp%2Fv2%2Ftags&post=1360"}],"curies":[{"name":"wp","href":"https:\/\/api.w.org\/{rel}","templated":true}]}}