{"id":13585,"date":"2022-06-15T00:15:00","date_gmt":"2022-06-14T22:15:00","guid":{"rendered":"https:\/\/lemotdujour.fr\/?p=13585"},"modified":"2022-06-15T00:04:00","modified_gmt":"2022-06-14T22:04:00","slug":"mercredi-15-juin-2022","status":"publish","type":"post","link":"https:\/\/lemotdujour.fr\/?p=13585","title":{"rendered":"Mercredi 15 juin 2022"},"content":{"rendered":"<div class=\"mdjTexte\">\u00ab&nbsp;Repr\u00e9sentation du corps \u00e9lectoral fran\u00e7ais.&nbsp;\u00bb<\/div>\n<div class=\"mdjAuteur\">Ce que vote ou ne vote pas les fran\u00e7ais<\/div>\n<p><span style=\"color: #777777; font-family: Arial;\">Un dessin ou un sch\u00e9ma valent mieux qu&rsquo;un long discours.<br \/>\n<\/span><\/p>\n<p><span style=\"color: #777777; font-family: Arial;\">C&rsquo;est doublement positif : c&rsquo;est facile \u00e0 lire et \u00e0 appr\u00e9hender et c&rsquo;est facile \u00e0 \u00e9crire. <\/span><span style=\"color: #777777; font-family: Arial;\">C&rsquo;est du gagnant \/ gagnant comme disent les \u00ab&nbsp;winners&nbsp;\u00bb.<br \/>\n<\/span><\/p>\n<p><span style=\"color: #777777; font-family: Arial;\">Revenons d&rsquo;abord \u00e0 la repr\u00e9sentation des bulletins exprim\u00e9s lors du premier tour des l\u00e9gislatives.<br \/>\n<\/span><\/p>\n<p><span style=\"color: #777777; font-family: Arial;\">Je reprends les m\u00eames chiffres qu&rsquo;hier, ceux qui ont \u00e9t\u00e9 publi\u00e9s par le journal \u00ab&nbsp;<strong>Le Monde<\/strong>&nbsp;\u00bb<br \/>\n<\/span><\/p>\n<p><img decoding=\"async\" src=\"https:\/\/lemotdujour.fr\/wp-content\/uploads\/2022\/06\/061422_1437_Mercredi15j1.png\" alt=\"\"><span style=\"color: #777777; font-family: Arial;\"><br \/>\n<\/span><\/p>\n<p><span style=\"color: #777777; font-family: Arial;\">On voit deux quartiers qui dominent, mais qui si on regarde de pr\u00e8s ne repr\u00e9sente gu\u00e8re qu&rsquo;un plus de la moiti\u00e9 du disque. Mais quand on montre les choses ainsi, on omet une grande partie de la r\u00e9alit\u00e9.<\/span><\/p>\n<p><span style=\"color: #777777; font-family: Arial;\">Ce d\u00e9compte doit d&rsquo;abord \u00eatre compl\u00e9t\u00e9 des bulletins Blancs. Puis il faut aussi y ajouter les bulletins nuls dont on ne sait jamais si l&rsquo;\u00e9lecteur pensait voter blanc ou a commis une erreur de votation. Ensuite pour que l&rsquo;image du corps \u00e9lectoral soit plus conforme \u00e0 la r\u00e9alit\u00e9 il faut aussi ajouter les abstentionnistes. <\/span><\/p>\n<p><span style=\"color: #777777; font-family: Arial;\">Et pour enfin disposer d&rsquo;une vision compl\u00e8te il faut aussi prendre en compte toutes les personnes en \u00e2ge de voter et qui ne sont pas inscrites sur les listes \u00e9lectorales. J&rsquo;ai trouv\u00e9 un article de&nbsp; \u00ab <strong>Lib\u00e9ration<\/strong> \u00bb : <\/span><span style=\"color: #777777; font-family: Arial;\">&lt;<span style=\"color: #0000ff;\"><a style=\"color: #0000ff;\" href=\"https:\/\/www.liberation.fr\/checknews\/combien-de-personnes-en-age-de-voter-ne-sont-pas-inscrites-sur-les-listes-electorales-20220223_OQ6WGP5PERH2BID6SQUNDW532I\/?redirected=1\">Combien de personnes en \u00e2ge de voter ne sont pas inscrites sur les listes \u00e9lectorales ?<\/a><\/span>&gt; qui narre cela :<br \/>\n<\/span><\/p>\n<p style=\"margin-left: 28pt;\"><span style=\"color: #c00000; font-family: Arial;\">\u00ab&nbsp;Les derni\u00e8res donn\u00e9es mises \u00e0 jour datent de mai 2021. A ce moment-l\u00e0, \u00ab47,9 millions de personnes sont inscrites sur les listes \u00e9lectorales fran\u00e7aises hors Nouvelle-Cal\u00e9donie, dont 1,4 million r\u00e9sidant hors de France et inscrites sur une liste consulaire\u00bb, indique l&rsquo;Insee dans un focus consacr\u00e9 \u00e0 ce sujet. Soit 94 % des Fran\u00e7ais en \u00e2ge de voter. Au total, seulement 6 % des personnes concern\u00e9es n&rsquo;\u00e9taient donc pas inscrites sur les listes \u00e9lectorales en mai 2021. Les donn\u00e9es devraient \u00eatre r\u00e9actualis\u00e9es \u00e0 la fin du mois de mars, une fois que la date limite pour l&rsquo;\u00e9lection pr\u00e9sidentielle sera pass\u00e9e, d&rsquo;apr\u00e8s l&rsquo;Insee.&nbsp;\u00bb<br \/>\n<\/span><\/p>\n<p><span style=\"color: #777777; font-family: Arial;\">Donc nous connaissons une estimation, c&rsquo;est 6 % du corps \u00e9lectoral. Le reste est un simple calcul arithm\u00e9tique et nous arrivons au tableau et \u00e0 la repr\u00e9sentation de ce que le corps \u00e9lectoral fran\u00e7ais a vraiment exprim\u00e9 et non exprim\u00e9 ce dimanche.<br \/>\n<\/span><\/p>\n<p><img decoding=\"async\" src=\"https:\/\/lemotdujour.fr\/wp-content\/uploads\/2022\/06\/061422_1437_Mercredi15j2.png\" alt=\"\"><span style=\"color: #777777; font-family: Arial;\"><br \/>\n<\/span><\/p>\n<p><span style=\"color: #777777; font-family: Arial;\">Dans cette repr\u00e9sentation NUPES ou Ensemble repr\u00e9sente chacun environ 11,5% du corps \u00e9lectoral. Et cette repr\u00e9sentation montre que c&rsquo;est vraiment peu !<br \/>\n<\/span><\/p>\n<p><span style=\"color: maroon; font-family: Arial;\">&lt;1682&gt;<span style=\"color: #777777;\"><br \/>\n<\/span><\/span><\/p>\n<p><span style=\"color: #777777; font-family: Arial;\">&nbsp;<\/span><\/p>\n","protected":false},"excerpt":{"rendered":"<p>\u00ab&nbsp;Repr\u00e9sentation du corps \u00e9lectoral fran\u00e7ais.&nbsp;\u00bb Ce que vote ou ne vote pas les fran\u00e7ais Un dessin ou un sch\u00e9ma valent mieux qu&rsquo;un long discours. C&rsquo;est doublement positif : c&rsquo;est facile \u00e0 lire et \u00e0 appr\u00e9hender et c&rsquo;est facile \u00e0 \u00e9crire.<\/p>\n","protected":false},"author":1,"featured_media":0,"comment_status":"open","ping_status":"closed","sticky":false,"template":"","format":"standard","meta":{"footnotes":""},"categories":[1],"tags":[141,15,3],"class_list":["post-13585","post","type-post","status-publish","format-standard","hentry","category-motdujour","tag-elections","tag-france","tag-politique"],"_links":{"self":[{"href":"https:\/\/lemotdujour.fr\/index.php?rest_route=\/wp\/v2\/posts\/13585","targetHints":{"allow":["GET"]}}],"collection":[{"href":"https:\/\/lemotdujour.fr\/index.php?rest_route=\/wp\/v2\/posts"}],"about":[{"href":"https:\/\/lemotdujour.fr\/index.php?rest_route=\/wp\/v2\/types\/post"}],"author":[{"embeddable":true,"href":"https:\/\/lemotdujour.fr\/index.php?rest_route=\/wp\/v2\/users\/1"}],"replies":[{"embeddable":true,"href":"https:\/\/lemotdujour.fr\/index.php?rest_route=%2Fwp%2Fv2%2Fcomments&post=13585"}],"version-history":[{"count":4,"href":"https:\/\/lemotdujour.fr\/index.php?rest_route=\/wp\/v2\/posts\/13585\/revisions"}],"predecessor-version":[{"id":13589,"href":"https:\/\/lemotdujour.fr\/index.php?rest_route=\/wp\/v2\/posts\/13585\/revisions\/13589"}],"wp:attachment":[{"href":"https:\/\/lemotdujour.fr\/index.php?rest_route=%2Fwp%2Fv2%2Fmedia&parent=13585"}],"wp:term":[{"taxonomy":"category","embeddable":true,"href":"https:\/\/lemotdujour.fr\/index.php?rest_route=%2Fwp%2Fv2%2Fcategories&post=13585"},{"taxonomy":"post_tag","embeddable":true,"href":"https:\/\/lemotdujour.fr\/index.php?rest_route=%2Fwp%2Fv2%2Ftags&post=13585"}],"curies":[{"name":"wp","href":"https:\/\/api.w.org\/{rel}","templated":true}]}}