{"id":1358,"date":"2016-06-10T02:00:00","date_gmt":"2016-06-09T22:00:00","guid":{"rendered":"http:\/\/lemotdujour.fr\/?p=1358"},"modified":"2017-05-08T13:27:56","modified_gmt":"2017-05-08T11:27:56","slug":"vendredi-10-juin-2016","status":"publish","type":"post","link":"https:\/\/lemotdujour.fr\/?p=1358","title":{"rendered":"Vendredi 10 Juin 2016"},"content":{"rendered":"<div class=\"mdjDate\">Vendredi 10 Juin 2016<\/div>\n<div class=\"mdjTexte\">\u00ab Sapere aude ! <br \/>Habe Mut dich deines eigenen Verstandes zu bedienen !\u00bb<br \/>\u00ab Ose savoir ! <br \/>Aie le courage de te servir de ton propre entendement !\u00bb<\/div>\n<div class=\"mdjAuteur\"><strong>Emmanuel Kant<\/strong> <a href=\"https:\/\/fr.wikisource.org\/wiki\/Qu%E2%80%99est-ce_que_les_Lumi%C3%A8res_%3F\">&lt;Qu&rsquo;est-ce que les Lumi\u00e8res ?&gt;<\/a> Essai de 1784<\/div>\n<div class=\"mdjComplements\">Quel premier mot du jour \u00e9crire apr\u00e8s la s\u00e9rie de Sapiens ?<\/div>\n<div class=\"mdjComplements\">L&rsquo;id\u00e9e m&rsquo;est venu d&rsquo;\u00e9voquer les philosophes des Lumi\u00e8res et notamment l&rsquo;un d&rsquo;entre eux, Emmanuel Kant, qui a essay\u00e9 par un ouvrage, \u00e9crit en 1784, de r\u00e9pondre \u00e0 cette question \u00ab qu&rsquo;est-ce que les Lumi\u00e8res ?\u00bb<\/div>\n<div class=\"mdjComplements\">Dans sa d\u00e9finition il fait d&rsquo;abord r\u00e9f\u00e9rence \u00e0 une locution latine \u00e0 l\u2019origine emprunt\u00e9e au po\u00e8te latin <a href=\"https:\/\/fr.wikipedia.org\/wiki\/Horace\">Horace<\/a> (-65,-8) (\u00c9pitres, I, 2, 40) qui signifie \u00ab Ose savoir ! \u00bb.<\/div>\n<div class=\"mdjComplements\">Emmanuel Kant r\u00e9pond dans son essai \u00e0 la question pos\u00e9e de la mani\u00e8re suivante : \u00ab Le mouvement des Lumi\u00e8res est la sortie de l\u2019homme de sa minorit\u00e9 dont il est lui-m\u00eame responsable. Minorit\u00e9, c\u2019est-\u00e0-dire incapacit\u00e9 de se servir de son entendement sans la direction d\u2019autrui, minorit\u00e9 dont il est lui-m\u00eame responsable, puisque la cause en r\u00e9side non dans un d\u00e9faut de l\u2019entendement mais dans un manque de d\u00e9cision et de courage de s\u2019en servir sans la direction d\u2019autrui. Sapere aude ! Aie le courage de te servir de ton propre entendement ! Voil\u00e0 la devise des Lumi\u00e8res. \u00bb<\/div>\n<div class=\"mdjComplements\">Une autre traduction donne cela : \u00ab L&rsquo;Aufkl\u00e4rung permet \u00e0 l&rsquo;homme de sortir de l&rsquo;immaturit\u00e9 dont il est lui-m\u00eame responsable. L&rsquo;immaturit\u00e9 est l&rsquo;incapacit\u00e9 d&#8217;employer son entendement sans \u00eatre guid\u00e9 par autrui. Cette immaturit\u00e9 lui est imputable non pas si le manque d&rsquo;entendement mais si le manque de r\u00e9solution et de courage d&rsquo;y avoir recours sans la conduite d&rsquo;un autre en est la cause. Sapere aude ! Aie le courage de te servir de ton propre entendement ! voil\u00e0 donc la devise de l&rsquo; Aufkl\u00e4rung. \u00bb <\/div>\n<div class=\"mdjComplements\">Et en version originale : \u00ab Aufkl\u00e4rung ist der Ausgang des Menschen aus seiner selbst verschuldeten Unm\u00fcndigkeit. Unm\u00fcndigkeit ist das Unverm\u00f6gen, sich seines Verstandes ohne Leitung eines anderen zu bedienen. Selbstverschuldet ist diese Unm\u00fcndigkeit, wenn die Ursache derselben nicht am Mangel des Verstandes, sondern der Entschlie\u00dfung und des Mutes liegt, sich seiner ohne Leitung eines andern zu bedienen. Sapere aude! Habe Mut dich deines eigenen Verstandes zu bedienen! ist also der Wahlspruch der Aufkl\u00e4rung.\u00bb <\/div>\n","protected":false},"excerpt":{"rendered":"<p>Vendredi 10 Juin 2016 \u00ab Sapere aude ! Habe Mut dich deines eigenen Verstandes zu bedienen !\u00bb\u00ab Ose savoir ! Aie le courage de te servir de ton propre entendement !\u00bb Emmanuel Kant &lt;Qu&rsquo;est-ce que les Lumi\u00e8res ?&gt; Essai de<\/p>\n","protected":false},"author":1,"featured_media":0,"comment_status":"closed","ping_status":"closed","sticky":false,"template":"","format":"standard","meta":{"footnotes":""},"categories":[1],"tags":[],"class_list":["post-1358","post","type-post","status-publish","format-standard","hentry","category-motdujour"],"_links":{"self":[{"href":"https:\/\/lemotdujour.fr\/index.php?rest_route=\/wp\/v2\/posts\/1358","targetHints":{"allow":["GET"]}}],"collection":[{"href":"https:\/\/lemotdujour.fr\/index.php?rest_route=\/wp\/v2\/posts"}],"about":[{"href":"https:\/\/lemotdujour.fr\/index.php?rest_route=\/wp\/v2\/types\/post"}],"author":[{"embeddable":true,"href":"https:\/\/lemotdujour.fr\/index.php?rest_route=\/wp\/v2\/users\/1"}],"replies":[{"embeddable":true,"href":"https:\/\/lemotdujour.fr\/index.php?rest_route=%2Fwp%2Fv2%2Fcomments&post=1358"}],"version-history":[{"count":1,"href":"https:\/\/lemotdujour.fr\/index.php?rest_route=\/wp\/v2\/posts\/1358\/revisions"}],"predecessor-version":[{"id":1359,"href":"https:\/\/lemotdujour.fr\/index.php?rest_route=\/wp\/v2\/posts\/1358\/revisions\/1359"}],"wp:attachment":[{"href":"https:\/\/lemotdujour.fr\/index.php?rest_route=%2Fwp%2Fv2%2Fmedia&parent=1358"}],"wp:term":[{"taxonomy":"category","embeddable":true,"href":"https:\/\/lemotdujour.fr\/index.php?rest_route=%2Fwp%2Fv2%2Fcategories&post=1358"},{"taxonomy":"post_tag","embeddable":true,"href":"https:\/\/lemotdujour.fr\/index.php?rest_route=%2Fwp%2Fv2%2Ftags&post=1358"}],"curies":[{"name":"wp","href":"https:\/\/api.w.org\/{rel}","templated":true}]}}