{"id":13578,"date":"2022-06-14T00:20:49","date_gmt":"2022-06-13T22:20:49","guid":{"rendered":"https:\/\/lemotdujour.fr\/?p=13578"},"modified":"2022-06-14T10:13:18","modified_gmt":"2022-06-14T08:13:18","slug":"mardi-14-juin-2022","status":"publish","type":"post","link":"https:\/\/lemotdujour.fr\/?p=13578","title":{"rendered":"Mardi 14 juin 2022"},"content":{"rendered":"<div class=\"mdjTexte\">\u00ab\u00a0Que se passerait-il \u00e0 l&rsquo;Assembl\u00e9e Nationale s&rsquo;il y avait un autre mode de scrutin\u00a0?\u00bb<\/div>\n<div class=\"mdjAuteur\">Un exercice intellectuel et sp\u00e9culatif<\/div>\n<p><span style=\"color: #777777; font-family: Arial;\">Si vous avez lu le mot du jour d&rsquo;hier, vous avez pu comprendre que nous utilisons en France un mode de scrutin que peut \u00eatre tout le monde nous envie (quoique ce n&rsquo;est pas certain) mais que personne n&rsquo;utilise (\u00e7a c&rsquo;est un constat).<br \/>\n<\/span><\/p>\n<p><span style=\"color: #777777; font-family: Arial;\">Alors je tente aujourd&rsquo;hui un exercice intellectuel et sp\u00e9culatif qui consiste \u00e0 partir des r\u00e9sultats de ce dimanche d&rsquo;imaginer le r\u00e9sultat en nombre de si\u00e8ges si nous appliquions un autre mode de scrutin.<br \/>\n<\/span><\/p>\n<p><span style=\"color: #777777; font-family: Arial;\"><strong>Je veux insister sur le fait que cette d\u00e9marche est sp\u00e9culative et n&rsquo;a aucune vocation \u00e0 pr\u00e9dire ce qui se passerait si on changeait de mode de scrutin.<br \/>\n<\/strong><\/span><\/p>\n<p><span style=\"color: #777777; font-family: Arial;\"><strong>Tant il est vrai que le mode de scrutin induit des organisations et des comportements politiques qui sont tr\u00e8s diff\u00e9rents les uns des autres.<br \/>\n<\/strong><\/span><\/p>\n<p><span style=\"color: #777777; font-family: Arial;\">Autrement dit, si nous avions un autre mode de scrutin les acteurs politiques auraient un comportement diff\u00e9rent.<br \/>\n<\/span><\/p>\n<p><span style=\"color: #777777; font-family: Arial;\">S&rsquo;il fonctionne bien, ce qui n&rsquo;est plus le cas en France, <strong>le scrutin uninominal \u00e0 deux tours<\/strong> induit une organisation de blocs de Partis, id\u00e9alement deux blocs, et une multiplication de Partis. Au premier tour, il y a de nombreux partis qui se pr\u00e9sentent dans chaque circonscription. Et puis au second tour, il reste un candidat par bloc, celui qui \u00e9tait le mieux plac\u00e9 au premier tour, tous les autres partis du m\u00eame bloc se d\u00e9sistant pour lui. Cela fonctionnait tr\u00e8s bien quand il y avait un bloc de gauche et un bloc de droite<br \/>\n<\/span><\/p>\n<p><span style=\"color: #777777; font-family: Arial;\">Si on reprend le tableau que j&rsquo;ai pr\u00e9sent\u00e9 hier auquel j&rsquo;ajoute une colonne pour faire la somme des voix du vainqueur et du second, 9 scrutins sur 16 sont dans ce cas avec deux blocs qui repr\u00e9sentent 75% des votants<br \/>\n<\/span><\/p>\n<p><img decoding=\"async\" src=\"https:\/\/lemotdujour.fr\/wp-content\/uploads\/2022\/06\/061322_2207_Mardi14juin1.png\" alt=\"\" \/><span style=\"color: #777777; font-family: Arial;\"><br \/>\n<\/span><\/p>\n<p><span style=\"color: #777777; font-family: Arial;\">En 1981, les deux blocs repr\u00e9sentaient 97,23% des Voix.<br \/>\n<\/span><\/p>\n<p><span style=\"color: #777777; font-family: Arial;\"><strong>Le scrutin uninominal \u00e0 1 tour<\/strong> induit l&rsquo;existence de tr\u00e8s peu de Partis, 2 ou 3 avec quelques partis r\u00e9gionalistes. Parce qu&rsquo;au-del\u00e0 il n&rsquo;y a aucune chance d&rsquo;\u00eatre \u00e9lu, puisqu&rsquo;il faut \u00eatre premier d\u00e8s le premier tour. L&rsquo;organisation par Bloc n&rsquo;a pas de sens pour ce mode de scrutin. En r\u00e9alit\u00e9, dans ce cas les blocs se r\u00e9unissent tout de suite en Parti. C&rsquo;est le cas en Grande Bretagne et aux \u00c9tats-Unis.<br \/>\n<\/span><\/p>\n<p><span style=\"color: #777777; font-family: Arial;\">Le scrutin par liste \u00e0 la proportionnelle peut prend plusieurs formes selon la circonscription qui peut \u00eatre nationale ou infra nationale et selon l&rsquo;existence d&rsquo;un seuil en de\u00e7\u00e0 duquel on ne peut avoir d&rsquo;\u00e9lu.<br \/>\n<\/span><\/p>\n<p><span style=\"color: #777777; font-family: Arial;\">Ainsi en Isra\u00ebl, il n&rsquo;y a pas de seuil. Cette situation a pour cons\u00e9quence la cr\u00e9ation de beaucoup de petits partis, surtout religieux qui en contrepartie d&rsquo;une ou deux concessions pour satisfaire les fantasmes de leurs \u00e9lecteurs acceptent de se joindre \u00e0 une coalition pour lui apporter la majorit\u00e9 n\u00e9cessaire pour appliquer sa politique. Cela peut cr\u00e9er des relations et des coalitions assez toxiques pour l&rsquo;int\u00e9r\u00eat g\u00e9n\u00e9ral du pays.<br \/>\n<\/span><\/p>\n<p><span style=\"color: #777777; font-family: Arial;\">Mais le plus souvent le mode de scrutin est assorti comme en Allemagne d&rsquo;un seuil, ce qui \u00e9limine la tentation des petits partis et favorise les coalitions de quelques Partis s\u00e9rieux.<br \/>\n<\/span><\/p>\n<p><span style=\"color: #777777; font-family: Arial;\">Avec toutes ces pr\u00e9cautions, commen\u00e7ons cet exercice intellectuel.<br \/>\n<\/span><\/p>\n<p><span style=\"color: #777777; font-family: Arial;\"><strong>1\/ Si La France votait comme les britanniques ou les am\u00e9ricains.<br \/>\n<\/strong><\/span><\/p>\n<p><span style=\"color: #777777; font-family: Arial;\">Nous sommes donc en pr\u00e9sence du scrutin uninominal majoritaire \u00e0 un tour.<br \/>\n<\/span><\/p>\n<p><span style=\"color: #777777; font-family: Arial;\">Celui qui arrive en t\u00eate gagne l&rsquo;\u00e9lection.<br \/>\n<\/span><\/p>\n<p><span style=\"color: #777777; font-family: Arial;\">\u00ab\u00a0<strong>Le Monde<\/strong>\u00a0\u00bb a publi\u00e9 cette carte accompagn\u00e9e de la liste des Tendances politiques arriv\u00e9es en t\u00eate au premier tour des l\u00e9gislatives.<br \/>\n<\/span><\/p>\n<p><img decoding=\"async\" src=\"https:\/\/lemotdujour.fr\/wp-content\/uploads\/2022\/06\/061322_2207_Mardi14juin2.png\" alt=\"\" \/><span style=\"color: #777777; font-family: Arial;\"><br \/>\n<\/span><\/p>\n<p><span style=\"color: #777777; font-family: Arial;\">Donc en reprenant ces chiffres et en faisant quelques regroupements envisageables, voil\u00e0 ce que cela donnerait\u00a0:<br \/>\n<\/span><\/p>\n<p><img decoding=\"async\" class=\"aligncenter\" src=\"https:\/\/lemotdujour.fr\/wp-content\/uploads\/2022\/06\/061322_2207_Mardi14juin3.png\" alt=\"\" \/><span style=\"color: #777777; font-family: Arial;\"><br \/>\n<\/span><\/p>\n<p><span style=\"color: #777777; font-family: Arial;\"><strong>2\/ Si la France votait comme les allemands<br \/>\n<\/strong><\/span><\/p>\n<p><span style=\"color: #777777; font-family: Arial;\">Cette fois il s&rsquo;agit d&rsquo;un scrutin proportionnel sur une liste nationale avec la n\u00e9cessit\u00e9 d&rsquo;un seuil de 5% des voix.<br \/>\n<\/span><\/p>\n<p><span style=\"color: #777777; font-family: Arial;\">Il faut savoir que les allemands aux l\u00e9gislatives votent deux fois\u00a0: une fois pour un d\u00e9put\u00e9 et une seconde fois pour la liste d&rsquo;un Parti.<br \/>\n<\/span><\/p>\n<p><span style=\"color: #777777; font-family: Arial;\">Cette mani\u00e8re de faire permet \u00e0 chaque allemand d&rsquo;avoir un d\u00e9put\u00e9 d\u00e9di\u00e9.<br \/>\n<\/span><\/p>\n<p><span style=\"color: #777777; font-family: Arial;\">Mais la r\u00e8gle fondamentale est bien la proportionnelle int\u00e9grale.<br \/>\n<\/span><\/p>\n<p><span style=\"color: #777777; font-family: Arial;\">Autrement dit c&rsquo;est la r\u00e9partition selon le scrutin par liste qui d\u00e9termine la r\u00e9partition des si\u00e8ges. Les listes pr\u00e9sent\u00e9es par les Partis compl\u00e8tent les d\u00e9put\u00e9s \u00e9lus sur leur nom pour arriver \u00e0 une stricte r\u00e9partition proportionnelle.<br \/>\n<\/span><\/p>\n<p><span style=\"color: #777777; font-family: Arial;\">Reprenons <strong>\u00ab\u00a0Le Monde<\/strong>\u00a0\u00bb et les R\u00e9sultats officiels qu&rsquo;il a publi\u00e9\u00a0:<br \/>\n<\/span><\/p>\n<p><img decoding=\"async\" class=\"alignleft\" src=\"https:\/\/lemotdujour.fr\/wp-content\/uploads\/2022\/06\/061322_2207_Mardi14juin4.png\" alt=\"\" align=\"left\" \/><span style=\"color: #777777; font-family: Arial;\">Le Monde ne reprend pas les r\u00e9sultats du Minist\u00e8re de l&rsquo;int\u00e9rieur qui donnent un peu d&rsquo;avance \u00e0 Ensemble, la coalition macroniste.<br \/>\n<\/span><\/p>\n<p><span style=\"color: #777777; font-family: Arial;\">Je ne rentrerais pas dans cette querelle qui consiste \u00e0 \u00e9carter certains candidats de la coalition NUPES.<br \/>\n<\/span><\/p>\n<p><span style=\"color: #777777; font-family: Arial;\">Tout ceci n&rsquo;est que sp\u00e9culatif et n&rsquo;a qu&rsquo;une vocation \u00e0 donner une id\u00e9e du fonctionnement d&rsquo;un mode de scrutin.<br \/>\n<\/span><\/p>\n<p><span style=\"color: #777777; font-family: Arial;\">On constate que si on applique le seuil des 5%, Reconqu\u00eate, le parti de Zemmour n&rsquo;aurait pas de d\u00e9put\u00e9s.<br \/>\n<\/span><\/p>\n<p><span style=\"color: #777777; font-family: Arial;\">Je pense que cet exemple montre toutes les nuances et limites \u00e0 apporter \u00e0 ma d\u00e9monstration.<br \/>\n<\/span><\/p>\n<p><span style=\"color: #777777; font-family: Arial;\">Il est vraisemblable que des \u00e9lecteurs qui se sentaient plus proche de Reconqu\u00eate que du Rassemblement National, ont pourtant vot\u00e9 pour le second choix en pratiquant un vote utile. Le mode de scrutin fran\u00e7ais est tr\u00e8s exigeant pour arriver au second tour. Pour ne pas risquer qu&rsquo;il n&rsquo;y ait pas de candidat d&rsquo;extr\u00eame droite au second tour, ils ont vot\u00e9 pour le candidat de cette tendance ayant le plus de chance d&rsquo;acc\u00e9der au tour suivant.<br \/>\n<\/span><\/p>\n<p><span style=\"color: #777777; font-family: Arial;\">Il est donc probable que si ce mode de scrutin existait en France, le parti Reconqu\u00eate aurait atteint les 5%. <\/span><span style=\"color: #777777; font-family: Arial;\">Mais tenons-nous strictement aux r\u00e9sultats.<br \/>\n<\/span><\/p>\n<p><span style=\"color: #777777; font-family: Arial;\">On aboutit alors ce r\u00e9sultat<br \/>\n<\/span><\/p>\n<p><img loading=\"lazy\" decoding=\"async\" class=\"alignnone  wp-image-13581\" src=\"https:\/\/lemotdujour.fr\/wp-content\/uploads\/2022\/06\/Proportionnel.png\" alt=\"\" width=\"720\" height=\"385\" srcset=\"https:\/\/lemotdujour.fr\/wp-content\/uploads\/2022\/06\/Proportionnel.png 675w, https:\/\/lemotdujour.fr\/wp-content\/uploads\/2022\/06\/Proportionnel-300x160.png 300w\" sizes=\"auto, (max-width: 720px) 100vw, 720px\" \/><span style=\"color: #777777; font-family: Arial;\"><br \/>\n<\/span><\/p>\n<p><span style=\"color: #777777; font-family: Arial;\"><strong>3\/ Mais la France vote \u00e0 la mani\u00e8re des Fran\u00e7ais<br \/>\n<\/strong><\/span><\/p>\n<p><span style=\"color: #777777; font-family: Arial;\">Donc il y aura un second tour.<br \/>\n<\/span><\/p>\n<p><span style=\"color: #777777; font-family: Arial;\">5 d\u00e9put\u00e9s sont d\u00e9j\u00e0 \u00e9lus\u00a0: 4 NUPES et 1 Ensemble.<br \/>\n<\/span><\/p>\n<p><span style=\"color: #777777; font-family: Arial;\">Nous savons qui sera pr\u00e9sent au second tour dans chacune des 572 circonscriptions qui restent \u00e0 pouvoir.<br \/>\n<\/span><\/p>\n<p><span style=\"color: #777777; font-family: Arial;\">Des analystes politiques se sont donc risqu\u00e9s \u00e0 faire des pr\u00e9visions pour le second tour.<br \/>\n<\/span><\/p>\n<p><img decoding=\"async\" src=\"https:\/\/lemotdujour.fr\/wp-content\/uploads\/2022\/06\/061322_2207_Mardi14juin6.png\" alt=\"\" align=\"left\" \/><span style=\"color: #777777; font-family: Arial;\">On trouve cette projection dans \u00ab\u00a0<strong>Le Monde<\/strong>\u00a0\u00bb<br \/>\n<\/span><\/p>\n<p><span style=\"color: #777777; font-family: Arial;\">A partir de ces \u00e9l\u00e9ments, je peux donc tenter une troisi\u00e8me r\u00e9partition.<br \/>\n<\/span><\/p>\n<p><span style=\"color: #777777; font-family: Arial;\">Les analystes proposent des fourchettes.<br \/>\n<\/span><\/p>\n<p><span style=\"color: #777777; font-family: Arial;\">Je reste simple, je prends le milieu de la fourchette.<br \/>\n<\/span><\/p>\n<p><img decoding=\"async\" class=\"alignleft\" src=\"https:\/\/lemotdujour.fr\/wp-content\/uploads\/2022\/06\/061322_2207_Mardi14juin7.png\" alt=\"\" align=\"left\" \/><span style=\"color: #777777; font-family: Arial;\">Et on comprend donc, par le dessin, le syst\u00e8me fran\u00e7ais.<br \/>\n<\/span><\/p>\n<p><span style=\"color: #777777; font-family: Arial;\">Les d\u00e9put\u00e9s macronistes flirtent avec la majorit\u00e9 absolue, ce sera un peu en dessous ou un peu au dessus.<br \/>\n<\/span><\/p>\n<p><span style=\"color: #777777; font-family: Arial;\">Certains diront peut-\u00eatre que les deux premi\u00e8res repr\u00e9sentations correspondent \u00e0 des situations ingouvernables, alors qu&rsquo;ici gouverner reste possible.<br \/>\n<\/span><\/p>\n<p><span style=\"color: #777777; font-family: Arial;\">C&rsquo;est un argument assez risqu\u00e9.<br \/>\n<\/span><\/p>\n<p><span style=\"color: #777777; font-family: Arial;\">La d\u00e9mocratie est aussi la gestion de la conflictualit\u00e9.<br \/>\n<\/span><\/p>\n<p><span style=\"color: #777777; font-family: Arial;\">Si on insiste sur l&rsquo;efficacit\u00e9 et la capacit\u00e9 de gouverner, je crains que le r\u00e9gime chinois qui repose sur les d\u00e9cisions d&rsquo;un petit comit\u00e9 de 7 responsables r\u00e9pond mieux \u00e0 ce d\u00e9sir<br \/>\n<\/span><\/p>\n<p><span style=\"color: #777777; font-family: Arial;\">Dans cet exemple fran\u00e7ais, nous avons un gouvernement qui a pour opposant 75% des \u00e9lecteurs qui se sont prononc\u00e9s et dont le pouvoir de prendre des d\u00e9cisions et tr\u00e8s peu limit\u00e9.<br \/>\n<\/span><\/p>\n<p><span style=\"color: #777777; font-family: Arial;\">Tout ceci reste une sp\u00e9culation intellectuelle.<br \/>\n<\/span><\/p>\n<p><span style=\"color: #777777; font-family: Arial;\">Et le mode de scrutin qui est un vrai probl\u00e8me en France n&rsquo;est pas le seul probl\u00e8me de notre d\u00e9mocratie.<br \/>\n<\/span><\/p>\n<p><span style=\"color: #777777; font-family: Arial;\">L&rsquo;hyper pr\u00e9sidentialisation en est une autre.<br \/>\n<\/span><\/p>\n<p><span style=\"color: #777777; font-family: Arial;\">Et puis, et peut \u00eatre surtout les contraintes des interd\u00e9pendances, la mondialisation, la financiarisation de la Soci\u00e9t\u00e9 laissent peu de marge de man\u0153uvre au Politique, surtout \u00e0 l&rsquo;\u00e9chelle d&rsquo;un petit pays comme la France&#8230;<br \/>\n<\/span><\/p>\n<p><span style=\"color: #800000;\">&lt;1681&gt;<\/span><\/p>\n<p><span style=\"color: #777777; font-family: Arial;\">\u00a0<\/span><\/p>\n","protected":false},"excerpt":{"rendered":"<p>\u00ab\u00a0Que se passerait-il \u00e0 l&rsquo;Assembl\u00e9e Nationale s&rsquo;il y avait un autre mode de scrutin\u00a0?\u00bb Un exercice intellectuel et sp\u00e9culatif Si vous avez lu le mot du jour d&rsquo;hier, vous avez pu comprendre que nous utilisons en France un mode de<\/p>\n","protected":false},"author":1,"featured_media":0,"comment_status":"open","ping_status":"closed","sticky":false,"template":"","format":"standard","meta":{"footnotes":""},"categories":[1],"tags":[141,50,15],"class_list":["post-13578","post","type-post","status-publish","format-standard","hentry","category-motdujour","tag-elections","tag-europe","tag-france"],"_links":{"self":[{"href":"https:\/\/lemotdujour.fr\/index.php?rest_route=\/wp\/v2\/posts\/13578","targetHints":{"allow":["GET"]}}],"collection":[{"href":"https:\/\/lemotdujour.fr\/index.php?rest_route=\/wp\/v2\/posts"}],"about":[{"href":"https:\/\/lemotdujour.fr\/index.php?rest_route=\/wp\/v2\/types\/post"}],"author":[{"embeddable":true,"href":"https:\/\/lemotdujour.fr\/index.php?rest_route=\/wp\/v2\/users\/1"}],"replies":[{"embeddable":true,"href":"https:\/\/lemotdujour.fr\/index.php?rest_route=%2Fwp%2Fv2%2Fcomments&post=13578"}],"version-history":[{"count":3,"href":"https:\/\/lemotdujour.fr\/index.php?rest_route=\/wp\/v2\/posts\/13578\/revisions"}],"predecessor-version":[{"id":13582,"href":"https:\/\/lemotdujour.fr\/index.php?rest_route=\/wp\/v2\/posts\/13578\/revisions\/13582"}],"wp:attachment":[{"href":"https:\/\/lemotdujour.fr\/index.php?rest_route=%2Fwp%2Fv2%2Fmedia&parent=13578"}],"wp:term":[{"taxonomy":"category","embeddable":true,"href":"https:\/\/lemotdujour.fr\/index.php?rest_route=%2Fwp%2Fv2%2Fcategories&post=13578"},{"taxonomy":"post_tag","embeddable":true,"href":"https:\/\/lemotdujour.fr\/index.php?rest_route=%2Fwp%2Fv2%2Ftags&post=13578"}],"curies":[{"name":"wp","href":"https:\/\/api.w.org\/{rel}","templated":true}]}}