{"id":13553,"date":"2022-06-10T00:26:00","date_gmt":"2022-06-09T22:26:00","guid":{"rendered":"https:\/\/lemotdujour.fr\/?p=13553"},"modified":"2022-06-09T23:37:54","modified_gmt":"2022-06-09T21:37:54","slug":"vendredi-10-juin-2022","status":"publish","type":"post","link":"https:\/\/lemotdujour.fr\/?p=13553","title":{"rendered":"Vendredi 10 juin 2022"},"content":{"rendered":"<div class=\"mdjTexte\">\u00ab\u00a0On reconna\u00eet le bonheur au bruit qu&rsquo;il fait quand il s&rsquo;en va.\u00a0\u00bb<\/div>\n<div class=\"mdjAuteur\">Jacques Pr\u00e9vert<\/div>\n<p><span style=\"color: #777777; font-family: Arial;\">Le Magazine \u00ab\u00a0<strong>Le Un Hebdo<\/strong>\u00a0\u00bb que j&rsquo;ai plusieurs fois sollicit\u00e9 pour \u00e9crire des mots du jour f\u00eate son 400\u00e8me num\u00e9ro. Et cela fait huit ans qu&rsquo;il existe.<br \/>\n<\/span><\/p>\n<p><img decoding=\"async\" class=\"alignleft\" src=\"https:\/\/lemotdujour.fr\/wp-content\/uploads\/2022\/06\/060922_2126_Vendredi9ju1.png\" alt=\"\" align=\"left\" \/><span style=\"color: #777777; font-family: Arial;\">Pour ce num\u00e9ro anniversaire il a choisi comme sujet une question\u00a0: \u00ab\u00a0<a href=\"https:\/\/le1hebdo.fr\/journal\/numeros\/400\/existe-t-il-un-bonheur-franais.html\"><span style=\"color: #0000ff;\">Existe-t&rsquo;il un bonheur fran\u00e7ais\u00a0?<\/span>\u00bb.<\/a><br \/>\n<\/span><\/p>\n<p><span style=\"color: #777777; font-family: Arial;\">C&rsquo;est, en effet, une question qui se pose, tant les enqu\u00eates d&rsquo;opinion renvoie l&rsquo;image de fran\u00e7ais \u00ab\u00a0f\u00e2ch\u00e9s\u00a0\u00bb avec le bonheur, surtout le bonheur collectif.<br \/>\n<\/span><\/p>\n<p><span style=\"color: #777777; font-family: Arial;\"><strong>Eric Fottorino<\/strong> dans son billet &lt;<a href=\"https:\/\/le1hebdo.fr\/journal\/existe-t-il-un-bonheur-franais\/400\/article\/nos-400-coups-5325.html\"><span style=\"color: navy; text-decoration: underline;\">n<span style=\"color: #0000ff; text-decoration: underline;\">os \u00ab 400 \u00bb coups<\/span><\/span><\/a>&gt; introduit le sujet ainsi :<br \/>\n<\/span><\/p>\n<p style=\"margin-left: 28pt;\"><span style=\"color: #c00000; font-family: Arial;\">\u00ab\u00a0Entre la guerre en Ukraine, les d\u00e9senchantements de la politique et les questionnements qui ne manquent pas sur l&rsquo;avenir de nos soci\u00e9t\u00e9s, il peut para\u00eetre surprenant, voire provocateur, de s&rsquo;int\u00e9resser au bonheur, et en particulier au bonheur dans notre pays. D&rsquo;autant que le paradoxe r\u00e9guli\u00e8rement observ\u00e9 par les sondages ad hoc depuis le milieu des ann\u00e9es\u00a01970 montre que si les Fran\u00e7ais sont plut\u00f4t heureux, ils sont moins enclins \u00e0 le dire que la plupart de leurs voisins. Et semblent toujours vouloir opposer un certain bonheur individuel, qui existe, \u00e0 un malheur collectif, sans doute exprim\u00e9 comme un signe de lucidit\u00e9 ou de propension \u00e0 se rebeller contre un ordre \u2013\u00a0ou un d\u00e9sordre\u00a0\u2013 qui viendrait d&rsquo;en haut. Dans ce contexte, il nous a paru fructueux d&rsquo;interroger cette notion du bonheur \u00ab\u00a0ici et maintenant\u00a0\u00bb pour mesurer combien cette qu\u00eate, loin d&rsquo;\u00eatre dominante au lendemain de la Seconde Guerre mondiale, s&rsquo;est impos\u00e9e au fil du temps comme une norme, une injonction \u00e0 \u00eatre heureux, pour ne pas dire une conversion quasi religieuse dans une soci\u00e9t\u00e9 abandonn\u00e9e par toute id\u00e9e de transcendance.\u00a0\u00bb<br \/>\n<\/span><\/p>\n<p><span style=\"color: #777777; font-family: Arial;\">Et il finit son propos par cette phrase de <strong>Jacques Pr\u00e9vert<\/strong> que j&rsquo;ai mis en exergue\u00a0: \u00ab\u00a0<span style=\"color: #c00000;\"><strong>On reconna\u00eet le bonheur au bruit qu&rsquo;il fait quand il s&rsquo;en va.<\/strong><span style=\"color: #777777;\">\u00a0\u00bb<br \/>\n<\/span><\/span><\/span><\/p>\n<p><span style=\"color: #777777; font-family: Arial;\">Cette phrase qui sonne comme un avertissement ou un conseil\u00a0: Soyez pr\u00e9sent au bonheur que vous vivez, car s&rsquo;il venait \u00e0 s&rsquo;interrompre vous vous rendrez compte de la violence de son absence.<br \/>\n<\/span><\/p>\n<p><span style=\"color: #777777; font-family: Arial;\">L&rsquo;\u00e9crivain <strong>Philippe Delerm<\/strong>, le p\u00e8re du chanteur Vincent Delerm, dans son article &lt;<span style=\"color: #0000ff;\"><a style=\"color: #0000ff;\" href=\"https:\/\/le1hebdo.fr\/journal\/existe-t-il-un-bonheur-franais\/400\/article\/ce-n-est-pas-drle-d-tre-heureux-5326.html\"><span style=\"text-decoration: underline;\">Ce n&rsquo;est pas dr\u00f4le d&rsquo;\u00eatre heureux<\/span><\/a><\/span>&gt; tente des variations avec les mots qui tournent autour du bonheur\u00a0: \u00ab\u00a0Plaisir, all\u00e9gresse, harmonie, joie etc&#8230;\u00a0\u00bb mais il revient au mot central\u00a0:<br \/>\n<\/span><\/p>\n<p style=\"margin-left: 28pt;\"><span style=\"color: #c00000; font-family: Arial;\">\u00ab\u00a0Bonheur est plus qu&rsquo;un mot. Il est tout le soleil et toute l&rsquo;ombre. On\u00a0peut esp\u00e9rer le bonheur ou en garder la blessure et la nostalgie. Mais dire \u00ab\u00a0je suis heureux\u00a0\u00bb, le nommer au pr\u00e9sent est un risque majeur. Je continue \u00e0 penser\u00a0: \u00ab\u00a0Le\u00a0bonheur c&rsquo;est d&rsquo;avoir quelqu&rsquo;un \u00e0 perdre.\u00a0\u00bb J&rsquo;ai cette chance infinie d&rsquo;avoir quelqu&rsquo;un \u00e0 perdre, quelques-uns \u00e0 perdre. Mais Camus avait raison\u00a0: \u00ab\u00a0Il n&rsquo;y a rien de plus tragique que la vie d&rsquo;un homme heureux.\u00a0\u00bb<br \/>\n<\/span><\/p>\n<p><span style=\"color: #777777; font-family: Arial;\">Pourtant, il y a aujourd&rsquo;hui une injonction \u00e0 \u00eatre heureux, il existe m\u00eame des coachs autoproclam\u00e9s en bonheur\u00a0: &lt;<span style=\"color: #0000ff;\"><a style=\"color: #0000ff;\" href=\"https:\/\/www.calltheone.com\/fr\/coaches-de-vie\/coachs-du-bonheur\"><span style=\"text-decoration: underline;\">coachs du bonheur<\/span><\/a> <\/span>&gt;.<br \/>\n<\/span><\/p>\n<p><span style=\"color: #777777; font-family: Arial;\">Cet imp\u00e9ratif se d\u00e9cline jusque dans les entreprises. On parle par exemple de &lt;<a href=\"https:\/\/www.ctoilebonheur.fr\/\"><span style=\"color: navy; text-decoration: underline;\"><span style=\"color: #0000ff; text-decoration: underline;\">coach bien \u00eatre entreprise<\/span><\/span><\/a>&gt;<br \/>\n<\/span><\/p>\n<p><span style=\"color: #777777; font-family: Arial;\">Cela a conduit <strong>Eva Illlouz<\/strong> \u00e0 \u00e9crire un livre d\u00e9nonciation : &lt;<a href=\"https:\/\/livre.fnac.com\/a12101028\/Eva-Illouz-Happycratie-Comment-l-industrie-du-bonheur-a-pris-le-controle-de-nos-vies\"><span style=\"color: navy; text-decoration: underline;\"><span style=\"color: #0000ff; text-decoration: underline;\">H<\/span><span style=\"color: #0000ff; text-decoration: underline;\">appycratie &#8211; Comment l&rsquo;industrie du bonheur a pris le contr\u00f4le de nos vies<\/span> <\/span><\/a>&gt;<br \/>\n<\/span><\/p>\n<p><img decoding=\"async\" class=\"alignright\" src=\"https:\/\/lemotdujour.fr\/wp-content\/uploads\/2022\/06\/060922_2126_Vendredi9ju2.png\" alt=\"\" align=\"left\" \/><span style=\"color: #777777; font-family: Arial;\">Le Un a convoqu\u00e9 un historien <strong>R\u00e9my Pawin, <\/strong>pour un grand entretien<strong><br \/>\n<\/strong>qui essaie de revenir sur l&rsquo;histoire de ce sentiment\u00a0: &lt;\u00ab <a href=\"https:\/\/le1hebdo.fr\/journal\/existe-t-il-un-bonheur-franais\/400\/article\/le-bonheur-est-devenu-une-norme-religieuse-5330.html\"><span style=\"color: navy; text-decoration: underline;\">L<span style=\"color: #0000ff; text-decoration: underline;\">e bonheur est devenu une norme religieuse<\/span><\/span><\/a> \u00bb&gt;<br \/>\n<\/span><\/p>\n<p><span style=\"color: #777777; font-family: Arial;\">R\u00e9my Pawin est un historien n\u00e9 en 1982 qui enseigne \u00e0 l&rsquo;universit\u00e9 Paris 1 Panth\u00e9on-Sorbonne et qui a \u00e9crit \u00ab\u00a0<a href=\"https:\/\/laffont.ca\/livre\/histoire-du-bonheur-en-france-9782221133439\/\"><span style=\"color: navy; text-decoration: underline;\"><span style=\"color: #0000ff; text-decoration: underline;\">L&rsquo;Histoire du bonheur en France depuis 1945<\/span>\u00a0<\/span><\/a>\u00bb<br \/>\n<\/span><\/p>\n<p><span style=\"color: #777777; font-family: Arial;\">L&rsquo;historien fait remonter la qu\u00eate du bonheur au temps des lumi\u00e8res\u00a0:<br \/>\n<\/span><\/p>\n<p style=\"margin-left: 28pt;\"><span style=\"color: #c00000; font-family: Arial;\">\u00ab\u00a0Les Lumi\u00e8res parlent du bonheur. Une th\u00e8se de Robert Mauzi l&rsquo;analyse dans les ann\u00e9es 1960, \u00e0 travers les \u00e9crits de Rousseau et d&rsquo;autres intellectuels aujourd&rsquo;hui oubli\u00e9s.\u00bb<br \/>\n<\/span><\/p>\n<p><span style=\"color: #777777; font-family: Arial;\">Et il cite aussi la d\u00e9claration de Saint-Just, en 1794, selon laquelle \u00ab <span style=\"color: #c00000;\">le bonheur est une id\u00e9e neuve en Europe <span style=\"color: #777777;\">\u00bb.<br \/>\n<\/span><\/span><\/span><\/p>\n<p><span style=\"color: #777777; font-family: Arial;\">Selon lui le XIX\u00e8me si\u00e8cle ne poursuit pas dans cette recherche<br \/>\n<\/span><\/p>\n<p style=\"margin-left: 28pt;\"><span style=\"color: #c00000; font-family: Arial;\">\u00ab\u00a0Au XIXe si\u00e8cle [&#8230;] Le bonheur devient m\u00eame n\u00e9gatif et suspect, \u00e9go\u00efste. Nul ne peut dire \u00e0 titre personnel qu&rsquo;il cherche \u00e0 \u00eatre heureux. On retrouve chez les moralistes et les \u00e9crivains de cette \u00e9poque des propos acerbes. Le bonheur nous rendrait faibles. \u00ab Le bonheur est comme la v\u00e9role \u00bb, \u00e9crit Flaubert. \u00ab La b\u00eatise, c&rsquo;est l&rsquo;aptitude au bonheur \u00bb, dira plus tard Anatole France. [\u2026] C&rsquo;est une valeur de seconde zone, [\u2026] qu&rsquo;on r\u00e9serve \u00e9ventuellement aux femmes\u00a0\u00bb<br \/>\n<\/span><\/p>\n<p><span style=\"color: #777777; font-family: Arial;\">La religion et la politique ne font pas commerce du bonheur\u00a0:<br \/>\n<\/span><\/p>\n<p style=\"margin-left: 28pt;\"><span style=\"color: #c00000; font-family: Arial;\">\u00ab\u00a0La morale religieuse ne propose pas de recette du bonheur ici-bas. On sera heureux au paradis, si on a respect\u00e9 dans sa vie terrestre les pr\u00e9ceptes de l&rsquo;\u00c9glise. Quant \u00e0 la morale r\u00e9publicaine, elle n&rsquo;accorde pas non plus une grande place au bonheur. [&#8230;] Elle vante la force, la puissance, le devoir. Si de grands hommes vont au Panth\u00e9on, c&rsquo;est qu&rsquo;ils ont sacrifi\u00e9 leur bonheur pour la patrie. \u00bb<br \/>\n<\/span><\/p>\n<p><span style=\"color: #777777; font-family: Arial;\">Et contrairement \u00e0 ce que l&rsquo;on croit, le bonheur ne commence pas en 1945 avec le programme du <strong>CNR<\/strong>, intitul\u00e9 \u00ab\u00a0<a href=\"http:\/\/les-jours-heureux.fr\/cnr1944\/\"><span style=\"color: navy; text-decoration: underline;\">Les Jours heureux<\/span><\/a>\u00a0\u00bb\u00a0:<br \/>\n<\/span><\/p>\n<p style=\"margin-left: 28pt;\"><span style=\"color: #c00000; font-family: Arial;\">\u00ab\u00a0On est alors dans des jours malheureux et on pense aux jours \u00e0 venir. C&rsquo;est le bonheur diff\u00e9r\u00e9, renvoy\u00e9 \u00e0 demain, quand on aura battu les Allemands. [\u2026] Pour le PCF, qui est alors le premier parti de France, le bonheur est une morale bourgeoise et m\u00eame petite-bourgeoise, emplie d&rsquo;\u00e9go\u00efsme. Les communistes, pour susciter l&rsquo;engagement, ont besoin de labourer la terre de la souffrance. \u00c0 ce moment, les r\u00e9cits heureux n&rsquo;existent pas. Leur structure narrative est celle du malheur dont on va se d\u00e9faire progressivement, comme dans les contes, pour vivre heureux et avoir beaucoup d&rsquo;enfants \u00e0 la fin\u2026\u00a0\u00bb<br \/>\n<\/span><\/p>\n<p><span style=\"color: #777777; font-family: Arial;\"><strong>Selon R\u00e9my Pawin <\/strong>le bonheur tend \u00e0 devenir une norme dans les ann\u00e9es 1960\u00a0:<br \/>\n<\/span><\/p>\n<p style=\"margin-left: 28pt;\"><span style=\"color: #c00000; font-family: Arial;\">\u00ab Au sein de la gauche alternative, certains vont revendiquer un bonheur plus imm\u00e9diat. C&rsquo;est aussi le cas de mouvements de jeunes, les Y\u00e9y\u00e9 et la culture Salut les copains, qui construisent un bonheur individuel et consum\u00e9riste.\u00a0\u00bb<br \/>\n<\/span><\/p>\n<p><span style=\"color: #777777; font-family: Arial;\">Il s&rsquo;agit d&rsquo;un bonheur individuel qui repose beaucoup sur la consommation\u00a0:<br \/>\n<\/span><\/p>\n<p style=\"margin-left: 28pt;\"><span style=\"color: #c00000; font-family: Arial;\">\u00ab\u00a0Des acteurs sociaux proposent plut\u00f4t un bonheur individuel fait de consommation \u00bb<br \/>\n<\/span><\/p>\n<p><span style=\"color: #777777; font-family: Arial;\">Et il cite Edgar Morin : \u00ab <span style=\"color: #c00000;\">Le bonheur est une religion de l&rsquo;individu moderne<span style=\"color: #777777;\">. \u00bb<br \/>\n<\/span><\/span><\/span><\/p>\n<p style=\"margin-left: 28pt;\"><span style=\"color: #c00000; font-family: Arial;\">\u00ab\u00a0C&rsquo;est une croyance commune qui donne du sens \u00e0 la vie. Une des causes de ce sacre, c&rsquo;est que le bonheur est une transcendance dans l&rsquo;immanence. Il est immanent, donc il est l\u00e0 et pas au-dessus de nous, mais il nous d\u00e9passe. On va le rechercher, donc il nous transcende. C&rsquo;est une sorte de norme religieuse. C&rsquo;est pourquoi il est devenu une injonction. Il faut \u00eatre heureux. Sinon on a rat\u00e9 la direction cardinale qu&rsquo;on nous assigne. On subit une double peine : non seulement on n&rsquo;est pas heureux, mais on est coupable de ne pas l&rsquo;\u00eatre.\u00a0\u00bb<br \/>\n<\/span><\/p>\n<p><span style=\"color: #777777; font-family: Arial;\">Selon lui la p\u00e9riode se referme en 1975, \u00ab\u00a0<span style=\"color: #c00000;\">avec des blocages politiques, le ch\u00f4mage de masse, la vague de d\u00e9senchantement \u00e0 l&rsquo;\u00e9gard de l&rsquo;id\u00e9al communiste. La soci\u00e9t\u00e9 de consommation montre aussi ses limites et la question sociale dans les banlieues commence \u00e0 se faire jour. On assiste alors \u00e0 une baisse des courbes du bonheur subjectif<span style=\"color: #777777;\">\u00a0\u00bb<br \/>\n<\/span><\/span><\/span><\/p>\n<p><span style=\"color: #777777; font-family: Arial;\">Et R\u00e9my Pawin conclut sur la recherche du bonheur par les Fran\u00e7ais d&rsquo;aujourd&rsquo;hui\u202f<em>\u00a0:<\/em><br \/>\n<\/span><\/p>\n<p style=\"margin-left: 28pt;\"><span style=\"color: #c00000; font-family: Arial;\">\u00ab\u00a0Les ingr\u00e9dients du bonheur n&rsquo;ont pas fondamentalement chang\u00e9. Les gens cherchent des liens avec les autres, des liens amoureux, conjugaux, amicaux. De l&rsquo;argent pour faire ce qu&rsquo;ils veulent. Un travail qui leur pla\u00eet. Une difficult\u00e9 \u00e0 se dire heureux vient de l&rsquo;influence des grands r\u00e9cits peu optimistes. L&rsquo;extr\u00eame droite propose un r\u00e9cit craintif et haineux. La sobri\u00e9t\u00e9 ne fait pas r\u00eaver. Le r\u00e9cit de la mondialisation heureuse n&rsquo;est plus cr\u00e9dible. Il est difficile de croire \u00e0 un r\u00e9cit joyeux qui nous accroche.\u00a0\u00bb<br \/>\n<\/span><\/p>\n<p><span style=\"color: #777777; font-family: Arial;\">Dans ces jours bien sombres de guerre, de crise alimentaire et de tous les d\u00e9fis \u00e9cologiques qui font l&rsquo;objet de tant de d\u00e9bats et de si peu d&rsquo;actions, il est salutaire que <strong>Le Un<\/strong> nous invite \u00e0 r\u00e9fl\u00e9chir, pour son 400\u00e8me num\u00e9ro, au bonheur.<br \/>\n<\/span><\/p>\n<p><span style=\"color: #777777; font-family: Arial;\"><img loading=\"lazy\" decoding=\"async\" class=\"wp-image-13555 alignleft\" src=\"https:\/\/lemotdujour.fr\/wp-content\/uploads\/2022\/06\/Coco-le-ouighour.jpg\" alt=\"\" width=\"408\" height=\"409\" srcset=\"https:\/\/lemotdujour.fr\/wp-content\/uploads\/2022\/06\/Coco-le-ouighour.jpg 1440w, https:\/\/lemotdujour.fr\/wp-content\/uploads\/2022\/06\/Coco-le-ouighour-300x300.jpg 300w, https:\/\/lemotdujour.fr\/wp-content\/uploads\/2022\/06\/Coco-le-ouighour-1020x1024.jpg 1020w, https:\/\/lemotdujour.fr\/wp-content\/uploads\/2022\/06\/Coco-le-ouighour-150x150.jpg 150w, https:\/\/lemotdujour.fr\/wp-content\/uploads\/2022\/06\/Coco-le-ouighour-768x771.jpg 768w, https:\/\/lemotdujour.fr\/wp-content\/uploads\/2022\/06\/Coco-le-ouighour-230x230.jpg 230w, https:\/\/lemotdujour.fr\/wp-content\/uploads\/2022\/06\/Coco-le-ouighour-365x365.jpg 365w\" sizes=\"auto, (max-width: 408px) 100vw, 408px\" \/>Le bonheur qui n&rsquo;est pas dans la consommation nous en sommes conscients intellectuellement et esp\u00e9rons-le dans les actes.<br \/>\n<\/span><\/p>\n<p><span style=\"color: #777777; font-family: Arial;\">Surtout quand l&rsquo;acte de consommation est bas\u00e9 sur le l&rsquo;inhumanit\u00e9 comme tous ces produits envoy\u00e9s de Chine et qui sont les fruits de l&rsquo;esclavage des ou\u00efghours par le pouvoir chinois. Terrible r\u00e9alit\u00e9 que la <strong>dessinatrice Coco<\/strong> a synth\u00e9tis\u00e9 par un dessin dans Lib\u00e9ration.<br \/>\n<\/span><\/p>\n<p><span style=\"color: #777777; font-family: Arial;\">Le 13\u00e8me mot du jour de cette liste qui en compte d\u00e9sormais plus de 1600 citait Michel Rocard\u00a0:<br \/>\n<\/span><\/p>\n<p style=\"margin-left: 28pt;\"><span style=\"color: #c00000; font-family: Arial;\">\u00ab\u00a0Dans les cinq plus beaux moments d&rsquo;une vie, il y a un (ou des) coup(s) de foudre amoureux, la naissance d&rsquo;un enfant, une belle performance artistique ou professionnelle, un exploit sportif, un voyage magnifique, enfin n&rsquo;importe quoi, mais jamais une satisfaction li\u00e9e \u00e0 l&rsquo;argent.\u00a0\u00bb<br \/>\n<\/span><\/p>\n<p><span style=\"color: #777777; font-family: Arial;\">Probablement que le bonheur est surtout li\u00e9 \u00e0 notre capacit\u00e9 d&rsquo;acc\u00e9der \u00e0 nos richesses int\u00e9rieures, de les faire affleurer la surface et aux liens que nous avons su cr\u00e9er, approfondir et partager.<br \/>\n<\/span><\/p>\n<p><span style=\"color: #777777; font-family: Arial;\">Liens qu&rsquo;Alain Damasio a magnifi\u00e9s par &lt;<span style=\"color: #0000ff;\"><a style=\"color: #0000ff;\" href=\"https:\/\/lemotdujour.fr\/?p=6736\"><span style=\"text-decoration: underline;\">ces mots<\/span><\/a><\/span>&gt; de l&rsquo;indicible\u00a0:<br \/>\n<\/span><\/p>\n<p style=\"margin-left: 28pt;\"><span style=\"color: #c00000; font-family: Arial;\">\u00ab\u00a0Une puissance de vie\u00a0!<br \/>\nC&rsquo;est le volume de liens, de relations qu&rsquo;un \u00eatre est capable de tisser et d&rsquo;entrelacer sans se porter atteinte.<br \/>\nOu encore c&rsquo;est la gamme chromatique des affects dont nous sommes capables<br \/>\nVivre revient alors \u00e0 accroitre notre capacit\u00e9 \u00e0 \u00eatre affect\u00e9.<br \/>\nDonc notre spectre ou notre amplitude \u00e0 \u00eatre touch\u00e9, chang\u00e9, \u00e9mu.<br \/>\nContracter une sensation, contempler, habiter un instant ou un lieu.<br \/>\nCe sont des liens \u00e9lus.\u00a0\u00bb<br \/>\n<\/span><\/p>\n<p><span style=\"color: #c00000; font-family: Arial;\">&lt;1679&gt;<\/span><\/p>\n","protected":false},"excerpt":{"rendered":"<p>\u00ab\u00a0On reconna\u00eet le bonheur au bruit qu&rsquo;il fait quand il s&rsquo;en va.\u00a0\u00bb Jacques Pr\u00e9vert Le Magazine \u00ab\u00a0Le Un Hebdo\u00a0\u00bb que j&rsquo;ai plusieurs fois sollicit\u00e9 pour \u00e9crire des mots du jour f\u00eate son 400\u00e8me num\u00e9ro. Et cela fait huit ans qu&rsquo;il<\/p>\n","protected":false},"author":1,"featured_media":0,"comment_status":"open","ping_status":"closed","sticky":false,"template":"","format":"standard","meta":{"footnotes":""},"categories":[1],"tags":[15,17,6],"class_list":["post-13553","post","type-post","status-publish","format-standard","hentry","category-motdujour","tag-france","tag-histoire","tag-philosophie"],"_links":{"self":[{"href":"https:\/\/lemotdujour.fr\/index.php?rest_route=\/wp\/v2\/posts\/13553","targetHints":{"allow":["GET"]}}],"collection":[{"href":"https:\/\/lemotdujour.fr\/index.php?rest_route=\/wp\/v2\/posts"}],"about":[{"href":"https:\/\/lemotdujour.fr\/index.php?rest_route=\/wp\/v2\/types\/post"}],"author":[{"embeddable":true,"href":"https:\/\/lemotdujour.fr\/index.php?rest_route=\/wp\/v2\/users\/1"}],"replies":[{"embeddable":true,"href":"https:\/\/lemotdujour.fr\/index.php?rest_route=%2Fwp%2Fv2%2Fcomments&post=13553"}],"version-history":[{"count":2,"href":"https:\/\/lemotdujour.fr\/index.php?rest_route=\/wp\/v2\/posts\/13553\/revisions"}],"predecessor-version":[{"id":13556,"href":"https:\/\/lemotdujour.fr\/index.php?rest_route=\/wp\/v2\/posts\/13553\/revisions\/13556"}],"wp:attachment":[{"href":"https:\/\/lemotdujour.fr\/index.php?rest_route=%2Fwp%2Fv2%2Fmedia&parent=13553"}],"wp:term":[{"taxonomy":"category","embeddable":true,"href":"https:\/\/lemotdujour.fr\/index.php?rest_route=%2Fwp%2Fv2%2Fcategories&post=13553"},{"taxonomy":"post_tag","embeddable":true,"href":"https:\/\/lemotdujour.fr\/index.php?rest_route=%2Fwp%2Fv2%2Ftags&post=13553"}],"curies":[{"name":"wp","href":"https:\/\/api.w.org\/{rel}","templated":true}]}}