{"id":13532,"date":"2022-06-09T00:31:00","date_gmt":"2022-06-08T22:31:00","guid":{"rendered":"https:\/\/lemotdujour.fr\/?p=13532"},"modified":"2022-06-09T00:45:54","modified_gmt":"2022-06-08T22:45:54","slug":"jeudi-9-juin-2022","status":"publish","type":"post","link":"https:\/\/lemotdujour.fr\/?p=13532","title":{"rendered":"Jeudi 9 juin 2022"},"content":{"rendered":"<div class=\"mdjTexte\">\u00ab\u00a0Pourquoi Le Monde, Lib\u00e9ration, l&rsquo;Obs n&rsquo;ont pas parl\u00e9 de l&rsquo;assassinat d&rsquo;Alban Gervaise ?\u00a0\u00bb<\/div>\n<div class=\"mdjAuteur\">Je n&rsquo;ai pas la r\u00e9ponse \u00e0 cette question d\u00e9licate<\/div>\n<p><span style=\"color: #777777; font-family: Arial;\">Alban Gervaise \u00e9tait \u00e2g\u00e9 d&rsquo;une quarantaine d&rsquo;ann\u00e9es. Il \u00e9tait radiologue, m\u00e9decin chef \u00e0 l&rsquo;h\u00f4pital militaire Lav\u00e9ran de Marseille.<br \/>\n<\/span><\/p>\n<p><span style=\"color: #777777; font-family: Arial;\">Il \u00e9tait mari\u00e9 et p\u00e8re de trois enfants.<br \/>\n<\/span><\/p>\n<p><span style=\"color: #777777; font-family: Arial;\">Le 10 mai il est all\u00e9 chercher deux de ses enfants de 3 et 7 ans, scolaris\u00e9s en maternelle et en CP dans une institution catholique de Marseille.<br \/>\n<\/span><\/p>\n<p><span style=\"color: #777777; font-family: Arial;\">Un homme a surgi par-derri\u00e8re et lui a ass\u00e9n\u00e9 plusieurs coups de couteau. <\/span><span style=\"color: #777777; font-family: Arial;\">L&rsquo;agresseur a \u00e9t\u00e9 ma\u00eetris\u00e9 et d\u00e9sarm\u00e9 par quatre passants.<br \/>\n<\/span><\/p>\n<p><span style=\"color: #777777; font-family: Arial;\">Lors de son arrestation il a affirm\u00e9 \u00e0 la police avoir attaqu\u00e9 au nom de Dieu. <\/span><span style=\"color: #777777; font-family: Arial;\">Selon des t\u00e9moins, l&rsquo;homme aurait cri\u00e9 des all\u00e9gations religieuses pendant l&rsquo;agression.<br \/>\n<\/span><\/p>\n<p><span style=\"color: #777777; font-family: Arial;\"><strong>Alban Gervaise<\/strong> est d\u00e9c\u00e9d\u00e9 dans la nuit du 27 mai de la suite de ses blessures.<br \/>\n<\/span><\/p>\n<p><span style=\"color: #777777; font-family: Arial;\">L&rsquo;homme qui a \u00e9t\u00e9 arr\u00eat\u00e9 est de nationalit\u00e9 fran\u00e7aise, il a 24 ans et se pr\u00e9nomme Mohamed.<br \/>\n<\/span><\/p>\n<p><span style=\"color: #777777; font-family: Arial;\">J&rsquo;ai appris cela sur Facebook<strong>, C\u00e9line Pina<\/strong> a publi\u00e9 cette information accompagn\u00e9e d&rsquo;un long commentaire.<br \/>\n<\/span><\/p>\n<p><span style=\"color: #777777; font-family: Arial;\">C\u00e9line Pina est proche du <\/span><span style=\"font-family: Arial;\"><a href=\"https:\/\/fr.wikipedia.org\/wiki\/Printemps_r%C3%A9publicain\"><span style=\"color: #0000ff;\">Printemps r\u00e9publicain<\/span><\/a><\/span><span style=\"color: #777777; font-family: Arial;\">, ce mouvement politique de gauche cr\u00e9\u00e9 en 2016 notamment par Laurent Bouvet a pour ambition de d\u00e9fendre les valeurs de la\u00efcit\u00e9 et d&rsquo;universalisme contre des d\u00e9rives communautaristes et notamment l&rsquo;islamisme politique pour lequel il d\u00e9nonce la complicit\u00e9 qu&rsquo;auraient certains mouvements et partis de gauche. Les premiers traitent les seconds d&rsquo;islamo-gauchistes qui en retour les accusent d&rsquo;islamophobes.<br \/>\n<\/span><\/p>\n<p><span style=\"color: #777777; font-family: Arial;\">Pour celles et ceux qui ont un compte Facebook, vous pouvez aller voir la publication que C\u00e9line Pina a r\u00e9dig\u00e9 sur Facebook, pour les autres vous pouvez lire le contenu de cette publication <span style=\"color: #0000ff;\"><a style=\"color: #0000ff;\" href=\"https:\/\/lemotdujour.fr\/wp-content\/uploads\/2022\/06\/Texte-sur-Facebook-de-Celine-Pina-Alban-Gervaise.pdf\">&lt;ICI&gt;<\/a>.<\/span><br \/>\n<\/span><\/p>\n<p><span style=\"color: #777777; font-family: Arial;\">Ce qui m&rsquo;a interpell\u00e9 c&rsquo;est le fait que je n&rsquo;ai pas entendu parler de ce fait divers et que Celine Pina affirme que les grands m\u00e9dias n&rsquo;ont rien dit sur cette affaire qui date de presque un mois.<br \/>\n<\/span><\/p>\n<p><span style=\"color: #777777; font-family: Arial;\">Abonn\u00e9 au <strong>Monde<\/strong>, \u00e0 <strong>Lib\u00e9ration<\/strong> et \u00e0 <strong>l&rsquo;Obs<\/strong>, j&rsquo;ai utilis\u00e9 hier le moteur de recherche de chacun de ces m\u00e9dias pour v\u00e9rifier s&rsquo;ils ont publi\u00e9 un article, un petit entrefilet sur ce sujet.<br \/>\n<\/span><\/p>\n<p><span style=\"color: #777777; font-family: Arial;\"><strong><img loading=\"lazy\" decoding=\"async\" class=\"wp-image-13542 alignleft\" src=\"https:\/\/lemotdujour.fr\/wp-content\/uploads\/2022\/06\/LE-MONDE.png\" alt=\"\" width=\"649\" height=\"412\" srcset=\"https:\/\/lemotdujour.fr\/wp-content\/uploads\/2022\/06\/LE-MONDE.png 1231w, https:\/\/lemotdujour.fr\/wp-content\/uploads\/2022\/06\/LE-MONDE-300x190.png 300w, https:\/\/lemotdujour.fr\/wp-content\/uploads\/2022\/06\/LE-MONDE-1024x650.png 1024w, https:\/\/lemotdujour.fr\/wp-content\/uploads\/2022\/06\/LE-MONDE-768x487.png 768w\" sizes=\"auto, (max-width: 649px) 100vw, 649px\" \/>Force est de constater que la r\u00e9ponse est n\u00e9gative\u00a0!<br \/>\n<\/strong><\/span><\/p>\n<p><span style=\"color: #777777; font-family: Arial;\">Vous trouverez dans cet article la preuve en image.<br \/>\n<\/span><\/p>\n<p><span style=\"color: #777777; font-family: Arial;\">J&rsquo;ai fait des recherches et j&rsquo;ai trouv\u00e9 des informations sur des sites d&rsquo;extr\u00eame droite.<br \/>\n<\/span><\/p>\n<p><span style=\"color: #777777; font-family: Arial;\">Parmi les grands journaux nationaux, j&rsquo;ai trouv\u00e9 le \u00ab\u00a0<strong>Figaro\u00a0<\/strong>\u00bb qui a publi\u00e9 d\u00e8s le 10 mai l&rsquo;information\u00a0:<br \/>\n<\/span><\/p>\n<p><span style=\"color: #777777; font-family: Arial;\">&lt; <span style=\"color: #0000ff;\"><a style=\"color: #0000ff;\" href=\"https:\/\/www.lefigaro.fr\/faits-divers\/marseille-un-homme-poignarde-a-la-gorge-pres-d-un-college-un-individu-interpelle-20220510\">Marseille : un p\u00e8re de famille attaqu\u00e9 au couteau \u00e0 proximit\u00e9 d&rsquo;une \u00e9cole catholique<\/a><\/span>&gt;<br \/>\n<\/span><\/p>\n<p><span style=\"color: #777777; font-family: Arial;\"><img loading=\"lazy\" decoding=\"async\" class=\"wp-image-13543 alignright\" src=\"https:\/\/lemotdujour.fr\/wp-content\/uploads\/2022\/06\/Libe.png\" alt=\"\" width=\"544\" height=\"268\" srcset=\"https:\/\/lemotdujour.fr\/wp-content\/uploads\/2022\/06\/Libe.png 1257w, https:\/\/lemotdujour.fr\/wp-content\/uploads\/2022\/06\/Libe-300x148.png 300w, https:\/\/lemotdujour.fr\/wp-content\/uploads\/2022\/06\/Libe-1024x504.png 1024w, https:\/\/lemotdujour.fr\/wp-content\/uploads\/2022\/06\/Libe-768x378.png 768w\" sizes=\"auto, (max-width: 544px) 100vw, 544px\" \/>J&rsquo;en cite des extraits\u00a0:<br \/>\n<\/span><\/p>\n<p style=\"margin-left: 28pt;\"><span style=\"color: #c00000; font-family: Arial;\">\u00ab\u00a0Un p\u00e8re de famille \u00e2g\u00e9 de 40 ans a \u00e9t\u00e9 poignard\u00e9 une dizaine de fois au niveau de la gorge, mardi 10 mai aux alentours de 18h, dans le 13e arrondissement de Marseille, a appris Le Figaro de sources concordantes.\u00a0\u00bb<br \/>\n<\/span><\/p>\n<p><span style=\"color: #777777; font-family: Arial;\">Celine Pina fait remarquer qu&rsquo;il y a un mot fran\u00e7ais pour signifier \u00ab\u00a0poignard\u00e9 au niveau de la gorge\u00a0\u00bb et ce mot est \u00e9gorg\u00e9\u00a0!<br \/>\n<\/span><\/p>\n<p style=\"margin-left: 28pt;\"><span style=\"color: #c00000; font-family: Arial;\">\u00ab\u00a0Appel\u00e9s sur les lieux, les secours ont entrepris un massage cardiaque. Gri\u00e8vement bless\u00e9e, la victime a \u00e9t\u00e9 transport\u00e9e \u00e0 l&rsquo;h\u00f4pital Nord avec un pronostic vital tr\u00e8s engag\u00e9. Il est actuellement en r\u00e9animation intensive. \u00ab Une enqu\u00eate pour tentative d&rsquo;homicide volontaire est ouverte et confi\u00e9e \u00e0 la S\u00fbret\u00e9 D\u00e9partementale\u00bb, indique le parquet de Marseille au Figaro.<br \/>\n<\/span><\/p>\n<p style=\"margin-left: 28pt;\"><span style=\"color: #c00000; font-family: Arial;\">Les faits ont eu lieu \u00e0 proximit\u00e9 du groupe scolaire catholique S\u00e9vign\u00e9, chemin du Merlan \u00e0 la Rose. La victime, m\u00e9decin militaire radiologue \u00e0 l&rsquo;h\u00f4pital Laveran, a \u00e9t\u00e9 attaqu\u00e9e pour une raison encore inconnue alors qu&rsquo;il \u00e9tait sur le point de reprendre sa voiture stationn\u00e9e \u00e0 une cinquantaine de m\u00e8tres de l&rsquo;\u00e9cole. Il \u00e9tait accompagn\u00e9 de ses deux enfants de 3 et 7 ans, scolaris\u00e9s en maternelle et en CP dans l&rsquo;\u00e9cole catholique, qu&rsquo;il venait de r\u00e9cup\u00e9rer. Assis sur un banc \u00e0 proximit\u00e9, l&rsquo;agresseur a surgi par derri\u00e8re avant de s&rsquo;acharner sur sa victime, lui ass\u00e9nant plusieurs coups de couteau dans le thorax.<br \/>\n<\/span><\/p>\n<p style=\"margin-left: 28pt;\"><span style=\"color: #c00000; font-family: Arial;\"><img loading=\"lazy\" decoding=\"async\" class=\"wp-image-13544 alignleft\" src=\"https:\/\/lemotdujour.fr\/wp-content\/uploads\/2022\/06\/OBS.png\" alt=\"\" width=\"524\" height=\"410\" srcset=\"https:\/\/lemotdujour.fr\/wp-content\/uploads\/2022\/06\/OBS.png 604w, https:\/\/lemotdujour.fr\/wp-content\/uploads\/2022\/06\/OBS-300x235.png 300w\" sizes=\"auto, (max-width: 524px) 100vw, 524px\" \/>Ma\u00eetris\u00e9 et d\u00e9sarm\u00e9 par quatre passants, l&rsquo;agresseur a \u00e9t\u00e9 interpell\u00e9 par les policiers avec un couteau suisse en sa possession. Il s&rsquo;agit de Mohamed L., 23 ans, n\u00e9 \u00e0 Brignoles (Var). L&rsquo;individu est connu des services de police mais pas du renseignement territorial. Selon plusieurs t\u00e9moins, le suspect aurait cri\u00e9 des all\u00e9gations religieuses lors de l&rsquo;attaque, d\u00e9clarant notamment \u00ab avoir agi au nom de Dieu \u00bb. Plac\u00e9 en garde \u00e0 vue, l&rsquo;homme a tenu des \u00abpropos d\u00e9lirants\u00bb \u00e9voquant \u00abDieu\u00bb et \u00able diable\u00bb. Les policiers n&rsquo;ont pas pu mesurer son alcool\u00e9mie en raison de son \u00e9tat \u00ab tr\u00e8s agit\u00e9 \u00bb.<br \/>\n<\/span><\/p>\n<p style=\"margin-left: 28pt;\"><span style=\"color: #c00000; font-family: Arial;\">Les motivations du mis en cause restent floues<br \/>\n<\/span><\/p>\n<p style=\"margin-left: 28pt;\"><span style=\"color: #c00000; font-family: Arial;\">Les \u00e9l\u00e9ments recueillis ne permettent pas \u00e0 ce stade d&rsquo;\u00e9tablir les motivations du mis en cause, a indiqu\u00e9 le parquet de Marseille au Figaro mercredi 11 mai. La veille, une source polici\u00e8re indiquait \u00e0 l&rsquo;AFP que l&rsquo;hypoth\u00e8se terroriste avait \u00e9t\u00e9 d\u00e9finitivement \u00e9cart\u00e9e par les enqu\u00eateurs et que l&rsquo;agresseur souffrait de troubles psychologiques.\u00a0\u00bb<br \/>\n<\/span><\/p>\n<p><span style=\"color: #777777; font-family: Arial;\">Le FIGARO a publi\u00e9 un nouvel article \u00e0 la mort de Monsieur GERVAISE\u00a0: &lt;<span style=\"color: #0000ff;\"><a style=\"color: #0000ff;\" href=\"https:\/\/www.lefigaro.fr\/faits-divers\/marseille-le-pere-de-famille-attaque-au-couteau-devant-l-ecole-de-ses-enfants-est-decede-20220527\">le p\u00e8re de famille attaqu\u00e9 au couteau devant l&rsquo;\u00e9cole de ses enfants est d\u00e9c\u00e9d\u00e9<\/a><\/span>&gt; et le 1<sup>er<\/sup> juin un billet d&rsquo;analyse de l&rsquo;essayiste, biographe et haut fonctionnaire, <strong>Maxime Tandonnet\u00a0<\/strong> \u00ab<a href=\"https:\/\/www.lefigaro.fr\/vox\/societe\/maxime-tandonnet-l-affaire-alban-gervaise-revele-la-banalisation-de-la-barbarie-quotidienne-20220601\"><span style=\"color: #0000ff;\">L&rsquo;affaire Alban Gervaise r\u00e9v\u00e8le la banalisation de la barbarie quotidienne<\/span><\/a>\u00bb<br \/>\n<\/span><\/p>\n<p><span style=\"color: #777777; font-family: Arial;\">Je n&rsquo;ai pas trouv\u00e9 un autre grand journal national ayant parl\u00e9 de ce drame.<br \/>\n<\/span><\/p>\n<p><span style=\"color: #777777; font-family: Arial;\">Il y a eu quelques journaux r\u00e9gionaux comme le &lt;<a href=\"https:\/\/www.republicain-lorrain.fr\/faits-divers-justice\/2022\/05\/30\/tue-a-marseille-le-dr-gervaise-avait-fait-ses-armes-a-legouest\"><span style=\"color: #0000ff;\">R\u00e9publicain Lorrain<\/span><\/a>&gt; parce qu&rsquo;il avait effectu\u00e9 une partie de sa carri\u00e8re de m\u00e9decin militaire en Lorraine.<br \/>\n<\/span><\/p>\n<p><span style=\"color: #777777; font-family: Arial;\">Il y a aussi <a href=\"https:\/\/www.sudouest.fr\/faits-divers\/le-medecin-poignarde-a-marseille-devant-l-ecole-de-ses-enfants-est-mort-de-ses-blessures-11097087.php\">&lt;<span style=\"color: #0000ff;\">Sud Ouest.fr<\/span>&gt;<\/a> et des journaux marseillais.<br \/>\n<\/span><\/p>\n<p><span style=\"color: #777777; font-family: Arial;\">Pour le reste, le silence.<br \/>\n<\/span><\/p>\n<p><span style=\"color: #777777; font-family: Arial;\">Les m\u00e9dias auquel pour ma part je m&rsquo;informe g\u00e9n\u00e9ralement, n&rsquo;ont pas jug\u00e9 utile de dire ce fait.<br \/>\n<\/span><\/p>\n<p><span style=\"color: #777777; font-family: Arial;\">Ils ont laiss\u00e9 toute la place aux sites d&rsquo;extr\u00eame droite pour en parler largement.<br \/>\n<\/span><\/p>\n<p><span style=\"color: #777777; font-family: Arial;\">Et pour ma part de me plonger dans un ab\u00eeme de perplexit\u00e9.<br \/>\n<\/span><\/p>\n<p><span style=\"color: #777777; font-family: Arial;\">Est-ce prot\u00e9ger la communaut\u00e9 musulmane, toutes celles et ceux qui veulent vivre paisiblement leur foi en France en \u00e9vitant de r\u00e9v\u00e9ler qu&rsquo;une nouvelle fois, un homme se r\u00e9clamant de la religion musulmane a tu\u00e9 un autre homme en pr\u00e9tendant le faire au nom de sa religion\u00a0?<br \/>\n<\/span><\/p>\n<p><span style=\"color: #777777; font-family: Arial;\">Cet homme est peut-\u00eatre fou, mais pour autant ne faut-il pas en parler\u00a0?<br \/>\n<\/span><\/p>\n<p><span style=\"color: #777777; font-family: Arial;\">Ne peut-on pas s&rsquo;interroger pourquoi des d\u00e9s\u00e9quilibr\u00e9s veulent invoquer le Dieu de l&rsquo;Islam pour tuer\u00a0?<br \/>\n<\/span><\/p>\n<p><span style=\"color: #777777; font-family: Arial;\">Chaque jour nous recevons des flots d&rsquo;information plus ou moins pertinent. L&rsquo;\u00e9gorgement d\u00a0\u00bbun p\u00e8re de famille devant ses deux enfants \u00e0 proximit\u00e9 d&rsquo;une \u00e9cole catholique marseillaise n&rsquo;est-elle pas une information qui m\u00e9rite d&rsquo;\u00eatre connue nationalement\u00a0?<br \/>\n<\/span><\/p>\n<p><span style=\"color: #777777; font-family: Arial;\">Gr\u00e2ce au R\u00e9publicain Lorrain, nous disposons d&rsquo;une photo de Alban Gervaise.<br \/>\n<\/span><\/p>\n<p><img loading=\"lazy\" decoding=\"async\" class=\"alignnone size-full wp-image-13541\" src=\"https:\/\/lemotdujour.fr\/wp-content\/uploads\/2022\/06\/ALban-GErvaise-publie-par-le-Republicain-lorrain..jpg\" alt=\"\" width=\"1000\" height=\"500\" srcset=\"https:\/\/lemotdujour.fr\/wp-content\/uploads\/2022\/06\/ALban-GErvaise-publie-par-le-Republicain-lorrain..jpg 1000w, https:\/\/lemotdujour.fr\/wp-content\/uploads\/2022\/06\/ALban-GErvaise-publie-par-le-Republicain-lorrain.-300x150.jpg 300w, https:\/\/lemotdujour.fr\/wp-content\/uploads\/2022\/06\/ALban-GErvaise-publie-par-le-Republicain-lorrain.-768x384.jpg 768w\" sizes=\"auto, (max-width: 1000px) 100vw, 1000px\" \/><\/p>\n<p><span style=\"color: maroon; font-family: Arial;\">&lt;1678&gt;<span style=\"color: #777777;\"><br \/>\n<\/span><\/span><\/p>\n","protected":false},"excerpt":{"rendered":"<p>\u00ab\u00a0Pourquoi Le Monde, Lib\u00e9ration, l&rsquo;Obs n&rsquo;ont pas parl\u00e9 de l&rsquo;assassinat d&rsquo;Alban Gervaise ?\u00a0\u00bb Je n&rsquo;ai pas la r\u00e9ponse \u00e0 cette question d\u00e9licate Alban Gervaise \u00e9tait \u00e2g\u00e9 d&rsquo;une quarantaine d&rsquo;ann\u00e9es. Il \u00e9tait radiologue, m\u00e9decin chef \u00e0 l&rsquo;h\u00f4pital militaire Lav\u00e9ran de Marseille.<\/p>\n","protected":false},"author":1,"featured_media":0,"comment_status":"open","ping_status":"closed","sticky":false,"template":"","format":"standard","meta":{"footnotes":""},"categories":[1],"tags":[24,82,221],"class_list":["post-13532","post","type-post","status-publish","format-standard","hentry","category-motdujour","tag-actualite","tag-information","tag-marseille"],"_links":{"self":[{"href":"https:\/\/lemotdujour.fr\/index.php?rest_route=\/wp\/v2\/posts\/13532","targetHints":{"allow":["GET"]}}],"collection":[{"href":"https:\/\/lemotdujour.fr\/index.php?rest_route=\/wp\/v2\/posts"}],"about":[{"href":"https:\/\/lemotdujour.fr\/index.php?rest_route=\/wp\/v2\/types\/post"}],"author":[{"embeddable":true,"href":"https:\/\/lemotdujour.fr\/index.php?rest_route=\/wp\/v2\/users\/1"}],"replies":[{"embeddable":true,"href":"https:\/\/lemotdujour.fr\/index.php?rest_route=%2Fwp%2Fv2%2Fcomments&post=13532"}],"version-history":[{"count":12,"href":"https:\/\/lemotdujour.fr\/index.php?rest_route=\/wp\/v2\/posts\/13532\/revisions"}],"predecessor-version":[{"id":13550,"href":"https:\/\/lemotdujour.fr\/index.php?rest_route=\/wp\/v2\/posts\/13532\/revisions\/13550"}],"wp:attachment":[{"href":"https:\/\/lemotdujour.fr\/index.php?rest_route=%2Fwp%2Fv2%2Fmedia&parent=13532"}],"wp:term":[{"taxonomy":"category","embeddable":true,"href":"https:\/\/lemotdujour.fr\/index.php?rest_route=%2Fwp%2Fv2%2Fcategories&post=13532"},{"taxonomy":"post_tag","embeddable":true,"href":"https:\/\/lemotdujour.fr\/index.php?rest_route=%2Fwp%2Fv2%2Ftags&post=13532"}],"curies":[{"name":"wp","href":"https:\/\/api.w.org\/{rel}","templated":true}]}}