{"id":13524,"date":"2022-06-08T00:47:00","date_gmt":"2022-06-07T22:47:00","guid":{"rendered":"https:\/\/lemotdujour.fr\/?p=13524"},"modified":"2022-06-08T06:18:06","modified_gmt":"2022-06-08T04:18:06","slug":"mercredi-8-juin-2022","status":"publish","type":"post","link":"https:\/\/lemotdujour.fr\/?p=13524","title":{"rendered":"Mercredi 8 juin 2022"},"content":{"rendered":"<div class=\"mdjTexte\">\u00ab&nbsp;Si on consid\u00e8re que l&rsquo;objet d&rsquo;une \u00e9lection est d&rsquo;attribuer le pouvoir, alors les \u00e9lections l\u00e9gislatives sont les plus importantes.&nbsp;\u00bb<\/div>\n<div class=\"mdjAuteur\">Gilles Finchelstein<\/div>\n<p><span style=\"color: #777777; font-family: Arial;\">J&rsquo;ai, \u00e0 plusieurs reprises, accabl\u00e9 Lionel Jospin d&rsquo;avoir par la combinaison de la r\u00e9forme du quinquennat et de l&rsquo;inversion du calendrier \u00e9lectoral, abaiss\u00e9 les \u00e9lections l\u00e9gislatives et en avoir fait une simple annexe de l&rsquo;\u00e9lection pr\u00e9sidentielle.<br \/>\n<\/span><\/p>\n<p><span style=\"color: #777777; font-family: Arial;\">Il a consid\u00e9r\u00e9 que l&rsquo;\u00e9lection pr\u00e9sidentielle \u00e9tait majeure et l&rsquo;\u00e9lection l\u00e9gislative seconde.<br \/>\n<\/span><\/p>\n<p><span style=\"color: #777777; font-family: Arial;\">Plus pr\u00e9cis\u00e9ment il a dit en parlant de l&rsquo;\u00e9lection pr\u00e9sidentielle&nbsp;:<br \/>\n<\/span><\/p>\n<p style=\"margin-left: 28pt;\"><span style=\"color: #c00000; font-family: Arial;\">\u00ab&nbsp;On ne peut pas faire de cette \u00e9lection majeure l&rsquo;\u00e9lection seconde.&nbsp;\u00bb<br \/>\n<\/span><\/p>\n<p><span style=\"color: #777777; font-family: Arial;\">Si vous voulez lire l&rsquo;ensemble de son argumentaire pour justifier cette mesure&nbsp;: &lt; <span style=\"color: #0000ff;\"><a style=\"color: #0000ff;\" href=\"https:\/\/www.vie-publique.fr\/discours\/153644-declaration-de-m-lionel-jospin-premier-ministre-sur-linversion-du-ca\">d\u00e9claration du 19 d\u00e9cembre 2000<\/a>.<\/span> &gt;<br \/>\n<\/span><\/p>\n<p><span style=\"color: #777777; font-family: Arial;\">Certains \u00e9voquent l&rsquo;id\u00e9e que Jospin \u00e9tait persuad\u00e9 de gagner l&rsquo;\u00e9lection pr\u00e9sidentielle contre Chirac et avait davantage de craintes d&rsquo;obtenir une majorit\u00e9 l\u00e9gislative. Dans cette hypoth\u00e8se, il avait parfaitement pr\u00e9vu ce qui allait se passer&nbsp;: une \u00e9lection l\u00e9gislative au rabais qui confirme et amplifie le r\u00e9sultat des pr\u00e9sidentielles.<br \/>\n<\/span><\/p>\n<p><span style=\"color: #777777; font-family: Arial;\">Je ne sais pas si cette hypoth\u00e8se est fond\u00e9e mais force est de constater que la responsabilit\u00e9 de nous avoir mis dans cette situation lui incombe.<br \/>\n<\/span><\/p>\n<p><span style=\"color: #777777; font-family: Arial;\">Ce fut une erreur.<br \/>\n<\/span><\/p>\n<p><span style=\"color: #777777; font-family: Arial;\">Comme je le rappelais dans &lt;<a href=\"https:\/\/lemotdujour.fr\/?p=13488\"><span style=\"color: #0000ff;\">le mot du jour du 31 mai<\/span><\/a>&gt; nos institutions restent avant tout parlementaires.<br \/>\n<\/span><\/p>\n<p><span style=\"color: #777777; font-family: Arial;\">Et si on revient aux principes ce qui est premier c&rsquo;est le pouvoir de faire la Loi&nbsp;: le pouvoir l\u00e9gislatif.<br \/>\n<\/span><\/p>\n<p><span style=\"color: #777777; font-family: Arial;\">Le pouvoir secondaire est celui qui ex\u00e9cute, l&rsquo;ex\u00e9cutant des Lois, c&rsquo;est-\u00e0-dire le pouvoir ex\u00e9cutif.<br \/>\n<\/span><\/p>\n<p><span style=\"color: #777777; font-family: Arial;\">Et puis, de mani\u00e8re plus pratique, en cas de divergence entre le Pr\u00e9sident de la R\u00e9publique et l&rsquo;Assembl\u00e9e Nationale c&rsquo;est cette derni\u00e8re qui a le dessus. Sauf si le Pr\u00e9sident use de son pouvoir exorbitant de dissoudre l&rsquo;Assembl\u00e9e Nationale. Mais dans ce cas il n&rsquo;est jamais certain que les citoyens fran\u00e7ais lui envoient une majorit\u00e9 \u00e0 sa convenance.<br \/>\n<\/span><\/p>\n<p><span style=\"color: #777777; font-family: Arial;\">C&rsquo;est cette primaut\u00e9 du l\u00e9gislatif que <strong>Gilles Finchelstein<\/strong>, Directeur de la fondation Jean Jaur\u00e8s, a exprim\u00e9 sur l&rsquo;antenne de France Inter dans l&rsquo;\u00e9mission &lt;<span style=\"color: #0000ff;\"><a style=\"color: #0000ff;\" href=\"https:\/\/www.radiofrance.fr\/franceinter\/podcasts\/le-grand-face-a-face\/le-grand-face-a-face-du-samedi-04-juin-2022-7520418\">Face \u00e0 Face du samedi 4 juin 2022<\/a><\/span>&gt;&nbsp;:<br \/>\n<\/span><\/p>\n<p style=\"margin-left: 28pt;\"><span style=\"color: #c00000; font-family: Arial;\">\u00ab&nbsp;Ce qui est fascinant, c&rsquo;est que si on consid\u00e8re que l&rsquo;objet d&rsquo;une \u00e9lection est d&rsquo;attribuer le pouvoir, alors les \u00e9lections l\u00e9gislatives sont les plus importantes. Parce que l&rsquo;essentiel du pouvoir d\u00e9pend de l&rsquo;\u00e9lection l\u00e9gislative. La meilleure preuve a contrario, c&rsquo;est que en 1986, en 1993 et en 1997, lorsqu&rsquo;il y a eu une discordance entre la majorit\u00e9 l\u00e9gislative et la majorit\u00e9 pr\u00e9sidentielle, le pouvoir \u00e9tait transf\u00e9r\u00e9 du pr\u00e9sident de la r\u00e9publique au premier Ministre.<br \/>\n<\/span><\/p>\n<p style=\"margin-left: 28pt;\"><span style=\"color: #c00000; font-family: Arial;\">Donc ce sont les \u00e9lections premi\u00e8res et pourtant elles sont devenues de plus en plus des \u00e9lections secondes. Elles le sont dans le calendrier [\u2026] elles viennent dans la foul\u00e9e des pr\u00e9sidentielles. Elles le sont dans la participation par une chute de la participation entre les pr\u00e9sidentielles et les l\u00e9gislatives. [\u2026] Et elles le sont dans l&rsquo;intensit\u00e9, la campagne, quelle campagne&nbsp;?&nbsp;\u00bb<br \/>\n<\/span><\/p>\n<p><span style=\"color: #777777; font-family: Arial;\">Oui quelle campagne&nbsp;!<br \/>\n<\/span><\/p>\n<p><span style=\"color: #777777; font-family: Arial;\">L&rsquo;\u00e9mission a fait entendre l&rsquo;avis de <strong>Brice Teinturier<\/strong>, politologue, directeur g\u00e9n\u00e9ral d&rsquo;IPSOS&nbsp;:<br \/>\n<\/span><\/p>\n<p style=\"margin-left: 28pt;\"><span style=\"color: #c00000; font-family: Arial;\">\u00ab&nbsp;On a du mal \u00e0 qualifier cette campagne, puisque qu&rsquo;en r\u00e9alit\u00e9 il n&rsquo;y a pas vraiment de campagne qui se soit construite sous nos yeux. Ce n&rsquo;est m\u00eame pas que les fran\u00e7ais n&rsquo;\u00e9coutent pas ou n&rsquo;entendent pas&nbsp;; C&rsquo;est que v\u00e9ritablement nous en sommes \u00e0 un moment o\u00f9 c&rsquo;est un non objet.&nbsp;\u00bb<br \/>\n<\/span><\/p>\n<p><span style=\"color: #777777; font-family: Arial;\">Et nous sommes d\u00e9sormais \u00e0 quelques jours du premier tour.<br \/>\n<\/span><\/p>\n<p><span style=\"color: #777777; font-family: Arial;\"><strong>Hubert Vedrine <\/strong>a aussi exprim\u00e9 son d\u00e9sarroi devant cette situation la trouvant \u00ab&nbsp;<span style=\"color: #c00000;\">malsaine&nbsp;<span style=\"color: #777777;\">\u00bb. Il a notamment sugg\u00e9r\u00e9 l&rsquo;id\u00e9e d&rsquo;organiser de mani\u00e8re concomitante les deux \u00e9lections. Ainsi le fait de les r\u00e9unir, lors de deux m\u00eame tours, aurait pour cons\u00e9quence m\u00e9caniquement d&rsquo;augmenter la participation aux l\u00e9gislatives. Et aussi paradoxalement les r\u00e9unir serait les rendre ind\u00e9pendants l&rsquo;une de l&rsquo;autre.<br \/>\n<\/span><\/span><\/span><\/p>\n<p><span style=\"color: #777777; font-family: Arial;\">Il a exprim\u00e9 cela lors de l&rsquo;\u00e9mission &lt;<span style=\"color: #0000ff;\"><a style=\"color: #0000ff;\" href=\"https:\/\/www.radiofrance.fr\/franceculture\/podcasts\/l-esprit-public\/plus-qu-une-semaine-avant-le-premier-tour-des-elections-legislatives-1280251\">L&rsquo;Esprit public du 5 juin 2022<\/a><\/span>&gt;<br \/>\n<\/span><\/p>\n<p><span style=\"color: maroon; font-family: Arial;\">&lt;1677&gt;<\/span><\/p>\n","protected":false},"excerpt":{"rendered":"<p>\u00ab&nbsp;Si on consid\u00e8re que l&rsquo;objet d&rsquo;une \u00e9lection est d&rsquo;attribuer le pouvoir, alors les \u00e9lections l\u00e9gislatives sont les plus importantes.&nbsp;\u00bb Gilles Finchelstein J&rsquo;ai, \u00e0 plusieurs reprises, accabl\u00e9 Lionel Jospin d&rsquo;avoir par la combinaison de la r\u00e9forme du quinquennat et de l&rsquo;inversion<\/p>\n","protected":false},"author":1,"featured_media":0,"comment_status":"open","ping_status":"closed","sticky":false,"template":"","format":"standard","meta":{"footnotes":""},"categories":[1],"tags":[141,15,3],"class_list":["post-13524","post","type-post","status-publish","format-standard","hentry","category-motdujour","tag-elections","tag-france","tag-politique"],"_links":{"self":[{"href":"https:\/\/lemotdujour.fr\/index.php?rest_route=\/wp\/v2\/posts\/13524","targetHints":{"allow":["GET"]}}],"collection":[{"href":"https:\/\/lemotdujour.fr\/index.php?rest_route=\/wp\/v2\/posts"}],"about":[{"href":"https:\/\/lemotdujour.fr\/index.php?rest_route=\/wp\/v2\/types\/post"}],"author":[{"embeddable":true,"href":"https:\/\/lemotdujour.fr\/index.php?rest_route=\/wp\/v2\/users\/1"}],"replies":[{"embeddable":true,"href":"https:\/\/lemotdujour.fr\/index.php?rest_route=%2Fwp%2Fv2%2Fcomments&post=13524"}],"version-history":[{"count":4,"href":"https:\/\/lemotdujour.fr\/index.php?rest_route=\/wp\/v2\/posts\/13524\/revisions"}],"predecessor-version":[{"id":13531,"href":"https:\/\/lemotdujour.fr\/index.php?rest_route=\/wp\/v2\/posts\/13524\/revisions\/13531"}],"wp:attachment":[{"href":"https:\/\/lemotdujour.fr\/index.php?rest_route=%2Fwp%2Fv2%2Fmedia&parent=13524"}],"wp:term":[{"taxonomy":"category","embeddable":true,"href":"https:\/\/lemotdujour.fr\/index.php?rest_route=%2Fwp%2Fv2%2Fcategories&post=13524"},{"taxonomy":"post_tag","embeddable":true,"href":"https:\/\/lemotdujour.fr\/index.php?rest_route=%2Fwp%2Fv2%2Ftags&post=13524"}],"curies":[{"name":"wp","href":"https:\/\/api.w.org\/{rel}","templated":true}]}}