{"id":13520,"date":"2022-06-07T00:08:00","date_gmt":"2022-06-06T22:08:00","guid":{"rendered":"https:\/\/lemotdujour.fr\/?p=13520"},"modified":"2022-06-08T00:01:24","modified_gmt":"2022-06-07T22:01:24","slug":"mardi-7-juin-2022","status":"publish","type":"post","link":"https:\/\/lemotdujour.fr\/?p=13520","title":{"rendered":"Mardi 7 juin 2022"},"content":{"rendered":"<div class=\"mdjTexte\">\u00ab\u00a0L&rsquo;extr\u00eame centre est un extr\u00e9misme\u00a0\u00bb<\/div>\n<div class=\"mdjAuteur\">Alain Deneault<\/div>\n<p><span style=\"color: #777777; font-family: Arial;\">Avant le second tour de la pr\u00e9sidentielle, Emmanuel Macron a accept\u00e9 un entretien de 47 minutes avec <strong>Guillaume Erner<\/strong> sur France Culture. &lt;<span style=\"color: #0000ff;\"><a style=\"color: #0000ff;\" href=\"https:\/\/www.radiofrance.fr\/franceculture\/podcasts\/l-invite-e-des-matins\/emmanuel-macron-grand-entretien-sur-la-culture-et-les-idees-5924030\"><span style=\"text-decoration: underline;\">Emmanuel Macron, grand entretien sur la culture et les id\u00e9es<\/span><\/a><\/span>&gt;. Dialogue de haute tenue, notre Pr\u00e9sident est un homme intelligent, cultiv\u00e9, int\u00e9ressant \u00e0 \u00e9couter.<br \/>\n<\/span><\/p>\n<p><span style=\"color: #777777; font-family: Arial;\">Parall\u00e8lement, Marine Le Pen ne s&rsquo;est pas pr\u00e9sent\u00e9e \u00e0 l&rsquo;entretien qui lui a \u00e9t\u00e9 propos\u00e9 par \u00e9quit\u00e9 d\u00e9mocratique. Elle a envoy\u00e9 un de ses soutiens : Herv\u00e9 Juvin. Probablement qu&rsquo;elle a pens\u00e9 qu&rsquo;il n&rsquo;y avait pas beaucoup de ses \u00e9lecteurs qui \u00e9coutaient France Culture, peut \u00eatre aussi qu&rsquo;elle craignait que la comparaison avec Emmanuel Macron lui serait encore plus d\u00e9favorable que le d\u00e9bat t\u00e9l\u00e9vis\u00e9&#8230;<br \/>\n<\/span><\/p>\n<p><span style=\"color: #777777; font-family: Arial;\">Lors de cet entretien Emmanuel Macron s&rsquo;est d\u00e9fini comme appartenant \u00e0 \u00ab <strong>l&rsquo;extr\u00eame Centre<\/strong>\u00a0\u00bb\u00a0:<br \/>\n<\/span><\/p>\n<p style=\"margin-left: 28pt;\"><span style=\"color: #c00000; font-family: Arial;\">\u00ab\u00a0\u00ab\u00a0Les trois quarts des \u00e9lecteurs qui se sont exprim\u00e9s pour trois projets. Un projet d&rsquo;extr\u00eame droite (&#8230;) Un projet d&rsquo;extr\u00eame gauche. (\u2026) Et ce que je qualifierai comme un projet d&rsquo;extr\u00eame centre, si on veut qualifier le mien, dans le champ central. Je trouve qu&rsquo;il faut collectivement r\u00e9fl\u00e9chir, intellectuels d&rsquo;un c\u00f4t\u00e9 et responsables politiques de l&rsquo;autre, \u00e0 reconsid\u00e9rer notre d\u00e9mocratie par rapport \u00e0 cette relation \u00e0 la radicalit\u00e9, ce que j&rsquo;appelle cette volont\u00e9 de puret\u00e9. Parce qu&rsquo;\u00e0 la fin, on vit tous ensemble. (&#8230;) \u00c7a suppose des compromis. La question, c&rsquo;est comment on arrive \u00e0 cr\u00e9er de l&rsquo;adh\u00e9sion, du respect, de la consid\u00e9ration entre des citoyens qui peuvent penser tr\u00e8s diff\u00e9remment, en leur montrant que ce n&rsquo;est pas une trahison de leurs convictions profondes, mais que ce sont d&rsquo;indispensables compromis qu&rsquo;on trouve pour vivre en soci\u00e9t\u00e9.\u00a0\u00bb<br \/>\n<\/span><\/p>\n<p><span style=\"color: #777777; font-family: Arial;\">Certains \u00e9voquent le milieu de l&rsquo;omelette et d&rsquo;autres dont Emmanuel Macron l&rsquo;\u00ab <strong>extr\u00eame centre.<\/strong>\u00a0\u00bb.<br \/>\n<\/span><\/p>\n<p><span style=\"color: #777777; font-family: Arial;\">L&rsquo;origine de ce concept est disput\u00e9e.<br \/>\n<\/span><\/p>\n<p><span style=\"color: #777777; font-family: Arial;\">&lt;<\/span><span style=\"font-family: Arial; color: #0000ff;\"><a style=\"color: #0000ff;\" href=\"https:\/\/www.lefigaro.fr\/vox\/politique\/alain-gerard-slama-la-tentation-antipolitique-de-l-extreme-centre-est-plus-dangereuse-que-jamais-20220505\">Le Figaro<\/a><\/span><span style=\"color: #777777; font-family: Arial;\">&gt; attribue l&rsquo;invention de ce concept \u00e0 son chroniqueur <strong>Alain-G\u00e9rard Slama <\/strong>qui l&rsquo;aurait forg\u00e9e en 1980<strong>\u00a0: <\/strong><br \/>\n<\/span><\/p>\n<p style=\"margin-left: 28pt;\"><span style=\"color: #c00000; font-family: Arial;\">\u00ab\u00a0 La formule, \u00e9videmment critique, d&rsquo;extr\u00eame centre s&rsquo;est impos\u00e9e \u00e0 moi en 1980, dans un essai, \u00abLes Chasseurs d&rsquo;absolu. Gen\u00e8se de la gauche et de la droite\u00bb (Grasset), dont le but \u00e9tait de d\u00e9montrer que l&rsquo;opposition droite-gauche, loin de fausser le jeu d\u00e9mocratique, confronte deux visions du monde, articul\u00e9es certes selon des modalit\u00e9s tr\u00e8s variables, mais relativement stables, et correspondant, pour l&rsquo;essentiel, \u00e0 deux temp\u00e9raments. En recourant \u00e0 cette notion d&rsquo;extr\u00eame centre, je visais, pour reprendre mes termes d&rsquo;alors, \u00ab les ma\u00eetres de certitude qui agitent les cl\u00e9s de la Raison et de la Morale. \u00bb pour monopoliser le pouvoir au d\u00e9triment du jeu normal de la d\u00e9mocratie, qui suppose conflit, pluralisme et alternance.\u00a0\u00bb<br \/>\n<\/span><\/p>\n<p><a href=\"https:\/\/fr.wikipedia.org\/wiki\/Extr%C3%AAme_centre\"><span style=\"font-family: Arial;\"><span style=\"color: #0000ff;\">&lt;Wikipedia&gt;<\/span><\/span><\/a><span style=\"color: #777777; font-family: Arial;\"> pr\u00e9tend que ce concept fut d\u00e9fini, par l&rsquo;historien <strong>Pierre Serna<\/strong> en 2005 pour caract\u00e9riser le mode de gouvernement en France du Consulat \u00e0 la Restauration.<br \/>\n<\/span><\/p>\n<p><span style=\"color: #777777; font-family: Arial;\">Il me semble int\u00e9ressant de reprendre ce que cet article raconte des travaux de cet historien sur cette p\u00e9riode qui suit le moment le plus conflictuel de la r\u00e9volution fran\u00e7aise qui avait invent\u00e9 l&rsquo;opposition gauche\/droite\u00a0:<br \/>\n<\/span><\/p>\n<p style=\"margin-left: 28pt;\"><span style=\"color: #c00000; font-family: Arial;\">\u00ab\u00a0Ce r\u00e9gime d&rsquo;extr\u00eame centre se d\u00e9veloppe en vue de sortir d&rsquo;une crise politique et sociale. Il avance globalement une politique mod\u00e9rantiste dans les d\u00e9clarations mais orient\u00e9e dans les faits par des <strong>principes de lib\u00e9ralisme \u00e9conomique<\/strong>, et surtout conduite par <strong>un ex\u00e9cutif \u00e0 tendance autoritaire.<\/strong><br \/>\n<\/span><\/p>\n<p style=\"margin-left: 28pt;\"><span style=\"color: #c00000; font-family: Arial;\">[\u2026] Il cherche \u00e0 discr\u00e9diter l&rsquo;autre conception plus conflictuelle de la d\u00e9mocratie, issue de la R\u00e9volution fran\u00e7aise, dans laquelle le gouvernement repose sur l&rsquo;existence d&rsquo;une balance entre une droite et une gauche au sein d&rsquo;un cadre parlementaire<strong>. Il s&rsquo;agit d&rsquo;opposer \u00e0 l&rsquo;alternative droite-gauche une rationalit\u00e9 technocratique et d\u00e9politis\u00e9e qui rassemble les acteurs les plus proches entre eux dans ces oppositions pour en rejeter aux extr\u00eames<\/strong>, donc r\u00e9duire \u00e0 l&rsquo;impuissance, les acteurs les plus radicaux.<br \/>\n<\/span><\/p>\n<p style=\"margin-left: 28pt;\"><span style=\"color: #c00000; font-family: Arial;\">Les acteurs \u00e9litaires de ce rassemblement centriste sont issus principalement des institutions d&rsquo;\u00c9tat dont ils b\u00e9n\u00e9ficient et des cat\u00e9gories socio-professionnelles sup\u00e9rieures qui les entourent, institutions qu&rsquo;ils font tourner \u00e0 l&rsquo;avantage des poss\u00e9dants du moment.<br \/>\n<\/span><\/p>\n<p style=\"margin-left: 28pt;\"><span style=\"color: #c00000; font-family: Arial;\">Le concept, par le choix du terme \u00ab extr\u00eame \u00bb, est ainsi inscrit dans une repr\u00e9sentation tripolaire qui remplace la bipolarit\u00e9 classique gauche sociale &#8211; droite gestionnaire : gauche, centre et droite cessent de s&rsquo;inscrire dans une lin\u00e9arit\u00e9 axiale \u00e0 deux extr\u00e9mit\u00e9s et connaissant des demi-couleurs entre des couleurs plus prononc\u00e9es. Les extr\u00eames viennent \u00e0 se voir comme trois p\u00f4les d&rsquo;attraction qui aspirent la mati\u00e8re politique dans un sens radical propre \u00e0 chacun d&rsquo;eux, ce qui est l&rsquo;objet de d\u00e9nonciations mutuelles, et en particulier par l&rsquo;extr\u00eame centre.\u00a0\u00bb<br \/>\n<\/span><\/p>\n<p><span style=\"color: #777777; font-family: Arial;\">Dans cette vision, l&rsquo;extr\u00eame centre macronien vient de loin.<br \/>\n<\/span><\/p>\n<p><span style=\"color: #777777; font-family: Arial;\">Wikipedia nous apprend que ce concept de l&rsquo;extr\u00eame centre a \u00e9t\u00e9 ensuite repris par le politologue anglais<strong> Tariq Ali <\/strong>en 2015 et puis par le Qu\u00e9b\u00e9cois<strong> Alain Deneault <\/strong>en 2016.<strong><br \/>\n<\/strong><\/span><\/p>\n<p><span style=\"color: #777777; font-family: Arial;\">&lt;<a href=\"https:\/\/fr.wikipedia.org\/wiki\/Alain_Deneault\"><span style=\"color: #0000ff;\">Alain Deneault<\/span><\/a>&gt; n\u00e9 en 1970, est un philosophe qu\u00e9b\u00e9cois. Il a \u00e9crit des essais appel\u00e9s \u00ab <strong>Gouvernance<\/strong>\u00a0\u00bb et \u00ab\u00a0<strong>La M\u00e9diocratie<\/strong>\u00a0\u00bb avant de r\u00e9fl\u00e9chir sur la politique de l&rsquo;extr\u00eame centre. <strong>Telerama<\/strong> avait publi\u00e9 un article en 2016 &lt; <a href=\"https:\/\/www.telerama.fr\/idees\/apres-la-mediocratie-alain-deneault-fustige-la-politique-de-l-extreme-centre,148898.php\"><span style=\"color: #0000ff;\">Alain Deneault fustige la Politique de l&rsquo;extr\u00eame centre<\/span><\/a>&gt;. Je cite un extrait de cet article\u00a0:<br \/>\n<\/span><\/p>\n<p style=\"margin-left: 28pt;\"><span style=\"color: #c00000; font-family: Arial;\">\u00ab\u00a0Il parle de \u00ab r\u00e9volution anesth\u00e9siante \u00bb. Celle qui remplace la politique par la \u00ab gouvernance \u00bb et r\u00e9duit la d\u00e9mocratie au management. Celle qui nous invite \u00e0 nous situer toujours au centre, \u00e0 penser mou, \u00e0 mettre notre esprit critique dans notre poche et \u00e0 \u00ab jouer le jeu \u00bb du syst\u00e8me lib\u00e9ral domin\u00e9 par la logique de l&rsquo;entreprise priv\u00e9e.\u00a0\u00bb<br \/>\n<\/span><\/p>\n<p><span style=\"color: #777777; font-family: Arial;\">Mais le c\u0153ur de ce mot du jour est consacr\u00e9 \u00e0 l&rsquo;article qu&rsquo;il a publi\u00e9 sur le site \u00ab\u00a0<strong>AOC<\/strong>\u00a0\u00bb le 11 mai 2022\u00a0: <a href=\"https:\/\/aoc.media\/opinion\/2022\/05\/10\/lextreme-centre-est-un-extremisme\/\"><strong><span style=\"color: #0000ff;\">\u00ab\u00a0L&rsquo;extr\u00eame centre est un extr\u00e9misme<\/span><\/strong><\/a><span style=\"color: #0000ff;\"><strong>\u00bb<\/strong><\/span><br \/>\n<\/span><\/p>\n<p><span style=\"color: #777777; font-family: Arial;\">Ainsi parle Alain Deneault\u00a0:<br \/>\n<\/span><\/p>\n<p style=\"margin-left: 28pt;\"><span style=\"color: #c00000; font-family: Arial;\">\u00ab\u00a0L&rsquo;id\u00e9ologie d&rsquo;extr\u00eame centre, dans laquelle nous nous enlisons, est extr\u00e9miste.<br \/>\n<\/span><span style=\"color: #c00000; font-family: Arial;\">Son programme est \u00e9cocide du point de vue industriel, inique du point de vue social et imp\u00e9rialiste du point de vue manag\u00e9rial.<br \/>\n<\/span><span style=\"color: #c00000; font-family: Arial;\">Le projet de l&rsquo;extr\u00eame centre : garantir la croissance des entreprises et l&rsquo;augmentation des dividendes vers\u00e9s \u00e0 leurs actionnaires ; leur assurer l&rsquo;acc\u00e8s aux paradis judiciaires et fiscaux ; r\u00e9duire l&rsquo;\u00e9cologie politique \u00e0 un marketing du verdissement ; \u00e9touffer tout discours social de l&rsquo;\u00c9tat et minimiser les d\u00e9penses publiques dans les secteurs sociaux et culturels.<br \/>\n<\/span><span style=\"color: #c00000; font-family: Arial;\">Donc, favoriser l&rsquo;essor de souverainet\u00e9s priv\u00e9es au service desquelles se place l&rsquo;\u00c9tat. Faire oublier la mission sociale de l&rsquo;\u00c9tat devient primordial, et ce, m\u00eame dans le contexte d&rsquo;une crise de sant\u00e9 publique ; un acte de \u00ab guerre \u00bb est alors proclam\u00e9 plut\u00f4t qu&rsquo;une responsabilit\u00e9 sociale et collective.\u00a0\u00bb<br \/>\n<\/span><\/p>\n<p><span style=\"color: #777777; font-family: Arial;\">Je pense qu&rsquo;Alain Deneault va un peu loin lorsqu&rsquo;il \u00e9crit que cette politique tend \u00e0 \u00ab \u00e9touffer tout discours social de l\u2019\u00c9tat \u00bb. L\u2019\u00c9tat social existe toujours, mais le discours de la gouvernance, du lib\u00e9ralisme conduit \u00e0 essayer de le contraindre toujours davantage et de l&rsquo;\u00e9loigner du champ politique, en essayant de convaincre que les d\u00e9cisions sont rationnelles et \u00e9loign\u00e9es de toute id\u00e9ologie.<br \/>\n<\/span><\/p>\n<p><span style=\"color: #777777; font-family: Arial;\">Et ce dernier point est un mensonge. Toute d\u00e9cision politique constitue un choix qui avantage certains et d\u00e9savantage d&rsquo;autres. Alain Deneault esquisse qui sont les b\u00e9n\u00e9ficiaires de cette politique qui est parfaitement id\u00e9ologique et se base sur un r\u00e9cit et des croyances.<br \/>\n<\/span><\/p>\n<p><span style=\"color: #777777; font-family: Arial;\">En pleine crise COVID, Macron a bien eu un discours sur l&rsquo;\u00e9tat social, sur les cha\u00eenes de valeur, sur la r\u00e9mun\u00e9ration des personnes qui sont vraiment importantes pour notre soci\u00e9t\u00e9, pour pr\u00e9server la vie et l&rsquo;essentiel.<br \/>\n<\/span><\/p>\n<p><span style=\"color: #777777; font-family: Arial;\">La crise pass\u00e9e, ce sont toujours les financiers, les traders, les sp\u00e9culateurs, les optimisateurs fiscaux qui tirent toute la richesse vers eux.<br \/>\n<\/span><\/p>\n<p><span style=\"color: #777777; font-family: Arial;\">Une fois que l&rsquo;extr\u00eame centre parvient \u00e0 vous convaincre que ses choix sont uniquement dict\u00e9s par la raison, la connaissance des m\u00e9canismes il franchit une autre \u00e9tape : tous les autres avis deviennent ill\u00e9gitimes et extr\u00e9mistes :<br \/>\n<\/span><\/p>\n<p style=\"margin-left: 28pt;\"><span style=\"color: #c00000; font-family: Arial;\">\u00ab\u00a0L&rsquo;extr\u00eame centre est extr\u00eame \u00e9galement dans la mesure o\u00f9, d&rsquo;un point de vue moral, il se montre intol\u00e9rant \u00e0 tout ce qui n&rsquo;est pas lui. Loin de se situer lui-m\u00eame quelque part sur l&rsquo;axe gauche-droite, il supprime carr\u00e9ment l&rsquo;axe pour ne plus faire exister, au titre de discours l\u00e9gitime, que le sien. Tout au plus rel\u00e8gue-t-il dans tous \u00ab extr\u00eames \u00bb les propositions, abusivement assimil\u00e9es entre elles, qui ne co\u00efncident pas avec son programme.<br \/>\n<\/span><\/p>\n<p style=\"margin-left: 28pt;\"><span style=\"color: #c00000; font-family: Arial;\">La vis\u00e9e de l&rsquo;extr\u00eame centre \u2013 une politique qui a la m\u00e9diocratie pour modalit\u00e9 et la gouvernance pour discours th\u00e9orique \u2013 est de naturaliser le principe ultralib\u00e9ral et darwiniste social qui pr\u00e9side aujourd&rsquo;hui, et de l&rsquo;assimiler \u00e0 un simple art de g\u00e9rer. Et de le faire de mani\u00e8re tellement imposante qu&rsquo;on n&rsquo;arrive m\u00eame plus \u00e0 le nommer, \u00e0 le mettre en doute, \u00e0 le jauger. [\u2026]<br \/>\n<\/span><\/p>\n<p style=\"margin-left: 28pt;\"><span style=\"color: #c00000; font-family: Arial;\">L&rsquo;extr\u00eame \u00ab centre \u00bb se pr\u00e9sente en s&rsquo;autoproclamant au juste milieu de toute chose, mais il n&rsquo;a rien de centriste. Dans d&rsquo;inou\u00efs efforts de relations publiques, le \u00ab centre \u00bb dont il se r\u00e9clame est alors synonyme de pond\u00e9ration : c&rsquo;est un concept publicitaire.<br \/>\n<\/span><\/p>\n<p style=\"margin-left: 28pt;\"><span style=\"color: #c00000; font-family: Arial;\">Des journaux d\u00e9tenus par les milieux d&rsquo;affaires qui le commanditent, et dont il provient lui-m\u00eame, s&rsquo;assurent de distribuer les bons points \u00ab centriste \u00bb \u00e0 tous ceux qui colportent un programme pourtant radical : ceux-l\u00e0 qui d\u00e9fendent la maximisation des profits au d\u00e9triment de l&rsquo;\u00e9quit\u00e9 sociale et d&rsquo;un rapport intelligent au vivant sont alors dits p\u00e9remptoirement rationnels, raisonnables, responsables, pond\u00e9r\u00e9s, sens\u00e9s, voire normaux.<br \/>\n<\/span><\/p>\n<p style=\"margin-left: 28pt;\"><span style=\"color: #c00000; font-family: Arial;\">A contrario, tout acteur public ou citoyen qui s&rsquo;opposera \u00e0 cette vulgate risquera les attributions inverses : irresponsable, d\u00e9raisonnable, parano\u00efaque, r\u00eaveur, dangereux, voire fou. Des \u00e9ditocrates \u00e0 la petite semaine estampilleront ces qualifications sur les visages des uns et des autres de sorte qu&rsquo;elles passent pour des faits eux-m\u00eames.<br \/>\n<\/span><\/p>\n<p style=\"margin-left: 28pt;\"><span style=\"color: #c00000; font-family: Arial;\">C&rsquo;est pr\u00e9cis\u00e9ment de cette fa\u00e7on pr\u00e9visible qu&rsquo;Emmanuel Macron s&rsquo;est pr\u00e9sent\u00e9 explicitement comme d&rsquo;\u00abextr\u00eame centre \u00bb sur les ondes de la radio publique, quelques jours avant le second tour de la pr\u00e9sidentielle, un \u00eatre d&rsquo;\u00e9quilibre entre des forces d\u00e9brid\u00e9es. \u00bb<br \/>\n<\/span><\/p>\n<p><span style=\"color: #777777; font-family: Arial;\">Et il finit par cette ex\u00e9cution d&rsquo;un mirage\u00a0:<br \/>\n<\/span><\/p>\n<p style=\"margin-left: 28pt;\"><span style=\"color: #c00000; font-family: Arial;\">\u00ab\u00a0En cela, le parti La R\u00e9publique en marche se pr\u00e9sente lui-m\u00eame telle une entreprise : ses d\u00e9put\u00e9s sont trait\u00e9s en salari\u00e9s, son rapport \u00e0 la politique est soumis \u00e0 la seule plasticit\u00e9 du marketing. Et comme dans bien des op\u00e9rations propagandistes du genre, c&rsquo;est d&rsquo;abord l&rsquo;absence de scrupule qui sid\u00e8re.<br \/>\n<\/span><\/p>\n<p style=\"margin-left: 28pt;\"><span style=\"color: #c00000; font-family: Arial;\">Ce n&rsquo;est plus un fabriquant automobile qui s&rsquo;arroge le nom de Picasso pour nommer un v\u00e9hicule ou une entreprise de l&rsquo;agro-industrie qui laisse tomber sa fraise dans un bol de c\u00e9r\u00e9ales au son des cymbales d&rsquo;une prestigieuse symphonie, mais un marchand de r\u00eave \u00e9lectoral qui reprend \u00e0 son compte le signifiant r\u00e9volution, le slogan anticapitaliste \u00ab Nos vies valent mieux que leur profit \u00bb ou le nom du programme adverse \u00ab L&rsquo;avenir en commun \u00bb. [\u2026]<br \/>\n<\/span><\/p>\n<p style=\"margin-left: 28pt;\"><span style=\"color: #c00000; font-family: Arial;\">\u00c9videmment, cela ne l&#8217;emp\u00eache pas de confier les politiques publiques et la gestion des institutions de la R\u00e9publique \u00e0 des firmes de conseil multinationales, de r\u00e9duire explicitement \u00e0 \u00ab rien \u00bb ceux qui, dans les gares, d\u00e9ambulent en suivant leur destin sans avoir r\u00e9ussi comme lui, de nier le statut de citoyen \u00e0 ceux qui doutent de l&rsquo;innocuit\u00e9 d&rsquo;un vaccin, puis de nommer comme ministre de l&rsquo;Int\u00e9rieur celui qui pr\u00e9sentera Marine Le Pen comme \u00e9tant \u00ab trop molle \u00bb dans l&rsquo;expression de son islamophobie, un Garde des Sceaux qui instrumentalisera l&rsquo;institution judiciaire pour r\u00e9gler ses comptes avec les magistrats face auxquels il plaidait ant\u00e9rieurement, un assistant \u00e0 l&rsquo;\u00c9lys\u00e9e qui cassera du militant pacifiste le soir, tout en faisant du saccage \u00e9cologique l&rsquo;objet d&rsquo;un nouveau march\u00e9 pour que nous en rel\u00e8vent les grandes entreprises l&rsquo;ayant provoqu\u00e9.\u00a0\u00bb<br \/>\n<\/span><\/p>\n<p><span style=\"color: #777777; font-family: Arial;\">Comme toujours ces d\u00e9veloppements ne constituent pas \u00ab\u00a0la v\u00e9rit\u00e9\u00a0\u00bb mais une utile r\u00e9flexion pour permettre de se poser des questions.<br \/>\n<\/span><\/p>\n<p><span style=\"color: #777777; font-family: Arial;\">Car il se passe en ce moment quand m\u00eame de curieuses choses dans notre d\u00e9mocratie.<br \/>\n<\/span><\/p>\n<p><span style=\"color: #777777; font-family: Arial;\">Il n&rsquo;y a pratiquement pas eu de campagne pr\u00e9sidentielle.<br \/>\n<\/span><\/p>\n<p><span style=\"color: #777777; font-family: Arial;\">Le candidat qui a \u00e9t\u00e9 \u00e9lu, l&rsquo;a \u00e9t\u00e9 parce que les \u00e9lecteurs l&rsquo;ont moins rejet\u00e9 que les autres.<br \/>\n<\/span><\/p>\n<p><span style=\"color: #777777; font-family: Arial;\">Ce candidat n&rsquo;a pr\u00e9sent\u00e9 aucun programme coh\u00e9rent et complet.<br \/>\n<\/span><\/p>\n<p><span style=\"color: #777777; font-family: Arial;\">De temps \u00e0 autre, il fait une d\u00e9claration et semble d\u00e9velopper un point de son programme, mais souvent pour y ajouter un nuage de flou.<br \/>\n<\/span><\/p>\n<p><span style=\"color: #777777; font-family: Arial;\">La d\u00e9mocratie c&rsquo;est voter pour une femme ou un homme, mais dont on connait le programme\u00a0!<br \/>\n<\/span><\/p>\n<p><span style=\"color: #777777; font-family: Arial;\">Et dimanche nous devons \u00e9lire des d\u00e9put\u00e9s.<br \/>\n<\/span><\/p>\n<p><span style=\"color: #777777; font-family: Arial;\">Celles et ceux \u00e0 qui on promet une majorit\u00e9 et m\u00eame une majorit\u00e9 absolue, se r\u00e9f\u00e8rent au programme du Pr\u00e9sident qui n&rsquo;existe pas\u00a0!<br \/>\n<\/span><\/p>\n<p><span style=\"color: #777777; font-family: Arial;\">Si quelqu&rsquo;un trouve cela normal, c&rsquo;est qu&rsquo;il n&rsquo;a rien compris \u00e0 ce qu&rsquo;\u00e9tait une d\u00e9mocratie.<br \/>\n<\/span><\/p>\n<p><span style=\"color: #777777; font-family: Arial;\">Si le sujet de l&rsquo;extr\u00eame centre vous int\u00e9resse, j&rsquo;ai rep\u00e9r\u00e9 d&rsquo;autres articles<br \/>\n<\/span><\/p>\n<p><span style=\"color: #777777; font-family: Arial;\">La revue de critique communiste \u00ab\u00a0<strong>Contretemps\u00a0<\/strong>\u00bb a publi\u00e9 en 2017\u00a0: &lt;<span style=\"color: #0000ff;\"><a style=\"color: #0000ff;\" href=\"https:\/\/www.contretemps.eu\/extreme-centre\/\">Extr\u00eame centre<\/a><\/span>&gt;<br \/>\n<\/span><\/p>\n<p><span style=\"color: #777777; font-family: Arial;\">L&rsquo;historien Pierre Serna a \u00e9largi son analyse \u00e0 l&rsquo;\u00e9poque actuelle. Il a publi\u00e9 \u00ab\u00a0<strong>L&rsquo;extr\u00eame centre ou le poison fran\u00e7ais<\/strong> \u00bb. <\/span><span style=\"color: #777777; font-family: Arial;\">Slate a publi\u00e9 un &lt;<span style=\"color: #0000ff;\"><a style=\"color: #0000ff;\" href=\"http:\/\/www.slate.fr\/story\/178899\/gouvernance-macron-extreme-centre-gilets-jaunes\">Article<\/a><\/span>&gt; sur ce livre<br \/>\n<\/span><\/p>\n<p><span style=\"color: #777777; font-family: Arial;\">Ainsi que &lt;<span style=\"color: #0000ff;\"><a style=\"color: #0000ff;\"><span style=\"text-decoration: underline;\">Retronews<\/span><\/a><\/span><span style=\"color: navy;\"><span style=\"text-decoration: underline;\">&gt; <\/span><span style=\"color: #777777;\">et le journal \u00ab\u00a0<strong>La Marseillaise<\/strong>\u00a0\u00bb\u00a0: &lt;<a href=\"https:\/\/www.lamarseillaise.fr\/politique\/quand-l-historien-pierre-serna-met-a-nu-l-extreme-centre-de-la-macronie-JGLM078436\"><span style=\"color: #0000ff;\">Quand l&rsquo;historien Pierre Serna met \u00e0 nu l&rsquo;\u00ab extr\u00eame centre \u00bb de la Macronie<\/span><\/a>&gt;<\/span><\/span><\/span><\/p>\n<p><span style=\"color: #800000;\">&lt;1676&gt;<\/span><\/p>\n","protected":false},"excerpt":{"rendered":"<p>\u00ab\u00a0L&rsquo;extr\u00eame centre est un extr\u00e9misme\u00a0\u00bb Alain Deneault Avant le second tour de la pr\u00e9sidentielle, Emmanuel Macron a accept\u00e9 un entretien de 47 minutes avec Guillaume Erner sur France Culture. &lt;Emmanuel Macron, grand entretien sur la culture et les id\u00e9es&gt;. Dialogue<\/p>\n","protected":false},"author":1,"featured_media":0,"comment_status":"open","ping_status":"closed","sticky":false,"template":"","format":"standard","meta":{"footnotes":""},"categories":[1],"tags":[15,3],"class_list":["post-13520","post","type-post","status-publish","format-standard","hentry","category-motdujour","tag-france","tag-politique"],"_links":{"self":[{"href":"https:\/\/lemotdujour.fr\/index.php?rest_route=\/wp\/v2\/posts\/13520","targetHints":{"allow":["GET"]}}],"collection":[{"href":"https:\/\/lemotdujour.fr\/index.php?rest_route=\/wp\/v2\/posts"}],"about":[{"href":"https:\/\/lemotdujour.fr\/index.php?rest_route=\/wp\/v2\/types\/post"}],"author":[{"embeddable":true,"href":"https:\/\/lemotdujour.fr\/index.php?rest_route=\/wp\/v2\/users\/1"}],"replies":[{"embeddable":true,"href":"https:\/\/lemotdujour.fr\/index.php?rest_route=%2Fwp%2Fv2%2Fcomments&post=13520"}],"version-history":[{"count":4,"href":"https:\/\/lemotdujour.fr\/index.php?rest_route=\/wp\/v2\/posts\/13520\/revisions"}],"predecessor-version":[{"id":13530,"href":"https:\/\/lemotdujour.fr\/index.php?rest_route=\/wp\/v2\/posts\/13520\/revisions\/13530"}],"wp:attachment":[{"href":"https:\/\/lemotdujour.fr\/index.php?rest_route=%2Fwp%2Fv2%2Fmedia&parent=13520"}],"wp:term":[{"taxonomy":"category","embeddable":true,"href":"https:\/\/lemotdujour.fr\/index.php?rest_route=%2Fwp%2Fv2%2Fcategories&post=13520"},{"taxonomy":"post_tag","embeddable":true,"href":"https:\/\/lemotdujour.fr\/index.php?rest_route=%2Fwp%2Fv2%2Ftags&post=13520"}],"curies":[{"name":"wp","href":"https:\/\/api.w.org\/{rel}","templated":true}]}}