{"id":13514,"date":"2022-06-03T00:09:00","date_gmt":"2022-06-02T22:09:00","guid":{"rendered":"https:\/\/lemotdujour.fr\/?p=13514"},"modified":"2024-08-26T12:29:19","modified_gmt":"2024-08-26T10:29:19","slug":"vendredi-3-juin-2022","status":"publish","type":"post","link":"https:\/\/lemotdujour.fr\/?p=13514","title":{"rendered":"Vendredi 3 juin 2022"},"content":{"rendered":"<div class=\"mdjTexte\">\u00abPause \u00bb<\/div>\n<div class=\"mdjAuteur\">Un jour sans mot du jour nouveau<\/div>\n<p><span style=\"color: #777777; font-family: Arial;\">Comme je l&rsquo;avais annonc\u00e9 lundi, quand je ne parviens pas \u00e0 \u00e9crire un mot du jour nouveau, je fais une pause.<\/span><\/p>\n<p><img loading=\"lazy\" decoding=\"async\" class=\"wp-image-13515 alignleft\" src=\"https:\/\/lemotdujour.fr\/wp-content\/uploads\/2022\/06\/Un-chat-ukrainien.png\" alt=\"\" width=\"419\" height=\"340\" srcset=\"https:\/\/lemotdujour.fr\/wp-content\/uploads\/2022\/06\/Un-chat-ukrainien.png 796w, https:\/\/lemotdujour.fr\/wp-content\/uploads\/2022\/06\/Un-chat-ukrainien-300x243.png 300w, https:\/\/lemotdujour.fr\/wp-content\/uploads\/2022\/06\/Un-chat-ukrainien-768x623.png 768w\" sizes=\"auto, (max-width: 419px) 100vw, 419px\" \/><\/p>\n<p><span style=\"color: #777777; font-family: Arial;\">Pour accompagner ces pauses je mets la photo d&rsquo;un chat.<\/span><\/p>\n<p><span style=\"color: #777777; font-family: Arial;\">J&rsquo;ai trouv\u00e9 cette photo publi\u00e9e en mars par un journal suisse &lt;<span style=\"color: #0000ff;\"><a style=\"color: #0000ff;\" href=\"https:\/\/www.lematin.ch\/story\/seul-avec-son-chat-5-membres-de-sa-famille-sont-morts-369839163685\">Le Matin<\/a><\/span>&gt;. <span style=\"color: #777777; font-family: Arial;\">D&rsquo;apr\u00e8s l&rsquo;article cet homme a perdu toute sa famille dans les bombardements russes, il ne lui restait que ce chat.<\/span><\/span><\/p>\n<p><span style=\"color: #777777; font-family: Arial;\">Le 1er juin, Le Monde a mis en ligne une vid\u00e9o montrant, gr\u00e2ce \u00e0 diverses sources, la destruction de Marioupol et les bombardements des civils que nient les russes : &lt;<span style=\"color: #0000ff;\"><a style=\"color: #0000ff;\" href=\"https:\/\/www.lemonde.fr\/videos\/video\/2022\/06\/01\/ukraine-comment-le-siege-de-marioupol-a-entraine-de-lourdes-pertes-civiles_6128507_1669088.html\">Comment le si\u00e8ge de Marioupol a entra\u00een\u00e9 de lourdes pertes civiles<\/a><\/span>&gt;<\/span><\/p>\n<p><span style=\"color: #777777; font-family: Arial;\">Il y a quelques jours le Monde a aussi publi\u00e9 cette courte vid\u00e9o :&lt;<a href=\"https:\/\/www.lemonde.fr\/international\/video\/2022\/05\/26\/sievierodonetsk-la-nouvelle-marioupol_6127781_3210.html\"><span style=\"color: #0000ff;\">Sievierodonetsk, la nouvelle Marioupol ?<\/span><\/a>&gt;<\/span><\/p>\n<p><span style=\"color: #777777; font-family: Arial;\">Ce vendredi 3 juin, est le 100\u00e8me jour de la guerre d&rsquo;agression de la Russie poutinienne contre son petit voisin Ukrainien.<\/span><\/p>\n<p><span style=\"color: maroon; font-family: Arial;\">&lt;Mot du jour sans num\u00e9ro&gt;<\/span><\/p>\n","protected":false},"excerpt":{"rendered":"<p>\u00abPause \u00bb Un jour sans mot du jour nouveau Comme je l&rsquo;avais annonc\u00e9 lundi, quand je ne parviens pas \u00e0 \u00e9crire un mot du jour nouveau, je fais une pause. Pour accompagner ces pauses je mets la photo d&rsquo;un chat.<\/p>\n","protected":false},"author":1,"featured_media":0,"comment_status":"open","ping_status":"closed","sticky":false,"template":"","format":"standard","meta":{"footnotes":""},"categories":[1],"tags":[96],"class_list":["post-13514","post","type-post","status-publish","format-standard","hentry","category-motdujour","tag-pause"],"_links":{"self":[{"href":"https:\/\/lemotdujour.fr\/index.php?rest_route=\/wp\/v2\/posts\/13514","targetHints":{"allow":["GET"]}}],"collection":[{"href":"https:\/\/lemotdujour.fr\/index.php?rest_route=\/wp\/v2\/posts"}],"about":[{"href":"https:\/\/lemotdujour.fr\/index.php?rest_route=\/wp\/v2\/types\/post"}],"author":[{"embeddable":true,"href":"https:\/\/lemotdujour.fr\/index.php?rest_route=\/wp\/v2\/users\/1"}],"replies":[{"embeddable":true,"href":"https:\/\/lemotdujour.fr\/index.php?rest_route=%2Fwp%2Fv2%2Fcomments&post=13514"}],"version-history":[{"count":5,"href":"https:\/\/lemotdujour.fr\/index.php?rest_route=\/wp\/v2\/posts\/13514\/revisions"}],"predecessor-version":[{"id":15842,"href":"https:\/\/lemotdujour.fr\/index.php?rest_route=\/wp\/v2\/posts\/13514\/revisions\/15842"}],"wp:attachment":[{"href":"https:\/\/lemotdujour.fr\/index.php?rest_route=%2Fwp%2Fv2%2Fmedia&parent=13514"}],"wp:term":[{"taxonomy":"category","embeddable":true,"href":"https:\/\/lemotdujour.fr\/index.php?rest_route=%2Fwp%2Fv2%2Fcategories&post=13514"},{"taxonomy":"post_tag","embeddable":true,"href":"https:\/\/lemotdujour.fr\/index.php?rest_route=%2Fwp%2Fv2%2Ftags&post=13514"}],"curies":[{"name":"wp","href":"https:\/\/api.w.org\/{rel}","templated":true}]}}