{"id":13500,"date":"2022-06-02T00:49:00","date_gmt":"2022-06-01T22:49:00","guid":{"rendered":"https:\/\/lemotdujour.fr\/?p=13500"},"modified":"2022-06-01T10:57:40","modified_gmt":"2022-06-01T08:57:40","slug":"jeudi-2-juin-2022","status":"publish","type":"post","link":"https:\/\/lemotdujour.fr\/?p=13500","title":{"rendered":"Jeudi 2 juin 2022"},"content":{"rendered":"<div class=\"mdjTexte\">\u00ab\u00a0T\u00e9moigner, d\u00e9noncer, donner \u00e0 voir \u00e9taient au centre de ses choix professionnels et humains [\u2026] Sa courte vie a eu un sens\u00a0\u00bb<\/div>\n<div class=\"mdjAuteur\">La m\u00e8re de Fr\u00e9d\u00e9ric Leclerc-Imhoff<\/div>\n<p><span style=\"color: #777777; font-family: Arial;\"><strong>Fr\u00e9d\u00e9ric Leclerc-Imhoff<\/strong> \u00e9tait un jeune homme de 32 ans.<br \/>\n<\/span><br \/>\n<span style=\"color: #777777; font-family: Arial;\">Il est d\u00e9c\u00e9d\u00e9 lundi 30 mai, \u00ab\u00a0touch\u00e9 par un \u00e9clat d&rsquo;obus\u00a0\u00bb lors du tournage d&rsquo;un reportage sur les \u00e9vacuations de civils de Lysychansk et Severodonetsk dans le Donbass qu&rsquo;il r\u00e9alisait pour BFMTV . Il s&rsquo;agit du 8e journaliste tu\u00e9 depuis le d\u00e9but du conflit en Ukraine.<br \/>\n<\/span><\/p>\n<p><span style=\"color: #0000ff;\"><img decoding=\"async\" class=\"alignleft\" src=\"https:\/\/lemotdujour.fr\/wp-content\/uploads\/2022\/06\/060122_0849_Jeudi2juin21.png\" alt=\"\" align=\"left\" \/><a style=\"color: #0000ff;\" href=\"https:\/\/www.nouvelobs.com\/idees\/20220430.OBS57856\/pierre-rosanvallon-l-election-n-est-plus-qu-un-permis-de-gouverner.html\"><span style=\"font-family: Arial;\"><span style=\"color: #0000ff;\">&lt;<\/span><\/span><\/a><a style=\"color: #0000ff;\" href=\"https:\/\/www.huffingtonpost.fr\/entry\/qui-etait-frederic-leclerc-imhoff-journaliste-bfmtv-tue-ukrain_fr_6294f968e4b05cfc269dad93\">Slate<\/a>&gt;<\/span> nous apprend qu&rsquo;il \u00e9tait dipl\u00f4m\u00e9 de l&rsquo;Institut de Journalisme Bordeaux Aquitaine (IJBA) et travaillait pour BFMTV depuis plus de 6 ans apr\u00e8s avoir travaill\u00e9 en tant que r\u00e9alisateur de reportages et de documentaire pour l&rsquo;agence Capa, comme l&rsquo;indique LCI. En Ukraine pour couvrir l&rsquo;invasion russe, il effectuait sa deuxi\u00e8me mission sur place lorsque le v\u00e9hicule dans lequel il se trouvait a \u00e9t\u00e9 cibl\u00e9 par un bombardement russe.<br \/>\n<span style=\"color: #777777; font-family: Arial;\">Il s&rsquo;agit du 8e journaliste tu\u00e9 depuis le d\u00e9but du conflit en Ukraine.<br \/>\n<\/span><\/p>\n<p><span style=\"color: #777777; font-family: Arial;\">Pourquoi parler de lui, alors que la guerre d&rsquo;Ukraine fait tous les jours des centaines de morts ?<br \/>\n<\/span><\/p>\n<p><span style=\"color: #777777; font-family: Arial;\">Parce que ce jeune homme a pris tous ces risques pour nous informer, pour que nous puissions disposer d&rsquo;une information ind\u00e9pendante et pas seulement de propagande.<br \/>\n<\/span><\/p>\n<p><span style=\"color: #777777; font-family: Arial;\"><strong>Aldous Huxley<\/strong> a \u00e9crit\u00a0:<br \/>\n<\/span><\/p>\n<p style=\"margin-left: 28pt;\"><span style=\"color: #c00000; font-family: Arial;\">\u00ab\u00a0La philosophie nous enseigne \u00e0 douter de ce qui nous para\u00eet \u00e9vident. La propagande, au contraire, nous enseigne \u00e0 accepter pour \u00e9vident ce dont il serait raisonnable de douter\u00a0\u00bb<br \/>\n<\/span><\/p>\n<p><span style=\"color: #777777; font-family: Arial;\">Ainsi les alli\u00e9s s\u00e9paratistes du Kremlin ont affirm\u00e9 \u00e0 l&rsquo;agence de presse russe Tass que Fr\u00e9d\u00e9ric Leclerc-Imhoff n&rsquo;\u00e9tait pas un journaliste, mais un mercenaire \u00e9tranger et qu&rsquo;il aurait livr\u00e9 des armes et des munitions \u00e0 l&rsquo;arm\u00e9e ukrainienne.<br \/>\n<\/span><\/p>\n<p><span style=\"color: #777777; font-family: Arial;\">C&rsquo;est de la d\u00e9sinformation, de la propagande russe.<br \/>\n<\/span><\/p>\n<p><span style=\"color: #777777; font-family: Arial;\">Pour pouvoir lutter contre cette falsification de la r\u00e9alit\u00e9, les journalistes sont indispensables.<br \/>\n<\/span><\/p>\n<p><span style=\"color: #777777; font-family: Arial;\"><strong>Christophe Deloire<\/strong>, le directeur g\u00e9n\u00e9ral de Reporters sans fronti\u00e8res a rendu hommage \u00e0 Fr\u00e9d\u00e9ric Leclerc-Imhoff sur &lt;<span style=\"color: #0000ff;\"><a style=\"color: #0000ff;\" href=\"https:\/\/www.franceinter.fr\/emissions\/l-invite-de-7h50\/l-invite-de-7h50-du-mardi-31-mai-2022\">France Inter<\/a><\/span>&gt; le 31 mai 2022.<br \/>\n<\/span><\/p>\n<p><span style=\"color: #777777; font-family: Arial;\">Il a rapport\u00e9 un entretien avec la m\u00e8re du journaliste\u00a0:<br \/>\n<\/span><\/p>\n<p style=\"margin-left: 28pt;\"><span style=\"color: #c00000; font-family: Arial;\">\u00ab Je suis tr\u00e8s fi\u00e8re de mon fils et de son engagement. T\u00e9moigner, d\u00e9noncer, donner \u00e0 voir \u00e9taient au centre de ses choix professionnels et humains [\u2026] Sa courte vie a eu un sens. \u00bb.<br \/>\n<\/span><\/p>\n<p><span style=\"color: #777777; font-family: Arial;\">Ses coll\u00e8gues ont affirm\u00e9 qu&rsquo;il \u00e9tait le contraire d&rsquo;une t\u00eate brul\u00e9e. Mais les forces russes ciblent les journalistes qui peuvent contrecarrer leur r\u00e9cit mensonger des \u00e9v\u00e8nements.<br \/>\n<\/span><\/p>\n<p><span style=\"color: #777777; font-family: Arial;\">Christophe Deloire pr\u00e9cise que<br \/>\n<\/span><\/p>\n<p style=\"margin-left: 28pt;\"><span style=\"color: #c00000; font-family: Arial;\">\u00ab\u00a0Depuis le d\u00e9but du conflit, des journalistes se sont fait tirer -pardonnez-moi l&rsquo;expression- comme des lapins\u00a0\u00bb par les forces russes, il y a une responsabilit\u00e9 du Kremlin, de Vladimir Poutine, sur ces crimes de guerre. Heureusement qu&rsquo;il y a des journalistes sur le terrain pour d\u00e9noncer les mensonges des forces russes qui pr\u00e9tendent qu&rsquo;elles ne visent pas les civils alors qu&rsquo;elles le font, qui pr\u00e9tendent qu&rsquo;elles ne visent pas les journalistes alors qu&rsquo;elles le font\u00a0\u00bb.<br \/>\n<\/span><\/p>\n<p><span style=\"color: #777777; font-family: Arial;\">Nous ne pouvons qu&rsquo;exprimer notre gratitude devant ces <strong>vigies de la v\u00e9rit\u00e9<\/strong> que sont les journalistes qui prennent ces risques pour nous informer. <strong>Fr\u00e9d\u00e9ric Leclerc-Imhoff <\/strong>\u00e9tait l&rsquo;une d&rsquo;entre elles.<br \/>\n<\/span><\/p>\n<p><span style=\"color: maroon; font-family: Arial;\">&lt;1675&gt;<\/span><\/p>\n","protected":false},"excerpt":{"rendered":"<p>\u00ab\u00a0T\u00e9moigner, d\u00e9noncer, donner \u00e0 voir \u00e9taient au centre de ses choix professionnels et humains [\u2026] Sa courte vie a eu un sens\u00a0\u00bb La m\u00e8re de Fr\u00e9d\u00e9ric Leclerc-Imhoff Fr\u00e9d\u00e9ric Leclerc-Imhoff \u00e9tait un jeune homme de 32 ans. Il est d\u00e9c\u00e9d\u00e9 lundi<\/p>\n","protected":false},"author":1,"featured_media":0,"comment_status":"open","ping_status":"closed","sticky":false,"template":"","format":"standard","meta":{"footnotes":""},"categories":[1],"tags":[219,82,218],"class_list":["post-13500","post","type-post","status-publish","format-standard","hentry","category-motdujour","tag-guerre","tag-information","tag-ukraine"],"_links":{"self":[{"href":"https:\/\/lemotdujour.fr\/index.php?rest_route=\/wp\/v2\/posts\/13500","targetHints":{"allow":["GET"]}}],"collection":[{"href":"https:\/\/lemotdujour.fr\/index.php?rest_route=\/wp\/v2\/posts"}],"about":[{"href":"https:\/\/lemotdujour.fr\/index.php?rest_route=\/wp\/v2\/types\/post"}],"author":[{"embeddable":true,"href":"https:\/\/lemotdujour.fr\/index.php?rest_route=\/wp\/v2\/users\/1"}],"replies":[{"embeddable":true,"href":"https:\/\/lemotdujour.fr\/index.php?rest_route=%2Fwp%2Fv2%2Fcomments&post=13500"}],"version-history":[{"count":5,"href":"https:\/\/lemotdujour.fr\/index.php?rest_route=\/wp\/v2\/posts\/13500\/revisions"}],"predecessor-version":[{"id":13505,"href":"https:\/\/lemotdujour.fr\/index.php?rest_route=\/wp\/v2\/posts\/13500\/revisions\/13505"}],"wp:attachment":[{"href":"https:\/\/lemotdujour.fr\/index.php?rest_route=%2Fwp%2Fv2%2Fmedia&parent=13500"}],"wp:term":[{"taxonomy":"category","embeddable":true,"href":"https:\/\/lemotdujour.fr\/index.php?rest_route=%2Fwp%2Fv2%2Fcategories&post=13500"},{"taxonomy":"post_tag","embeddable":true,"href":"https:\/\/lemotdujour.fr\/index.php?rest_route=%2Fwp%2Fv2%2Ftags&post=13500"}],"curies":[{"name":"wp","href":"https:\/\/api.w.org\/{rel}","templated":true}]}}