{"id":13465,"date":"2022-05-30T00:26:00","date_gmt":"2022-05-29T22:26:00","guid":{"rendered":"https:\/\/lemotdujour.fr\/?p=13465"},"modified":"2022-05-29T21:53:26","modified_gmt":"2022-05-29T19:53:26","slug":"lundi-30-mai-2022","status":"publish","type":"post","link":"https:\/\/lemotdujour.fr\/?p=13465","title":{"rendered":"Lundi 30 mai 2022"},"content":{"rendered":"<div class=\"mdjTexte\">\u00ab\u00a0D&rsquo;\u00e9crire, brusquement, je me suis arr\u00eat\u00e9\u00a0!\u00bb<\/div>\n<div class=\"mdjAuteur\">R\u00e9flexions personnelles sur la difficult\u00e9 d&rsquo;\u00e9crire dans notre monde troubl\u00e9.<\/div>\n<p><span style=\"color: #777777; font-family: Arial;\">Le mardi 22 mars 2022, j&rsquo;ai pos\u00e9 la plume.<br \/>\n<\/span><\/p>\n<p><span style=\"color: #777777; font-family: Arial;\">C&rsquo;est ainsi qu&rsquo;on aurait pu l&rsquo;\u00e9crire dans les temps anciens, ceux de ma jeunesse.<br \/>\n<\/span><\/p>\n<p><span style=\"color: #777777; font-family: Arial;\">Poser le clavier, n&rsquo;a pas de sens, il est toujours pos\u00e9, surtout quand on l&rsquo;utilise. Peut-\u00eatre, \u00ab\u00a0ranger le clavier\u00a0\u00bb pourrait convenir.<br \/>\n<\/span><\/p>\n<p><span style=\"color: #777777; font-family: Arial;\">Que s&rsquo;est-il pass\u00e9, pour que je m&rsquo;\u00e9loigne de ma discipline quotidienne d&rsquo;\u00e9criture du mot du jour\u00a0?<br \/>\n<\/span><\/p>\n<p><span style=\"color: #777777; font-family: Arial;\">Brusquement la guerre d&rsquo;Ukraine est entr\u00e9e dans nos vies, dans nos esprits.<br \/>\n<\/span><\/p>\n<p><span style=\"color: #777777; font-family: Arial;\">Je n&rsquo;arrivais plus \u00e0 \u00e9crire sur un autre sujet, car celui-ci prenait toute la place.<br \/>\n<\/span><\/p>\n<p><span style=\"color: #777777; font-family: Arial;\">Suivant cette actualit\u00e9, je m&rsquo;effor\u00e7ais de trouver des \u00e9clairages, des analyses qui ne pouvaient se r\u00e9sumer \u00e0 l&rsquo;\u00e9motion.<br \/>\n<\/span><\/p>\n<p><span style=\"color: #777777; font-family: Arial;\">L&rsquo;\u00e9criture des derniers mots se terminait au-del\u00e0 de 1 heure du matin., me laissant ext\u00e9nu\u00e9 et l&rsquo;esprit de plus en plus embrouill\u00e9.<br \/>\n<\/span><\/p>\n<p><span style=\"color: #777777; font-family: Arial;\">D&rsquo;\u00e9crire je me suis arr\u00eat\u00e9.<br \/>\n<\/span><\/p>\n<p><span style=\"color: #777777; font-family: Arial;\">Je tente, aujourd&rsquo;hui, de reprendre&#8230;<br \/>\n<\/span><\/p>\n<p><span style=\"color: #777777; font-family: Arial;\">Peut \u00eatre, cela ne sera pas possible tous les jours, si je me retrouve dans une pression comme celle qui a conduit \u00e0 l&rsquo;arr\u00eat.<br \/>\n<\/span><\/p>\n<p><span style=\"color: #777777; font-family: Arial;\">Cette guerre continue.<br \/>\n<\/span><\/p>\n<p><span style=\"color: #777777; font-family: Arial;\">Ce lundi 30 mai, constitue le 96\u00e8me jour de guerre.<br \/>\n<\/span><\/p>\n<p><span style=\"color: #777777; font-family: Arial;\">L&rsquo;Ukraine ne s&rsquo;est pas effondr\u00e9e comme le pensait les \u00ab\u00a0sp\u00e9cialistes\u00a0\u00bb. Dans le mot du jour, du 25 f\u00e9vrier je citais des militaires sur France Inter qui pr\u00e9voyait un effondrement en une semaine.<br \/>\n<\/span><\/p>\n<p><span style=\"color: #777777; font-family: Arial;\">Le 24 avril 2022, apr\u00e8s une visite \u00e0 Kiev le secr\u00e9taire \u00e0 la d\u00e9fense am\u00e9ricain Lloyd Austin a d\u00e9clar\u00e9 :<br \/>\n<\/span><\/p>\n<p style=\"margin-left: 28pt;\"><span style=\"color: #c00000; font-family: Arial;\">\u00ab Les Ukrainiens peuvent gagner s&rsquo;ils ont les bons \u00e9quipements, le bon soutien ! \u00bb<br \/>\n<\/span><\/p>\n<p><span style=\"color: #777777; font-family: Arial;\">Et il a ajout\u00e9\u00a0:<br \/>\n<\/span><\/p>\n<p style=\"margin-left: 28pt;\"><span style=\"color: #c00000; font-family: Arial;\">\u00ab Nous voulons voir la Russie affaiblie \u00e0 un degr\u00e9 tel qu&rsquo;elle ne puisse pas faire le m\u00eame genre de choses que l&rsquo;invasion de l&rsquo;Ukraine. Elle a d\u00e9j\u00e0 perdu beaucoup de capacit\u00e9s militaires, et beaucoup de troupes, et nous ne voudrions pas qu&rsquo;elle puisse rapidement reconstituer ces capacit\u00e9s. \u00bb<br \/>\n<\/span><\/p>\n<p><span style=\"color: #777777; font-family: Arial;\">Et c&rsquo;est ainsi que &lt;<a href=\"https:\/\/www.lemonde.fr\/international\/live\/2022\/05\/11\/guerre-en-ukraine-en-direct-les-etats-unis-s-appretent-a-debloquer-40-milliards-de-dollars-supplementaires-pour-l-ukraine_6125423_3210.html\"><span style=\"color: #0000ff;\">Les Etats-Unis s&rsquo;appr\u00eatent \u00e0 d\u00e9bloquer 40 milliards de dollars suppl\u00e9mentaires pour l&rsquo;Ukraine<\/span><\/a>&gt;<br \/>\n<\/span><\/p>\n<p><span style=\"color: #777777; font-family: Arial;\">Mais que repr\u00e9sente 40 milliards de dollars\u00a0?<br \/>\n<\/span><\/p>\n<p><span style=\"color: #777777; font-family: Arial;\">Je pense que nous pouvons en avoir une id\u00e9e, en constatant que le budget 2022 de la D\u00e9fense de la France s&rsquo;\u00e9l\u00e8ve \u00e0 40,9 milliards (Mds) d&rsquo;euros (49,6 Md\u20ac pensions incluses).<br \/>\n<\/span><\/p>\n<p><span style=\"color: #777777; font-family: Arial;\">Nonobstant le taux de change, l&rsquo;aide am\u00e9ricaine est du niveau du budget annuel de la d\u00e9fense fran\u00e7aise\u00a0!<br \/>\n<\/span><\/p>\n<p><span style=\"color: #777777; font-family: Arial;\">A cela s&rsquo;ajoute l&rsquo;aide de l&rsquo;Union europ\u00e9enne et du Royaume Uni.<br \/>\n<\/span><\/p>\n<p><span style=\"color: #777777; font-family: Arial;\">Bref, l&rsquo;Ukraine est arm\u00e9e pour ne pas perdre la guerre.<br \/>\n<\/span><\/p>\n<p><span style=\"color: #777777; font-family: Arial;\">Le secr\u00e9taire \u00e0 la d\u00e9fense am\u00e9ricaine parle m\u00eame de victoire. Sur certains terrains, comme celui de Kharkiv, l&rsquo;infanterie et l&rsquo;artillerie ukrainienne ont fait reculer l&rsquo;arm\u00e9e russe.<\/span><span style=\"color: #777777; font-family: Arial;\"><br \/>\n<\/span><\/p>\n<p><span style=\"color: #777777; font-family: Arial;\">Mais la r\u00e9alit\u00e9 du terrain c&rsquo;est que la Russie progresse, s&#8217;empare de villes apr\u00e8s les avoir d\u00e9truites avec des bombardements et des missiles, car elle conserve la ma\u00eetrise des airs.<br \/>\n<\/span><\/p>\n<p><img loading=\"lazy\" decoding=\"async\" class=\"alignright\" src=\"https:\/\/lemotdujour.fr\/wp-content\/uploads\/2022\/05\/052922_1829_Lundixxmars1.jpg\" alt=\"\" width=\"497\" height=\"301\" align=\"left\" \/><span style=\"color: #777777; font-family: Arial;\">Par exemple, la ville de <strong>Sievierodonetsk <\/strong>dans le Donbass est en train de conna\u00eetre le sort qu&rsquo;avant la ville de Marioupol avait connu. Le maire de Sievierodonetsk, &lt;<a href=\"https:\/\/actualitescanada.com\/guerre-dukraine-le-maire-de-sievierodonetsk-annonce-la-mort-de-quelque-1-500-personnes\/\"><span style=\"color: #0000ff;\">Oleksandr Stryuk<\/span><\/a>&gt; a d\u00e9clar\u00e9 qu&rsquo;au moins 1 500 personnes avaient \u00e9t\u00e9 tu\u00e9es dans sa ville et qu&rsquo;il en restait environ 12 000 \u00e0 13 000 dans la ville, o\u00f9 il a d\u00e9clar\u00e9 que 60% des b\u00e2timents r\u00e9sidentiels avaient \u00e9t\u00e9 d\u00e9truits. C&rsquo;est une ville qui comptait, avant l&rsquo;offensive russe, plus de 100\u00a0000 habitants.<\/span><\/p>\n<p><span style=\"color: #777777; font-family: Arial;\">Le prix \u00e0 payer pour les russes est \u00e9norme.<br \/>\n<\/span><\/p>\n<p><span style=\"color: #777777; font-family: Arial;\">Mais dans ce podcast de Slate\u00a0: \u00ab<span style=\"color: #0000ff;\"><a style=\"color: #0000ff;\" href=\"http:\/\/www.slate.fr\/audio\/le-monde-devant-soi\/vladimir-poutine-deuil-prendre-kiev-guerre-ukraine-negociations-france-russie120\">Vladimir Poutine n&rsquo;a pas fait son deuil de prendre Kiev<\/a><\/span>\u00bb J<strong>ean-Marie Colombani<\/strong> et <strong>Alain Frachon<\/strong> rappellent que les russes ont une r\u00e9serve d&rsquo;hommes beaucoup plus importante que les ukrainiens.<br \/>\n<\/span><\/p>\n<p><span style=\"color: #777777; font-family: Arial;\">Et que surtout : Poutine reprend une tradition russe ou sovi\u00e9tique : la vie de ses soldats n&rsquo;a pas beaucoup de prix.<br \/>\n<\/span><\/p>\n<p><span style=\"color: #777777; font-family: Arial;\">Il faut rappeler ce que fut la victoire, lors de la seconde guerre mondiale, de l&rsquo;arm\u00e9e rouge sur l&rsquo;arm\u00e9e nazi. Ce fut une grande victoire de l&rsquo;arm\u00e9e rouge et une d\u00e9faite des arm\u00e9es allemandes, mais &lt;<a href=\"https:\/\/fr.wikipedia.org\/wiki\/Op%C3%A9ration_Barbarossa\"><span style=\"color: #0000ff;\">Wikipedia<\/span><\/a>&gt; nous informe que si les pertes de l&rsquo;arm\u00e9e allemande \u00e9taient de 890\u00a0000 hommes, 1\u00a0100\u00a0000 avec ses alli\u00e9es, en face les vainqueurs, les sovi\u00e9tiques en comptaient 4\u00a0980\u00a0000, plus de quatre fois plus.<br \/>\n<\/span><\/p>\n<p><span style=\"color: #777777; font-family: Arial;\">Ce qui a fait dire \u00e0 certains que les allemands gagnaient la guerre en faisant couler le sang des autres, alors que les russes gagnaient la guerre en faisant couler le sang de ses propres soldats. Ce n&rsquo;est pas le g\u00e9nie de Staline, comme l&rsquo;affirmait l&rsquo;esprit \u00e9gar\u00e9 du candidat communiste \u00e0 l&rsquo;\u00e9lection pr\u00e9sidentielle fran\u00e7aise, qui a gagn\u00e9 la guerre, mais bien le courage des soldats de l&rsquo;arm\u00e9e rouge qui offraient, sans compter, leur vie \u00e0 la victoire finale.<br \/>\n<\/span><\/p>\n<p><span style=\"color: #777777; font-family: Arial;\">Dans ces conditions les russes peuvent-ils perdre\u00a0?<br \/>\n<\/span><\/p>\n<p><span style=\"color: #777777; font-family: Arial;\">En outre, la Russie est une puissance nucl\u00e9aire, disposant d&rsquo;armes de destructions massives et Poutine dans son \u00e9go, dans sa mani\u00e8re de gouverner et sa relation avec le peuple russe, ne peut pas accepter la d\u00e9faite.<br \/>\n<\/span><\/p>\n<p><img decoding=\"async\" class=\"alignleft\" src=\"https:\/\/lemotdujour.fr\/wp-content\/uploads\/2022\/05\/052822_2226_Lundi30mai21.jpg\" alt=\"\" align=\"left\" \/><span style=\"font-family: Arial;\"><span style=\"color: #777777;\">D\u00e8s lors la crainte exprim\u00e9e par Henri Guaino: <\/span><a href=\"https:\/\/www.lefigaro.fr\/vox\/monde\/henri-guaino-nous-marchons-vers-la-guerre-comme-des-somnambules-20220512\">\u00ab<span style=\"color: #0000ff;\">Nous marchons vers la guerre comme des somnambules<\/span>\u00bb<\/a><span style=\"color: #777777;\"> ne peut que nous inqui\u00e9ter.<\/span><a href=\"https:\/\/www.lefigaro.fr\/vox\/monde\/henri-guaino-nous-marchons-vers-la-guerre-comme-des-somnambules-20220512\"><span style=\"color: #777777;\"><br \/>\n<\/span><\/a><\/span><span style=\"color: #777777; font-family: Arial;\">Il emprunte cette image au titre du livre de l&rsquo;historien australien <\/span><span style=\"color: #777777; font-family: Arial;\"><strong>Christopher Clark<\/strong><\/span><span style=\"color: #777777; font-family: Arial;\"> sur les causes de la Premi\u00e8re Guerre mondiale : <a href=\"https:\/\/www.lefigaro.fr\/vox\/monde\/henri-guaino-nous-marchons-vers-la-guerre-comme-des-somnambules-20220512\"><span style=\"color: #777777; font-family: Arial;\">\u00ab<\/span><\/a><span style=\"color: #0000ff;\"><a style=\"color: #0000ff;\" href=\"https:\/\/editions.flammarion.com\/les-somnambules\/9782081216488\">Les Somnambules, \u00e9t\u00e9 1914: comment l&rsquo;Europe a march\u00e9 vers la guerre<\/a>.\u00a0<\/span>\u00bb<\/span><\/p>\n<p><span style=\"color: #777777; font-family: Arial;\">\u00ab <span style=\"color: #c00000;\">Le d\u00e9clenchement de la guerre de 14-18,\u00e9crit-il, n&rsquo;est pas un roman d&rsquo;Agatha Christie (\u2026) Il n&rsquo;y a pas d&rsquo;arme du crime dans cette histoire, ou plut\u00f4t il y a en a une pour chaque personnage principal. Vu sous cet angle, le d\u00e9clenchement de la guerre n&rsquo;a pas \u00e9t\u00e9 un crime, mais une trag\u00e9die.\u00bb<span style=\"color: #777777;\"><br \/>\n<\/span><\/span><\/span><\/p>\n<p><span style=\"color: #777777; font-family: Arial;\">En 1914, aucun dirigeant europ\u00e9en n&rsquo;\u00e9tait d\u00e9ment, aucun ne voulait une guerre mondiale qui ferait vingt millions de morts mais, tous ensemble, ils l&rsquo;ont d\u00e9clench\u00e9e. Et au moment du trait\u00e9 de Versailles aucun ne voulait une autre guerre mondiale qui ferait soixante millions de morts mais, tous ensemble, ils ont quand m\u00eame arm\u00e9 la machine infernale qui allait y conduire.<br \/>\n<\/span><\/p>\n<p><span style=\"color: #777777; font-family: Arial;\">Alors il faut des n\u00e9gociations.<br \/>\n<\/span><\/p>\n<p><span style=\"color: #777777; font-family: Arial;\">Mais m\u00eame cette porte de sortie n&rsquo;est pas satisfaisante.<br \/>\n<\/span><\/p>\n<p><span style=\"color: #777777; font-family: Arial;\">L&rsquo;arr\u00eat des combats aura pour cons\u00e9quence de figer l&rsquo;avanc\u00e9e des troupes russes.<br \/>\n<\/span><\/p>\n<p><span style=\"color: #777777; font-family: Arial;\">Et c&rsquo;est exactement la mani\u00e8re de faire de Poutine : il avance, quand il y a trop d&rsquo;obstacles, il s&rsquo;arr\u00eate et attend. Et puis d\u00e8s qu&rsquo;il peut, il avance \u00e0 nouveau. Jamais il ne recule. <\/span><\/p>\n<p><span style=\"color: #777777; font-family: Arial;\">Et on apprend aussi, que sur les territoires conquis, le ma\u00eetre du Kremlin fait pratiquer des &lt;<span style=\"color: #0000ff;\"><a style=\"color: #0000ff;\" href=\"https:\/\/www.tf1info.fr\/international\/guerre-en-ukraine-deportation-ou-evacuation-ce-que-l-on-sait-des-deplacements-de-civils-ukrainiens-en-russie-2219280.html\">d\u00e9portations massives<\/a><\/span>&gt; :<\/span><\/p>\n<p style=\"margin-left: 28pt;\"><span style=\"color: #c00000; font-family: Arial;\">\u00ab Selon le Pentagone, qui confirme des accusations de Kiev, plus d&rsquo;un million de civils auraient \u00e9t\u00e9 \u00abenvoy\u00e9s en Russie contre leur gr\u00e9\u00bb. Une telle d\u00e9portation de population serait contraire aux conventions de Gen\u00e8ve. Moscou avance des chiffres analogues, mais parle \u00abd&rsquo;\u00e9vacuations\u00bb. Des Ukrainiens ont \u00e9t\u00e9 \u00abenvoy\u00e9s contre leur gr\u00e9 en Russie\u00bb, a annonc\u00e9 ce lundi le porte-parole du Pentagone au cours de sa conf\u00e9rence de presse quotidienne. [&#8230;] Cette d\u00e9claration, bas\u00e9e sur les informations des services de renseignement am\u00e9ricains, confirme, au moins en partie, les accusations port\u00e9es par Kiev depuis plusieurs semaines. Selon la responsable ukrainienne Lioudmila Denissova, \u00abplus de 1,19 million de nos citoyens, y compris plus de 200.000 enfants, ont \u00e9t\u00e9 d\u00e9port\u00e9s vers la F\u00e9d\u00e9ration de Russie\u00bb\u00bb.<\/span><\/p>\n<p><span style=\"color: #777777; font-family: Arial;\">Il n&rsquo;y a pas de bonne fin envisageable \u00e0 cette guerre qui aura des cons\u00e9quences consid\u00e9rables sur notre vie des prochains mois et probablement des prochaines ann\u00e9es.<br \/>\n<\/span><\/p>\n<p><span style=\"color: maroon; font-family: Arial;\">&lt;1672&gt;<\/span><\/p>\n","protected":false},"excerpt":{"rendered":"<p>\u00ab\u00a0D&rsquo;\u00e9crire, brusquement, je me suis arr\u00eat\u00e9\u00a0!\u00bb R\u00e9flexions personnelles sur la difficult\u00e9 d&rsquo;\u00e9crire dans notre monde troubl\u00e9. Le mardi 22 mars 2022, j&rsquo;ai pos\u00e9 la plume. C&rsquo;est ainsi qu&rsquo;on aurait pu l&rsquo;\u00e9crire dans les temps anciens, ceux de ma jeunesse. Poser<\/p>\n","protected":false},"author":1,"featured_media":0,"comment_status":"open","ping_status":"closed","sticky":false,"template":"","format":"standard","meta":{"footnotes":""},"categories":[1],"tags":[219,78,218],"class_list":["post-13465","post","type-post","status-publish","format-standard","hentry","category-motdujour","tag-guerre","tag-russie","tag-ukraine"],"_links":{"self":[{"href":"https:\/\/lemotdujour.fr\/index.php?rest_route=\/wp\/v2\/posts\/13465","targetHints":{"allow":["GET"]}}],"collection":[{"href":"https:\/\/lemotdujour.fr\/index.php?rest_route=\/wp\/v2\/posts"}],"about":[{"href":"https:\/\/lemotdujour.fr\/index.php?rest_route=\/wp\/v2\/types\/post"}],"author":[{"embeddable":true,"href":"https:\/\/lemotdujour.fr\/index.php?rest_route=\/wp\/v2\/users\/1"}],"replies":[{"embeddable":true,"href":"https:\/\/lemotdujour.fr\/index.php?rest_route=%2Fwp%2Fv2%2Fcomments&post=13465"}],"version-history":[{"count":8,"href":"https:\/\/lemotdujour.fr\/index.php?rest_route=\/wp\/v2\/posts\/13465\/revisions"}],"predecessor-version":[{"id":13481,"href":"https:\/\/lemotdujour.fr\/index.php?rest_route=\/wp\/v2\/posts\/13465\/revisions\/13481"}],"wp:attachment":[{"href":"https:\/\/lemotdujour.fr\/index.php?rest_route=%2Fwp%2Fv2%2Fmedia&parent=13465"}],"wp:term":[{"taxonomy":"category","embeddable":true,"href":"https:\/\/lemotdujour.fr\/index.php?rest_route=%2Fwp%2Fv2%2Fcategories&post=13465"},{"taxonomy":"post_tag","embeddable":true,"href":"https:\/\/lemotdujour.fr\/index.php?rest_route=%2Fwp%2Fv2%2Ftags&post=13465"}],"curies":[{"name":"wp","href":"https:\/\/api.w.org\/{rel}","templated":true}]}}