{"id":13438,"date":"2022-03-22T00:25:00","date_gmt":"2022-03-21T23:25:00","guid":{"rendered":"https:\/\/lemotdujour.fr\/?p=13438"},"modified":"2022-03-21T19:35:07","modified_gmt":"2022-03-21T18:35:07","slug":"mardi-22-mars-2022","status":"publish","type":"post","link":"https:\/\/lemotdujour.fr\/?p=13438","title":{"rendered":"Mardi 22 mars 2022"},"content":{"rendered":"<div class=\"mdjTexte\">\u00ab Marioupol \u00bb<\/div>\n<div class=\"mdjAuteur\">Un jour sans mot du jour nouveau<\/div>\n<p><span style=\"color: #777777; font-family: Arial;\">\u00c9tienne Klein a publi\u00e9 une photo de <strong>Marioupol<\/strong> avant :<br \/>\n<\/span><\/p>\n<p><img loading=\"lazy\" decoding=\"async\" class=\"alignnone size-full wp-image-13439\" src=\"https:\/\/lemotdujour.fr\/wp-content\/uploads\/2022\/03\/Marioupol.jpg\" alt=\"\" width=\"1122\" height=\"1368\" srcset=\"https:\/\/lemotdujour.fr\/wp-content\/uploads\/2022\/03\/Marioupol.jpg 1122w, https:\/\/lemotdujour.fr\/wp-content\/uploads\/2022\/03\/Marioupol-246x300.jpg 246w, https:\/\/lemotdujour.fr\/wp-content\/uploads\/2022\/03\/Marioupol-840x1024.jpg 840w, https:\/\/lemotdujour.fr\/wp-content\/uploads\/2022\/03\/Marioupol-768x936.jpg 768w\" sizes=\"auto, (max-width: 1122px) 100vw, 1122px\" \/><\/p>\n<p>Je pense qu&rsquo;il n&rsquo;est pas utile de publier des photos de Marioupol aujourd&rsquo;hui, on en trouve partout \u00e0 la t\u00e9l\u00e9vision, sur le Web, dans les journaux.<\/p>\n<p><strong>Le mot du jour se met en pause pour quelques jours, pour penser \u00e0 autre chose, pour prendre du recul.<\/strong><\/p>\n<p>J&rsquo;avais regard\u00e9 avec un grand int\u00e9r\u00eat ces deux documentaires sur Poutine :<\/p>\n<p>&lt;<strong><span style=\"color: #0000ff;\"><a style=\"color: #0000ff;\" href=\"https:\/\/www.youtube.com\/watch?v=6LlDIxlV4cQ\">Poutine, l\u2019irr\u00e9sistible ascension &#8211; ARTE<\/a><\/span><\/strong>&gt; Documentaire de <strong>Vitaly Mansky<\/strong> (Suisse, 2018, 1h35mn)<\/p>\n<p>En 2000, un documentariste russe filme de l&rsquo;int\u00e9rieur la premi\u00e8re ann\u00e9e au pouvoir de Vladimir Poutine. Pr\u00e8s de vingt ans plus tard, Vitaly Mansky, d\u00e9sormais exil\u00e9, remonte ses archives et en propose une relecture critique.<\/p>\n<p>Pour Vitaly Mansky, tout \u00e9tait l\u00e0, \u00e0 port\u00e9e de main. Il suffisait de d\u00e9crypter un mat\u00e9riau qui annon\u00e7ait d\u00e9j\u00e0, en 2000, le futur de la Russie. \u00c0 travers ses s\u00e9quences dans l&rsquo;intimit\u00e9 du pouvoir, ses t\u00eate-\u00e0-t\u00eate avec le nouveau ma\u00eetre du Kremlin et des moments apparemment anodins, c&rsquo;est tout simplement le basculement dans un r\u00e9gime totalitaire qu&rsquo;il nous montre. Vladimir Poutine s&rsquo;y r\u00e9v\u00e8le d\u00e9j\u00e0 secret et cynique, et semble pr\u00eat \u00e0 tout pour consolider sa mainmise sur le pays, pendant que l&rsquo;on assiste aussi, en priv\u00e9, \u00e0 l&rsquo;affaiblissement physique de Boris Eltsine. \u00c0 partir de ses propres images et d&rsquo;archives publiques ou priv\u00e9es, le documentariste \u00e9crit \u00e0 la premi\u00e8re personne un roman politique singulier, dont personne, \u00e0 l&rsquo;heure actuelle, ne sait encore comment il se terminera.<\/p>\n<p>&lt;<strong><span style=\"color: #0000ff;\"><a style=\"color: #0000ff;\" href=\"https:\/\/www.youtube.com\/watch?v=4vtoafn76c8\">Le myst\u00e8re Poutine : Un espion devenu pr\u00e9sident<\/a><\/span><\/strong>&gt; Documentaire (2016, 1h42mn) r\u00e9alis\u00e9 par <strong>Christophe Widemann<\/strong> et pr\u00e9sent\u00e9 par <strong>Laurent Delahousse.<\/strong><\/p>\n<p><span style=\"color: maroon; font-family: Arial;\">&lt;Mot du jour sans num\u00e9ro&gt;<\/span><\/p>\n","protected":false},"excerpt":{"rendered":"<p>\u00ab Marioupol \u00bb Un jour sans mot du jour nouveau \u00c9tienne Klein a publi\u00e9 une photo de Marioupol avant : Je pense qu&rsquo;il n&rsquo;est pas utile de publier des photos de Marioupol aujourd&rsquo;hui, on en trouve partout \u00e0 la t\u00e9l\u00e9vision,<\/p>\n","protected":false},"author":1,"featured_media":0,"comment_status":"open","ping_status":"closed","sticky":false,"template":"","format":"standard","meta":{"footnotes":""},"categories":[1],"tags":[96],"class_list":["post-13438","post","type-post","status-publish","format-standard","hentry","category-motdujour","tag-pause"],"_links":{"self":[{"href":"https:\/\/lemotdujour.fr\/index.php?rest_route=\/wp\/v2\/posts\/13438","targetHints":{"allow":["GET"]}}],"collection":[{"href":"https:\/\/lemotdujour.fr\/index.php?rest_route=\/wp\/v2\/posts"}],"about":[{"href":"https:\/\/lemotdujour.fr\/index.php?rest_route=\/wp\/v2\/types\/post"}],"author":[{"embeddable":true,"href":"https:\/\/lemotdujour.fr\/index.php?rest_route=\/wp\/v2\/users\/1"}],"replies":[{"embeddable":true,"href":"https:\/\/lemotdujour.fr\/index.php?rest_route=%2Fwp%2Fv2%2Fcomments&post=13438"}],"version-history":[{"count":5,"href":"https:\/\/lemotdujour.fr\/index.php?rest_route=\/wp\/v2\/posts\/13438\/revisions"}],"predecessor-version":[{"id":13445,"href":"https:\/\/lemotdujour.fr\/index.php?rest_route=\/wp\/v2\/posts\/13438\/revisions\/13445"}],"wp:attachment":[{"href":"https:\/\/lemotdujour.fr\/index.php?rest_route=%2Fwp%2Fv2%2Fmedia&parent=13438"}],"wp:term":[{"taxonomy":"category","embeddable":true,"href":"https:\/\/lemotdujour.fr\/index.php?rest_route=%2Fwp%2Fv2%2Fcategories&post=13438"},{"taxonomy":"post_tag","embeddable":true,"href":"https:\/\/lemotdujour.fr\/index.php?rest_route=%2Fwp%2Fv2%2Ftags&post=13438"}],"curies":[{"name":"wp","href":"https:\/\/api.w.org\/{rel}","templated":true}]}}