{"id":13432,"date":"2022-03-21T00:35:20","date_gmt":"2022-03-20T23:35:20","guid":{"rendered":"https:\/\/lemotdujour.fr\/?p=13432"},"modified":"2022-03-22T10:53:21","modified_gmt":"2022-03-22T09:53:21","slug":"lundi-21-mars-2022","status":"publish","type":"post","link":"https:\/\/lemotdujour.fr\/?p=13432","title":{"rendered":"Lundi 21 mars 2022"},"content":{"rendered":"<div class=\"mdjTexte\">\u00ab\u00a0Les occidentaux ne peuvent malheureusement pas se r\u00e9clamer du camp du bien.\u00a0\u00bb<\/div>\n<div class=\"mdjAuteur\">R\u00e9flexions personnelles<\/div>\n<p><span style=\"color: #777777; font-family: Arial;\">Lundi 21 mars 2022 est le 26<sup>\u00e8me<\/sup> jour de la guerre d&rsquo;agression que la Russie de Poutine a lanc\u00e9 contre son voisin ukrainien.<br \/>\n<\/span><\/p>\n<p><span style=\"color: #777777; font-family: Arial;\">C&rsquo;est un acte de barbarie et de violence qui ne peut trouver ni excuse, ni de justification.<br \/>\n<\/span><\/p>\n<p><span style=\"color: #777777; font-family: Arial;\">De ci de l\u00e0, je lis et j&rsquo;entends des \u00e9missions qui \u00e9voquent s\u00e9rieusement la possibilit\u00e9 de traduire Poutine devant<span style=\"color: #0000ff;\"><a style=\"color: #0000ff;\" href=\"https:\/\/www.icc-cpi.int\/?ln=fr\"> la Cour P\u00e9nale Internationale de La Haye<\/a><\/span> qui est la\u00a0 juridiction p\u00e9nale internationale permanente \u00e0 vocation universelle, charg\u00e9e de juger les personnes accus\u00e9es de g\u00e9nocide, de crime contre l\u2019humanit\u00e9, de crime d&rsquo;agression et de crime de guerre<br \/>\n<\/span><\/p>\n<p><span style=\"color: #777777; font-family: Arial;\">Quand ce sont des gens s\u00e9rieux, ce qui n&rsquo;est pas toujours le cas, ils expliquent que la CPI est une institution qui ne peut juger que les ressortissants des \u00c9tats qui ont reconnu sa comp\u00e9tence, ce qui n&rsquo;est pas le cas de la Russie, ni des \u00c9tats-Unis d&rsquo;ailleurs.<br \/>\n<\/span><\/p>\n<p><span style=\"color: #777777; font-family: Arial;\">A ce stade, il faut h\u00e9las reconna\u00eetre que la position de l&rsquo;Occident est tr\u00e8s fragilis\u00e9e par ses immenses manquements pass\u00e9s. Et qu&rsquo;avant de vouloir traduire Poutine, devrait se pr\u00e9senter dans le couloir qui m\u00e8ne au Tribunal International Georges W Busch.<br \/>\n<\/span><\/p>\n<p style=\"text-align: left;\"><span style=\"color: #777777; font-family: Arial;\">Celles et ceux qui ont un peu de m\u00e9moire se souvienne de ce 5 f\u00e9vrier 2003 o\u00f9 lors d&rsquo;une session du Conseil de s\u00e9curit\u00e9 des Nations unies, <img loading=\"lazy\" decoding=\"async\" class=\"alignleft\" src=\"https:\/\/lemotdujour.fr\/wp-content\/uploads\/2022\/03\/032022_2331_Lundi21mars1.jpg\" alt=\"\" width=\"464\" height=\"323\" align=\"left\" \/>le secr\u00e9taire d\u2019\u00c9tat am\u00e9ricain, Colin Powell, a apport\u00e9 et pr\u00e9sent\u00e9 un petit flacon, en pr\u00e9tendant que celui-ci contenait une arme biologique qui faisait partie du stock d&rsquo;armes de destruction massive dont disposait l&rsquo;Irak de Saddam Hussein.<br \/>\n<\/span><\/p>\n<p><span style=\"color: #777777; font-family: Arial;\">Et en ajoutant que l&rsquo;Irak constituait un danger pour les \u00c9tats-Unis et le Monde, il pr\u00e9tendait qu&rsquo;il fallait\u00a0 attaquer l&rsquo;Irak.<br \/>\n<\/span><\/p>\n<p><span style=\"color: #777777; font-family: Arial;\">La France pr\u00e9sid\u00e9e par Jacques Chirac s&rsquo;\u00e9tait fermement oppos\u00e9e \u00e0 la volont\u00e9 am\u00e9ricaine en affirmant qu&rsquo;il n&rsquo;y avait aucune preuve de l&rsquo;existence de ces armes de destruction massive.<br \/>\n<\/span><\/p>\n<p><span style=\"color: #777777; font-family: Arial;\">On parle aujourd&rsquo;hui de folie de Poutine.<br \/>\n<\/span><\/p>\n<p><span style=\"color: #777777; font-family: Arial;\">Mais comment analyser ce geste d&#8217;emmener dans un simple flacon dans l&rsquo;enceinte des Nations Unies une arme biologique de destruction massive\u00a0?<br \/>\n<\/span><\/p>\n<p><span style=\"color: #777777; font-family: Arial;\">Probablement, et on ose l&rsquo;esp\u00e9rer, il n&rsquo;y avait rien de nocif dans ce flacon.<br \/>\n<\/span><\/p>\n<p><span style=\"color: #777777; font-family: Arial;\">Mais, il s&rsquo;agissait alors d&rsquo;une manipulation qui n&rsquo;a rien \u00e0 envier aux man\u0153uvres de Poutine.<br \/>\n<\/span><\/p>\n<p><span style=\"color: #777777; font-family: Arial;\">Et puis comprenant que La France, la Russie et la Chine, trois membres permanents du Conseil de s\u00e9curit\u00e9 de l&rsquo;ONU, utiliseraient leur droit de veto pour emp\u00eacher que l&rsquo;ONU n&rsquo;approuve l&rsquo;intervention arm\u00e9e contre l&rsquo;Irak, les \u00c9tats-Unis et leurs alli\u00e9s ont lanc\u00e9 l&rsquo;assaut sur l&rsquo;Irak le 20 mars 2003, sans l&rsquo;aval du Conseil de S\u00e9curit\u00e9.<br \/>\n<\/span><\/p>\n<p><span style=\"color: #777777; font-family: Arial;\">C&rsquo;\u00e9tait donc une guerre ill\u00e9gale au m\u00eame titre que celle lanc\u00e9e par Poutine contre l&rsquo;Ukraine.<br \/>\n<\/span><\/p>\n<p><span style=\"color: #777777; font-family: Arial;\">Les \u00c9tats-Unis ont commenc\u00e9 alors l&rsquo;invasion de l&rsquo;Irak par un bombardement intensif des villes irakiennes.<br \/>\n<\/span><\/p>\n<p><span style=\"color: #777777; font-family: Arial;\">Personne n&rsquo;a demande alors de sanctions \u00e9conomiques contre les USA !<br \/>\n<\/span><\/p>\n<p><span style=\"color: #777777; font-family: Arial;\">Nous le savons aujourd&rsquo;hui et la CIA l&rsquo;a reconnu\u00a0: il n&rsquo;y avait pas d&rsquo;armes de destruction massive en Irak.<br \/>\n<\/span><\/p>\n<p><span style=\"color: #777777; font-family: Arial;\">Cette guerre a entrain\u00e9 des centaines de milliers de morts.<br \/>\n<\/span><\/p>\n<p><span style=\"color: #777777; font-family: Arial;\">Elle a conduit, suite \u00e0 des d\u00e9cisions toujours plus d\u00e9sastreuses de l&rsquo;administration am\u00e9ricaine, \u00e0 la cr\u00e9ation et \u00e0 l&rsquo;expansion de DAESH r\u00e9union de la folie messianique de fous d&rsquo;Allah et de la folie destructrice d&rsquo;officiers de l&rsquo;arm\u00e9e de Saddam Hussein scandalis\u00e9s d&rsquo;avoir \u00e9t\u00e9 rejet\u00e9s en marge de la soci\u00e9t\u00e9 irakienne et d&rsquo;\u00eatre la proie des pers\u00e9cutions de la majorit\u00e9 chiite ayant pris le pouvoir gr\u00e2ce \u00e0 l&rsquo;appui de l&rsquo;arm\u00e9e am\u00e9ricaine.<br \/>\n<\/span><\/p>\n<p><span style=\"color: #777777; font-family: Arial;\">On reproche, \u00e0 juste titre, \u00e0 Poutine d&rsquo;utiliser une milice priv\u00e9e pour ses basses \u0153uvres : les mercenaires Wagner.<br \/>\n<\/span><\/p>\n<p><span style=\"color: #777777; font-family: Arial;\">Mais, l&rsquo;Am\u00e9rique de Bush a aussi plusieurs longueurs d&rsquo;avance sur cette d\u00e9rive poutinienne.<br \/>\n<\/span><\/p>\n<p><span style=\"color: #777777; font-family: Arial;\">En Irak, les arm\u00e9es priv\u00e9es \u00e9taient plus nombreuses que l&rsquo;arm\u00e9e r\u00e9guli\u00e8re am\u00e9ricaine.<br \/>\n<\/span><\/p>\n<p><span style=\"color: #777777; font-family: Arial;\">Une soci\u00e9t\u00e9 de mercenaires \u00e9tait particuli\u00e8rement pr\u00e9sente : <strong>Blackwater<\/strong> qui s&rsquo;appelle d\u00e9sormais <span style=\"color: #0000ff;\">&lt;<a style=\"color: #0000ff;\" href=\"https:\/\/fr.wikipedia.org\/wiki\/Academi\">Academi&gt;<\/a>.<\/span>.<br \/>\n<\/span><\/p>\n<p><span style=\"color: #777777; font-family: Arial;\">Dans l&rsquo;article de Wikipedia auquel je renvoie, il est pr\u00e9cis\u00e9 que les contrats entre les Etats-Unis et Blackwater \u00ab\u00a0 <span style=\"color: #c00000;\">sont alors facilit\u00e9s par les nombreux liens d&rsquo;Erik Prince avec les n\u00e9oconservateurs de l&rsquo;administration Bush, comme A. B. Krongard (en), directeur ex\u00e9cutif et num\u00e9ro 3 de la CIA, qui signe avec Blackwater des contrats pour la protection de l&rsquo;ol\u00e9oduc Bakou-Tbilissi-Ceyhan. L&rsquo;ancien directeur du centre anti-terroriste de la CIA Cofer Black (en) a rejoint Blackwater en 2005\u00a0\u00bb.<span style=\"color: #777777;\"><br \/>\n<\/span><\/span><\/span><\/p>\n<p><span style=\"color: #777777; font-family: Arial;\">Et puis \u00e0 c\u00f4t\u00e9 de d\u00e9rapages non ou moins document\u00e9, on peut lire cet \u00e9pisode\u00a0:<br \/>\n<\/span><\/p>\n<p style=\"margin-left: 28pt;\"><span style=\"color: #c00000; font-family: Arial;\">\u00ab Le 16 septembre 2007, des membres de Blackwater ouvrent le feu \u00e0 la mitrailleuse et jettent des grenades sur un carrefour tr\u00e8s fr\u00e9quent\u00e9 de Bagdad, alors qu&rsquo;ils circulaient en v\u00e9hicules blind\u00e9s. La fusillade fait au moins 13 morts et 17 bless\u00e9s, dont des femmes et des enfants. La porte-parole de Blackwater, Anne Tyrrell, d\u00e9clarent que \u00ab les employ\u00e9s [avaient] agi conform\u00e9ment \u00e0 la loi en r\u00e9ponse \u00e0 une attaque \u00bb et que \u00ab les civils sur lesquels il aurait \u00e9t\u00e9 fait feu \u00e9taient en fait des ennemis arm\u00e9s et nos employ\u00e9s [avaient] fait leur travail pour d\u00e9fendre des vies humaines \u00bb, une version qui sera contredite par les t\u00e9moignages et les procureurs am\u00e9ricains. Le porte-parole du minist\u00e8re irakien de l&rsquo;Int\u00e9rieur, Abdul-Karim Khalaf, d\u00e9clare que \u00ab le fait d&rsquo;\u00eatre charg\u00e9 de la s\u00e9curit\u00e9 ne les [autorisait] pas \u00e0 tirer sur les gens n&rsquo;importe comment \u00bb. [\u2026] Le quotidien suisse Le Temps r\u00e9sume ainsi la fusillade : \u00ab La balle a travers\u00e9 la t\u00eate de Haithem Ahmed. Pas de coup de semonce pr\u00e9alable, pas de tension particuli\u00e8re \u00e0 Bagdad, mais ce projectile qui a tu\u00e9 instantan\u00e9ment l&rsquo;Irakien alors qu&rsquo;il circulait dans une voiture aux c\u00f4t\u00e9s de sa m\u00e8re. Le conducteur mort, le v\u00e9hicule s&#8217;emballe. Et les mercenaires de Blackwater aussi : ils arrosent de centaines de balles la place Nissour, noire de monde, o\u00f9 les passants tentent d\u00e9sesp\u00e9r\u00e9ment de se mettre \u00e0 l&rsquo;abri. Des grenades sont lanc\u00e9es, et les h\u00e9licopt\u00e8res des gardes priv\u00e9s interviennent rapidement pour achever le travail. Bilan : au moins 17 civils irakiens tu\u00e9s, 24 bless\u00e9s \u00bb.<br \/>\n<\/span><\/p>\n<p><span style=\"color: #777777; font-family: Arial;\">Le 1er octobre 2007 un rapport de la Chambre des repr\u00e9sentants des \u00c9tats-Unis est publi\u00e9 dans lequel est recens\u00e9, durant la p\u00e9riode allant du 1er janvier 2005 au 12 septembre 2007, 195 fusillades impliquant Blackwater et dans 163 cas, les employ\u00e9s de Blackwater ont tir\u00e9 les premiers. Tous ces crimes sont rest\u00e9s impunis, certains mercenaires ont \u00e9t\u00e9 licenci\u00e9s.<br \/>\n<\/span><\/p>\n<p><span style=\"color: #777777; font-family: Arial;\">Il y avait deux autres soci\u00e9t\u00e9s militaires priv\u00e9es\u00a0: DynCorp et Triple Canopy, Inc. qui \u00e9taient pr\u00e9sentes en Irak, mais Blackwater a \u00e9t\u00e9 \u00e0 l&rsquo;origine de plus de fusillades que les deux autres soci\u00e9t\u00e9s r\u00e9unies.<br \/>\n<\/span><\/p>\n<p><span style=\"color: #777777; font-family: Arial;\">La soci\u00e9t\u00e9 militaire Wagner n&rsquo;est donc qu&rsquo;une copie d&rsquo;exemples fournis par l&rsquo;Occident.<br \/>\n<\/span><\/p>\n<p><span style=\"color: #777777; font-family: Arial;\">On cite comme premi\u00e8re &lt;<a href=\"https:\/\/fr.wikipedia.org\/wiki\/Soci%C3%A9t%C3%A9_militaire_priv%C3%A9e\"><span style=\"color: #0000ff;\">Soci\u00e9t\u00e9 militaire priv\u00e9e<\/span><\/a>&gt; une soci\u00e9t\u00e9 sud-africaine puis une britannique\u00a0:<br \/>\n<\/span><\/p>\n<p style=\"margin-left: 28pt;\"><span style=\"color: #c00000; font-family: Arial;\">\u00ab\u00a0Une des premi\u00e8res soci\u00e9t\u00e9s priv\u00e9es d&rsquo;intervention fut Executive Outcomes en Afrique du Sud, qui s&rsquo;est scind\u00e9e en plusieurs organisations \u00e0 la fin des ann\u00e9es 1990. Au Royaume-Uni, la plus connue est Sandline International qui offrait d\u00e8s les ann\u00e9es 1990 une large gamme de services allant de l&rsquo;entra\u00eenement de troupes au maintien ou \u00e0 la restauration de la s\u00e9curit\u00e9. Leur poids croissant laisse \u00e0 penser qu&rsquo;elles vont devenir des acteurs strat\u00e9giques \u00e0 part enti\u00e8re dans les grands conflits contemporains, pouvant orienter les d\u00e9cisions militaires et poursuivre quelquefois des objectifs diff\u00e9rents de ceux des \u00c9tats\u00a0\u00bb<br \/>\n<\/span><\/p>\n<p><span style=\"color: #777777; font-family: Arial;\">Et puis toujours en Irak, il y eut le &lt;<span style=\"color: #0000ff;\"><a style=\"color: #0000ff;\" href=\"https:\/\/fr.wikipedia.org\/wiki\/Scandale_d%27Abou_Ghraib\">scandale de la prison d<strong>&lsquo;Abou Ghraib<\/strong><\/a><\/span>&gt; lors duquel les occidentaux se r\u00e9clamant de la d\u00e9fense des droits de l&rsquo;homme se sont comport\u00e9s en tortionnaires sadiques.<br \/>\n<\/span><\/p>\n<p><span style=\"color: #777777; font-family: Arial;\">Il y eut encore la cr\u00e9ation du &lt;<a href=\"https:\/\/fr.wikipedia.org\/wiki\/Camp_de_Guant%C3%A1namo\"><span style=\"color: #0000ff;\">Camp de Guantanamo<\/span><\/a> &gt; qui avait pour objet de sortir des prisonniers des \u00c9tats-Unis de l&rsquo;\u00e9tat de droit, des droits de la d\u00e9fense. <\/span><\/p>\n<p><span style=\"color: #777777; font-family: Arial;\">On parle de corruption en Russie et des oligarques russes qui ont des comportements de parrains mafieux. C&rsquo;est parfaitement exact. Mais reprenons les \u00c9tats-Unis en Irak.\u00a0 Le vice pr\u00e9sident de Geors W Busch \u00e9tait Donald Rumsfeld. De 1995 \u00e0 2000, ce dernier\u00a0 dirige la soci\u00e9t\u00e9 d&rsquo;ing\u00e9nierie civile <span style=\"color: #0000ff;\"><a style=\"color: #0000ff;\" href=\"https:\/\/fr.wikipedia.org\/wiki\/Halliburton\">Halliburton<\/a> <\/span>sp\u00e9cialis\u00e9e dans l&rsquo;industrie p\u00e9troli\u00e8re. Cette soci\u00e9t\u00e9 a d\u00e9croch\u00e9 de gros contrats en Irak en 2003. Des journalistes lui ont fortement reproch\u00e9 ce conflit d&rsquo;int\u00e9r\u00eat, sans aucune cons\u00e9quence pratique.<br \/>\n<\/span><\/p>\n<p><span style=\"color: #777777; font-family: Arial;\">Quelques ann\u00e9es auparavant, la guerre du Vietnam a \u00e9t\u00e9 la plus grande guerre chimique de l&rsquo;Histoire. Des millions de morts, plus les milliers de malades dus aux troubles g\u00e9n\u00e9tiques entra\u00een\u00e9s par les armes qui ont \u00e9t\u00e9 utilis\u00e9es.<br \/>\n<\/span><\/p>\n<p><span style=\"color: #777777; font-family: Arial;\">J&rsquo;ai beaucoup parl\u00e9 des \u00c9tats-Unis qui occupent incontestablement la premi\u00e8re place dans ce classement des comportements monstrueux en temps de guerre.<br \/>\n<\/span><\/p>\n<p><span style=\"color: #777777; font-family: Arial;\">Mais la France n&rsquo;a pas \u00e9t\u00e9 en reste pendant la guerre d&rsquo;Alg\u00e9rie qu&rsquo;on \u00e9voque actuellement en raison des accords d\u2019\u00c9vian du 18 mars 1962 et beaucoup plus r\u00e9cemment lors de la guerre d\u00e9clar\u00e9e en Libye pour chasser le dictateur Khadafi en violation de la Loi internationale et en entrainant aussi une situation chaotique comme en Irak. <\/span><\/p>\n<p><span style=\"color: #777777; font-family: Arial;\">Il y aurait encore tant d&rsquo;histoires \u00e0 raconter. Tout cela pour conclure que<\/span><span style=\"color: #777777; font-family: Arial;\"> l&rsquo;Occident est peu cr\u00e9dible quand elle entend donner des le\u00e7ons morales \u00e0 la plan\u00e8te enti\u00e8re.<br \/>\n<\/span><\/p>\n<p><span style=\"color: #777777; font-family: Arial;\">Probablement que cette distanciation entre les principes affich\u00e9s et la r\u00e9alit\u00e9 des actions devient de plus en plus insupportable \u00e0 une grande partie des \u00c9tats du monde non occidental.<br \/>\n<\/span><\/p>\n<p><span style=\"color: #777777; font-family: Arial;\">C&rsquo;est probablement une des principales raisons qui peut expliquer les nombreuses abstentions lors de l&rsquo;Assembl\u00e9e g\u00e9n\u00e9rale de l&rsquo;ONU visant \u00e0 condamner l&rsquo;agression de la Russie contre l&rsquo;Ukraine. Comme le montre ce planisph\u00e8re produit par \u00ab\u00a0<strong>Le Un<\/strong>\u00a0<strong>Hebdo\u00bb<\/strong><br \/>\n<\/span><\/p>\n<p><a href=\"https:\/\/le1hebdo.fr\/journal\/numeros\/388\/jusqu-o-la-guerre.html\"><img decoding=\"async\" src=\"https:\/\/lemotdujour.fr\/wp-content\/uploads\/2022\/03\/032022_2331_Lundi21mars2.png\" alt=\"\" border=\"0\" \/><\/a><span style=\"color: #777777; font-family: Arial;\"><br \/>\n<\/span><\/p>\n<p><span style=\"color: #777777; font-family: Arial;\">Ces contradictions des occidentaux sont largement d\u00e9velopp\u00e9es par <strong>Pierre Conesa<\/strong> dans une interview de <strong>Thinkerview\u00a0<\/strong>: &lt;<a href=\"https:\/\/www.youtube.com\/watch?v=zkLwVeaQOiA\"><span style=\"color: #0000ff;\">Comment arrive -t-on \u00e0 la guerre ?<\/span><\/a> &gt;<br \/>\n<\/span><\/p>\n<p><span style=\"color: #777777; font-family: Arial;\">Tout cela n&rsquo;enl\u00e8ve rien aux crimes de Poutine, mais rend la voix des occidentaux moins cr\u00e9dible.<br \/>\n<\/span><\/p>\n<p><span style=\"color: maroon; font-family: Arial;\">&lt;1671&gt;<\/span><\/p>\n","protected":false},"excerpt":{"rendered":"<p>\u00ab\u00a0Les occidentaux ne peuvent malheureusement pas se r\u00e9clamer du camp du bien.\u00a0\u00bb R\u00e9flexions personnelles Lundi 21 mars 2022 est le 26\u00e8me jour de la guerre d&rsquo;agression que la Russie de Poutine a lanc\u00e9 contre son voisin ukrainien. C&rsquo;est un acte<\/p>\n","protected":false},"author":1,"featured_media":0,"comment_status":"open","ping_status":"closed","sticky":false,"template":"","format":"standard","meta":{"footnotes":""},"categories":[1],"tags":[219,17,189,218],"class_list":["post-13432","post","type-post","status-publish","format-standard","hentry","category-motdujour","tag-guerre","tag-histoire","tag-occident","tag-ukraine"],"_links":{"self":[{"href":"https:\/\/lemotdujour.fr\/index.php?rest_route=\/wp\/v2\/posts\/13432","targetHints":{"allow":["GET"]}}],"collection":[{"href":"https:\/\/lemotdujour.fr\/index.php?rest_route=\/wp\/v2\/posts"}],"about":[{"href":"https:\/\/lemotdujour.fr\/index.php?rest_route=\/wp\/v2\/types\/post"}],"author":[{"embeddable":true,"href":"https:\/\/lemotdujour.fr\/index.php?rest_route=\/wp\/v2\/users\/1"}],"replies":[{"embeddable":true,"href":"https:\/\/lemotdujour.fr\/index.php?rest_route=%2Fwp%2Fv2%2Fcomments&post=13432"}],"version-history":[{"count":5,"href":"https:\/\/lemotdujour.fr\/index.php?rest_route=\/wp\/v2\/posts\/13432\/revisions"}],"predecessor-version":[{"id":13447,"href":"https:\/\/lemotdujour.fr\/index.php?rest_route=\/wp\/v2\/posts\/13432\/revisions\/13447"}],"wp:attachment":[{"href":"https:\/\/lemotdujour.fr\/index.php?rest_route=%2Fwp%2Fv2%2Fmedia&parent=13432"}],"wp:term":[{"taxonomy":"category","embeddable":true,"href":"https:\/\/lemotdujour.fr\/index.php?rest_route=%2Fwp%2Fv2%2Fcategories&post=13432"},{"taxonomy":"post_tag","embeddable":true,"href":"https:\/\/lemotdujour.fr\/index.php?rest_route=%2Fwp%2Fv2%2Ftags&post=13432"}],"curies":[{"name":"wp","href":"https:\/\/api.w.org\/{rel}","templated":true}]}}