{"id":13415,"date":"2022-03-17T00:02:00","date_gmt":"2022-03-16T23:02:00","guid":{"rendered":"https:\/\/lemotdujour.fr\/?p=13415"},"modified":"2022-03-17T10:24:37","modified_gmt":"2022-03-17T09:24:37","slug":"jeudi-17-mars-2022","status":"publish","type":"post","link":"https:\/\/lemotdujour.fr\/?p=13415","title":{"rendered":"Jeudi 17 mars 2022"},"content":{"rendered":"<div class=\"mdjTexte\">\u00ab\u00a0Profits et pertes : les sp\u00e9culateurs de la crise et du chaos\u00a0\u00bb<\/div>\n<div class=\"mdjAuteur\">Documentaire de Rupert Russe (Royaume-Uni, 2019, 1h22mn)<\/div>\n<p><span style=\"color: #777777; font-family: Arial;\">Le jeudi 17 mars est le 22<sup>\u00e8me<\/sup> jour de la guerre d&rsquo;agression de la Russie contre l&rsquo;Ukraine<br \/>\n<\/span><\/p>\n<p><span style=\"color: #777777; font-family: Arial;\"><img loading=\"lazy\" decoding=\"async\" class=\"wp-image-13418 alignleft\" src=\"https:\/\/lemotdujour.fr\/wp-content\/uploads\/2022\/03\/Le-confinement-mars-2020.jpg\" alt=\"\" width=\"546\" height=\"339\" srcset=\"https:\/\/lemotdujour.fr\/wp-content\/uploads\/2022\/03\/Le-confinement-mars-2020.jpg 1259w, https:\/\/lemotdujour.fr\/wp-content\/uploads\/2022\/03\/Le-confinement-mars-2020-300x186.jpg 300w, https:\/\/lemotdujour.fr\/wp-content\/uploads\/2022\/03\/Le-confinement-mars-2020-1024x636.jpg 1024w, https:\/\/lemotdujour.fr\/wp-content\/uploads\/2022\/03\/Le-confinement-mars-2020-768x477.jpg 768w\" sizes=\"auto, (max-width: 546px) 100vw, 546px\" \/>Le<strong> 17 mars<\/strong> est aussi un jour particulier : il y a deux ans nous commencions le premier confinement pour lutter contre la COVID19.<br \/>\n<\/span><\/p>\n<p><span style=\"color: #777777; font-family: Arial;\">Nous esp\u00e9rions, il y a deux ans, que le confinement ne dure pas trop longtemps. Mais nous ne pensions pas que lorsque la pand\u00e9mie deviendrait moins pr\u00e9gnante, l&rsquo;autocrate du Kremlin engagerait une guerre dont nous ne savons pas aujourd&rsquo;hui o\u00f9 elle nous m\u00e8nera.<br \/>\n<\/span><\/p>\n<p><span style=\"color: #777777; font-family: Arial;\">J&rsquo;ai regard\u00e9 avec un grand int\u00e9r\u00eat le <strong>THEMA d&rsquo;Arte,<\/strong> le 15 mars.<br \/>\n<\/span><\/p>\n<p><span style=\"color: #777777; font-family: Arial;\">D&rsquo;abord le documentaire sur le Pr\u00e9sident Zelenski : &lt;<span style=\"color: #0000ff;\"><a style=\"color: #0000ff;\" href=\"https:\/\/www.arte.tv\/fr\/videos\/108287-000-A\/zelensky-l-homme-de-kiev\/\">Zelensky, l&rsquo;homme de Kiev<\/a><\/span>&gt; qui montre l&rsquo;\u00e9volution de cet homme, sa part d&rsquo;ombre et aujourd&rsquo;hui sa part de lumi\u00e8re, parce qu&rsquo;il a su se hisser \u00e0 la hauteur des \u00e9v\u00e8nements et faire face.<br \/>\n<\/span><\/p>\n<p><span style=\"color: #777777; font-family: Arial;\">Ce documentaire a \u00e9t\u00e9 suivi par un autre\u00a0: &lt;<span style=\"color: #0000ff;\"><a style=\"color: #0000ff;\" href=\"https:\/\/www.youtube.com\/watch?v=VKkqKiPJRqM\">Profits et pertes : les sp\u00e9culateurs de la crise et du chaos<\/a><\/span>&gt; dans lequel on voit les d\u00e9g\u00e2ts et cons\u00e9quences de la financiarisation du monde.<br \/>\n<\/span><\/p>\n<p><span style=\"color: #777777; font-family: Arial;\">Il \u00e9tablit ce lien \u00e9troit entre quelques traders qui, comme, dans un jeu vid\u00e9o, sp\u00e9culent sur les mati\u00e8res premi\u00e8res, install\u00e9s tranquillement devant leur \u00e9cran d&rsquo;ordinateur et la cons\u00e9quence qui peut \u00eatre la hausse des prix de l&rsquo;\u00e9nergie, du bl\u00e9 ou d&rsquo;autres choses vitales pour les humains.<br \/>\n<\/span><\/p>\n<p><span style=\"color: #777777; font-family: Arial;\">Alors dans des pays pauvres, le prix des aliments devient si cher qu&rsquo;il y a des \u00e9meutes de la faim et des morts.<br \/>\n<\/span><\/p>\n<p><span style=\"color: #777777; font-family: Arial;\">Les terres dont veut s&#8217;emparer Poutine sont riches de mati\u00e8res premi\u00e8res, Le documentaire laisse entendre que si Poutine parle d&rsquo;Histoire qu&rsquo;il raconte \u00e0 sa fa\u00e7on, il pense peut-\u00eatre aux ressources naturelles de l&rsquo;Ukraine.<br \/>\n<\/span><\/p>\n<p><span style=\"color: #777777; font-family: Arial;\">Le Monde pose aussi cette question\u00a0: &lt;<a href=\"https:\/\/www.lemonde.fr\/les-decodeurs\/article\/2022\/03\/03\/la-russie-envahit-elle-l-ukraine-pour-ses-ressources-naturelles_6116020_4355770.html\"><span style=\"color: #0000ff;\">La Russie envahit-elle l&rsquo;Ukraine pour ses ressources naturelles ?<\/span>&gt;<\/a><br \/>\n<\/span><\/p>\n<p><span style=\"color: #777777; font-family: Arial;\">Cet article qui d\u00e9taille les ressources de l&rsquo;Ukraine qui sont importantes ne semble cependant pas r\u00e9pondre positivement \u00e0 la question introductive\u00a0:<br \/>\n<\/span><\/p>\n<p style=\"margin-left: 28pt;\"><span style=\"color: #c00000; font-family: Arial;\">\u00ab\u00a0Les ressources de l&rsquo;Ukraine ne constituent pas en soi un int\u00e9r\u00eat d\u00e9cisif qui motiverait une invasion, car leur part dans la production mondiale demeure minime par rapport \u00e0 d&rsquo;autres producteurs. <em>\u00ab\u00a0Cet int\u00e9r\u00eat est encore moins strat\u00e9gique pour un pays comme la Russie aussi riche en mati\u00e8res premi\u00e8res, et qui avait des \u00e9changes commerciaux avec l&rsquo;Ukraine qui lui permettait d&rsquo;acqu\u00e9rir ces ressources\u00a0\u00bb<\/em>, avance Pierre Labou\u00e9. Mais dans un contexte de sanctions, ajoute-t-il toutefois, la ma\u00eetrise de certaines de ces ressources peut pr\u00e9senter un int\u00e9r\u00eat tactique\u00a0: <em>\u00ab\u00a0Les march\u00e9s dont l&rsquo;\u00e9quilibre offre-demande est d\u00e9j\u00e0 tendu peuvent surr\u00e9agir \u00e0 la moindre tension suppl\u00e9mentaire, ce qui renforce le pouvoir de march\u00e9 de la Russie. Avec le risque de r\u00e9cession de l&rsquo;\u00e9conomie russe suite aux sanctions, tout bonus est bon \u00e0 prendre.\u00a0\u00bb<\/em><br \/>\n<\/span><\/p>\n<p><span style=\"color: #777777; font-family: Arial;\"><img loading=\"lazy\" decoding=\"async\" class=\"wp-image-13420 alignright\" src=\"https:\/\/lemotdujour.fr\/wp-content\/uploads\/2022\/03\/Confinement-Lyon.jpg\" alt=\"\" width=\"525\" height=\"421\" srcset=\"https:\/\/lemotdujour.fr\/wp-content\/uploads\/2022\/03\/Confinement-Lyon.jpg 1124w, https:\/\/lemotdujour.fr\/wp-content\/uploads\/2022\/03\/Confinement-Lyon-300x240.jpg 300w, https:\/\/lemotdujour.fr\/wp-content\/uploads\/2022\/03\/Confinement-Lyon-1024x820.jpg 1024w, https:\/\/lemotdujour.fr\/wp-content\/uploads\/2022\/03\/Confinement-Lyon-768x615.jpg 768w\" sizes=\"auto, (max-width: 525px) 100vw, 525px\" \/>Mais ce documentaire est tr\u00e8s int\u00e9ressant surtout par ce qu&rsquo;il montre que tr\u00e8s souvent la fluctuation des cours qui peut avoir des cons\u00e9quences graves pour des populations enti\u00e8res est d\u00e9connect\u00e9e de la r\u00e9alit\u00e9 physique et de la disponibilit\u00e9 de ces mati\u00e8res physiques. Les fluctuations s&rsquo;expliquent alors par l&rsquo;action des sp\u00e9culateurs mus par l&rsquo;app\u00e2t du gain. De plus en plus souvent ce ne sont m\u00eame plus des humains qui sp\u00e9culent mais des algorithmes qui traitent des millions d&rsquo;informations.<br \/>\n<\/span><\/p>\n<p><span style=\"color: #777777; font-family: Arial;\">En revanche, ce ne sont pas les algorithmes qui encaissent les profits r\u00e9alis\u00e9s.<br \/>\n<\/span><\/p>\n<p><span style=\"color: #777777; font-family: Arial;\">ARTE pr\u00e9sente ainsi ce documentaire\u00a0:<br \/>\n<\/span><\/p>\n<p style=\"margin-left: 28pt;\"><span style=\"color: #c00000; font-family: Arial;\">\u00ab Du Venezuela \u00e0 l&rsquo;Irak, enqu\u00eate sur les ravages caus\u00e9s par les sp\u00e9culations sur les mati\u00e8res premi\u00e8res dans un march\u00e9 mondialis\u00e9. Les \u00e9clairages d&rsquo;\u00e9conomistes de premier plan comme Jeffrey Sachs ou le prix Nobel Joseph Stiglitz permettent de mieux appr\u00e9hender les m\u00e9canismes et les cons\u00e9quences de montages financiers dict\u00e9s par la seule loi du profit. Pain, eau, carburant&#8230; : pour une part croissante de la population mondiale, notamment en Am\u00e9rique latine, en Asie ou en Afrique, des hausses de prix vertigineuses rendent de plus en plus inabordables ces biens de premi\u00e8re n\u00e9cessit\u00e9. <\/span><\/p>\n<p style=\"margin-left: 28pt;\"><span style=\"color: #c00000; font-family: Arial;\">Avec les guerres et le changement climatique, l&rsquo;impossibilit\u00e9 d&rsquo;acc\u00e9der au minimum vital constitue d\u00e9sormais l&rsquo;une des premi\u00e8res causes de migration sur la plan\u00e8te et le facteur aggravant de conflits arm\u00e9s. Ces brutales augmentations du co\u00fbt de la vie trouvent souvent leur origine dans de nouvelles formes de sp\u00e9culation sur les mati\u00e8res premi\u00e8res, qui cr\u00e9ent \u00e0 l&rsquo;\u00e9chelle mondiale des mouvements de prix totalement d\u00e9connect\u00e9s des march\u00e9s locaux \u2013 un \u00ab\u00a0effet papillon\u00a0\u00bb d\u00e9vastateur.<br \/>\n<\/span><\/p>\n<p style=\"margin-left: 28pt;\"><span style=\"color: #c00000; font-family: Arial;\">Du Venezuela\u00a0\u00e0\u00a0l&rsquo;Irak\u00a0en passant par le Kenya ou le Guatemala,\u00a0pays violemment touch\u00e9s par\u00a0le ph\u00e9nom\u00e8ne,\u00a0cette enqu\u00eate explore les ravages\u00a0de\u00a0ces\u00a0inflations\u00a0incontr\u00f4l\u00e9es\u00a0en\u00a0remontant\u00a0jusqu&rsquo;aux places\u00a0boursi\u00e8res o\u00f9 se nouent\u00a0les guerres des prix.\u00a0\u00bb<br \/>\n<\/span><\/p>\n<p><span style=\"color: #777777; font-family: Arial;\">Je redonne le lien\u00a0 : &lt;<\/span><span style=\"font-family: Arial;\"><a href=\"https:\/\/www.youtube.com\/watch?v=VKkqKiPJRqM\"><span style=\"color: #0000ff;\">Profits et pertes : les sp\u00e9culateurs de la crise et du chaos<\/span><\/a><\/span><span style=\"color: #777777; font-family: Arial;\"><span style=\"color: #0000ff;\">&gt;<\/span>.<\/span><\/p>\n<p><span style=\"color: maroon; font-family: Arial;\">&lt;1669&gt;<\/span><\/p>\n","protected":false},"excerpt":{"rendered":"<p>\u00ab\u00a0Profits et pertes : les sp\u00e9culateurs de la crise et du chaos\u00a0\u00bb Documentaire de Rupert Russe (Royaume-Uni, 2019, 1h22mn) Le jeudi 17 mars est le 22\u00e8me jour de la guerre d&rsquo;agression de la Russie contre l&rsquo;Ukraine Le 17 mars est<\/p>\n","protected":false},"author":1,"featured_media":0,"comment_status":"open","ping_status":"closed","sticky":false,"template":"","format":"standard","meta":{"footnotes":""},"categories":[1],"tags":[12,10,219,218],"class_list":["post-13415","post","type-post","status-publish","format-standard","hentry","category-motdujour","tag-documentaire","tag-economie","tag-guerre","tag-ukraine"],"_links":{"self":[{"href":"https:\/\/lemotdujour.fr\/index.php?rest_route=\/wp\/v2\/posts\/13415","targetHints":{"allow":["GET"]}}],"collection":[{"href":"https:\/\/lemotdujour.fr\/index.php?rest_route=\/wp\/v2\/posts"}],"about":[{"href":"https:\/\/lemotdujour.fr\/index.php?rest_route=\/wp\/v2\/types\/post"}],"author":[{"embeddable":true,"href":"https:\/\/lemotdujour.fr\/index.php?rest_route=\/wp\/v2\/users\/1"}],"replies":[{"embeddable":true,"href":"https:\/\/lemotdujour.fr\/index.php?rest_route=%2Fwp%2Fv2%2Fcomments&post=13415"}],"version-history":[{"count":5,"href":"https:\/\/lemotdujour.fr\/index.php?rest_route=\/wp\/v2\/posts\/13415\/revisions"}],"predecessor-version":[{"id":13424,"href":"https:\/\/lemotdujour.fr\/index.php?rest_route=\/wp\/v2\/posts\/13415\/revisions\/13424"}],"wp:attachment":[{"href":"https:\/\/lemotdujour.fr\/index.php?rest_route=%2Fwp%2Fv2%2Fmedia&parent=13415"}],"wp:term":[{"taxonomy":"category","embeddable":true,"href":"https:\/\/lemotdujour.fr\/index.php?rest_route=%2Fwp%2Fv2%2Fcategories&post=13415"},{"taxonomy":"post_tag","embeddable":true,"href":"https:\/\/lemotdujour.fr\/index.php?rest_route=%2Fwp%2Fv2%2Ftags&post=13415"}],"curies":[{"name":"wp","href":"https:\/\/api.w.org\/{rel}","templated":true}]}}