{"id":13409,"date":"2022-03-16T00:41:58","date_gmt":"2022-03-15T23:41:58","guid":{"rendered":"https:\/\/lemotdujour.fr\/?p=13409"},"modified":"2022-03-16T00:56:38","modified_gmt":"2022-03-15T23:56:38","slug":"mercredi-16-mars-2022","status":"publish","type":"post","link":"https:\/\/lemotdujour.fr\/?p=13409","title":{"rendered":"Mercredi 16 mars 2022"},"content":{"rendered":"<div class=\"mdjTexte\">\u00ab La mani\u00e8re dont [Poutine] s&rsquo;y prend est inspir\u00e9e du mod\u00e8le hitl\u00e9rien. !\u00bb<\/div>\n<div class=\"mdjAuteur\">Elie Barnavi<\/div>\n<p><span style=\"color: #777777; font-family: Arial;\">La guerre d\u00e9clench\u00e9e par Poutine a commenc\u00e9 le jeudi 24 f\u00e9vrier.<br \/>\n<\/span><\/p>\n<p><span style=\"color: #777777; font-family: Arial;\">Le mercredi 16 mars est le 21<sup>\u00e8me<\/sup> jour de guerre<br \/>\n<\/span><\/p>\n<p><span style=\"color: #777777; font-family: Arial;\">Souvent, je pense que le comportement de Poutine ressemble \u00e0 celui d&rsquo;Hitler.<br \/>\n<\/span><\/p>\n<p><span style=\"color: #777777; font-family: Arial;\">Mais il est difficile de faire appel \u00e0 ce moment de l&rsquo;histoire \u00e0 cause du \u00ab\u00a0<a href=\"https:\/\/lemotdujour.fr\/?p=9376\"><span style=\"color: #0000ff;\">Point godwin<\/span>\u00a0<\/a>\u00bb que j&rsquo;avais d\u00e9velopp\u00e9 lorsque certains comparaient la victoire des \u00e9cologistes aux municipales de Lyon avec l&rsquo;arriv\u00e9e de Hitler au pouvoir.<br \/>\n<\/span><\/p>\n<p><span style=\"color: #777777; font-family: Arial;\">Toutefois, <strong>Elie Barnavi, <\/strong>l&rsquo;historien qui a aussi \u00e9t\u00e9 ambassadeur d&rsquo;Isra\u00ebl en France, a fait cette comparaison dans &lt;<a href=\"https:\/\/www.franceculture.fr\/emissions\/l-invite-e-des-matins\/europe-guerres-et-paix-avec-elie-barnavi\">l<span style=\"color: #0000ff;\">es matins de France Culture du 15 mars<\/span><\/a>&gt;<br \/>\n<\/span><\/p>\n<p><span style=\"color: #777777; font-family: Arial;\">C&rsquo;est \u00e0 peu pr\u00e8s vers 25 mn\u00a0:<br \/>\n<\/span><\/p>\n<p style=\"margin-left: 28pt;\"><span style=\"color: #c00000; font-family: Arial;\">\u00ab\u00a0Il y a la pure agression d&rsquo;un pays contre son voisin parce qu&rsquo;il estime que l&rsquo;existence de son voisin n&rsquo;est simplement pas l\u00e9gitime.<br \/>\nIl essaie de l&rsquo;avaler.<br \/>\n<\/span><\/p>\n<p style=\"margin-left: 28pt;\"><span style=\"color: #c00000; font-family: Arial;\">On a \u00e0 faire \u00e0 quelque chose qu&rsquo;on n&rsquo;a pas vu en Europe depuis la seconde guerre mondiale.<br \/>\n<\/span><\/p>\n<p style=\"margin-left: 28pt;\"><span style=\"color: #c00000; font-family: Arial;\">Cela me parait comme une resuc\u00e9e du nazisme en quelque sorte.<br \/>\n<\/span><\/p>\n<p style=\"margin-left: 28pt;\"><span style=\"color: #c00000; font-family: Arial;\">Si on comparait les actions de Poutine \u00e0 ce qu&rsquo;a fait Hitler, &#8211; on dit Hitler et on pense \u00e0 Auschwitz \u2013 mais il y a le Hitler du coup de force, du coup de poing, des provocations et des mensonges.<br \/>\nOn est exactement dans le m\u00eame type de comportement.<br \/>\n<\/span><\/p>\n<p style=\"margin-left: 28pt;\"><span style=\"color: #c00000; font-family: Arial;\">Il est lui-m\u00eame d&rsquo;ailleurs ironique, il traite les ukrainiens de nazisme, alors qu&rsquo;il est entrain de se comporter exactement de la m\u00eame mani\u00e8re.<br \/>\n<\/span><\/p>\n<p style=\"margin-left: 28pt;\"><span style=\"color: #c00000; font-family: Arial;\">Je ne pense pas que cela va aboutir aux chambres \u00e0 gaz, mais je pense que la mani\u00e8re dont il s&rsquo;y prend est inspir\u00e9 du mod\u00e8le hitl\u00e9rien.\u00a0\u00bb<br \/>\n<\/span><\/p>\n<p><span style=\"color: #777777; font-family: Arial;\">C&rsquo;est en effet, en dehors du g\u00e9nocide, une action qu&rsquo;on peut comparer au mod\u00e8le hitl\u00e9rien\u00a0:<br \/>\n<\/span><\/p>\n<ul>\n<li><span style=\"color: #777777; font-family: Arial;\">Comme Hitler il consid\u00e8re inacceptable que des russes se trouvent dans des r\u00e9gions qui ne sont pas en Russie. Situation qui a fait suite \u00e0 l&rsquo;effondrement de l&rsquo;Union Sovi\u00e9tique. Pour Hitler c&rsquo;\u00e9tait la paix de Versailles, il a commenc\u00e9 par annexer l&rsquo;Autriche puis il s&rsquo;est attaqu\u00e9 \u00e0 la Tch\u00e9coslovaquie en raison de la r\u00e9gion des Sud\u00e8tes qui comptait une majorit\u00e9 d&rsquo;allemands.<br \/>\n<\/span><\/li>\n<li><span style=\"color: #777777; font-family: Arial;\">Comme Hitler il ment de mani\u00e8re inimaginable. Son arm\u00e9e bombarde une maternit\u00e9, on voit des m\u00e8res enceintes qui doivent fuir l&rsquo;\u00e9tablissement et certaines vont mourir. Ses sycophantes, comme les appelle Barnavi, pr\u00e9tendent que la maternit\u00e9 de Marioupol \u00e9tait une base de la milice d&rsquo;extr\u00eame droite Azov.<br \/>\n<\/span><\/li>\n<li><span style=\"color: #777777; font-family: Arial;\">Il installe en Russie un outil de propagande comme les nazis et tous les russes doivent reprendre exactement le r\u00e9cit gouvernemental sous peine d&rsquo;\u00eatre arr\u00eat\u00e9s et condamn\u00e9s jusqu&rsquo;\u00e0 15 ans de prison.<br \/>\n<\/span><\/li>\n<li><span style=\"color: #777777; font-family: Arial;\">Tous les m\u00e9dias sont contr\u00f4l\u00e9s par le gouvernement, les autres sont ferm\u00e9s. Il tente m\u00eame de fermer tous les r\u00e9seaux sociaux qui peuvent \u00eatre divergents.<br \/>\n<\/span><\/li>\n<\/ul>\n<p><span style=\"color: #777777; font-family: Arial;\">Par rapport \u00e0 Hitler, il y a le g\u00e9nocide en moins et l&rsquo;arme nucl\u00e9aire en plus.<br \/>\n<\/span><\/p>\n<p><span style=\"color: maroon; font-family: Arial;\"> &lt;1668&gt;<\/span><\/p>\n","protected":false},"excerpt":{"rendered":"<p>\u00ab La mani\u00e8re dont [Poutine] s&rsquo;y prend est inspir\u00e9e du mod\u00e8le hitl\u00e9rien. !\u00bb Elie Barnavi La guerre d\u00e9clench\u00e9e par Poutine a commenc\u00e9 le jeudi 24 f\u00e9vrier. Le mercredi 16 mars est le 21\u00e8me jour de guerre Souvent, je pense que<\/p>\n","protected":false},"author":1,"featured_media":0,"comment_status":"open","ping_status":"closed","sticky":false,"template":"","format":"standard","meta":{"footnotes":""},"categories":[1],"tags":[219,17,78,218],"class_list":["post-13409","post","type-post","status-publish","format-standard","hentry","category-motdujour","tag-guerre","tag-histoire","tag-russie","tag-ukraine"],"_links":{"self":[{"href":"https:\/\/lemotdujour.fr\/index.php?rest_route=\/wp\/v2\/posts\/13409","targetHints":{"allow":["GET"]}}],"collection":[{"href":"https:\/\/lemotdujour.fr\/index.php?rest_route=\/wp\/v2\/posts"}],"about":[{"href":"https:\/\/lemotdujour.fr\/index.php?rest_route=\/wp\/v2\/types\/post"}],"author":[{"embeddable":true,"href":"https:\/\/lemotdujour.fr\/index.php?rest_route=\/wp\/v2\/users\/1"}],"replies":[{"embeddable":true,"href":"https:\/\/lemotdujour.fr\/index.php?rest_route=%2Fwp%2Fv2%2Fcomments&post=13409"}],"version-history":[{"count":4,"href":"https:\/\/lemotdujour.fr\/index.php?rest_route=\/wp\/v2\/posts\/13409\/revisions"}],"predecessor-version":[{"id":13414,"href":"https:\/\/lemotdujour.fr\/index.php?rest_route=\/wp\/v2\/posts\/13409\/revisions\/13414"}],"wp:attachment":[{"href":"https:\/\/lemotdujour.fr\/index.php?rest_route=%2Fwp%2Fv2%2Fmedia&parent=13409"}],"wp:term":[{"taxonomy":"category","embeddable":true,"href":"https:\/\/lemotdujour.fr\/index.php?rest_route=%2Fwp%2Fv2%2Fcategories&post=13409"},{"taxonomy":"post_tag","embeddable":true,"href":"https:\/\/lemotdujour.fr\/index.php?rest_route=%2Fwp%2Fv2%2Ftags&post=13409"}],"curies":[{"name":"wp","href":"https:\/\/api.w.org\/{rel}","templated":true}]}}