{"id":13396,"date":"2022-03-14T00:03:00","date_gmt":"2022-03-13T23:03:00","guid":{"rendered":"https:\/\/lemotdujour.fr\/?p=13396"},"modified":"2022-03-15T00:10:39","modified_gmt":"2022-03-14T23:10:39","slug":"lundi-14-mars-2022","status":"publish","type":"post","link":"https:\/\/lemotdujour.fr\/?p=13396","title":{"rendered":"Lundi 14 mars 2022"},"content":{"rendered":"<div class=\"mdjTexte\">\u00ab&nbsp;Si l&rsquo;humanit\u00e9 accepte que le p\u00e9ch\u00e9 est une variation du comportement humain, alors la civilisation humaine s&rsquo;arr\u00eatera l\u00e0&nbsp;!\u00bb<\/div>\n<div class=\"mdjAuteur\">Patriarche Kirill<\/div>\n<p><span style=\"color: #777777; font-family: Arial;\">Pour Karl Marx, la religion \u00e9tait l&rsquo;opium du peuple.<br \/>\n<\/span><\/p>\n<p><span style=\"color: #777777; font-family: Arial;\">En apart\u00e9, et dans ma vision actuelle du monde et de mon exp\u00e9rience, je crois que sur ce point, il avait totalement raison.<br \/>\n<\/span><\/p>\n<p><span style=\"color: #777777; font-family: Arial;\">L&rsquo;opium c&rsquo;est la drogue, c&rsquo;est-\u00e0-dire un artifice qui fait qu&rsquo;on voie la vie comme dans un r\u00eave et que la raison est anesth\u00e9si\u00e9e.<br \/>\n<\/span><\/p>\n<p><span style=\"color: #777777; font-family: Arial;\">L&rsquo;Union Sovi\u00e9tique, suivant le conseil de Karl Marx, a combattu les religions et les religieux, tout en promouvant elle-m\u00eame une religion la\u00efque : le communisme qui \u00e9tait aussi une croyance \u00e0 un r\u00e9cit.<br \/>\n<\/span><\/p>\n<p><span style=\"color: #777777; font-family: Arial;\">Quand l&rsquo;Union sovi\u00e9tique s&rsquo;est \u00e9croul\u00e9e, la religion orthodoxe est sortie de sa l\u00e9thargie pour redevenir l&rsquo;opium du peuple avec la b\u00e9n\u00e9diction de Vladimir Poutine.<br \/>\n<\/span><\/p>\n<p><img loading=\"lazy\" decoding=\"async\" class=\"alignleft\" src=\"https:\/\/lemotdujour.fr\/wp-content\/uploads\/2022\/03\/031322_2223_Lundi14mars1.jpg\" alt=\"\" width=\"343\" height=\"515\" align=\"left\"><span style=\"color: #777777; font-family: Arial;\">L&rsquo;\u00e9glise orthodoxe est devenue pour le nouveau Tsar une caution morale et un symbole du renouveau de la sainte Russie.<br \/>\n<\/span><\/p>\n<p><span style=\"color: #777777; font-family: Arial;\">Apr\u00e8s un accord avec Nicolas Sarkozy en 2007, Vladimir Poutine a fait construire en finan\u00e7ant, quai Branly, la construction de ce qu&rsquo;on pourrait appeler un &lt;<span style=\"color: #0000ff;\"><a style=\"color: #0000ff;\" href=\"https:\/\/www.la-croix.com\/Religion\/France\/A-Paris-nouvelle-cathedrale-russe-inauguree-sans-Vladimir-Poutine-2016-10-19-1200797451\">centre russe orthodoxe<\/a><\/span>&gt; comprenant une \u00e9cole, un centre culturel et surtout une <strong>cath\u00e9drale<\/strong> offerte \u00e0 l&rsquo;\u00c9glise orthodoxe russe.<br \/>\n<\/span><\/p>\n<p><span style=\"color: #777777; font-family: Arial;\">Au pied de la Tour Eiffel, enti\u00e8rement financ\u00e9 par le Kremlin \u00e0 hauteur de 150 millions d&rsquo;euros, ce centre devait \u00eatre inaugur\u00e9, en 2016, par <strong>Vladimir Poutine<\/strong> et le <strong>patriarche Kirill<\/strong> de Moscou. Mais les tensions diplomatiques autour de la guerre en Syrie en ont d\u00e9cid\u00e9 autrement.<br \/>\n<\/span><\/p>\n<p><span style=\"color: #777777; font-family: Arial;\">Elle<span style=\"color: #0000ff;\"> <a style=\"color: #0000ff;\" href=\"https:\/\/www.franceculture.fr\/emissions\/journal-de-22h\/la-russie-de-poutine-inaugure-sa-cathedrale-paris\">fut donc inaugur\u00e9<\/a><\/span> en l&rsquo;absence de Vladimir Poutine et du patriarche, le 19 octobre 2016.<br \/>\n<\/span><\/p>\n<p><span style=\"color: #777777; font-family: Arial;\">C&rsquo;\u00e9tait pendant le quinquennat Hollande.<br \/>\n<\/span><\/p>\n<p><span style=\"color: #777777; font-family: Arial;\">Mais Poutine a quand m\u00eame pu voir son \u0153uvre un peu plus tard.<br \/>\n<\/span><\/p>\n<p><span style=\"color: #777777; font-family: Arial;\">Vous vous souvenez, ou alors on vous l&rsquo;a rappel\u00e9 lors du sommet des 27 \u00e0 Versailles de ce week-end que le jeune et nouveau Pr\u00e9sident que nous nous \u00e9tions donn\u00e9 en 2017, avait invit\u00e9 tr\u00e8s rapidement Vladimir Poutine au ch\u00e2teau de Versailles pour essayer de l&rsquo;amadouer.<br \/>\n<\/span><\/p>\n<p><span style=\"color: #777777; font-family: Arial;\">Ce qu&rsquo;il n&rsquo;est pas arriv\u00e9 \u00e0 faire\u2026 <\/span><span style=\"color: #777777; font-family: Arial;\">Pour ma part, je ne le lui reprocherai pas, au moins a t&rsquo;il essay\u00e9.<br \/>\n<\/span><\/p>\n<p><span style=\"color: #777777; font-family: Arial;\">C&rsquo;\u00e9tait le lundi 29 mai 2017. Et cette rencontre a permis \u00e0 Poutine de se rendre \u00e0 la cath\u00e9drale en<span style=\"color: #0000ff;\"> <a style=\"color: #0000ff;\" href=\"https:\/\/www.huffingtonpost.fr\/2017\/05\/29\/vladimir-poutine-a-paris-comment-la-russie-a-reussi-a-construir_a_22114785\/\">fin d&rsquo;apr\u00e8s-midi<\/a>.<\/span><br \/>\n<\/span><\/p>\n<p><span style=\"color: #777777; font-family: Arial;\">Poutine avait d\u00e9j\u00e0 en 2011, utilis\u00e9 tous les moyens pour r\u00e9cup\u00e9rer la propri\u00e9t\u00e9 de la Cath\u00e9drale Saint Nicolas de Nice. Et il y est parvenu.<br \/>\n<\/span><\/p>\n<p><img decoding=\"async\" class=\"alignleft\" src=\"https:\/\/lemotdujour.fr\/wp-content\/uploads\/2022\/03\/031322_2223_Lundi14mars2.jpg\" alt=\"\" align=\"left\"><span style=\"color: #777777; font-family: Arial;\">Ce &lt;<span style=\"color: #0000ff;\"><a style=\"color: #0000ff;\" href=\"https:\/\/nicesecret.co\/les-secrets-de-la-cathedrale-orthodoxe-saint-nicolas-de-nice\/\">Site Ni\u00e7ois<\/a><\/span>&gt; raconte&nbsp;:<br \/>\n<\/span><\/p>\n<p style=\"margin-left: 28pt;\"><span style=\"color: #c00000; font-family: Arial;\">\u00ab&nbsp;En 2011, la Russie revendique la propri\u00e9t\u00e9 de la Cath\u00e9drale Saint-Nicolas. La F\u00e9d\u00e9ration de Russie revendique le fait que le terrain sur lequel elle est construite appartenait \u00e0 la famille imp\u00e9riale de Russie. L&rsquo;Association cultuelle orthodoxe russe de Nice, g\u00e9rante du lieu depuis pr\u00e8s d&rsquo;un si\u00e8cle, se voit alors contrainte d&rsquo;envoyer les cl\u00e9s de l&rsquo;\u00e9difice au pr\u00e9sident russe Vladimir Poutine. Quelques ann\u00e9es plus tard, la Russie se voit restituer trois autres reliques du tsar Alexandre II qui faisaient la fiert\u00e9 du lieu.&nbsp;\u00bb<br \/>\n<\/span><\/p>\n<p><span style=\"color: #777777; font-family: Arial;\">Il est peut \u00eatre possible qu&rsquo;en raison des sanctions \u00e9conomiques contre la Russie, la France puisse reprendre ce joyau.<br \/>\n<\/span><\/p>\n<p><span style=\"color: #777777; font-family: Arial;\">C&rsquo;est ce qu&rsquo;envisage cet article de \u00ab&nbsp;<strong>Nice Matin<\/strong>&nbsp;\u00bb&nbsp;: &lt;<span style=\"color: #0000ff;\">&nbsp;<a style=\"color: #0000ff;\" href=\"https:\/\/www.nicematin.com\/vie-locale\/la-france-peut-elle-saisir-leglise-russe-de-nice-dans-le-cadre-des-sanctions-annoncees-749924\">La France peut-elle saisir l&rsquo;\u00e9glise russe de Nice dans le cadre des sanctions annonc\u00e9es ?<\/a><\/span>&gt;<br \/>\n<\/span><\/p>\n<p><span style=\"color: #777777; font-family: Arial;\">On constate donc qu&rsquo;entre Vladimir Poutine et l\u2019\u00c9glise orthodoxe \u00ab c&rsquo;est du s\u00e9rieux \u00bb, pour reprendre l&rsquo;expression utilis\u00e9e par Nicolas Sarkozy dans <span style=\"color: #0000ff;\"><a style=\"color: #0000ff;\" href=\"https:\/\/www.lefigaro.fr\/politique\/2008\/01\/08\/01002-20080108ARTFIG00475-sarkozy-avec-carla-c-est-du-serieux.php\">d&rsquo;autre circonstances<\/a>.<\/span><br \/>\n<\/span><\/p>\n<p><span style=\"color: #777777; font-family: Arial;\">Mais l\u2019\u00c9glise Orthodoxe et le Patriarche Kirill le lui rendent bien.<br \/>\n<\/span><\/p>\n<p><span style=\"color: #777777; font-family: Arial;\">\u00ab&nbsp;<strong>Le nouvel esprit public<\/strong>&nbsp;\u00bb de ce dimanche m&rsquo;a fait conna\u00eetre une revue en ligne &lt;<a href=\"https:\/\/legrandcontinent.eu\/fr\/a-propos\/\"><span style=\"color: #0000ff;\">Grand Continent<\/span><\/a>&gt;.<br \/>\n<\/span><\/p>\n<p><span style=\"color: #777777; font-family: Arial;\">Cette revue a traduit un discours, je n&rsquo;ose \u00e9crire une hom\u00e9lie, du <strong>Patriarche Kirill<\/strong> prononc\u00e9 <strong>le 6 mars 2022<\/strong>, le dimanche de la Saint-Jean, appel\u00e9, pr\u00e9cise l&rsquo;article, \u00ab dimanche du pardon \u00bb), qui est une f\u00eate sp\u00e9cifique aux orthodoxes et qui fait m\u00e9moire de l&rsquo;expulsion d&rsquo;Adam et Eve du Paradis, souvenir du p\u00e9ch\u00e9 originel, mais aussi de la promesse de R\u00e9demption. Ce sermon a \u00e9t\u00e9 prononc\u00e9 dans la cath\u00e9drale du Christ-Sauveur \u00e0 Moscou. <\/span><\/p>\n<p><span style=\"color: #777777; font-family: Arial;\">Vous trouverez cet article derri\u00e8re ce lien&nbsp;: &lt; <a href=\"https:\/\/legrandcontinent.eu\/fr\/2022\/03\/07\/la-guerre-sainte-de-poutine\/\"><span style=\"color: #0000ff;\">La guerre sainte de Poutine<\/span><\/a> &gt;.<br \/>\n<\/span><\/p>\n<p><span style=\"color: #777777; font-family: Arial;\">Je donne quelques extraits du sermon du sage Patriarche, repr\u00e9sentant d&rsquo;une autre religion de paix, comme aime \u00e0 s&rsquo;appeler toutes les religions monoth\u00e9istes :<br \/>\n<\/span><\/p>\n<p><span style=\"color: #777777; font-family: Arial;\">L&rsquo;article est tr\u00e8s int\u00e9ressant, parce que son auteur contextualise les propos du vieil orthodoxe moscovite :<br \/>\n<\/span><\/p>\n<p style=\"margin-left: 28pt;\"><span style=\"color: #c00000; font-family: Arial;\">\u00ab&nbsp;Le printemps est la renaissance de la vie, un certain grand symbole de la vie. Et c&rsquo;est pourquoi ce n&rsquo;est pas tout \u00e0 fait par hasard que la principale f\u00eate de printemps est la P\u00e2que du Seigneur, qui est aussi un signe, un gage, un symbole de la vie \u00e9ternelle. Et nous croyons qu&rsquo;il en est ainsi, et cela signifie que toute la foi chr\u00e9tienne, que nous partageons avec vous, est la foi qui affirme la vie, qui est contre la mort, contre la destruction, qui affirme la n\u00e9cessit\u00e9 de suivre les lois de Dieu pour vivre, pour ne pas p\u00e9rir dans ce monde, ni dans l&rsquo;autre.<br \/>\n<\/span><\/p>\n<p style=\"margin-left: 28pt;\"><span style=\"color: #c00000; font-family: Arial;\">Mais nous savons que ce printemps est assombri par de graves \u00e9v\u00e9nements li\u00e9s \u00e0 la d\u00e9t\u00e9rioration de la situation politique dans le Donbass, presque le d\u00e9but des hostilit\u00e9s. Je voudrais dire quelque chose \u00e0 ce sujet.<br \/>\n<\/span><\/p>\n<p style=\"margin-left: 28pt;\"><span style=\"color: #c00000; font-family: Arial;\">Depuis huit ans, on tente de d\u00e9truire ce qui existe dans le Donbass.<br \/>\n<\/span><\/p>\n<p style=\"margin-left: 28pt;\"><span style=\"color: #c00000; font-family: Arial;\">Et dans le Donbass, il y a un rejet, un rejet fondamental des soi-disant valeurs qui sont propos\u00e9es aujourd&rsquo;hui par ceux qui pr\u00e9tendent au pouvoir mondial. Aujourd&rsquo;hui, il existe un test de loyaut\u00e9 envers ce pouvoir, une sorte de laissez-passer vers ce monde \u00ab heureux \u00bb, un monde de consommation excessive, un monde de \u00ab libert\u00e9 \u00bb apparente. Savez-vous ce qu&rsquo;est ce test ? Le test est tr\u00e8s simple et en m\u00eame temps terrifiant : il s&rsquo;agit d&rsquo;une parade de la gay pride. La demande de nombreux pays d&rsquo;organiser une gay pride est un test de loyaut\u00e9 envers ce monde tr\u00e8s puissant ; et nous savons que si des personnes ou des pays rejettent ces demandes, ils ne font pas partie de ce monde, ils en deviennent des \u00e9trangers.<br \/>\n<\/span><\/p>\n<p style=\"margin-left: 28pt;\"><img decoding=\"async\" class=\"alignright\" src=\"https:\/\/lemotdujour.fr\/wp-content\/uploads\/2022\/03\/031322_2223_Lundi14mars3.jpg\" alt=\"\" align=\"left\"><span style=\"color: #c00000; font-family: Arial;\">Mais nous savons ce qu&rsquo;est ce p\u00e9ch\u00e9, qui est promu par les soi-disant \u00ab marches de la fiert\u00e9 \u00bb (gay pride). C&rsquo;est un p\u00e9ch\u00e9 qui est condamn\u00e9 par la Parole de Dieu \u2013 tant l&rsquo;Ancien que le Nouveau Testament. Et Dieu, en condamnant le p\u00e9ch\u00e9, ne condamne pas le p\u00e9cheur. Il l&rsquo;appelle seulement \u00e0 la repentance, mais ne fait en aucun cas du p\u00e9ch\u00e9 une norme de vie, une variation du comportement humain \u2013 respect\u00e9e et tol\u00e9r\u00e9e \u2013 par l&rsquo;homme p\u00e9cheur et son comportement.<br \/>\n<\/span><\/p>\n<p style=\"margin-left: 28pt;\"><span style=\"color: #c00000; font-family: Arial;\">Si l&rsquo;humanit\u00e9 accepte que le p\u00e9ch\u00e9 n&rsquo;est pas une violation de la loi de Dieu, si l&rsquo;humanit\u00e9 accepte que le p\u00e9ch\u00e9 est une variation du comportement humain, alors la civilisation humaine s&rsquo;arr\u00eatera l\u00e0. Et les gay pride sont cens\u00e9es d\u00e9montrer que le p\u00e9ch\u00e9 est une variante du comportement humain. C&rsquo;est pourquoi, pour entrer dans le club de ces pays, il faut organiser une gay pride. Pas pour faire une d\u00e9claration politique \u00ab nous sommes avec vous \u00bb, pas pour signer des accords, mais pour organiser une parade de la gay pride. Nous savons comment les gens r\u00e9sistent \u00e0 ces demandes et comment cette r\u00e9sistance est r\u00e9prim\u00e9e par la force. Il s&rsquo;agit donc d&rsquo;imposer par la force le p\u00e9ch\u00e9 qui est condamn\u00e9 par la loi de Dieu, c&rsquo;est-\u00e0-dire d&rsquo;imposer par la force aux gens la n\u00e9gation de Dieu et de sa v\u00e9rit\u00e9.<br \/>\n<\/span><\/p>\n<p style=\"margin-left: 28pt;\"><span style=\"color: #c00000; font-family: Arial;\">Par cons\u00e9quent, ce qui se passe aujourd&rsquo;hui dans la sph\u00e8re des relations internationales ne rel\u00e8ve pas uniquement de la politique. Il s&rsquo;agit de quelque chose d&rsquo;autre et de bien plus important que la politique. Il s&rsquo;agit du Salut de l&rsquo;homme, de la place qu&rsquo;il occupera \u00e0 droite ou \u00e0 gauche de Dieu le Sauveur, qui vient dans le monde en tant que Juge et Cr\u00e9ateur de la cr\u00e9ation. Beaucoup aujourd&rsquo;hui, par faiblesse, par b\u00eatise, par ignorance, et le plus souvent parce qu&rsquo;ils ne veulent pas r\u00e9sister, vont l\u00e0, du c\u00f4t\u00e9 gauche. Et tout ce qui a trait \u00e0 la justification du p\u00e9ch\u00e9 condamn\u00e9 dans la Bible est aujourd&rsquo;hui le test de notre fid\u00e9lit\u00e9 au Seigneur, de notre capacit\u00e9 \u00e0 confesser la foi en notre Sauveur.<br \/>\n<\/span><\/p>\n<p style=\"margin-left: 28pt;\"><span style=\"color: #c00000; font-family: Arial;\">Tout ce que je dis a plus qu&rsquo;une simple signification th\u00e9orique et plus qu&rsquo;une simple signification spirituelle. Il y a une v\u00e9ritable guerre autour de ce sujet aujourd&rsquo;hui. Qui s&rsquo;attaque aujourd&rsquo;hui \u00e0 l&rsquo;Ukraine, o\u00f9 huit ann\u00e9es de r\u00e9pression et d&rsquo;extermination de la population du Donbass, huit ann\u00e9es de souffrance, et le monde entier se tait \u2013 qu&rsquo;est-ce que cela signifie ?<br \/>\n<\/span><\/p>\n<p style=\"margin-left: 28pt;\"><span style=\"color: #c00000; font-family: Arial;\">Mais nous savons que nos fr\u00e8res et s\u0153urs souffrent r\u00e9ellement ; de plus, ils peuvent souffrir pour leur loyaut\u00e9 envers l&rsquo;\u00c9glise. Et donc, aujourd&rsquo;hui, en ce dimanche du pardon, moi, d&rsquo;une part, en tant que votre berger, j&rsquo;appelle tout le monde \u00e0 pardonner les p\u00e9ch\u00e9s et les offenses, y compris l\u00e0 o\u00f9 il est tr\u00e8s difficile de le faire, l\u00e0 o\u00f9 les gens se battent entre eux. Mais le pardon sans la justice est une capitulation et une faiblesse. Le pardon doit donc s&rsquo;accompagner du droit indispensable de se placer du c\u00f4t\u00e9 de la lumi\u00e8re, du c\u00f4t\u00e9 de la v\u00e9rit\u00e9 de Dieu, du c\u00f4t\u00e9 des commandements divins, du c\u00f4t\u00e9 de ce qui nous r\u00e9v\u00e8le la lumi\u00e8re du Christ, sa Parole, son \u00c9vangile, ses plus grandes alliances donn\u00e9es au genre humain.<br \/>\n<\/span><\/p>\n<p style=\"margin-left: 28pt;\"><span style=\"color: #c00000; font-family: Arial;\">Aujourd&rsquo;hui, nos fr\u00e8res du Donbass, les orthodoxes, souffrent sans aucun doute, et nous ne pouvons qu&rsquo;\u00eatre avec eux \u2013 avant tout dans la pri\u00e8re. Nous devons prier pour que le Seigneur les aide \u00e0 pr\u00e9server leur foi orthodoxe et \u00e0 ne pas succomber aux tentations.&nbsp;\u00bb [\u2026]<br \/>\n<\/span><\/p>\n<p style=\"margin-left: 28pt;\"><span style=\"color: #c00000; font-family: Arial;\">Que le Seigneur nous aide tous \u00e0 entrer dans le chemin du Saint Car\u00eame de telle mani\u00e8re, et pas autrement, qu&rsquo;Il puisse sauver nos \u00e2mes et favoriser la multiplication du bien dans notre monde p\u00e9cheur et souvent terriblement erron\u00e9, afin que la v\u00e9rit\u00e9 de Dieu puisse r\u00e9gner et diriger le genre humain. Amen.&nbsp;\u00bb<br \/>\n<\/span><\/p>\n<p><span style=\"color: #777777; font-family: Arial;\">Vous voyez que Karl Marx avait raison \u00e0 propos de l&rsquo;opium.<br \/>\n<\/span><\/p>\n<p><span style=\"color: #777777; font-family: Arial;\">Cet article renvoie vers un autre &lt; <a href=\"https:\/\/legrandcontinent.eu\/fr\/2022\/03\/04\/cent-ans-de-solitude-geopolitique\/\"><span style=\"color: #0000ff;\">Que nous importe le monde si la Russie n&rsquo;y existe plus ?<\/span><\/a>&gt; qui pr\u00e9sente <strong>Vladislav Iouri\u00e9vitch Sourkov<\/strong> qui est un homme d&rsquo;affaires et homme politique russe, cofondateur du parti Russie unie qui mena Vladimir Poutine au pouvoir en 2001.Il est consid\u00e9r\u00e9 comme le principal id\u00e9ologue du Kremlin des ann\u00e9es 2000, auteur du concept de \u00ab D\u00e9mocratie souveraine \u00bb, il est nomm\u00e9 vice-pr\u00e9sident du gouvernement, charg\u00e9 de la modernisation le 27 d\u00e9cembre 2011 par Dmitri Medvedev.<br \/>\n<\/span><\/p>\n<p><span style=\"color: maroon; font-family: Arial;\">&lt;1667&gt;<\/span><\/p>\n","protected":false},"excerpt":{"rendered":"<p>\u00ab&nbsp;Si l&rsquo;humanit\u00e9 accepte que le p\u00e9ch\u00e9 est une variation du comportement humain, alors la civilisation humaine s&rsquo;arr\u00eatera l\u00e0&nbsp;!\u00bb Patriarche Kirill Pour Karl Marx, la religion \u00e9tait l&rsquo;opium du peuple. En apart\u00e9, et dans ma vision actuelle du monde et de<\/p>\n","protected":false},"author":1,"featured_media":0,"comment_status":"open","ping_status":"closed","sticky":false,"template":"","format":"standard","meta":{"footnotes":""},"categories":[1],"tags":[219,34,78,218],"class_list":["post-13396","post","type-post","status-publish","format-standard","hentry","category-motdujour","tag-guerre","tag-religion","tag-russie","tag-ukraine"],"_links":{"self":[{"href":"https:\/\/lemotdujour.fr\/index.php?rest_route=\/wp\/v2\/posts\/13396","targetHints":{"allow":["GET"]}}],"collection":[{"href":"https:\/\/lemotdujour.fr\/index.php?rest_route=\/wp\/v2\/posts"}],"about":[{"href":"https:\/\/lemotdujour.fr\/index.php?rest_route=\/wp\/v2\/types\/post"}],"author":[{"embeddable":true,"href":"https:\/\/lemotdujour.fr\/index.php?rest_route=\/wp\/v2\/users\/1"}],"replies":[{"embeddable":true,"href":"https:\/\/lemotdujour.fr\/index.php?rest_route=%2Fwp%2Fv2%2Fcomments&post=13396"}],"version-history":[{"count":4,"href":"https:\/\/lemotdujour.fr\/index.php?rest_route=\/wp\/v2\/posts\/13396\/revisions"}],"predecessor-version":[{"id":13406,"href":"https:\/\/lemotdujour.fr\/index.php?rest_route=\/wp\/v2\/posts\/13396\/revisions\/13406"}],"wp:attachment":[{"href":"https:\/\/lemotdujour.fr\/index.php?rest_route=%2Fwp%2Fv2%2Fmedia&parent=13396"}],"wp:term":[{"taxonomy":"category","embeddable":true,"href":"https:\/\/lemotdujour.fr\/index.php?rest_route=%2Fwp%2Fv2%2Fcategories&post=13396"},{"taxonomy":"post_tag","embeddable":true,"href":"https:\/\/lemotdujour.fr\/index.php?rest_route=%2Fwp%2Fv2%2Ftags&post=13396"}],"curies":[{"name":"wp","href":"https:\/\/api.w.org\/{rel}","templated":true}]}}