{"id":13363,"date":"2022-03-11T00:00:03","date_gmt":"2022-03-10T23:00:03","guid":{"rendered":"https:\/\/lemotdujour.fr\/?p=13363"},"modified":"2022-06-30T00:17:43","modified_gmt":"2022-06-29T22:17:43","slug":"vendredi-11-mars-2022","status":"publish","type":"post","link":"https:\/\/lemotdujour.fr\/?p=13363","title":{"rendered":"Vendredi 11 mars 2022"},"content":{"rendered":"<div class=\"mdjTexte\">\u00ab\u00a0Pourvu qu&rsquo;ils tiennent\u00a0!\u00bb<\/div>\n<div class=\"mdjAuteur\">Caricature de Jean-Louis Forain pendant la grande guerre, en \u00e9voquant l&rsquo;arri\u00e8re<\/div>\n<p><span style=\"color: #777777; font-family: Arial;\">Nous sommes d\u00e9bord\u00e9s d&rsquo;informations, mais nous savons finalement assez peu sur cette guerre en Ukraine, contrairement \u00e0 ce que laisse croire les chaines d&rsquo;informations en continu.<br \/>\n<\/span><\/p>\n<p><span style=\"color: #777777; font-family: Arial;\">Nous ne connaissons pas le nombre de morts ni du c\u00f4t\u00e9 russe, ni du c\u00f4t\u00e9 ukrainien.<br \/>\n<\/span><\/p>\n<p><span style=\"color: #777777; font-family: Arial;\">En r\u00e9alit\u00e9, nous ne connaissons pas les vrais buts de guerre de Poutine.<br \/>\n<\/span><\/p>\n<p><span style=\"color: #777777; font-family: Arial;\">C&rsquo;est pour beaucoup, une guerre de communication.<br \/>\n<\/span><\/p>\n<p><span style=\"color: #777777; font-family: Arial;\"><strong>Volodymyr Zelensky,<\/strong> le pr\u00e9sident ukrainien, au-del\u00e0 de son courage qui est grand, se r\u00e9v\u00e8le un remarquable communicant.<br \/>\n<\/span><\/p>\n<p><span style=\"color: #777777; font-family: Arial;\">Ces derniers jours, il s&rsquo;est \u00e9nerv\u00e9 contre les occidentaux qui ne mettent pas en place une zone de s\u00e9curit\u00e9 de l&rsquo;espace a\u00e9rien ukrainien.<br \/>\n<\/span><\/p>\n<p><span style=\"color: #777777; font-family: Arial;\">Mais pour ce faire, il faudrait que l&rsquo;OTAN attaque les avions russes pour les emp\u00eacher de survoler l&rsquo;Ukraine. Une telle intervention signifierait entrer en guerre contre la Russie. Les pays de l&rsquo;OTAN en guerre contre la Russie, c&rsquo;est factuellement la troisi\u00e8me guerre mondiale. Et pour la premi\u00e8re fois de l&rsquo;Histoire une guerre dans laquelle, des deux c\u00f4t\u00e9s, les bellig\u00e9rants ont la bombe atomique.<br \/>\n<\/span><\/p>\n<p><span style=\"color: #777777; font-family: Arial;\">Ce n&rsquo;est pas raisonnable, il faut tout faire pour emp\u00eacher cette escalade. On ne sait jamais comment finissent les guerres, surtout entre puissances nucl\u00e9aires.<br \/>\n<\/span><\/p>\n<p><span style=\"color: #777777; font-family: Arial;\">Les ukrainiens se battent donc seuls avec des armes.<br \/>\n<\/span><\/p>\n<p><span style=\"color: #777777; font-family: Arial;\">Ce que certains ont d\u00e9crit par cette formule terrible\u00a0:<br \/>\n<\/span><\/p>\n<p style=\"margin-left: 28pt;\"><span style=\"color: #c00000; font-family: Arial;\">\u00ab\u00a0Les europ\u00e9ens veulent se battre pour la libert\u00e9\u2026 jusqu&rsquo;au dernier ukrainien\u00a0\u00bb<br \/>\n<\/span><\/p>\n<p><span style=\"color: #777777; font-family: Arial;\">Il n&rsquo;est pas exact que les occidentaux ne font rien\u00a0: ils accueillent les r\u00e9fugi\u00e9s, ils livrent des armes et ils pratiquent des sanctions \u00e9conomiques.<br \/>\n<\/span><\/p>\n<p><span style=\"color: #777777; font-family: Arial;\">Mais ces sanctions \u00e9conomiques sont aussi d\u00e9vastatrices pour nos \u00e9conomies.<br \/>\n<\/span><\/p>\n<p><span style=\"color: #777777; font-family: Arial;\">Nous le constatons d\u00e9j\u00e0 en allant faire le plein d&rsquo;essence.<br \/>\n<\/span><\/p>\n<p><span style=\"color: #777777; font-family: Arial;\">Ce rench\u00e9rissement de l&rsquo;\u00e9nergie va se r\u00e9percuter sur tous nos achats.<br \/>\n<\/span><\/p>\n<p><span style=\"color: #777777; font-family: Arial;\">Nous ne voulons pas donner notre sang pour l&rsquo;Ukraine, mais voulons nous donner notre confort pour certains et plus que cela pour tous ces gens modestes qui ont du mal \u00e0 boucler les fins de mois et qui en plus ont besoin de leurs voitures au quotidien pour travailler, se nourrir et vivre\u00a0?<br \/>\n<\/span><\/p>\n<p><span style=\"color: #777777; font-family: Arial;\">Allons-nous tenir\u00a0?<br \/>\n<\/span><\/p>\n<p><span style=\"color: #777777; font-family: Arial;\">Le club des vieux centristes du \u00ab\u00a0<strong>Nouvel Esprit Public<\/strong>\u00a0\u00bb de Philippe Meyer a bien s\u00fbr consacr\u00e9<span style=\"color: #0000ff;\"> <a style=\"color: #0000ff;\" href=\"https:\/\/www.lenouvelespritpublic.fr\/podcasts\/305\">sa derni\u00e8re \u00e9mission<\/a><\/span> \u00e0 l&rsquo;Ukraine.<br \/>\n<\/span><\/p>\n<p><span style=\"color: #777777; font-family: Arial;\">Comme souvent j&rsquo;ai particuli\u00e8rement appr\u00e9ci\u00e9 l&rsquo;intervention de <strong>Jean-Louis Bourlanges<\/strong>.<br \/>\n<\/span><\/p>\n<p><span style=\"color: #777777; font-family: Arial;\">Il a \u00e9mis cette crainte\u00a0: allons nous tenir en r\u00e9f\u00e9rant \u00e0 un caricaturiste historique\u00a0: <span style=\"color: #0000ff;\"><a style=\"color: #0000ff;\" href=\"https:\/\/fr.wikipedia.org\/wiki\/Jean-Louis_Forain\"><strong>Jean Louis Forain<\/strong><\/a><\/span> (1852-1931)\u00a0:<br \/>\n<\/span><\/p>\n<p style=\"margin-left: 28pt;\"><span style=\"color: #c00000; font-family: Arial;\">\u00ab\u00a0Quand je songe a\u0300 ces sanctions, il me revient a\u0300 l&rsquo;esprit une caricature de Forain, parue pendant la guerre de 1914-1918. On y voyait deux soldats discutant dans une tranche\u0301e : \u00ab Pourvu qu&rsquo;ils tiennent !<br \/>\n&#8211; Qui \u00e7a ?<br \/>\n&#8211; L&rsquo;arrie\u0300re. \u00bb<br \/>\n<\/span><\/p>\n<p style=\"margin-left: 28pt;\"><span style=\"color: #c00000; font-family: Arial;\">Je crois qu&rsquo;on en est la\u0300. Tout un peuple est promis a\u0300 des souffrances inou\u00efes, dont nous n&rsquo;avons encore a\u0300 peu pr\u00e8s rien vu. Les jours qui viennent vont sans doute e\u0302tre terribles. M\u00eame si le degr\u00e9 d&rsquo;horreur n&rsquo;atteint pas ce qu&rsquo;on a pu voir a\u0300 Grozny ou a\u0300 Alep, si l&rsquo;on se base sur les pr\u00e9c\u00e9dentes op\u00e9rations de m\u00eame nature men\u00e9es par l&rsquo;arm\u00e9e russe, on a tout lieu de croire que ce sera absolument terrifiant. \u00ab<br \/>\n<\/span><\/p>\n<p><img decoding=\"async\" src=\"https:\/\/lemotdujour.fr\/wp-content\/uploads\/2022\/03\/031022_2300_Vendredi11m1.jpg\" alt=\"\" \/><span style=\"color: #777777; font-family: Arial;\"><br \/>\n<\/span><\/p>\n<p><span style=\"color: #777777; font-family: Arial;\"><em>Ce dessin de Jean-Louis Forain\u00a0est paru le 9 janvier 1915, dans le journal <\/em>L&rsquo;Opinion<em>. A l&rsquo;\u00e9poque, cette caricature provoque une pol\u00e9mique \u00e9norme\u00a0et donne lieu \u00e0 une chanson \u00a0\u00bb <\/em>Oh\u00e9 m&rsquo;sieur Forain <em>\u00ab\u00a0, compos\u00e9e\u00a0par Aristide Bruant et cr\u00e9\u00e9e par une des plus grandes vedettes de l&rsquo;\u00e9poque, le comique troupier Polin. Dans cette caricature, Forain montre les difficult\u00e9s rencontr\u00e9es par les civils et les soldats pendant la Premi\u00e8re Guerre mondiale, et renverse la vision traditionnelle qui met g\u00e9n\u00e9ralement les mots \u00a0\u00bb <\/em>Pourvu qu&rsquo;ils tiennent <em>\u00a0\u00bb dans la bouche des civils.<br \/>\n<\/em><\/span><\/p>\n<p><span style=\"color: #777777; font-family: Arial;\">Et Jean-Louis Bourlanges continue \u00e0 analyser notre situation ambig\u00fce et fragile\u00a0:<br \/>\n<\/span><\/p>\n<p style=\"margin-left: 28pt;\"><span style=\"color: #c00000; font-family: Arial;\">\u00ab\u00a0Pour des raisons tr\u00e8s solides, nous n&rsquo;intervenons pas dans cette guerre : rien ne serait plus dangereux que de transformer ce conflit en troisi\u00e8me guerre mondiale.<br \/>\nCes raisons sont fortes, mais bien peu sympathiques.<br \/>\nNous nous retrouvons un peu dans la situation du film Fort Alamo. Nous savons qu&rsquo;a\u0300 quelques milliers de kilom\u00e8tres de nous vont mourir des gens qui d\u00e9fendent leur patrie, ainsi que la libert\u00e9 et les valeurs des Europ\u00e9ens. Ce \u00ab pourvu qu&rsquo;ils tiennent\u00a0 ! \u00bb n&rsquo;a rien d&rsquo;\u00e9vident. Je suis moi aussi r\u00e9confort\u00e9 sur la fa\u00e7on dont les sanctions ont \u00e9t\u00e9 d\u00e9cid\u00e9es, a\u0300 savoir par l\u2019unit\u00e9 profonde, et enti\u00e8rement nouvelle. Notamment la conversion de nos amis allemands, sous l&rsquo;impulsion du nouveau chancelier, a\u0300 une logique de confrontation dont il assume pleinement les cons\u00e9quences. C&rsquo;est tr\u00e8s nouveau. \u00a0\u00bb<br \/>\n<\/span><\/p>\n<p><span style=\"color: #777777; font-family: Arial;\">Son inqui\u00e9tude est palpable dans les mots mais aussi dans le ton utilis\u00e9\u00a0:<br \/>\n<\/span><\/p>\n<p style=\"margin-left: 28pt;\"><span style=\"color: #c00000; font-family: Arial;\">\u00ab Mais au-del\u00e0 ce tout cela, je suis tr\u00e8s pr\u00e9occup\u00e9. D&rsquo;abord parce qu&rsquo;il me parait hors de question que ces sanctions fassent d\u00e9vier M. Poutine de son objectif final. Sa capacite\u0301 strat\u00e9gique a \u00e9t\u00e9\u0301 mise au d\u00e9fi, il ne peut que surench\u00e9rir.<br \/>\nIl a les moyens militaires de le faire, il a l&rsquo;assurance que les forces occidentales n&rsquo;entreront pas en guerre, il ne va donc pas se priver. Donc, au moins a\u0300 court terme, il va r\u00e9aliser son projet. Nous sommes n\u00e9cessairement dans le long terme. Comment le rapport de forces \u00e9voluera-t &lsquo;il ? D&rsquo;abord, nous sommes nous aussi tr\u00e8s vuln\u00e9rables. Sur le bl\u00e9, sur les engrais, sur une quantit\u00e9 de mati\u00e8res premi\u00e8res rares &#8230;<br \/>\nNous sommes donc expos\u00e9s a\u0300 une situation ou\u0300 il va nous falloir encaisser, faire des sacrifices. D&rsquo;autre part, je ne sens pas encore que la conscience europ\u00e9enne et occidentale soit engag\u00e9e sur un effort de longue haleine et de sacrifices.\u00a0\u00bb<br \/>\n<\/span><\/p>\n<p><span style=\"color: #777777; font-family: Arial;\">Et il finit son intervention par cette analyse qui me semble tr\u00e8s lucide.<br \/>\n<\/span><\/p>\n<p style=\"margin-left: 28pt;\"><span style=\"color: #c00000; font-family: Arial;\">\u00ab\u00a0Nous sommes un peu dans la situation d\u00e9crite dans le testament de Richelieu : quand il s&rsquo;agit de se mobiliser les Fran\u00e7ais sont tout feu tout flamme, et par la suite, \u00e7a se g\u00e2te &#8230; Les Allemands sont peut-\u00eatre plus conscients et engag\u00e9s sur la dur\u00e9e que nous le sommes, mais cela reste a\u0300 d\u00e9montrer.<br \/>\nFace a\u0300 Poutine, nous avons trois d\u00e9savantages.<br \/>\nD&rsquo;abord une faiblesse id\u00e9ologique : en France, environ une moiti\u00e9 de la population s&rsquo;est montr\u00e9e sensible a\u0300 Poutine. Or \u00eatre sensible a\u0300 Poutine, c&rsquo;est \u00eatre sensible a\u0300 ce qu&rsquo;il y a de pire en nous : le culte du chef, de la violence, le nationalisme le plus \u00e9triqu\u00e9, etc.<br \/>\nD&rsquo;autre part, nous sommes en pleine incertitude quant a\u0300 l\u2019universalit\u00e9 de nos valeurs, on le voit avec des ph\u00e9nom\u00e8nes comme le wokisme.<br \/>\nEnsuite, sur le plan strat\u00e9gique : qu&rsquo;attendons-nous exactement des sanctions ? Que pouvons-nous en obtenir ? Et a\u0300 quel moment s&rsquo;arre\u0302tent-elles ? Nous n&rsquo;en avons pas la moindre ide\u0301e. Pour le moment, il semble que M. Poutine veut toute l&rsquo;Ukraine ; on ne voit pas comment une solution interme\u0301diaire pourrait e\u0301merger. Et me\u0302me si elle e\u0301mergeait, on ne voit pas comment elle pourrait a\u0300 la fois satisfaire Poutine et e\u0302tre acceptable par M. Zelensky et par les Ukrainiens. Enfin, une incertitude de la volonte\u0301 : tiendrons-nous dans la dure\u0301e ?<br \/>\nNous avons change\u0301 de monde, mais nous n&rsquo;en sommes qu&rsquo;au de\u0301but. Il va nous falloir accomplir une re\u0301volution intellectuelle et surtout morale, accepter les logiques de contraintes, de mobilisation et d&rsquo;efforts, si nous voulons rester dignes de ce que nous pre\u0301tendons e\u0302tre.<br \/>\n<\/span><\/p>\n<p style=\"margin-left: 28pt;\"><span style=\"color: #c00000; font-family: Arial;\">Il est plus ne\u0301cessaire que jamais de garder a\u0300 l&rsquo;esprit la phrase de Thucydide :<br \/>\n<\/span><span style=\"color: #c00000; font-family: Arial;\"> \u00ab<strong> Il n&rsquo;y a pas de bonheur sans liberte\u0301, ni de liberte\u0301 sans vaillance<\/strong> \u00bb.<br \/>\n<\/span><\/p>\n<p style=\"margin-left: 28pt;\"><span style=\"color: #c00000; font-family: Arial;\">Et la vaillance n&rsquo;est pas une valeur instantane\u0301e, mais a\u0300 long terme.<br \/>\n<\/span><\/p>\n<p style=\"margin-left: 28pt;\"><span style=\"color: #c00000; font-family: Arial;\">Le plus dur est devant nous.\u00a0\u00bb<br \/>\n<\/span><\/p>\n<p><span style=\"color: #777777; font-family: Arial;\">Je redonne le lien vers l&rsquo;\u00e9mission\u00a0: &lt;<span style=\"color: #0000ff;\"><a style=\"color: #0000ff;\" href=\"https:\/\/www.lenouvelespritpublic.fr\/podcasts\/305\">Le Nouvel esprit public du 6 mars 2022<\/a><\/span>&gt;<br \/>\n<\/span><\/p>\n<p><span style=\"color: maroon; font-family: Arial;\">&lt;1667&gt;<\/span><\/p>\n","protected":false},"excerpt":{"rendered":"<p>\u00ab\u00a0Pourvu qu&rsquo;ils tiennent\u00a0!\u00bb Caricature de Jean-Louis Forain pendant la grande guerre, en \u00e9voquant l&rsquo;arri\u00e8re Nous sommes d\u00e9bord\u00e9s d&rsquo;informations, mais nous savons finalement assez peu sur cette guerre en Ukraine, contrairement \u00e0 ce que laisse croire les chaines d&rsquo;informations en continu.<\/p>\n","protected":false},"author":1,"featured_media":0,"comment_status":"open","ping_status":"closed","sticky":false,"template":"","format":"standard","meta":{"footnotes":""},"categories":[1],"tags":[219,17,78,218],"class_list":["post-13363","post","type-post","status-publish","format-standard","hentry","category-motdujour","tag-guerre","tag-histoire","tag-russie","tag-ukraine"],"_links":{"self":[{"href":"https:\/\/lemotdujour.fr\/index.php?rest_route=\/wp\/v2\/posts\/13363","targetHints":{"allow":["GET"]}}],"collection":[{"href":"https:\/\/lemotdujour.fr\/index.php?rest_route=\/wp\/v2\/posts"}],"about":[{"href":"https:\/\/lemotdujour.fr\/index.php?rest_route=\/wp\/v2\/types\/post"}],"author":[{"embeddable":true,"href":"https:\/\/lemotdujour.fr\/index.php?rest_route=\/wp\/v2\/users\/1"}],"replies":[{"embeddable":true,"href":"https:\/\/lemotdujour.fr\/index.php?rest_route=%2Fwp%2Fv2%2Fcomments&post=13363"}],"version-history":[{"count":3,"href":"https:\/\/lemotdujour.fr\/index.php?rest_route=\/wp\/v2\/posts\/13363\/revisions"}],"predecessor-version":[{"id":13708,"href":"https:\/\/lemotdujour.fr\/index.php?rest_route=\/wp\/v2\/posts\/13363\/revisions\/13708"}],"wp:attachment":[{"href":"https:\/\/lemotdujour.fr\/index.php?rest_route=%2Fwp%2Fv2%2Fmedia&parent=13363"}],"wp:term":[{"taxonomy":"category","embeddable":true,"href":"https:\/\/lemotdujour.fr\/index.php?rest_route=%2Fwp%2Fv2%2Fcategories&post=13363"},{"taxonomy":"post_tag","embeddable":true,"href":"https:\/\/lemotdujour.fr\/index.php?rest_route=%2Fwp%2Fv2%2Ftags&post=13363"}],"curies":[{"name":"wp","href":"https:\/\/api.w.org\/{rel}","templated":true}]}}