{"id":13350,"date":"2022-03-10T00:04:00","date_gmt":"2022-03-09T23:04:00","guid":{"rendered":"https:\/\/lemotdujour.fr\/?p=13350"},"modified":"2022-06-30T00:14:18","modified_gmt":"2022-06-29T22:14:18","slug":"jeudi-10-mars-2022","status":"publish","type":"post","link":"https:\/\/lemotdujour.fr\/?p=13350","title":{"rendered":"Jeudi 10 mars 2022"},"content":{"rendered":"<div class=\"mdjTexte\">\u00ab\u00a0La seule chose dont je suis absolument s\u00fbr, c&rsquo;est qu&rsquo;il ne faut en aucun cas choisir entre ces deux trag\u00e9dies.\u00a0\u00bb<\/div>\n<div class=\"mdjAuteur\">Bruno Latour<\/div>\n<p><span style=\"color: #777777; font-family: Arial;\">Jeudi 24 f\u00e9vrier 2022, Vladimir Poutine donnait l&rsquo;ordre \u00e0 l&rsquo;arm\u00e9e russe d&rsquo;envahir l&rsquo;Ukraine, en attaquant sur 3 fronts et en ayant a priori comme but de guerre de d\u00e9capiter le gouvernement de Kiev.<br \/>\n<\/span><\/p>\n<p><span style=\"color: #777777; font-family: Arial;\">Le <strong>GIEC,<\/strong> Groupe intergouvernemental d&rsquo;experts sur l&rsquo;\u00e9volution du climat, a sorti son dernier rapport le 28 f\u00e9vrier 2022. Il s&rsquo;agit du deuxi\u00e8me volet du sixi\u00e8me rapport d&rsquo;\u00e9valuation du Giec a. Le premier volet, en date d&rsquo;ao\u00fbt 2021, concluait que le changement climatique \u00e9tait plus rapide que pr\u00e9vu.<br \/>\n<\/span><\/p>\n<p><span style=\"color: #777777; font-family: Arial;\">En avril 2022, le Giec publiera un troisi\u00e8me volet concernant les solutions \u00e0 mettre en place pour r\u00e9duire les \u00e9missions de gaz \u00e0 effet de serre.<br \/>\n<\/span><\/p>\n<p><span style=\"color: #777777; font-family: Arial;\">Le deuxi\u00e8me volet s&rsquo;int\u00e9resse aux effets, aux vuln\u00e9rabilit\u00e9s et aux capacit\u00e9s d&rsquo;adaptation \u00e0 la crise climatique.<br \/>\n<\/span><\/p>\n<p><span style=\"color: #777777; font-family: Arial;\">Ce &lt;<span style=\"color: #0000ff;\"><a style=\"color: #0000ff;\" href=\"https:\/\/www.vie-publique.fr\/en-bref\/284117-rapport-2022-du-giec-nouvelle-alerte-face-au-rechauffement-du-climat\">site gouvernemental de documentation<\/a><\/span>&gt; en dresse un r\u00e9sum\u00e9.<br \/>\n<\/span><\/p>\n<ul>\n<li>\n<div><span style=\"color: #777777; font-family: Arial;\">La premi\u00e8re partie du rapport est consacr\u00e9e aux effets actuels du r\u00e9chauffement climatique (+1,09\u00b0C en 2021) sur les populations et les \u00e9cosyst\u00e8mes :<br \/>\n<\/span><\/div>\n<ul>\n<li><span style=\"color: #777777; font-family: Arial;\">r\u00e9duction de la disponibilit\u00e9 des ressources en eau et en nourriture (en Afrique, en Asie et dans les petites \u00eeles notamment) ;<br \/>\n<\/span><\/li>\n<li><span style=\"color: #777777; font-family: Arial;\">impact sur la sant\u00e9 dans toutes les r\u00e9gions du monde (plus grande mortalit\u00e9, \u00e9mergence de nouvelles maladies, d\u00e9veloppement du chol\u00e9ra), augmentation du stress thermique, d\u00e9gradation de la qualit\u00e9 de l&rsquo;air&#8230; ;<br \/>\n<\/span><\/li>\n<li><span style=\"color: #777777; font-family: Arial;\">baisse de moiti\u00e9 des aires de r\u00e9partition des esp\u00e8ces animales et v\u00e9g\u00e9tales.<br \/>\n<\/span><\/li>\n<\/ul>\n<\/li>\n<li><span style=\"color: #777777; font-family: Arial;\">Ces effets sont irr\u00e9m\u00e9diables, m\u00eame dans l&rsquo;hypoth\u00e8se d&rsquo;une limitation de la hausse des temp\u00e9rature \u00e0 1,5\u00b0C comme fix\u00e9 dans l&rsquo;accord de Paris. Ils sont par ailleurs aggrav\u00e9s par la pauvret\u00e9 ou l&rsquo;acc\u00e8s limit\u00e9 \u00e0 des services.<br \/>\n<\/span><\/li>\n<\/ul>\n<p><span style=\"color: #777777; font-family: Arial;\">D&rsquo;ores et d\u00e9j\u00e0, entre 3,3 et 3,6 milliards d&rsquo;habitants vivent dans des situations tr\u00e8s vuln\u00e9rables au changement climatique.<br \/>\n<\/span><\/p>\n<p><span style=\"color: #777777; font-family: Arial;\">Les experts \u00e9voquent les incidences \u00e0 venir pour les populations avec, en particulier, 1 milliard d&rsquo;habitants des r\u00e9gions c\u00f4ti\u00e8res menac\u00e9s en 2050.<br \/>\n<\/span><\/p>\n<p><span style=\"color: #777777; font-family: Arial;\">Parmi les effets en cascade li\u00e9s aux catastrophes naturelles de plus en plus rapproch\u00e9es, le Giec \u00e9voque aussi les cons\u00e9quences sur la production alimentaire, la hausse du prix des aliments ou encore la malnutrition\u2026<br \/>\n<\/span><\/p>\n<p><span style=\"color: #777777; font-family: Arial;\">Les auteurs du rapport d\u00e9noncent une inad\u00e9quation des moyens mis en \u0153uvre face \u00e0 la rapidit\u00e9 des changements, signe d&rsquo;un \u00ab\u00a0manque de volont\u00e9 politique\u00a0\u00bb avec, pour exemple, le non-respect des engagements de Glasgow 2021 lors de la COP 26 en mati\u00e8re de doublement des budgets pour lutter contre le r\u00e9chauffement.<br \/>\n<\/span><\/p>\n<ul>\n<li><span style=\"color: #777777; font-family: Arial;\">Un d\u00e9veloppement r\u00e9silient au changement climatique est cependant encore possible en consacrant des efforts financiers plus importants dans certains secteurs cl\u00e9s :<br \/>\n<\/span><\/li>\n<\/ul>\n<p><span style=\"color: #777777; font-family: Arial;\">Ainsi des efforts financiers devraient \u00eatre r\u00e9alis\u00e9s dans les secteurs suivants<br \/>\n<\/span><\/p>\n<ul style=\"margin-left: 54pt;\">\n<li><span style=\"color: #777777; font-family: Arial;\">la transition \u00e9nerg\u00e9tique pour r\u00e9duire les \u00e9missions de CO2 ;<br \/>\n<\/span><\/li>\n<li><span style=\"color: #777777; font-family: Arial;\">une meilleure gestion de l&rsquo;eau et de l&rsquo;irrigation mais aussi une meilleure adaptation des cultures aux conditions climatiques via l&rsquo;agro\u00e9cologie ;<br \/>\n<\/span><\/li>\n<li><span style=\"color: #777777; font-family: Arial;\">la pr\u00e9servation du milieu naturel (restauration des for\u00eats et des \u00e9cosyst\u00e8mes naturels, arr\u00eat de l&rsquo;urbanisation dans les zones c\u00f4ti\u00e8res, v\u00e9g\u00e9talisation des villes&#8230;).<br \/>\n<\/span><\/li>\n<\/ul>\n<p><span style=\"color: #777777; font-family: Arial;\">Au rythme de d\u00e9veloppement actuel, le r\u00e9chauffement climatique pourrait atteindre 2,7\u00b0C \u00e0 la fin du si\u00e8cle.<br \/>\n<\/span><\/p>\n<p><span style=\"color: #777777; font-family: Arial;\">Cet article renvoie vers une communication de l&rsquo;ONU\u00a0: &lt; <span style=\"color: #0000ff;\"><a style=\"color: #0000ff;\" href=\"https:\/\/news.un.org\/fr\/story\/2022\/02\/1115262\">les experts du GIEC s&rsquo;alarment des cons\u00e9quences \u00e9normes d&rsquo;une plan\u00e8te en p\u00e9ril<\/a><\/span>&gt;. <\/span><\/p>\n<p><span style=\"color: #777777; font-family: Arial;\">Il y a aussi cette page document\u00e9e sur le site de &lt;<span style=\"color: #0000ff;\"><a style=\"color: #0000ff;\" href=\"https:\/\/information.tv5monde.com\/info\/le-rapport-du-giec-resume-en-5-points-un-recueil-de-la-souffrance-humaine-446722\">TV5 monde<\/a><\/span>&gt;<br \/>\n<\/span><\/p>\n<p><span style=\"color: #777777; font-family: Arial;\">Je ne crois pas que le rapport existe en version fran\u00e7aise, je n&rsquo;ai m\u00eame pas trouv\u00e9 la synth\u00e8se en fran\u00e7ais qui existe en anglais : <span style=\"color: #0000ff;\"><a style=\"color: #0000ff;\" href=\"https:\/\/report.ipcc.ch\/ar6wg2\/pdf\/IPCC_AR6_WGII_SummaryForPolicymakers.pdf\">&lt;ICI&gt;<\/a><\/span><br \/>\n<\/span><\/p>\n<p><span style=\"color: #777777; font-family: Arial;\">Dans le journal en ligne <strong>AOC<\/strong> [Analyse Opinion Critique], Bruno Latour a publi\u00e9, jeudi 3 mars 2022, dans la rubrique Opinion\u00a0: &lt;<a href=\"https:\/\/aoc.media\/opinion\/2022\/03\/02\/quelles-entre-deux-guerres\/\"><span style=\"color: #0000ff;\">Quelles entre-deux-guerres ?<\/span><\/a> &gt;<br \/>\n<\/span><\/p>\n<p><span style=\"color: #777777; font-family: Arial;\">Bruno Latour exprime d&rsquo;abord ce sentiment humain que toute personne honn\u00eate et raisonnable doit probablement ressentir\u00a0: l&rsquo;angoisse\u00a0:<br \/>\n<\/span><\/p>\n<p style=\"margin-left: 28pt;\"><span style=\"color: #c00000; font-family: Arial;\">\u00ab\u00a0Je ne crois pas \u00eatre le seul \u00e0 \u00eatre angoiss\u00e9, et doublement angoiss\u00e9. C&rsquo;est ce que je ressens depuis que je lis en m\u00eame temps les nouvelles de la guerre en Ukraine et le nouveau rapport du GIEC sur la mutation climatique.<br \/>\nJe ne parviens pas \u00e0 choisir l&rsquo;une ou l&rsquo;autre de ces deux trag\u00e9dies. Inutile d&rsquo;essayer de dresser la premi\u00e8re contre la deuxi\u00e8me, ni m\u00eame de les hi\u00e9rarchiser, de faire comme si l&rsquo;une \u00e9tait plus urgente, l&rsquo;autre plus catastrophique. Les deux me frappent en m\u00eame temps \u00e0 plein.\u00a0\u00bb<br \/>\n<\/span><\/p>\n<p><span style=\"color: #777777; font-family: Arial;\">Il ne faut pas choisir dit-il, les deux sont aussi essentiels pour nous mais si elles sont toutes deux \u00ab <span style=\"color: #c00000;\">g\u00e9opolitiques<span style=\"color: #777777;\">\u00a0\u00bb, elles se diff\u00e9rencient sur un point\u00a0:<br \/>\n<\/span><\/span><\/span><\/p>\n<p style=\"margin-left: 28pt;\"><span style=\"color: #c00000; font-family: Arial;\">\u00ab\u00a0Il ne s&rsquo;agit pas d&rsquo;occuper les m\u00eames terres.\u00a0\u00bb<br \/>\n<\/span><\/p>\n<p><span style=\"color: #777777; font-family: Arial;\">L&rsquo;agression de Poutine correspond \u00e0 notre exp\u00e9rience historique m\u00eame si nous avions perdu l&rsquo;habitude de tels agissements en Europe<br \/>\n<\/span><\/p>\n<p style=\"margin-left: 28pt;\"><span style=\"color: #c00000; font-family: Arial;\">\u00ab\u00a0La guerre de Poutine se joue sur l&rsquo;\u00e9chiquier des grandes puissances et pr\u00e9tend se saisir d&rsquo;une terre sans autre justification que le plaisir d&rsquo;un prince. \u00c0 l&rsquo;ancienne, en quelque sorte.\u00a0\u00bb<br \/>\n<\/span><\/p>\n<p><span style=\"color: #777777; font-family: Arial;\">Et il se lance dans cette sp\u00e9culation philosophiquee :<br \/>\n<\/span><\/p>\n<p style=\"margin-left: 28pt;\"><span style=\"color: #c00000; font-family: Arial;\">\u00ab\u00a0L&rsquo;autre trag\u00e9die ne se joue pas sur cet \u00e9chiquier traditionnel. Il y a bien des prises de terre, mais c&rsquo;est plut\u00f4t la Terre qui resserre sa prise sur toutes les nations. Il y a bien des grandes puissances, mais elles sont chacune en train d&rsquo;envahir les autres en d\u00e9versant sur elles leurs pollutions, leurs CO2, leurs d\u00e9chets, si bien que chacune est \u00e0 la fois envahissante et envahie, sans qu&rsquo;elles parviennent \u00e0 faire tenir leurs combats dans les fronti\u00e8res des \u00c9tats \u2013 nations. Sur ce tr\u00e9passement d&rsquo;un pays sur les autres, le rapport du GIEC est \u00e9crasant : les grandes puissances occupent les autres nations, aussi s\u00fbrement que la Russie cherche \u00e0 d\u00e9truire l&rsquo;Ukraine. Sans missile et sans tank, c&rsquo;est vrai, mais par le cours ordinaire de leurs \u00e9conomies. Ces deux trag\u00e9dies sont bien concomitantes.<br \/>\n<\/span><\/p>\n<p style=\"margin-left: 28pt;\"><span style=\"color: #c00000; font-family: Arial;\">Si elles ne semblent pas mordre sur mes \u00e9motions exactement de la m\u00eame fa\u00e7on, c&rsquo;est parce que je poss\u00e8de tout un r\u00e9pertoire d&rsquo;attitudes et d&rsquo;affects pour r\u00e9agir, h\u00e9las, aux horreurs de la guerre en Ukraine et que je n&rsquo;ai pas (pas encore) les m\u00eames tristes habitudes pour r\u00e9agir aux destructions innombrables des grandes puissances en guerre avec les terres qu&rsquo;elles envahissent \u2013 et qui pourtant les encerclent de plus en plus \u00e9troitement en resserrant chaque jour leurs emprises. Chacun a vu des centaines de films de guerre, mais combien de films \u00ab de climat \u00bb ?<br \/>\n<\/span><\/p>\n<p style=\"margin-left: 28pt;\"><span style=\"color: #c00000; font-family: Arial;\">Et c&rsquo;est bien de guerre qu&rsquo;il s&rsquo;agit d\u00e9sormais dans les deux cas, en ce sens pr\u00e9cis, qu&rsquo;il n&rsquo;y a aucun principe sup\u00e9rieur commun, aucun arbitre supr\u00eame, pour en juger les conflits. Il n&rsquo;y en a plus pour contenir la Russie ; il n&rsquo;y en a pas encore pour contenir le climat. La d\u00e9cision ne d\u00e9pend plus que de l&rsquo;issue des conflits.<br \/>\n<\/span><\/p>\n<p style=\"margin-left: 28pt;\"><span style=\"color: #c00000; font-family: Arial;\">Plusieurs journalistes ont introduit l&rsquo;hypoth\u00e8se que la guerre de Poutine marquait la fin d&rsquo;une parenth\u00e8se qu&rsquo;ils appellent la nouvelle \u00ab entre-deux guerre \u00bb. Voil\u00e0, sugg\u00e8rent-ils, \u00e0 partir de f\u00e9vrier 2022, finirait l&rsquo;entre-deux guerres, celle qui avait commenc\u00e9 en 1945, avec la fondation des Nations Unies et l&rsquo;id\u00e9e de paix. Paix virtuelle bien s\u00fbr, projet qui faisait l&rsquo;impasse sur d&rsquo;innombrables conflits, mais qui obligeait quand m\u00eame les imp\u00e9rialistes \u00e0 obtenir de la fragillissime institution des Nations Unies comme un brevet de vertu.<br \/>\n<\/span><\/p>\n<p style=\"margin-left: 28pt;\"><span style=\"color: #c00000; font-family: Arial;\">Or Poutine, pr\u00e9sident d&rsquo;un pays fondateur de cette v\u00e9n\u00e9rable institution, n&rsquo;a m\u00eame pas tent\u00e9 d&rsquo;obtenir un mandat pour envahir l&rsquo;Ukraine (dont il nie d&rsquo;ailleurs l&rsquo;existence, ce qui l&rsquo;autorise \u00e0 tuer ceux que bizarrement il appelle ses fr\u00e8res). Et la Chine l&rsquo;a gravement approuv\u00e9. Fin de cette entre deux guerres qui aurait dur\u00e9 77 ans. Si je suis si terrifi\u00e9, c&rsquo;est que j&rsquo;ai 75 ans, et que ma vie se loge donc exactement dans cette entre-deux guerres. Cette longue illusion sur les conditions de paix perp\u00e9tuelle\u2026 avec toute ma g\u00e9n\u00e9ration, j&rsquo;aurais v\u00e9cu dans un r\u00eave ?<br \/>\n<\/span><\/p>\n<p style=\"margin-left: 28pt;\"><span style=\"color: #c00000; font-family: Arial;\">Trois g\u00e9n\u00e9rations pour oublier l&rsquo;horreur de la Deuxi\u00e8me Guerre mondiale (je commence \u00e0 ne plus savoir comment num\u00e9roter l&rsquo;encha\u00eenement des conflits), ce n&rsquo;est peut-\u00eatre pas si mal apr\u00e8s tout. La pr\u00e9c\u00e9dente, celle de mes parents, n&rsquo;avait dur\u00e9 que 22 ans. L&rsquo;effet de la Grande Guerre n&rsquo;avait pas suffi.<br \/>\n<\/span><\/p>\n<p style=\"margin-left: 28pt;\"><span style=\"color: #c00000; font-family: Arial;\">Mais l&rsquo;autre trag\u00e9die, je ne parviens pas \u00e0 la faire rentrer dans le m\u00eame cadre temporel. L&rsquo;impression de paix a vol\u00e9 pour moi en \u00e9clat d\u00e8s les ann\u00e9es quatre-vingt quand les premiers rapports indiscutables sur l&rsquo;\u00e9tat de la plan\u00e8te commencent \u00e0 \u00eatre syst\u00e9matiquement d\u00e9ni\u00e9s par ceux qui vont devenir les climato-sceptiques.<br \/>\n<\/span><\/p>\n<p style=\"margin-left: 28pt;\"><span style=\"color: #c00000; font-family: Arial;\">Si j&rsquo;avais \u00e0 choisir une date pour fixer la limite de cette autre \u00ab entre-deux guerre \u00bb, 1989 pourrait convenir. La chute de l&rsquo;URSS (dont on dit que c&rsquo;est le drame intime de Poutine quand on veut expliquer sa folie !) marque \u00e0 la fois le maximum d&rsquo;illusions sur la fin de l&rsquo;histoire et le d\u00e9but de cette autre histoire, de cette g\u00e9ohistoire, de ce nouveau r\u00e9gime climatique qui, j&rsquo;en \u00e9tais s\u00fbr, allait ajouter ses conflits \u00e0 tous les autres, sans que je sache en aucune fa\u00e7on comment dessiner leurs lignes de front. Cette entre deux guerres aurait dur\u00e9, quant \u00e0 elle, 45 ans.<br \/>\n<\/span><\/p>\n<p style=\"margin-left: 28pt;\"><span style=\"color: #c00000; font-family: Arial;\">Est-ce une loi de l&rsquo;histoire qu&rsquo;il faille payer quelques d\u00e9cennies de paix relatives par un conflit si terrifiant qu&rsquo;il force tous les protagonistes \u00e0 s&rsquo;entendre, avant que l&rsquo;oubli n&rsquo;en \u00e9mousse l&rsquo;effet ? Mais alors, quels conflits nous faudra-t-il subir avant de pouvoir \u00e0 nouveau tenter de refonder un nouvel id\u00e9al de paix ?<br \/>\n<\/span><\/p>\n<p style=\"margin-left: 28pt;\"><span style=\"color: #c00000; font-family: Arial;\">Je ne sais pas comment tenir \u00e0 la fois les deux trag\u00e9dies. En un certain sens, pourtant, la trag\u00e9die climatique, celle rapport\u00e9e par le dernier rapport du GIEC, encercle bel et bien toutes les autres. Elle est donc en un sens \u00ab mondiale \u00bb, mais dans un tout autre sens de l&rsquo;adjectif avec lequel nous avons pris l&rsquo;habitude en Europe de num\u00e9roter nos guerres (celles des autres, au loin, nous ne les num\u00e9rotons m\u00eame pas\u2026). \u00ab Plan\u00e9taire \u00bb serait un meilleur terme.<br \/>\n<\/span><\/p>\n<p style=\"margin-left: 28pt;\"><span style=\"color: #c00000; font-family: Arial;\">Or c&rsquo;est l\u00e0 le c\u0153ur de mon angoisse, je vois que Poutine donne le dernier coup \u00e0 l&rsquo;ordre issu de la derni\u00e8re guerre \u00ab mondiale \u00bb, mais je ne vois pas \u00e9merger l&rsquo;ordre qui pourrait sortir de la guerre \u00ab plan\u00e9taire \u00bb rapport\u00e9e par le GIEC.<br \/>\n<\/span><\/p>\n<p style=\"margin-left: 28pt;\"><span style=\"color: #c00000; font-family: Arial;\">C&rsquo;est l\u00e0 o\u00f9 il faut faire confiance au monde, \u00e0 la plan\u00e8te, \u00e0 la terre. Croire \u00e0 une autre loi de l&rsquo;histoire, celle par laquelle in\u00e9vitablement, \u00f4 comme je tiens \u00e0 cet adverbe ! in\u00e9vitablement, les conflits actuels peuvent, non, doivent d\u00e9boucher, sur la pr\u00e9paration de l&rsquo;ordre plan\u00e9taire qui pourrait suivre l&rsquo;ordre mondial, si impuissant comme on le voit \u00e0 emp\u00eacher les tanks russes d&rsquo;occuper l&rsquo;Ukraine.\u00a0\u00bb<br \/>\n<\/span><\/p>\n<p><span style=\"color: #777777; font-family: Arial;\">Et il conclut\u00a0:<br \/>\n<\/span><\/p>\n<p style=\"margin-left: 28pt;\"><span style=\"color: #c00000; font-family: Arial;\">\u00ab\u00a0Si je le croyais vraiment, je ne serais pas si angoiss\u00e9 ; si je n&rsquo;y croyais pas vraiment, je n&rsquo;\u00e9crirai pas ce texte.<br \/>\n<\/span><\/p>\n<p style=\"margin-left: 28pt;\"><span style=\"color: #c00000; font-family: Arial;\">La seule chose dont je suis s\u00fbr, absolument s\u00fbr, c&rsquo;est qu&rsquo;il ne faut en aucun cas choisir entre ces deux trag\u00e9dies.\u00a0\u00bb<br \/>\n<\/span><\/p>\n<p><span style=\"color: #777777; font-family: Arial;\">Pendant ce temps j&rsquo;ai entendu que le gouvernement italien bouscul\u00e9 par les sanctions prononc\u00e9es contre la Russie et coinc\u00e9 par sa d\u00e9pendance au gaz russe envisage de &lt;<a href=\"https:\/\/www.lemondedelenergie.com\/mario-draghi-italie-gaz-russie\/2022\/02\/25\/\"><span style=\"color: #0000ff;\">rouvrir des centrales au charbon<\/span><\/a>&gt;.<br \/>\n<\/span><\/p>\n<p><span style=\"color: #777777; font-family: Arial;\">En France, il semble que la grande affaire est le pouvoir d&rsquo;achat\u2026<br \/>\n<\/span><\/p>\n<p><span style=\"color: #777777; font-family: Arial;\">Et pendant ce temps, le gouvernement entend aider les fran\u00e7ais \u00e0 supporter la hausse des tarifs de l&rsquo;\u00e9nergie alors que le candidat Macron veut continuer \u00e0 baisser les imp\u00f4ts.<br \/>\n<\/span><\/p>\n<p><span style=\"color: #777777; font-family: Arial;\"><strong>Raymond Aron<\/strong> disait qu&rsquo;il ne faut pas reprocher aux hommes politiques de poursuivre des objectifs tr\u00e8s ambitieux, mais de constater quand ils font des promesses contradictoires, donc impossible \u00e0 r\u00e9aliser.<br \/>\n<\/span><\/p>\n<p><span style=\"color: #777777; font-family: Arial;\">J&rsquo;ai l&rsquo;intuition que<strong> Jean-Marc Jancovici<\/strong> a raison : pour s&rsquo;en sortir nous autres citoyens des pays riches devront nous serrer s\u00e9rieusement la ceinture, m\u00eame les plus modestes d&rsquo;entre nous.<br \/>\n<\/span><\/p>\n<p><span style=\"color: #777777; font-family: Arial;\">Cette \u00e9volution ne peut se faire dans une soci\u00e9t\u00e9 dans laquelle les in\u00e9galit\u00e9s se creusent et la confiance des gens les uns envers les autres et de tous envers les \u00e9lites se d\u00e9litent. Il faut donc aussi agir sur ces deux points :\u00a0 la r\u00e9duction des in\u00e9galit\u00e9s et l&rsquo;augmentation de la confiance.<br \/>\n<\/span><\/p>\n<p><span style=\"color: maroon; font-family: Arial;\">&lt;1666&gt;<\/span><\/p>\n","protected":false},"excerpt":{"rendered":"<p>\u00ab\u00a0La seule chose dont je suis absolument s\u00fbr, c&rsquo;est qu&rsquo;il ne faut en aucun cas choisir entre ces deux trag\u00e9dies.\u00a0\u00bb Bruno Latour Jeudi 24 f\u00e9vrier 2022, Vladimir Poutine donnait l&rsquo;ordre \u00e0 l&rsquo;arm\u00e9e russe d&rsquo;envahir l&rsquo;Ukraine, en attaquant sur 3 fronts<\/p>\n","protected":false},"author":1,"featured_media":0,"comment_status":"open","ping_status":"closed","sticky":false,"template":"","format":"standard","meta":{"footnotes":""},"categories":[1],"tags":[43,219,3,44],"class_list":["post-13350","post","type-post","status-publish","format-standard","hentry","category-motdujour","tag-ecologie","tag-guerre","tag-politique","tag-rechauffement"],"_links":{"self":[{"href":"https:\/\/lemotdujour.fr\/index.php?rest_route=\/wp\/v2\/posts\/13350","targetHints":{"allow":["GET"]}}],"collection":[{"href":"https:\/\/lemotdujour.fr\/index.php?rest_route=\/wp\/v2\/posts"}],"about":[{"href":"https:\/\/lemotdujour.fr\/index.php?rest_route=\/wp\/v2\/types\/post"}],"author":[{"embeddable":true,"href":"https:\/\/lemotdujour.fr\/index.php?rest_route=\/wp\/v2\/users\/1"}],"replies":[{"embeddable":true,"href":"https:\/\/lemotdujour.fr\/index.php?rest_route=%2Fwp%2Fv2%2Fcomments&post=13350"}],"version-history":[{"count":8,"href":"https:\/\/lemotdujour.fr\/index.php?rest_route=\/wp\/v2\/posts\/13350\/revisions"}],"predecessor-version":[{"id":13705,"href":"https:\/\/lemotdujour.fr\/index.php?rest_route=\/wp\/v2\/posts\/13350\/revisions\/13705"}],"wp:attachment":[{"href":"https:\/\/lemotdujour.fr\/index.php?rest_route=%2Fwp%2Fv2%2Fmedia&parent=13350"}],"wp:term":[{"taxonomy":"category","embeddable":true,"href":"https:\/\/lemotdujour.fr\/index.php?rest_route=%2Fwp%2Fv2%2Fcategories&post=13350"},{"taxonomy":"post_tag","embeddable":true,"href":"https:\/\/lemotdujour.fr\/index.php?rest_route=%2Fwp%2Fv2%2Ftags&post=13350"}],"curies":[{"name":"wp","href":"https:\/\/api.w.org\/{rel}","templated":true}]}}