{"id":13342,"date":"2022-03-09T01:02:00","date_gmt":"2022-03-09T00:02:00","guid":{"rendered":"https:\/\/lemotdujour.fr\/?p=13342"},"modified":"2022-03-08T22:08:25","modified_gmt":"2022-03-08T21:08:25","slug":"mercredi-9-mars-2022","status":"publish","type":"post","link":"https:\/\/lemotdujour.fr\/?p=13342","title":{"rendered":"Mercredi 9 mars 2022"},"content":{"rendered":"<div class=\"mdjTexte\">\u00ab Pause \u00bb<\/div>\n<div class=\"mdjAuteur\">Un jour sans mot du jour nouveau<\/div>\n<p><span style=\"color: #777777; font-family: Arial;\">Il semblerait que Poutine avait tout annonc\u00e9 dans un \u00e9crit.<br \/>\n<\/span><\/p>\n<p><span style=\"color: #777777; font-family: Arial;\"><img loading=\"lazy\" decoding=\"async\" class=\"wp-image-13344 alignleft\" src=\"https:\/\/lemotdujour.fr\/wp-content\/uploads\/2022\/03\/030822_2102_Mercredi9ma1.jpg\" alt=\"\" width=\"467\" height=\"311\" srcset=\"https:\/\/lemotdujour.fr\/wp-content\/uploads\/2022\/03\/030822_2102_Mercredi9ma1.jpg 760w, https:\/\/lemotdujour.fr\/wp-content\/uploads\/2022\/03\/030822_2102_Mercredi9ma1-300x200.jpg 300w\" sizes=\"auto, (max-width: 467px) 100vw, 467px\" \/>Vladimir Poutine a publi\u00e9 un long article, presque un essai (plus de 7000 mots) le 12 juillet 2021\u00a0: \u00ab\u00a0<a href=\"https:\/\/france.mid.ru\/fr\/presse\/russes_ukrainiens\/\"><span style=\"color: #0000ff;\">Sur l&rsquo;unit\u00e9 des Russes et des Ukrainiens<\/span>\u00a0<\/a>\u00bb. On trouve la traduction en fran\u00e7ais, vers laquelle je renvoie, sur le site de l&rsquo;Ambassade de Russie en France.<br \/>\n<\/span><\/p>\n<p><span style=\"color: #777777; font-family: Arial;\">J&rsquo;ai trouv\u00e9 mention de cet article dans l&rsquo;excellente \u00e9mission des matins de France Culture\u00a0: \u00ab<span style=\"color: #0000ff;\">\u00a0<\/span><a href=\"https:\/\/www.franceculture.fr\/emissions\/l-invite-e-des-matins\/comment-poutine-entend-il-soumettre-l-ukraine-avec-gerard-chaliand-et-emmanuel-dreyfus\"><span style=\"color: #0000ff;\">Comment Poutine entend-il soumettre l&rsquo;Ukraine ?<\/span>\u00a0<\/a>\u00bb .<br \/>\n<\/span><\/p>\n<p><span style=\"color: #777777; font-family: Arial;\">Guillaume Erner recevait le g\u00e9opoliticien G\u00e9rard Chaliand et le chercheur sp\u00e9cialiste de la Russie et de l&rsquo;Eurasie \u00e0 l&rsquo;IRSEM, Emmanuel Dreyfus :<br \/>\n<\/span><\/p>\n<p style=\"margin-left: 28pt;\"><span style=\"color: #c00000; font-family: Arial;\">\u00ab\u00a0Le 12 juillet 2021, le Pr\u00e9sident russe publiait un article sur l&rsquo;histoire de l&rsquo;unit\u00e9 des Russes et des Ukrainiens. D&rsquo;un c\u00f4t\u00e9 il livre sa vision de l&rsquo;histoire et d&rsquo;un autre il pr\u00e9sente ses mensonges cyniques sur le fait que jamais les Russes et les Ukrainiens ne seront ennemis. Emmanuel Dreyfus rappelle que la publication de l&rsquo;article s&rsquo;inscrivait d\u00e9j\u00e0 dans un contexte de mont\u00e9e des tensions extr\u00eamement palpables aux fronti\u00e8res orientales de l&rsquo;Ukraine.<br \/>\n<\/span><\/p>\n<p style=\"margin-left: 28pt;\"><span style=\"color: #c00000; font-family: Arial;\">Le renforcement militaire russe qui a constitu\u00e9 le pr\u00e9lude de l&rsquo;intervention actuelle n&rsquo;est pas si r\u00e9cent car il a commenc\u00e9 en avril dernier. Emmanuel Dreyfus pr\u00e9cise que Poutine conclut son article en disant que l&rsquo;Ukraine est un peuple fr\u00e8re, ce qui peut para\u00eetre troublant\u00a0\u00bb<br \/>\n<\/span><\/p>\n<p><span style=\"color: #777777; font-family: Arial;\">&lt;<a href=\"https:\/\/fr.wikipedia.org\/wiki\/De_l%27unit%C3%A9_historique_des_Russes_et_des_Ukrainiens\"><span style=\"color: #0000ff;\">Wikipedia<\/span><\/a>&gt; a m\u00eame consacr\u00e9 un article \u00e0 cette publication dans lequel il est pr\u00e9cis\u00e9 que le texte a \u00e9t\u00e9 mis en ligne sur le site du gouvernement russe en russe, en anglais et en ukrainien et que c&rsquo;est la premi\u00e8re fois qu&rsquo;un document en ukrainien appara\u00eet sur le site du pr\u00e9sident russe<br \/>\n<\/span><\/p>\n<p><span style=\"color: #777777; font-family: Arial;\">Donc si vous voulez lire Poutine dans le texte, c&rsquo;est &lt;<span style=\"color: #0000ff;\"><a style=\"color: #0000ff;\" href=\"https:\/\/france.mid.ru\/fr\/presse\/russes_ukrainiens\/\">Ici<\/a><\/span>&gt;<\/span><\/p>\n<p><span style=\"color: maroon; font-family: Arial;\">&lt;Mot du jour sans num\u00e9ro&gt;<\/span><\/p>\n","protected":false},"excerpt":{"rendered":"<p>\u00ab Pause \u00bb Un jour sans mot du jour nouveau Il semblerait que Poutine avait tout annonc\u00e9 dans un \u00e9crit. Vladimir Poutine a publi\u00e9 un long article, presque un essai (plus de 7000 mots) le 12 juillet 2021\u00a0: \u00ab\u00a0Sur l&rsquo;unit\u00e9<\/p>\n","protected":false},"author":1,"featured_media":0,"comment_status":"open","ping_status":"closed","sticky":false,"template":"","format":"standard","meta":{"footnotes":""},"categories":[1],"tags":[96],"class_list":["post-13342","post","type-post","status-publish","format-standard","hentry","category-motdujour","tag-pause"],"_links":{"self":[{"href":"https:\/\/lemotdujour.fr\/index.php?rest_route=\/wp\/v2\/posts\/13342","targetHints":{"allow":["GET"]}}],"collection":[{"href":"https:\/\/lemotdujour.fr\/index.php?rest_route=\/wp\/v2\/posts"}],"about":[{"href":"https:\/\/lemotdujour.fr\/index.php?rest_route=\/wp\/v2\/types\/post"}],"author":[{"embeddable":true,"href":"https:\/\/lemotdujour.fr\/index.php?rest_route=\/wp\/v2\/users\/1"}],"replies":[{"embeddable":true,"href":"https:\/\/lemotdujour.fr\/index.php?rest_route=%2Fwp%2Fv2%2Fcomments&post=13342"}],"version-history":[{"count":5,"href":"https:\/\/lemotdujour.fr\/index.php?rest_route=\/wp\/v2\/posts\/13342\/revisions"}],"predecessor-version":[{"id":13349,"href":"https:\/\/lemotdujour.fr\/index.php?rest_route=\/wp\/v2\/posts\/13342\/revisions\/13349"}],"wp:attachment":[{"href":"https:\/\/lemotdujour.fr\/index.php?rest_route=%2Fwp%2Fv2%2Fmedia&parent=13342"}],"wp:term":[{"taxonomy":"category","embeddable":true,"href":"https:\/\/lemotdujour.fr\/index.php?rest_route=%2Fwp%2Fv2%2Fcategories&post=13342"},{"taxonomy":"post_tag","embeddable":true,"href":"https:\/\/lemotdujour.fr\/index.php?rest_route=%2Fwp%2Fv2%2Ftags&post=13342"}],"curies":[{"name":"wp","href":"https:\/\/api.w.org\/{rel}","templated":true}]}}