{"id":1334,"date":"2016-05-19T02:00:00","date_gmt":"2016-05-18T22:00:00","guid":{"rendered":"http:\/\/lemotdujour.fr\/?p=1334"},"modified":"2024-03-03T18:37:33","modified_gmt":"2024-03-03T17:37:33","slug":"jeudi-19-mai-2016","status":"publish","type":"post","link":"https:\/\/lemotdujour.fr\/?p=1334","title":{"rendered":"Jeudi 19 mai 2016"},"content":{"rendered":"<div class=\"mdjDate\">Jeudi 19 mai 2016<\/div>\n<div class=\"mdjTexte\">\u00abKing Abdullah Economic City,\u00bb<\/div>\n<div class=\"mdjAuteur\">La ville priv\u00e9e<\/div>\n<p><span style=\"color: #777777; font-family: Arial;\">Nous avons donc compris que les ma\u00eetres de la Silicon Valley voulaient faire dispara\u00eetre la politique et l&rsquo;Etat.<br \/>\n<\/span><\/p>\n<p><span style=\"color: #777777; font-family: Arial;\">C&rsquo;est encore le jeune patron de Facebook, Mark Zuckerberg, qui a annonc\u00e9 un projet urbain baptis\u00e9 \u00ab <a href=\"https:\/\/www.urbanews.fr\/2015\/02\/26\/47978-zee-town-la-ville-facebook\/\"><strong><span style=\"color: #0000ff;\">Zee Town<\/span><\/strong>\u00a0<\/a>\u00bb.<br \/>\n<\/span><\/p>\n<p><span style=\"color: #777777; font-family: Arial;\">Pour un montant estim\u00e9 \u00e0 200 milliards de dollars, le roi des r\u00e9seaux sociaux pr\u00e9voit de construire sur 80 hectares, dans la Silicon Valley, rien de moins qu&rsquo;une ville compl\u00e8te d\u00e9di\u00e9e \u00e0 ses 10.000 salari\u00e9s, avec supermarch\u00e9s, h\u00f4tels, villas et m\u00eame dortoirs pour les stagiaires du groupe.<br \/>\n<\/span><\/p>\n<p><span style=\"color: #777777; font-family: Arial;\">Mais ce n&rsquo;est pas aux Etats-Unis, pas encore peut-\u00eatre, mais dans ce \u00ab\u00a0beau\u00a0?\u00a0\u00bb pays, qui abrite les villes saintes de l&rsquo;Islam, o\u00f9 l&rsquo;alcool est interdit, o\u00f9 les femmes suivent la mode pudique, ce pays o\u00f9 toute autre religion que l&rsquo;Islam est interdite sauf peut-\u00eatre la religion de l&rsquo;argent qu&rsquo;est en train de se b\u00e2tir la premi\u00e8re ville priv\u00e9e du monde\u00a0<strong>: KAEC<\/strong> , <strong>King Abdullah Economic City.<\/strong><br \/>\n<\/span><\/p>\n<p><span style=\"color: #777777; font-family: Arial;\">Il est vrai que dans ce pays \u00ab\u00a0saint\u00a0\u00bb, il est habituel de tout privatiser puisqu&rsquo;ils ont m\u00eame privatis\u00e9 le nom de l&rsquo;Etat qui porte le nom priv\u00e9 de la famille r\u00e9gnante.<br \/>\n<\/span><\/p>\n<p><span style=\"color: #777777; font-family: Arial;\">Mais qu&rsquo;est-ce que KAEC\u00a0?<br \/>\n<\/span><\/p>\n<p><img decoding=\"async\" class=\"alignleft\" src=\"https:\/\/lemotdujour.fr\/wp-content\/uploads\/2024\/03\/030324_1734_Lundixxjanv1.jpg\" alt=\"\" align=\"left\" \/><span style=\"color: #777777; font-family: Arial;\">KAEC n&rsquo;a pas de maire, elle est gouvern\u00e9e par le PDG d&rsquo;Emaar Economic City (EEC), Fahd Al Rasheed, qui juge le mod\u00e8le \u00ab tr\u00e8s bon pour les villes\u00a0\u00bb.<br \/>\n<\/span><\/p>\n<p><span style=\"color: #777777; font-family: Arial;\">\u00ab Par d\u00e9finition, le secteur priv\u00e9 doit cr\u00e9er de la valeur\u00a0: je dois donc vendre plus cher que le co\u00fbt de revient, explique-t-il A l&rsquo;inverse, les politiciens ont parfois du mal \u00e0 cr\u00e9er de la valeur avec les services\u00a0: ils en connaissent le co\u00fbt, mais le prix qu&rsquo;ils facturent \u00e0 leurs administr\u00e9s d\u00e9pend de facteurs politiques. \u00bb<br \/>\n<\/span><\/p>\n<p><span style=\"color: #777777; font-family: Arial;\">A Kaec, les habitants ne paient pas de taxes mais des \u00ab <strong>frais de services<\/strong> \u00bb pour la s\u00e9curit\u00e9, l&rsquo;eau ou la collecte des d\u00e9chets, qui sont sous-trait\u00e9es \u00e0 diff\u00e9rents entrepreneurs.<br \/>\n<\/span><\/p>\n<p style=\"margin-left: 28pt;\"><span style=\"color: #c00000; font-family: Arial;\">\u00ab Les habitants nous payent pour un service, pas pour financer une administration. Et comme ce sont nos clients, ils n&rsquo;h\u00e9sitent pas \u00e0 se plaindre si les services sont mal rendus. Dans ce cas, la ville peut facilement changer de prestataire.\u00a0\u00bb<br \/>\n<\/span><\/p>\n<p><span style=\"color: #777777; font-family: Arial;\">Les concepteurs de ce projet visent pr\u00e8s de 2 millions d&rsquo;habitants, pardon de clients d&rsquo;ici \u00e0 2035<br \/>\n<\/span><\/p>\n<p><span style=\"color: #777777; font-family: Arial;\">Dans le cas de Kaec, un partenariat public-priv\u00e9 a \u00e9t\u00e9 conclu entre le gouvernement saoudien et un groupe immobilier de Duba\u00ef, Emaar Properties.<br \/>\n<\/span><\/p>\n<p><span style=\"color: #777777; font-family: Arial;\">Vous trouverez toutes les informations utiles derri\u00e8re ces liens\u00a0:<br \/>\n<\/span><\/p>\n<p><span style=\"color: #777777; font-family: Arial;\">Dans <strong>le Figaro\u00a0: <\/strong><span style=\"color: blue;\"><span style=\"text-decoration: underline;\">&lt;Kaec, la premi\u00e8re ville cot\u00e9e en Bourse au monde&gt;<\/span><span style=\"color: #777777;\"><br \/>\n<\/span><\/span><\/span><\/p>\n<p><span style=\"color: #777777; font-family: Arial;\">Dans <strong>les Echos\u00a0: <\/strong><span style=\"color: blue;\"><span style=\"text-decoration: underline;\">&lt;Villes priv\u00e9es\u00a0: la nouvelle utopie&gt;<\/span><span style=\"color: #777777;\"><br \/>\n<\/span><\/span><\/span><\/p>\n<p><span style=\"color: #777777; font-family: Arial;\">Et sur un site sp\u00e9cialis\u00e9 en urbanisme\u00a0: <a href=\"https:\/\/www.urbanews.fr\/2015\/04\/02\/48228-kaec-une-ville-100-privee\/\"><span style=\"color: blue; text-decoration: underline;\">&lt;Kaec\u00a0: une ville 100% priv\u00e9e&gt;<\/span><\/a><br \/>\n<\/span><\/p>\n<p><span style=\"color: #777777; font-family: Arial;\"><strong>Une ville priv\u00e9e\u00a0!<br \/>\n<\/strong><\/span><\/p>\n<p><span style=\"color: #777777; font-family: Arial;\">Il est vrai que ville vient du mot latin VILLA qui signifie ferme agricole, domaine rural voir maison de campagne. C&rsquo;est \u00e0 dire, \u00e0 l&rsquo;origine, quelque chose de priv\u00e9e.<br \/>\n<\/span><\/p>\n<p><span style=\"color: #777777; font-family: Arial;\">Le mot VILLA a donn\u00e9 d&rsquo;abord village, comme une communaut\u00e9 de villa puis ville.<br \/>\n<\/span><\/p>\n<p><span style=\"color: #777777; font-family: Arial;\">Le mot vilain vient aussi du latin VILLA car l&rsquo;ancien fran\u00e7ais d\u00e9signait sous le terme de vilain un \u00ab habitant du domaine rural \u00bb, bref un paysan.<br \/>\n<\/span><\/p>\n<p><span style=\"color: #777777; font-family: Arial;\">En latin VILLA ne d\u00e9signait pas la ville\u00a0; Le terme latin pour d\u00e9signer ville est \u00aburbs\u00bb. C&rsquo;est \u00e0 partir de cette racine que nous connaissons urbain, urbanisme, urbanit\u00e9 etc.<br \/>\n<\/span><\/p>\n<p><span style=\"color: #777777; font-family: Arial;\">Lorsqu&rsquo;il \u00e9tait employ\u00e9 avec une majuscule, l&rsquo;Urbs d\u00e9signait alors \u00ab la ville d&rsquo;entre toutes les villes \u00bb, Rome.<br \/>\n<\/span><\/p>\n<p><span style=\"color: #777777; font-family: Arial;\">Ainsi la b\u00e9n\u00e9diction papale le jour de P\u00e2ques est\u00a0: \u00ab <strong>Urbi et Orbi<\/strong> \u00bb, \u00ab \u00c0 Rome et au Monde \u00bb.<br \/>\n<\/span><\/p>\n<p><span style=\"color: #777777; font-family: Arial;\">Mais il y a un autre mot pour d\u00e9signer la r\u00e9alit\u00e9 de la ville\u00a0: En Gr\u00e8ce antique on parlait de la \u00ab <strong>polis<\/strong> \u00bb qui est bien s\u00fbr la racine de \u00ab\u00a0<strong>politique<\/strong>\u00a0\u00bb dont les patrons des technologies num\u00e9riques ne veulent plus.<br \/>\n<\/span><\/p>\n<p><span style=\"color: #777777; font-family: Arial;\">Et dans l&rsquo;\u00e9tymologie latine \u00ab polis \u00bb est devenu \u00ab <strong>civitas <\/strong>\u00bb c&rsquo;est \u00e0 dire une cit\u00e9-\u00c9tat, autrement dit <strong>une communaut\u00e9 de citoyens libres et autonomes<\/strong>.<br \/>\n<\/span><\/p>\n<p><span style=\"color: #777777; font-family: Arial;\">Dans la pens\u00e9e grecque antique, la cit\u00e9 pr\u00e9existe \u00e0 l&rsquo;homme.<br \/>\n<\/span><\/p>\n<p><span style=\"color: #777777; font-family: Arial;\">\u00c0 titre d&rsquo;exemple, la cit\u00e9 d&rsquo;Ath\u00e8nes n&rsquo;existe pas en tant que telle\u00a0: c&rsquo;est la cit\u00e9 des Ath\u00e9niens, tout comme Sparte est la cit\u00e9 des Lac\u00e9d\u00e9moniens.<br \/>\n<\/span><\/p>\n<p><span style=\"color: #777777; font-family: Arial;\">Toutes ces informations sont tir\u00e9es de Wikipedia qui rappelle aussi qu&rsquo;Aristote disait\u00a0:<br \/>\n<\/span><\/p>\n<p style=\"margin-left: 28pt;\"><span style=\"color: #c00000; font-family: Arial;\">\u00ab\u00a0la cit\u00e9 est une communaut\u00e9 \u2014 une koin\u00f4nia \u2014 \u00ab d&rsquo;animaux politiques \u00bb r\u00e9unis par un choix \u2014 proair\u00e9sis \u2014 de vie commune (Politique, 1252 \u2013 1254).\u00a0\u00bb<br \/>\n<\/span><\/p>\n<p><span style=\"color: #777777; font-family: Arial;\">En fran\u00e7ais, ce mot \u00ab <strong>la cit\u00e9<\/strong> \u00bb a aujourd&rsquo;hui mauvaise r\u00e9putation. Ce n&rsquo;est pas tr\u00e8s valorisant de venir de la cit\u00e9<br \/>\n<\/span><\/p>\n<p><span style=\"color: #777777; font-family: Arial;\">Mais le mot cit\u00e9 eut son heure de gloire, il y avait les cit\u00e9s Etat\u00a0: Venise, G\u00eane, il reste la cit\u00e9 du Vatican.<br \/>\n<\/span><\/p>\n<p><span style=\"color: #777777; font-family: Arial;\">Aujourd&rsquo;hui on garde une connotation historique pour certains quartiers ou centres historiques l&rsquo;Ile de la cit\u00e9 \u00e0 Paris ou encore la\u00a0cit\u00e9 de Carcassonne.<br \/>\n<\/span><\/p>\n<p><span style=\"color: #777777; font-family: Arial;\">On utilise aussi ce mot pour d\u00e9signer un ensemble immobilier qui a une fonction particuli\u00e8re\u00a0: La cit\u00e9 universitaire, La cit\u00e9 ouvri\u00e8re ou encore comme un nom commercial \u00ab\u00a0La cit\u00e9 de la gastronomie\u00a0\u00bb ou \u00e0 la Lyon \u00ab\u00a0la cit\u00e9 internationale\u00a0\u00bb.<br \/>\n<\/span><\/p>\n<p><span style=\"color: #777777; font-family: Arial;\">Mais c&rsquo;est bien \u00e0 la racine latine de cit\u00e9 que s&rsquo;attaque la ville priv\u00e9e car si cit\u00e9 vient du latin civitas (\u00ab \u00e9tat de citoyen, droit de cit\u00e9, ensemble des citoyens d&rsquo;une ville, cit\u00e9, nation, \u00c9tat \u00bb), il est surtout apparent\u00e9 \u00e0 civis (\u00ab citoyen \u00bb).<br \/>\n<\/span><\/p>\n<p><span style=\"color: #777777; font-family: Arial;\">Et de citoyen, il n&rsquo;est plus question \u00e0 KAEC\u00a0!<br \/>\n<\/span><\/p>\n<p><span style=\"color: #777777; font-family: Arial;\"><strong>A KAEC n&rsquo;y a plus que des consommateurs\u00a0!<br \/>\n<\/strong><\/span><\/p>\n<p><img loading=\"lazy\" decoding=\"async\" class=\"alignright\" src=\"https:\/\/lemotdujour.fr\/wp-content\/uploads\/2024\/03\/030324_1734_Lundixxjanv2.jpg\" alt=\"\" width=\"555\" height=\"200\" align=\"left\" \/><span style=\"color: #777777; font-family: Arial;\">Il y a bien s\u00fbr des sites saoudiens qui vantent cet objet du futur d\u00e9j\u00e0 pr\u00e9sent\u00a0:<br \/>\n<\/span><\/p>\n<p><span style=\"color: #0000ff;\"><a style=\"color: #0000ff;\" href=\"https:\/\/www.visitsaudi.com\/fr\/see-do\/destinations\/kaec\/kaec-family-fun-in-the-sun\"><span style=\"font-family: Arial;\">https:\/\/www.visitsaudi.com\/fr\/see-do\/destinations\/kaec\/kaec-family-fun-in-the-sun<\/span><\/a><\/span><span style=\"color: #777777; font-family: Arial;\"><br \/>\n<\/span><\/p>\n<p><span style=\"color: #0000ff;\"><a style=\"color: #0000ff;\" href=\"https:\/\/www.arabnews.fr\/node\/Economie\"><span style=\"font-family: Arial;\">https:\/\/www.arabnews.fr\/node\/Economie<\/span><\/a><\/span><span style=\"color: #777777; font-family: Arial;\"><br \/>\n<\/span><\/p>\n<p><span style=\"color: #777777; font-family: Arial;\">Et le site de &lt;<span style=\"color: #0000ff;\"><a style=\"color: #0000ff;\" href=\"https:\/\/www.kaec.net\/\">la ville en anglais<\/a><\/span>&gt;<br \/>\n<\/span><\/p>\n<p><span style=\"color: #c00000; font-family: Arial;\">&lt;704&gt;<\/span><\/p>\n","protected":false},"excerpt":{"rendered":"<p>Jeudi 19 mai 2016 \u00abKing Abdullah Economic City,\u00bb La ville priv\u00e9e Nous avons donc compris que les ma\u00eetres de la Silicon Valley voulaient faire dispara\u00eetre la politique et l&rsquo;Etat. C&rsquo;est encore le jeune patron de Facebook, Mark Zuckerberg, qui a<\/p>\n","protected":false},"author":1,"featured_media":0,"comment_status":"closed","ping_status":"closed","sticky":false,"template":"","format":"standard","meta":{"footnotes":""},"categories":[1],"tags":[204,49,243],"class_list":["post-1334","post","type-post","status-publish","format-standard","hentry","category-motdujour","tag-arabie","tag-futur","tag-urbanisme"],"_links":{"self":[{"href":"https:\/\/lemotdujour.fr\/index.php?rest_route=\/wp\/v2\/posts\/1334","targetHints":{"allow":["GET"]}}],"collection":[{"href":"https:\/\/lemotdujour.fr\/index.php?rest_route=\/wp\/v2\/posts"}],"about":[{"href":"https:\/\/lemotdujour.fr\/index.php?rest_route=\/wp\/v2\/types\/post"}],"author":[{"embeddable":true,"href":"https:\/\/lemotdujour.fr\/index.php?rest_route=\/wp\/v2\/users\/1"}],"replies":[{"embeddable":true,"href":"https:\/\/lemotdujour.fr\/index.php?rest_route=%2Fwp%2Fv2%2Fcomments&post=1334"}],"version-history":[{"count":2,"href":"https:\/\/lemotdujour.fr\/index.php?rest_route=\/wp\/v2\/posts\/1334\/revisions"}],"predecessor-version":[{"id":15412,"href":"https:\/\/lemotdujour.fr\/index.php?rest_route=\/wp\/v2\/posts\/1334\/revisions\/15412"}],"wp:attachment":[{"href":"https:\/\/lemotdujour.fr\/index.php?rest_route=%2Fwp%2Fv2%2Fmedia&parent=1334"}],"wp:term":[{"taxonomy":"category","embeddable":true,"href":"https:\/\/lemotdujour.fr\/index.php?rest_route=%2Fwp%2Fv2%2Fcategories&post=1334"},{"taxonomy":"post_tag","embeddable":true,"href":"https:\/\/lemotdujour.fr\/index.php?rest_route=%2Fwp%2Fv2%2Ftags&post=1334"}],"curies":[{"name":"wp","href":"https:\/\/api.w.org\/{rel}","templated":true}]}}