{"id":1332,"date":"2016-05-18T02:00:00","date_gmt":"2016-05-17T22:00:00","guid":{"rendered":"http:\/\/lemotdujour.fr\/?p=1332"},"modified":"2017-05-08T13:27:39","modified_gmt":"2017-05-08T11:27:39","slug":"mercredi-18-mai-2016","status":"publish","type":"post","link":"https:\/\/lemotdujour.fr\/?p=1332","title":{"rendered":"Mercredi 18 mai 2016"},"content":{"rendered":"<div class=\"mdjDate\">Mercredi 18 mai 2016<\/div>\n<div class=\"mdjTexte\">\u00ab\u00a0Une course \u00e0 mort est engag\u00e9e entre la technologie et la politique.\u00a0\u00bb<\/div>\n<div class=\"mdjAuteur\">Peter Thiel un des fondateurs de Paypal<br \/>Cit\u00e9 par Marc Dugain et Christophe Labb\u00e9 dans leur livre \u00ab\u00a0L\u2019Homme nu\u00a0\u00bb<\/div>\n<div class=\"mdjComplements\">Le romancier Marc Dugain et le journaliste Christophe Labb\u00e9 viennent de faire para\u00eetre, chez Plon, un livre : <a href=\"http:\/\/livre.fnac.com\/a9201329\/Marc-Dugain-L-homme-nu\">\u00ab\u00a0L\u2019Homme nu\u00a0\u00bb<\/a> qui a pour sous-titre\u00a0: \u00ab\u00a0La dictature invisible du num\u00e9rique\u00a0\u00bb<\/div>\n<div class=\"mdjComplements\">Dans cet ouvrage ils expliquent en d\u00e9tail la force des \u00ab\u00a0Big data\u00a0\u00bb dans nos vies aujourd&rsquo;hui et surtout ce que les ma\u00eetres de l&rsquo;internet et des objets connect\u00e9s seront capables de r\u00e9aliser et de diriger demain.<\/div>\n<div class=\"mdjComplements\">Sur le chemin de leurs ambitions, se dresse une structure qui les embarrasse et qu&rsquo;ils qualifient tant\u00f4t d&rsquo;inefficace, tant\u00f4t d&rsquo;archa\u00efque et quelquefois des deux : L&rsquo;Etat.<\/div>\n<div class=\"mdjComplements\">Cette vieille structure qui cr\u00e9e le Droit et la Loi, ces deux concepts qui ont pour ambition de prot\u00e9ger le faible contre le fort. Ce n&rsquo;est pas toujours concluant, mais il suffit de voir ce qui se passe dans des pays dans lesquels l&rsquo;Etat est chancelant, comme la Somalie ou l&rsquo;Irak, dans ce cas plus rien ne prot\u00e8ge le faible.<\/div>\n<div class=\"mdjComplements\">L&rsquo;Etat qui dans nos contr\u00e9es a invent\u00e9 l&rsquo;Etat social ou providence comme le pr\u00e9conisait <a href=\"https:\/\/fr.wikipedia.org\/wiki\/William_Beveridge\">William Beveridge<\/a> dans son c\u00e9l\u00e8bre rapport de 1942.<\/div>\n<div class=\"mdjComplements\">L&rsquo;Etat qui est dirig\u00e9 par la politique, c&rsquo;est \u00e0 dire une assembl\u00e9e de citoyens qui \u00e9lit des parlementaires, donne son avis, choisit entre plusieurs propositions politiques.<\/div>\n<div class=\"mdjComplements\">J&rsquo;ai achet\u00e9 ce livre et je partage avec vous cet extrait que je tire des pages 22 \u00e0 28 : <\/div>\n<div class=\"mdjCiter\"> \u00abDepuis 2010, l\u2019humanit\u00e9 produit autant d\u2019informations en deux jours qu\u2019elle ne l\u2019a fait depuis l\u2019invention de l\u2019\u00e9criture il y a 5300 ans. 98 % de ces informations sont aujourd\u2019hui consign\u00e9s sous forme num\u00e9rique. <\/div>\n<div class=\"mdjCiter\">On assiste \u00e0 une v\u00e9ritable mise en donn\u00e9es du monde. [\u2026]<\/div>\n<div class=\"mdjCiter\">Si 70 % des donn\u00e9es g\u00e9n\u00e9r\u00e9es le sont directement par les individus connect\u00e9s, ce sont des entreprises priv\u00e9es qui les exploitent. C\u2019est ainsi qu\u2019Apple, Microsoft, Google ou Facebook d\u00e9tiennent aujourd\u2019hui 80 % des informations personnelles num\u00e9riques de l\u2019Humanit\u00e9. Ce gisement constitue le nouvel or noir. Rien qu\u2019aux \u00c9tats-Unis, le chiffre d\u2019affaire mondiale de la big data, le terme n\u2019a fait son entr\u00e9e dans le dictionnaire qu\u2019en 2008, s\u2019\u00e9l\u00e8ve \u00e0 8,9 milliards de dollars. En croissance de 40 % par an il devrait d\u00e9passer les 24 milliards en 2016.<\/div>\n<div class=\"mdjCiter\">Les GAFA ont r\u00e9ussi \u00e0 conqu\u00e9rir en une dizaine d\u2019ann\u00e9es l\u2019ensemble du monde num\u00e9rique. Ces \u00ab soci\u00e9t\u00e9s du septi\u00e8me continent \u00bb, comme on les appelle, sont la nouvelle incarnation de l\u2019hyper puissance am\u00e9ricaine. [\u2026]<\/div>\n<div class=\"mdjCiter\">Les GAFA ont construit leur puissance au d\u00e9triment des individus. L\u2019exact inverse de ce qu\u2019elles pr\u00e9tendent. Le PDG de Facebook, Mark Zuckerberg, a ainsi expliqu\u00e9 ou 31 millions d\u2019internautes qui le suivent sur le r\u00e9seau social son coup de c\u0153ur pour<a href=\"http:\/\/www.huffingtonpost.fr\/2015\/01\/06\/the-end-of-power-de-moises-naim-livre-facebook-zuckerberg-club-lecture-year-of-books_n_6421442.html\"><em> The End of Power de Mois\u00e9s Naim<\/em><\/a>. Un livre qui, explique-t-il avec enthousiasme, raconte \u00ab comment le monde change pour donner davantage de pouvoirs aux individus aux d\u00e9pens des grandes organisations comme les gouvernements ou l\u2019arm\u00e9e \u00bb. Selon Zuckerberg, l\u2019individu se lib\u00e8re puisque le v\u00e9ritable pouvoir n&rsquo;est plus centralis\u00e9 entre les mains d\u2019un Etat, mais d\u00e9pend des individus et des liens sociaux qu\u2019ils tissent entre eux, ce que permet de faire notamment Facebook\u2026<\/div>\n<div class=\"mdjCiter\">Le voil\u00e0, l\u2019ennemi : la puissance \u00e9tatique. Pour la plupart des entrepreneurs de la Silicon Valley, l\u2019\u00c9tat dans sa forme actuelle est l\u2019obstacle \u00e0 abattre. Leur crainte ce n\u2019est pas Big Brother, mais Big Father. Patri Friedman, petit-fils du c\u00e9l\u00e8bre \u00e9conomiste lib\u00e9ral Milton Friedman et ancien ing\u00e9nieur chez Google, consid\u00e8re le gouvernement comme \u00ab une industrie inefficace \u00bb et la d\u00e9mocratie comme \u00ab inadapt\u00e9e \u00bb. Il explique \u00e0 qui veut l\u2019entendre que le syst\u00e8me politique actuel est scl\u00e9ros\u00e9, les r\u00e8gles de r\u00e9gulation du commerce de l\u2019usage des donn\u00e9es priv\u00e9es et publiques obsol\u00e8tes, et que tout cela emp\u00eache le progr\u00e8s. Patri Friedman milite en faveur d\u2019une s\u00e9cession des entrepreneurs de la high-tech. En 2008, il a mis sur pied le <a href=\"http:\/\/www.seasteading.org\/\">Seasteading Institude<\/a>, dont l\u2019objectif est de couvrir la plan\u00e8te de \u00ab villes nations flottantes \u00bb \u00e9chappant \u00e0 la souverainet\u00e9 des Etats. Friedman a d\u00e9j\u00e0 lev\u00e9 1,5 millions de dollars aupr\u00e8s du multimilliardaire Peter Thiel, \u00e0 l\u2019origine de PayPal, le leader mondial du paiement en ligne, aujourd\u2019hui principal concurrent du r\u00e9seau des cartes de cr\u00e9dit.\u00a0 Le m\u00eame a d\u00e9clar\u00e9 en avril 2009, sur le site du libertarien think tank Cato Institute, qu\u2019\u00abune course \u00e0 mort \u00e9tait engag\u00e9e entre la technologie et la politique\u00bb. <\/div>\n<div class=\"mdjCiter\">\u00c0 l\u2019automne 2013, quand un conflit sur le budget a forc\u00e9 le gouvernement f\u00e9d\u00e9ral am\u00e9ricain \u00e0 fermer provisoirement une partie de ses services, Peter Thiel a aussit\u00f4t tacl\u00e9 : \u00ab les entreprises transcendent le pouvoir. Si elles ferment,\u00a0le march\u00e9 boursier s\u2019effondre. Si le gouvernement ferme, rien n\u2019arrive, et nous continuons \u00e0 avancer parce que cela n\u2019a pas d\u2019importance. La paralysie du gouvernement est en r\u00e9alit\u00e9 bonne pour nous tous. \u00bb \u00bb<\/div>\n<div class=\"mdjComplements\">Un monde dont on aura retir\u00e9 toute politique pour ne laisser jouer que la loi du march\u00e9 me semble quelque chose d&rsquo;assez proche de la jungle.<\/div>\n<div class=\"mdjComplements\">L<a href=\"http:\/\/www.lepoint.fr\/editos-du-point\/sebastien-le-fol\/le-numerique-va-t-il-tuer-la-democratie-15-04-2016-2032428_1913.php\">\u2019article du Point<\/a> qui pr\u00e9sente ce livre, finit son analyse par ces consid\u00e9rations\u00a0: \u00a0 <\/div>\n<div class=\"mdjComplements\">\u00ab\u00a0Pour les big data, la d\u00e9mocratie est obsol\u00e8te, tout comme ses valeurs universelles. Exit le concept de citoyen invent\u00e9 par les Grecs ! Antoinette Rouvroy, chercheuse en droit de l&rsquo;universit\u00e9 de Namur, estime que ces firmes visent une \u00ab <a href=\"http:\/\/works.bepress.com\/antoinette_rouvroy\/\">gouvernementalit\u00e9 algorithmique<\/a> \u00bb. Un mode de gouvernement in\u00e9dit \u00ab op\u00e9rant par configuration anticipative des possibles plut\u00f4t que par r\u00e9glementation des conduites, et ne s&rsquo;adressant aux individus que par voie d&rsquo;alertes provoquant des r\u00e9flexes plut\u00f4t qu&rsquo;en s&rsquo;appuyant sur leurs capacit\u00e9s d&rsquo;entendement et de volont\u00e9 \u00bb.<\/div>\n<div class=\"mdjComplements\">Le futur configur\u00e9 par les big data risque donc d&rsquo;\u00eatre la d\u00e9clinaison d&rsquo;un mode de soci\u00e9t\u00e9 o\u00f9 Etat-nation et classe politique vont s&rsquo;\u00e9vaporer jusqu&rsquo;\u00e0 dispara\u00eetre. Les d\u00e9mocraties s&rsquo;essoufflent, autant que leur syst\u00e8me de repr\u00e9sentation. Est-ce que voter tous les quatre ou cinq ans aura encore une signification quand, dans quelques ann\u00e9es, les big data seront capables de conna\u00eetre en temps r\u00e9el la r\u00e9action de chaque individu \u00e0 toute proposition sur l&rsquo;organisation collective de la soci\u00e9t\u00e9 ? C&rsquo;est peu probable.\u00a0\u00bb<\/div>\n<div class=\"mdjComplements\">Marc Dugain \u00e9tait l&rsquo;invit\u00e9 de France Inter :<a href=\"http:\/\/www.franceinter.fr\/emission-linvite-du-57-marc-dugain\"> http:\/\/www.franceinter.fr\/emission-linvite-du-57-marc-dugain<\/a><\/div>\n<div class=\"mdjComplements\"><a href=\"http:\/\/www.europe1.fr\/emissions\/le-club-de-la-presse\/europe-soir-le-club-de-la-presse-marc-dugain-130516-2744941\">&lt;Ici, il \u00e9tait l&rsquo;invit\u00e9 du Club de la Presse du 13 mai 2016&gt;<\/a><\/div>\n<div class=\"mdjComplements\"><a href=\"https:\/\/www.youtube.com\/watch?v=KilWa6cCh6k\">&lt;Ici les deux auteurs \u00e9taient les invit\u00e9s de Ruquier sur France 2&gt;<\/a>\u200b<\/div>\n","protected":false},"excerpt":{"rendered":"<p>Mercredi 18 mai 2016 \u00ab\u00a0Une course \u00e0 mort est engag\u00e9e entre la technologie et la politique.\u00a0\u00bb Peter Thiel un des fondateurs de PaypalCit\u00e9 par Marc Dugain et Christophe Labb\u00e9 dans leur livre \u00ab\u00a0L\u2019Homme nu\u00a0\u00bb Le romancier Marc Dugain et le<\/p>\n","protected":false},"author":1,"featured_media":0,"comment_status":"closed","ping_status":"closed","sticky":false,"template":"","format":"standard","meta":{"footnotes":""},"categories":[1],"tags":[],"class_list":["post-1332","post","type-post","status-publish","format-standard","hentry","category-motdujour"],"_links":{"self":[{"href":"https:\/\/lemotdujour.fr\/index.php?rest_route=\/wp\/v2\/posts\/1332","targetHints":{"allow":["GET"]}}],"collection":[{"href":"https:\/\/lemotdujour.fr\/index.php?rest_route=\/wp\/v2\/posts"}],"about":[{"href":"https:\/\/lemotdujour.fr\/index.php?rest_route=\/wp\/v2\/types\/post"}],"author":[{"embeddable":true,"href":"https:\/\/lemotdujour.fr\/index.php?rest_route=\/wp\/v2\/users\/1"}],"replies":[{"embeddable":true,"href":"https:\/\/lemotdujour.fr\/index.php?rest_route=%2Fwp%2Fv2%2Fcomments&post=1332"}],"version-history":[{"count":1,"href":"https:\/\/lemotdujour.fr\/index.php?rest_route=\/wp\/v2\/posts\/1332\/revisions"}],"predecessor-version":[{"id":1333,"href":"https:\/\/lemotdujour.fr\/index.php?rest_route=\/wp\/v2\/posts\/1332\/revisions\/1333"}],"wp:attachment":[{"href":"https:\/\/lemotdujour.fr\/index.php?rest_route=%2Fwp%2Fv2%2Fmedia&parent=1332"}],"wp:term":[{"taxonomy":"category","embeddable":true,"href":"https:\/\/lemotdujour.fr\/index.php?rest_route=%2Fwp%2Fv2%2Fcategories&post=1332"},{"taxonomy":"post_tag","embeddable":true,"href":"https:\/\/lemotdujour.fr\/index.php?rest_route=%2Fwp%2Fv2%2Ftags&post=1332"}],"curies":[{"name":"wp","href":"https:\/\/api.w.org\/{rel}","templated":true}]}}