{"id":13313,"date":"2022-03-07T03:38:00","date_gmt":"2022-03-07T02:38:00","guid":{"rendered":"https:\/\/lemotdujour.fr\/?p=13313"},"modified":"2022-03-06T23:47:41","modified_gmt":"2022-03-06T22:47:41","slug":"lundi-7-mars-2022","status":"publish","type":"post","link":"https:\/\/lemotdujour.fr\/?p=13313","title":{"rendered":"Lundi 7 mars 2022"},"content":{"rendered":"<div class=\"mdjTexte\">\u00ab\u00a0La meilleure preuve qu&rsquo;il voulait la guerre, c&rsquo;est qu&rsquo;il s&rsquo;en d\u00e9fendit\u00a0! \u00bb<\/div>\n<div class=\"mdjAuteur\">Citation que fit Georges Pompidou, lors d&rsquo;une de ses conf\u00e9rences de presse alors qu&rsquo;il \u00e9tait Pr\u00e9sident de la R\u00e9publique (1969-1974)<\/div>\n<p><span style=\"color: #777777; font-family: Arial;\">L&rsquo;\u00e9criture des mots du jour est compliqu\u00e9e en ce moment.<br \/>\n<\/span><\/p>\n<p><span style=\"color: #777777; font-family: Arial;\">Je voudrais parler d&rsquo;autre chose, mais je n&rsquo;y arrive pas, tant mon esprit est occup\u00e9 par ce qui se passe en Europe\u00a0: Une puissance nucl\u00e9aire a attaqu\u00e9 son petit voisin parce qu&rsquo;il pr\u00e9tend qu&rsquo;il le mena\u00e7ait.<br \/>\n<\/span><\/p>\n<p><span style=\"color: #777777; font-family: Arial;\">Alors bien s\u00fbr, il faudrait en revenir \u00e0 l&rsquo;Histoire et m\u00eame l&rsquo;Histoire r\u00e9cente, quand l&rsquo;Union sovi\u00e9tique s&rsquo;est effondr\u00e9e et que la guerre froide s&rsquo;est achev\u00e9e.<br \/>\n<\/span><\/p>\n<p><span style=\"color: #777777; font-family: Arial;\">On pourrait parler des erreurs des occidentaux et de l&rsquo;OTAN, comme le rappelle Hubert Vedrine se r\u00e9f\u00e9rant \u00e0 Henry Kissinger qui a dit que nous avons fait des erreurs et que nous avons mal agi avec la Russie.<br \/>\n<\/span><\/p>\n<p><span style=\"color: #777777; font-family: Arial;\">Mais il n&rsquo;est pas temps de parler de cela, parce que la Russie a attaqu\u00e9 son petit voisin qui ne le mena\u00e7ait pas et qui n&rsquo;appartenait pas \u00e0 l&rsquo;OTAN.<br \/>\n<\/span><\/p>\n<p><span style=\"color: #777777; font-family: Arial;\">Rien ne peut justifier cela\u00a0!<br \/>\n<\/span><\/p>\n<p><span style=\"color: #777777; font-family: Arial;\">L&rsquo;OTAN se serait trop approch\u00e9 de la Russie dit-on ?<\/span><\/p>\n<p><span style=\"color: #777777; font-family: Arial;\">Mais prenons l&rsquo;exemple de la Pologne, ce ne sont pas les \u00c9tats-Unis ou les europ\u00e9ens qui ont oblig\u00e9 la Pologne \u00e0 entrer dans l&rsquo;OTAN, ce sont les polonais qui ont suppli\u00e9 d&rsquo;int\u00e9grer l&rsquo;OTAN.<br \/>\n<\/span><\/p>\n<p><span style=\"color: #777777; font-family: Arial;\">Pourquoi\u00a0?<br \/>\n<\/span><\/p>\n<p><span style=\"color: #777777; font-family: Arial;\">Mais tout simplement parce qu&rsquo;ils connaissent leur Histoire, l&rsquo;Histoire de l&rsquo;Empire russe qui n&rsquo;a pas cess\u00e9 de les envahir, de les soumettre, de les massacrer.<br \/>\n<\/span><\/p>\n<p><span style=\"color: #777777; font-family: Arial;\">C&rsquo;est parce que la Russie qu&rsquo;elle soit l&#8217;empire tsariste ou l&#8217;empire sovi\u00e9tique s&rsquo;est toujours tr\u00e8s mal comport\u00e9e \u00e0 son \u00e9gard.<br \/>\n<\/span><\/p>\n<p><span style=\"color: #777777; font-family: Arial;\">Et paradoxalement, la \u00e9ni\u00e8me invasion russe vers un de ses voisins montre que l&rsquo;Ukraine avait raison de vouloir faire partie de l&rsquo;OTAN pour \u00e9chapper \u00e0 ce sort funeste impos\u00e9 par son immense voisin insatiable.<br \/>\n<\/span><\/p>\n<p><span style=\"color: #777777; font-family: Arial;\">Et justement, les occidentaux n&rsquo;ont pas voulu offrir \u00e0 l&rsquo;Ukraine qui le demandait, la protection de l&rsquo;OTAN, pour ne pas f\u00e2cher leur irascible voisin.<br \/>\n<\/span><\/p>\n<p><span style=\"color: #777777; font-family: Arial;\">Alors oui des erreurs ont pu \u00eatre commise dans le pass\u00e9, mais Poutine raconte des calembredaines, son pays n&rsquo;\u00e9tait pas menac\u00e9.<br \/>\n<\/span><\/p>\n<p><span style=\"color: #777777; font-family: Arial;\">C&rsquo;est son pays qui est mena\u00e7ant et c&rsquo;est pourquoi ses voisins veulent une protection pour ne pas tomber une nouvelle fois sous son joug.<br \/>\n<\/span><\/p>\n<p><span style=\"color: #777777; font-family: Arial;\">Parce que visiblement aucun de ces pays n&rsquo;a le d\u00e9sir d&rsquo;\u00eatre soumis \u00e0 la Russie.<br \/>\n<\/span><\/p>\n<p><span style=\"color: #777777; font-family: Arial;\">Parce qu&rsquo;ils en ont l&rsquo;exp\u00e9rience et que celle-ci n&rsquo;en donne pas l&rsquo;envie.<br \/>\n<\/span><\/p>\n<p><span style=\"color: #777777; font-family: Arial;\">Rien ne justifie l&rsquo;agression ordonn\u00e9e par Vladimir Poutine.<br \/>\n<\/span><\/p>\n<p><span style=\"color: #777777; font-family: Arial;\">Rien, ni les manquements occidentaux, ni l&rsquo;agression injustifi\u00e9e contre l&rsquo;Irak, ni la sombre histoire du renversement de r\u00e9gime en Libye, ni les insuffisances du gouvernement ukrainien, rien ne justifiait cette guerre totale.<br \/>\n<\/span><\/p>\n<p><span style=\"color: #777777; font-family: Arial;\">Il n&rsquo;y a qu&rsquo;une justification \u00e0 cette guerre, c&rsquo;est que Poutine voulait montrer sa puissance et qu&rsquo;il pensait que le moment \u00e9tait propice car Biden est faible, Merkel est partie, le nouveau chancelier est au d\u00e9but de son mandat, La France est en campagne \u00e9lectorale, Boris Johnson est emp\u00eatr\u00e9 dans le Brexit, ses mensonges et ses frasques.<br \/>\n<\/span><\/p>\n<p><span style=\"color: #777777; font-family: Arial;\">Je trouve bien imprudent celles et ceux qui croient que devant un tel personnage, quelques concessions bien pr\u00e9sent\u00e9es auraient pu le contenter.<br \/>\n<\/span><\/p>\n<p><span style=\"color: #777777; font-family: Arial;\">Les concessions auraient certainement entrain\u00e9 chez lui d&rsquo;autres exigences.<br \/>\n<\/span><\/p>\n<p><span style=\"color: #777777; font-family: Arial;\">Toute cette situation me fait penser \u00e0 une conf\u00e9rence de presse de Georges Pompidou, lors de sa pr\u00e9sidence.<br \/>\n<\/span><\/p>\n<p><span style=\"color: #777777; font-family: Arial;\">J&rsquo;\u00e9tais fort jeune alors, mais je m&rsquo;en souviens encore.<br \/>\n<\/span><\/p>\n<p><span style=\"color: #777777; font-family: Arial;\">Je ne me souviens plus de la question mais de la r\u00e9ponse du Pr\u00e9sident\u00a0:<br \/>\n<\/span><\/p>\n<p style=\"margin-left: 28pt;\"><span style=\"color: #c00000; font-family: Arial;\">\u00ab\u00a0La meilleure preuve qu&rsquo;il voulait la guerre, c&rsquo;est qu&rsquo;il s&rsquo;en d\u00e9fendit\u00a0! \u00bb<br \/>\n<\/span><\/p>\n<p><span style=\"color: maroon; font-family: Arial;\">&lt;1664&gt;<\/span><\/p>\n","protected":false},"excerpt":{"rendered":"<p>\u00ab\u00a0La meilleure preuve qu&rsquo;il voulait la guerre, c&rsquo;est qu&rsquo;il s&rsquo;en d\u00e9fendit\u00a0! \u00bb Citation que fit Georges Pompidou, lors d&rsquo;une de ses conf\u00e9rences de presse alors qu&rsquo;il \u00e9tait Pr\u00e9sident de la R\u00e9publique (1969-1974) L&rsquo;\u00e9criture des mots du jour est compliqu\u00e9e en<\/p>\n","protected":false},"author":1,"featured_media":0,"comment_status":"open","ping_status":"closed","sticky":false,"template":"","format":"standard","meta":{"footnotes":""},"categories":[1],"tags":[50,219,78,218],"class_list":["post-13313","post","type-post","status-publish","format-standard","hentry","category-motdujour","tag-europe","tag-guerre","tag-russie","tag-ukraine"],"_links":{"self":[{"href":"https:\/\/lemotdujour.fr\/index.php?rest_route=\/wp\/v2\/posts\/13313","targetHints":{"allow":["GET"]}}],"collection":[{"href":"https:\/\/lemotdujour.fr\/index.php?rest_route=\/wp\/v2\/posts"}],"about":[{"href":"https:\/\/lemotdujour.fr\/index.php?rest_route=\/wp\/v2\/types\/post"}],"author":[{"embeddable":true,"href":"https:\/\/lemotdujour.fr\/index.php?rest_route=\/wp\/v2\/users\/1"}],"replies":[{"embeddable":true,"href":"https:\/\/lemotdujour.fr\/index.php?rest_route=%2Fwp%2Fv2%2Fcomments&post=13313"}],"version-history":[{"count":3,"href":"https:\/\/lemotdujour.fr\/index.php?rest_route=\/wp\/v2\/posts\/13313\/revisions"}],"predecessor-version":[{"id":13317,"href":"https:\/\/lemotdujour.fr\/index.php?rest_route=\/wp\/v2\/posts\/13313\/revisions\/13317"}],"wp:attachment":[{"href":"https:\/\/lemotdujour.fr\/index.php?rest_route=%2Fwp%2Fv2%2Fmedia&parent=13313"}],"wp:term":[{"taxonomy":"category","embeddable":true,"href":"https:\/\/lemotdujour.fr\/index.php?rest_route=%2Fwp%2Fv2%2Fcategories&post=13313"},{"taxonomy":"post_tag","embeddable":true,"href":"https:\/\/lemotdujour.fr\/index.php?rest_route=%2Fwp%2Fv2%2Ftags&post=13313"}],"curies":[{"name":"wp","href":"https:\/\/api.w.org\/{rel}","templated":true}]}}