{"id":1330,"date":"2016-05-17T02:00:00","date_gmt":"2016-05-16T22:00:00","guid":{"rendered":"http:\/\/lemotdujour.fr\/?p=1330"},"modified":"2017-05-08T13:27:38","modified_gmt":"2017-05-08T11:27:38","slug":"mardi-17-mai-2016","status":"publish","type":"post","link":"https:\/\/lemotdujour.fr\/?p=1330","title":{"rendered":"Mardi 17 mai 2016"},"content":{"rendered":"<div class=\"mdjDate\">Mardi 17 mai 2016<\/div>\n<div class=\"mdjTexte\">\u00ab La vie est une trag\u00e9die. R\u00e9aliser des films est la seule distraction que j&rsquo;ai trouv\u00e9e pour la supporter. \u00bb<\/div>\n<div class=\"mdjAuteur\">Woody Allen<\/div>\n<div class=\"mdjComplements\">Le festival de Cannes a commenc\u00e9 le 11 mai et s&rsquo;ach\u00e8vera le 22 mai 2016.<\/div>\n<div class=\"mdjComplements\">Le dernier film de Woody Allen : \u00ab\u00a0Caf\u00e9 Society\u00a0\u00bb a \u00e9t\u00e9 pr\u00e9sent\u00e9, hors comp\u00e9tition.<\/div>\n<div class=\"mdjComplements\">L&rsquo;express a r\u00e9alis\u00e9 une interview du cin\u00e9aste, interview qui a \u00e9t\u00e9 \u00e9voqu\u00e9 dans <a href=\"http:\/\/www.franceinter.fr\/emission-la-revue-de-presse-de-frederic-pommier-la-revue-de-presse-du-samedi-7-mai\">&lt;la revue de presse de Fr\u00e9d\u00e9ric Pommier du samedi 7 mai&gt;<\/a> : <\/div>\n<div class=\"mdjCiter\">\u00abDu film, on dira juste que c&rsquo;est une histoire d&rsquo;amour. L&rsquo;histoire d&rsquo;une femme qui doit choisir entre deux hommes. L&rsquo;un qui lui propose la s\u00e9curit\u00e9, tandis que l&rsquo;autre lui propose plut\u00f4t l&rsquo;aventure. Mais c&rsquo;est aussi l&rsquo;histoire d&rsquo;une famille juive \u00e0 New-York, ville ador\u00e9e du cin\u00e9aste qui s&rsquo;exprime cette semaine dans les colonnes de L&rsquo;EXPRESS. Titre de cet article : \u00ab D\u00e9pressif heureux \u00bb. Vous l&rsquo;avez reconnu ? Il s\u2019agit de Woody Allen\u2026 <\/div>\n<div class=\"mdjCiter\">Woody Allen, dont le nouveau film, Caf\u00e9 Society, fera mercredi l&rsquo;ouverture du Festival de Cannes. Et c&rsquo;est donc \u00e0 cette occasion que St\u00e9phanie Chayet est all\u00e9e le rencontrer, dans l&rsquo;\u00e9crin de son studio f\u00e9tiche new-yorkais. Une belle interview dans laquelle le cin\u00e9aste met \u00e0 mal quelques rumeurs le concernant. Non, il n&rsquo;est pas aussi n\u00e9vros\u00e9 qu&rsquo;on le pense et il a une vie tr\u00e8s normale. Non, il n&rsquo;est pas du tout ce qu&rsquo;on appelle un intello. Chez lui, il boit des bi\u00e8res devant des matchs de foot am\u00e9ricain \u00e0 la t\u00e9l\u00e9. Et \u00e0 l&rsquo;\u00e9cole, d&rsquo;ailleurs, il \u00e9tait tr\u00e8s mauvais \u00e9l\u00e8ve. Il n&rsquo;y a qu&rsquo;en sport qu&rsquo;il parvenait \u00e0 faire des \u00e9tincelles. \u00ab Enfant, explique-t-il sans rire, j&rsquo;\u00e9tais un athl\u00e8te exceptionnel \u00bb.<\/div>\n<div class=\"mdjCiter\">Mais aujourd&rsquo;hui, l\u00e0 o\u00f9 Woody Allen continue de briller, c&rsquo;est avant tout dans le regard qu&rsquo;il porte sur le monde. Un regard corrosif, mais non d\u00e9nu\u00e9 de fac\u00e9tie. Notamment sur la r\u00e9surgence de l&rsquo;antis\u00e9mitisme. \u00ab Les Juifs sont une cible facile car ils sont peu nombreux, dit-il. Mais s&rsquo;il n&rsquo;y avait plus un seul Juif sur terre, on trouverait une autre minorit\u00e9 \u00e0 pers\u00e9cuter. Et si toutes les minorit\u00e9s \u00e9taient \u00e9limin\u00e9es, les bruns se retourneraient contre les blonds, les droitiers contre les gauchers. \u00bb Et le r\u00e9alisateur ajoute, fataliste, que \u00ab l&rsquo;homme n&rsquo;est pas, \u00e0 l&rsquo;\u00e9vidence, la plus noble des esp\u00e8ces \u00bb.<\/div>\n<div class=\"mdjCiter\">Il commente \u00e9galement la politique am\u00e9ricaine&#8230; Il commente et il pronostique l&rsquo;\u00e9chec de Donald Trump, qu&rsquo;il conna\u00eet pour l&rsquo;avoir fait tourner dans C\u00e9l\u00e9brity. \u00ab Il essuiera, pr\u00e9dit-il, la d\u00e9faite la plus cuisante qu&rsquo;un r\u00e9publicain ait jamais connue, et ceci quel que soit son adversaire d\u00e9mocrate : Hillary Clinton, Bernie Sanders ou bien ma m\u00e8re. \u00bb Et tant pis si sa m\u00e8re est morte il y a plus de dix ans.<\/div>\n<div class=\"mdjCiter\">Et puis, bien s\u00fbr, Woody Allen parle de cin\u00e9ma. Un cin\u00e9ma qu\u2019il juge globalement de moins en moins bon. Et pourquoi donc certains de ses films ont-ils nettement plus de succ\u00e8s en France qu&rsquo;aux \u00c9tats-Unis ? \u00ab Ma th\u00e9orie, dit-il, c&rsquo;est qu&rsquo;ils gagnent \u00e0 \u00eatre traduits. Dans une autre langue, les gens, visiblement, ne se rendent pas compte de leurs d\u00e9fauts. \u00bb Et pense-t-il continuer longtemps \u00e0 ce rythme effr\u00e9n\u00e9 d&rsquo;un long-m\u00e9trage par an ? \u00ab Mais que faire d&rsquo;autre ? \u00bb, r\u00e9pond-il. \u00ab La vie est une trag\u00e9die. R\u00e9aliser des films est la seule distraction que j&rsquo;ai trouv\u00e9e pour la supporter. \u00bb<\/div>\n<div class=\"mdjComplements\">L&rsquo;entretien de l&rsquo;Express se trouve derri\u00e8re ce lien et a pour titre : \u00abJ&rsquo;ai un public de d\u00e9prim\u00e9s fid\u00e8les (mais il faut \u00eatre abonn\u00e9)\u00bb :<a href=\"http:\/\/www.lexpress.fr\/culture\/cinema\/woody-allen-j-ai-un-public-de-deprimes-fideles_1788603.html&quot; \\t &quot;_blank\"> http:\/\/www.lexpress.fr\/culture\/cinema\/woody-allen-j-ai-un-public-de-deprimes-fideles_1788603.html<\/a><\/div>\n<div class=\"mdjComplements\">J&rsquo;adore Woody Allen, mais je ne suis pas d\u00e9prim\u00e9, il est possible d&rsquo;aimer Woody Allen sans \u00eatre d\u00e9prim\u00e9\u200b<\/div>\n","protected":false},"excerpt":{"rendered":"<p>Mardi 17 mai 2016 \u00ab La vie est une trag\u00e9die. R\u00e9aliser des films est la seule distraction que j&rsquo;ai trouv\u00e9e pour la supporter. \u00bb Woody Allen Le festival de Cannes a commenc\u00e9 le 11 mai et s&rsquo;ach\u00e8vera le 22 mai<\/p>\n","protected":false},"author":1,"featured_media":0,"comment_status":"closed","ping_status":"closed","sticky":false,"template":"","format":"standard","meta":{"footnotes":""},"categories":[1],"tags":[],"class_list":["post-1330","post","type-post","status-publish","format-standard","hentry","category-motdujour"],"_links":{"self":[{"href":"https:\/\/lemotdujour.fr\/index.php?rest_route=\/wp\/v2\/posts\/1330","targetHints":{"allow":["GET"]}}],"collection":[{"href":"https:\/\/lemotdujour.fr\/index.php?rest_route=\/wp\/v2\/posts"}],"about":[{"href":"https:\/\/lemotdujour.fr\/index.php?rest_route=\/wp\/v2\/types\/post"}],"author":[{"embeddable":true,"href":"https:\/\/lemotdujour.fr\/index.php?rest_route=\/wp\/v2\/users\/1"}],"replies":[{"embeddable":true,"href":"https:\/\/lemotdujour.fr\/index.php?rest_route=%2Fwp%2Fv2%2Fcomments&post=1330"}],"version-history":[{"count":1,"href":"https:\/\/lemotdujour.fr\/index.php?rest_route=\/wp\/v2\/posts\/1330\/revisions"}],"predecessor-version":[{"id":1331,"href":"https:\/\/lemotdujour.fr\/index.php?rest_route=\/wp\/v2\/posts\/1330\/revisions\/1331"}],"wp:attachment":[{"href":"https:\/\/lemotdujour.fr\/index.php?rest_route=%2Fwp%2Fv2%2Fmedia&parent=1330"}],"wp:term":[{"taxonomy":"category","embeddable":true,"href":"https:\/\/lemotdujour.fr\/index.php?rest_route=%2Fwp%2Fv2%2Fcategories&post=1330"},{"taxonomy":"post_tag","embeddable":true,"href":"https:\/\/lemotdujour.fr\/index.php?rest_route=%2Fwp%2Fv2%2Ftags&post=1330"}],"curies":[{"name":"wp","href":"https:\/\/api.w.org\/{rel}","templated":true}]}}