{"id":13292,"date":"2022-03-04T00:36:00","date_gmt":"2022-03-03T23:36:00","guid":{"rendered":"https:\/\/lemotdujour.fr\/?p=13292"},"modified":"2022-03-04T01:44:17","modified_gmt":"2022-03-04T00:44:17","slug":"vendredi-4-mars-2022","status":"publish","type":"post","link":"https:\/\/lemotdujour.fr\/?p=13292","title":{"rendered":"Vendredi 4 mars 2022"},"content":{"rendered":"<div class=\"mdjTexte\">\u00ab Babi Yar \u00bb<\/div>\n<div class=\"mdjAuteur\">Po\u00e8me de Evgueni Evtouchenko mis en musique par Dimitri Chostakovitch (13<sup>\u00e8me<\/sup> symphonie)<\/div>\n<p><span style=\"color: #777777;\"><span style=\"font-family: Arial;\">Finalement le m\u00e9morial de Babi Yar<span style=\"color: #0000ff;\"><a style=\"color: #0000ff;\" href=\"https:\/\/www.liberation.fr\/checknews\/le-memorial-juif-de-babi-yar-a-t-il-ete-detruit-par-bombardement-russe-a-kyiv-20220302_C4UJ3NZLO5CK3M7ZBBXCI3P2JM\/?redirected=1&amp;redirected=1\" target=\"_blank\" rel=\"noopener\"> n&rsquo;a pas \u00e9t\u00e9 touch\u00e9<\/a><\/span><span style=\"color: blue;\"> <span style=\"color: #777777;\">par le bombardement russe qui a endommag\u00e9 la tour de la t\u00e9l\u00e9vision de Kiev.<\/span><\/span><\/span><br \/>\n<\/span><\/p>\n<p><span style=\"color: #777777; font-family: Arial;\">Car une tour de t\u00e9l\u00e9vision a \u00e9t\u00e9 \u00e9rig\u00e9 \u00e0 c\u00f4t\u00e9 de <strong>Babi Yar<\/strong>, ou Babyn Yar en ukrainien et qui signifie \u00ab <strong>ravin des vieilles femmes<\/strong> \u00bb.<\/span><\/p>\n<p><span style=\"color: #777777; font-family: Arial;\">Dans un article publi\u00e9 sur le site de \u00ab\u00a0<a href=\"https:\/\/www.sciencespo.fr\/mass-violence-war-massacre-resistance\/fr\/document\/babi-yar-texte-en-langue-frana-aise.html\" target=\"_blank\" rel=\"noopener\"><span style=\"color: #0000ff;\">Science Po\u00a0<\/span><\/a>\u00bb qui raconte ce qui s&rsquo;est pass\u00e9 en ce lieu, il y a un peu plus de 80 ans, on lit\u00a0:<\/span><\/p>\n<p style=\"margin-left: 28pt;\"><span style=\"color: #c00000; font-family: Arial;\">\u00ab\u00a0Pendant des si\u00e8cles, ce nom n&rsquo;a d\u00e9sign\u00e9 qu&rsquo;une des petites vall\u00e9es escarp\u00e9es situ\u00e9es juste au nord-ouest de Kiev (Kyiv), opposant un obstacle naturel aux envahisseurs. Cette formation g\u00e9ologique consistait en neuf \u00e9perons rocheux se dirigeant vers l&rsquo;est et l&rsquo;ouest sur environ un kilom\u00e8tre et pr\u00e9sentant des versants abrupts d&rsquo;une dizaine de m\u00e8tres de d\u00e9nivel\u00e9e.\u00a0\u00bb<\/span><\/p>\n<p><span style=\"color: #777777; font-family: Arial;\">Babi Yar qui se situe donc \u00e0 Kiev, est le lieu du plus grand massacre par balles, men\u00e9 par les Einsatzgruppen allemands en URSS.<\/span><\/p>\n<p><span style=\"color: #777777; font-family: Arial;\">En 36 heures, <strong>33 771 Juifs<\/strong> furent assassin\u00e9s par les nazis <strong>les 29 et 30 septembre 1941<\/strong> aux abords du ravin de Babi Yar \u00e0 Kiev.<\/span><\/p>\n<p><span style=\"color: #777777; font-family: Arial;\">Pr\u00e8s de mille \u00eates humains massacr\u00e9s chaque heure !<br \/>\n<\/span><\/p>\n<p><span style=\"color: #777777; font-family: Arial;\">En Ukraine 1 millions et demi de juifs seront assassin\u00e9s dont 80 % par la shoah par balle.<\/span><\/p>\n<p><span style=\"color: #777777; font-family: Arial;\">&lt;<a href=\"https:\/\/www.france24.com\/fr\/europe\/20210929-babi-yar-le-premier-grand-massacre-de-la-shoah-par-balles\" target=\"_blank\" rel=\"noopener\"><span style=\"color: #0000ff;\">Cette page de France 24<\/span><\/a>&gt; publi\u00e9 en septembre 2021, pour la comm\u00e9moration des 80 ans de ce crime, \u00e9voque le massacre ainsi que le site m\u00e9moriel qui existe aujourd&rsquo;hui.<\/span><\/p>\n<p><span style=\"color: #777777; font-family: Arial;\">En 1961, il n&rsquo;y avait de monument \u00e0 Babi Yar.<\/span><\/p>\n<p><span style=\"color: #777777; font-family: Arial;\">&lt;<a href=\"https:\/\/fr.wikipedia.org\/wiki\/Massacre_de_Babi_Yar\" target=\"_blank\" rel=\"noopener\"><span style=\"color: #0000ff;\">Wikipedia<\/span><\/a>&gt; qui d\u00e9crit aussi de mani\u00e8re d\u00e9taill\u00e9e cette plaie ouverte dans notre humanit\u00e9 rapporte\u00a0:<\/span><\/p>\n<p style=\"margin-left: 28pt;\"><span style=\"color: #c00000; font-family: Arial;\">\u00ab\u00a0Les autorit\u00e9s sovi\u00e9tiques pr\u00e9f\u00e8rent occulter le caract\u00e8re antis\u00e9mite de cette action ; apr\u00e8s la lib\u00e9ration de Kiev le 6 novembre 1943, les victimes juives sont pr\u00e9sent\u00e9es comme des \u00ab citoyens sovi\u00e9tiques pacifiques \u00bb que l&rsquo;on a assassin\u00e9s. Dans l&rsquo;URSS de Staline et de Khrouchtchev, la singularit\u00e9 de la souffrance juive ou arm\u00e9nienne doit \u00eatre gomm\u00e9e, noy\u00e9e dans un v\u00e9cu partag\u00e9 avec la totalit\u00e9 du peuple sovi\u00e9tique. Il existe donc peu de t\u00e9moignages et de m\u00e9moires de ce massacre \u00e0 la suite de la vague d&rsquo;antis\u00e9mitisme et de censure que fit d\u00e9ferler Staline d\u00e8s 1948, la m\u00e9moire de l&rsquo;an\u00e9antissement des Juifs officiellement effac\u00e9e devint un th\u00e8me tabou jusqu&rsquo;\u00e0 la Perestro\u00efka. [\u2026]<br \/>\n<\/span><span style=\"color: #c00000; font-family: Arial;\">Du temps de l&rsquo;URSS, les rares monuments \u00e9voquaient des crimes contre les citoyens sovi\u00e9tiques. D&rsquo;ailleurs, il a fallu attendre le po\u00e8me d&rsquo;Evgueni Evtouchenko en 1961 pour que ce massacre sorte de l&rsquo;oubli.\u00a0\u00bb<\/span><\/p>\n<p><span style=\"color: #777777; font-family: Arial;\">Ce mot du jour va surtout parler du po\u00e8me <strong>d&rsquo;Evgueni Evtouchenko<\/strong> et de sa mise en musique par <strong>Dimitri Chostakovitch<\/strong>.<\/span><\/p>\n<p><span style=\"color: #777777; font-family: Arial;\">Evgueni Evtouchenko, n\u00e9 en 1932 pr\u00e8s d&rsquo;Irkoutsk en Russie est mort en 2017 aux \u00c9tats-Unis. C&rsquo;est un po\u00e8te russe, qui fut aussi acteur, photographe et r\u00e9alisateur de cin\u00e9ma.<br \/>\n<\/span><\/p>\n<p><span style=\"color: #777777; font-family: Arial;\">&lt;<a href=\"https:\/\/fr.wikipedia.org\/wiki\/Evgueni_Evtouchenko\"><span style=\"color: #0000ff;\">Wikipedia<\/span><\/a>&gt; le pr\u00e9sente ainsi\u00a0:<br \/>\n<\/span><\/p>\n<p style=\"margin-left: 28pt;\"><span style=\"color: #c00000; font-family: Arial;\">\u00ab\u00a0Repr\u00e9sentant embl\u00e9matique de la g\u00e9n\u00e9ration du d\u00e9gel intellectuel apr\u00e8s la mort de Staline, il fut l&rsquo;une des premi\u00e8res voix humanistes \u00e0 s&rsquo;\u00e9lever en Union sovi\u00e9tique pour d\u00e9fendre la libert\u00e9 individuelle.\u00a0\u00bb<br \/>\n<\/span><\/p>\n<p><span style=\"color: #777777; font-family: Arial;\">En 1961, <strong>Evtouchenko<\/strong> n&rsquo;avait pas encore 30 ans. C&rsquo;est un ami qui l&rsquo;a emmen\u00e9 \u00e0 Babi Yar\u00a0:<br \/>\n<\/span><\/p>\n<p style=\"margin-left: 28pt;\"><span style=\"color: #c00000; font-family: Arial;\">\u00ab Mon ami m&rsquo;a conduit de haut en bas de ces ravins, collines et ruisseaux o\u00f9, \u00e0 l&rsquo;\u00e9poque, il \u00e9tait encore possible de trouver des os humains \u00bb,<br \/>\n<\/span><\/p>\n<p><span style=\"color: #777777; font-family: Arial;\">L&rsquo;histoire de ce qui s&rsquo;\u00e9tait pass\u00e9 \u00e0 Babi Yar en septembre 1941 n&rsquo;\u00e9tait pas bien connue ; ce n&rsquo;est que ce jour-l\u00e0 qu&rsquo;Evtouchenko a pris connaissance des dizaines de milliers de Juifs que les nazis avaient tu\u00e9s.<br \/>\n<\/span><\/p>\n<p><span style=\"color: #777777; font-family: Arial;\">Evtouchenko \u00e9tait abattu. Il a remarqu\u00e9 qu&rsquo;il n&rsquo;y avait pas de m\u00e9morial, aucun rep\u00e8re racontant cette histoire, datant cette ex\u00e9cution de masse inimaginable ou identifiant les morts. Le lendemain, assis seul dans sa chambre d&rsquo;h\u00f4tel, il a \u00e9crit un po\u00e8me intitul\u00e9 \u00ab <strong>Babi Yar<\/strong> \u00bb sur des bouts de papier.<br \/>\n<\/span><\/p>\n<p><span style=\"color: #777777; font-family: Arial;\">Le po\u00e8me fut publi\u00e9 en septembre 1961 dans Literaturnaya Gazeta, suscitant l&rsquo;indignation g\u00e9n\u00e9rale. Evtouchenko a re\u00e7u d&rsquo;innombrables t\u00e9l\u00e9grammes et lettres de protestation de toute la Russie dans la mesure o\u00f9 il s&rsquo;agissait du premier po\u00e8me paru dans la presse sovi\u00e9tique d\u00e9non\u00e7ant un antis\u00e9mitisme durable et confrontant l&rsquo;un des moments les plus sombres du pays.<br \/>\n<\/span><\/p>\n<p><img loading=\"lazy\" decoding=\"async\" class=\"wp-image-13309 alignleft\" src=\"https:\/\/lemotdujour.fr\/wp-content\/uploads\/2022\/03\/dmitry_shostakovich.jpg\" alt=\"\" width=\"405\" height=\"475\" srcset=\"https:\/\/lemotdujour.fr\/wp-content\/uploads\/2022\/03\/dmitry_shostakovich.jpg 429w, https:\/\/lemotdujour.fr\/wp-content\/uploads\/2022\/03\/dmitry_shostakovich-256x300.jpg 256w\" sizes=\"auto, (max-width: 405px) 100vw, 405px\" \/><\/p>\n<p><span style=\"color: #777777; font-family: Arial;\">Un jour, au d\u00e9but de 1962, Evtouchenko a re\u00e7u un appel de Chostakovitch (\u00e0 qui il n&rsquo;avait encore jamais parl\u00e9) lui demandant la permission de mettre \u00ab Babi Yar \u00bb en musique.<br \/>\n<\/span><\/p>\n<p><span style=\"color: #777777; font-family: Arial;\">Il a accept\u00e9 l&rsquo;offre de ce musicien plus \u00e2g\u00e9 et qu&rsquo;il admirait.<br \/>\n<\/span><\/p>\n<p><span style=\"color: #777777; font-family: Arial;\">Chostakovitch a alors avou\u00e9 que la partition \u00e9tait d\u00e9j\u00e0 termin\u00e9e et il lui a demand\u00e9 de se rendre imm\u00e9diatement chez lui.<br \/>\n<\/span><\/p>\n<p><span style=\"color: #777777; font-family: Arial;\">Evtouchenko a \u00e9cout\u00e9 le compositeur jouer sa partition au piano, chantant ses m\u00e9lodies incantatoires d&rsquo;une voix hant\u00e9e et \u00e9raill\u00e9e.<br \/>\n<\/span><\/p>\n<p><span style=\"color: #777777; font-family: Arial;\">Quand il est arriv\u00e9 au vers \u00ab <span style=\"color: #c00000;\">J&rsquo;ai l&rsquo;impression d&rsquo;\u00eatre Anne Frank<span style=\"color: #777777;\"> \u00bb, Chostakovitch pleurait. La musique qu&rsquo;Evtouchenko a entendue ce jour-l\u00e0 capturait ce qu&rsquo;il imaginait en \u00e9crivant ces mots :<br \/>\n<\/span><\/span><\/span><\/p>\n<p style=\"margin-left: 28pt;\"><span style=\"color: #c00000; font-family: Arial;\">\u00ab Ce fut une exp\u00e9rience extraordinaire, \u00e9trange. Gr\u00e2ce \u00e0 un aper\u00e7u t\u00e9l\u00e9pathique magique [Chostakovitch] semblait avoir tir\u00e9 la m\u00e9lodie de moi et l&rsquo;avoir enregistr\u00e9e en notations musicales&#8230;. Sa musique a rendu le po\u00e8me plus important, plus significatif, plus puissant. Bref, c&rsquo;\u00e9tait devenu un bien meilleur po\u00e8me. \u00bb<br \/>\n<\/span><\/p>\n<p><span style=\"color: #777777; font-family: Arial;\">Ni l&rsquo;un, ni l&rsquo;autre \u00e9tait juif, mais l&rsquo;antis\u00e9mitisme, tr\u00e8s pr\u00e9sent en Russie, les r\u00e9vulsait tous deux.<br \/>\n<\/span><\/p>\n<p><span style=\"color: #777777; font-family: Arial;\">En mars 1962, Chostakovitch a con\u00e7u le po\u00e8me comme une pi\u00e8ce en un mouvement pour voix basse, ch\u0153ur d&rsquo;hommes et orchestre.<br \/>\n<\/span><\/p>\n<p><span style=\"color: #777777; font-family: Arial;\">C&rsquo;est par cette \u0153uvre bouleversante, saisissante que je suis entr\u00e9 dans le monde de <strong>Chostakovitch<\/strong> et que j&rsquo;ai compris qu&rsquo;il s&rsquo;agissait d&rsquo;un des plus grands compositeurs de l&rsquo;Histoire.<br \/>\n<\/span><\/p>\n<p><span style=\"color: #777777; font-family: Arial;\">C&rsquo;est aussi avec cette \u0153uvre que j&rsquo;ai appris l&rsquo;existence de <strong>Babi Yar<\/strong> et de ce qui s&rsquo;y \u00e9tait pass\u00e9.<br \/>\n<\/span><\/p>\n<p><span style=\"color: #777777; font-family: Arial;\">Cette musique sera le premier mouvement de sa symphonie N\u00b0 13 qui portera le nom du po\u00e8me \u00ab\u00a0<strong>Babi Yar<\/strong>\u00a0\u00bb.<br \/>\n<\/span><\/p>\n<p><span style=\"color: #777777; font-family: Arial;\">C&rsquo;est encore l&rsquo;Art, la puissance du texte et la pulsation de la musique qui permet le mieux de d\u00e9crire cette chose innommable, inconcevable, inracontable.<br \/>\n<\/span><\/p>\n<p><span style=\"color: #777777; font-family: Arial;\">La symphonie 13 fut compl\u00e9t\u00e9e par d&rsquo;autres po\u00e8mes d&rsquo;Evtouchenko<br \/>\n<\/span><\/p>\n<p><span style=\"color: #777777; font-family: Arial;\">Mais c&rsquo;est le premier mouvement qui va soulever les plus grandes difficult\u00e9s, en raison du po\u00e8me.<br \/>\n<\/span><\/p>\n<p><span style=\"color: #777777; font-family: Arial;\">J&rsquo;ai appris que m\u00eame le grand chef et ami de Chostakovitch, <strong>Evgueni Mravinski, <\/strong>le seul sur terre que Karajan admettait \u00eatre de son rang, n&rsquo;a pas accept\u00e9 d&rsquo;assurer la premi\u00e8re de cette \u0153uvre qui fut finalement cr\u00e9\u00e9 par <strong>Kirill Kondrachine<\/strong>.<br \/>\n<\/span><\/p>\n<p><span style=\"color: #777777; font-family: Arial;\"><img loading=\"lazy\" decoding=\"async\" class=\" wp-image-13307 alignright\" src=\"https:\/\/lemotdujour.fr\/wp-content\/uploads\/2022\/03\/Evgenii-Aleksandrovitch-Evtouchenko_6246.jpeg\" alt=\"\" width=\"345\" height=\"422\" srcset=\"https:\/\/lemotdujour.fr\/wp-content\/uploads\/2022\/03\/Evgenii-Aleksandrovitch-Evtouchenko_6246.jpeg 491w, https:\/\/lemotdujour.fr\/wp-content\/uploads\/2022\/03\/Evgenii-Aleksandrovitch-Evtouchenko_6246-246x300.jpeg 246w\" sizes=\"auto, (max-width: 345px) 100vw, 345px\" \/>Avant la cr\u00e9ation de la symphonie, Evtouchenko \u00e9tait sous le feu de fr\u00e9quentes et violentes attaques pour avoir laiss\u00e9 entendre que seules des victimes juives \u00e9taient mortes \u00e0 Babi Yar et que l&rsquo;antis\u00e9mitisme persistait en Union sovi\u00e9tique.<br \/>\n<\/span><\/p>\n<p><span style=\"color: #777777; font-family: Arial;\">A l&rsquo;\u00e9poque le secr\u00e9taire g\u00e9n\u00e9ral du Parti Communiste \u00e9tait Nikita Khrouchtchev. Lors d&rsquo;une r\u00e9ception au Kremlin, Khrouchtchev s&rsquo;est lanc\u00e9 dans une diatribe, disant \u00e0 Evtouchenko qu&rsquo;il avait tort d&rsquo;avoir soulev\u00e9 la question de Babi Yar et que la musique \u00e9crite par Chostakovitch n&rsquo;\u00e9tait rien d&rsquo;autre que du jazz qui lui donnait mal au ventre.<br \/>\n<\/span><\/p>\n<p><span style=\"color: #777777; font-family: Arial;\">Apr\u00e8s le remplacement, en derni\u00e8re minute, de la basse qui a refus\u00e9 de chanter, la premi\u00e8re eut finalement lieu.<br \/>\n<\/span><\/p>\n<p><span style=\"color: #777777; font-family: Arial;\">La loge officielle du gouvernement est rest\u00e9e vide tout au long du spectacle.<br \/>\n<\/span><\/p>\n<p><span style=\"color: #777777; font-family: Arial;\">Le livret du programme ne comprenait pas les textes d&rsquo;Evtouchenko<br \/>\n<\/span><\/p>\n<p><span style=\"color: #777777; font-family: Arial;\">La totalit\u00e9 de la place \u00e0 l&rsquo;ext\u00e9rieur du grand hall du Conservatoire de Moscou a \u00e9t\u00e9 boucl\u00e9e par la police et un plan de t\u00e9l\u00e9diffusion du concert a \u00e9t\u00e9 abandonn\u00e9.<br \/>\n<\/span><\/p>\n<p><span style=\"color: #777777; font-family: Arial;\">La Pravda ne publia aucun article sur le concert, signalant juste le concert par une phrase dans une rubrique de br\u00e8ves.<br \/>\n<\/span><\/p>\n<p><span style=\"color: #777777; font-family: Arial;\">Finalement, les autorit\u00e9s russes oblig\u00e8rent les deux artistes \u00e0 modifier le po\u00e8me pour pouvoir continuer \u00e0 jouer la symphonie. <\/span><span style=\"color: #777777; font-family: Arial;\">Aujourd&rsquo;hui, la symphonie se joue avec le po\u00e8me originel.<br \/>\n<\/span><\/p>\n<p><img loading=\"lazy\" decoding=\"async\" class=\"\" src=\"https:\/\/lemotdujour.fr\/wp-content\/uploads\/2022\/03\/030322_2348_Vendredi4ma1.png\" alt=\"\" width=\"334\" height=\"373\" align=\"left\" \/><span style=\"color: #777777; font-family: Arial;\">Chostakovitch a dit :<br \/>\n<\/span><\/p>\n<p style=\"margin-left: 28pt;\"><span style=\"color: #c00000; font-family: Arial;\">\u00ab\u00a0Les gens savaient ce qu&rsquo;il [s&rsquo;\u00e9tait produit \u00e0 Babi Yar, m\u00eame avant le po\u00e8me de Evtouchenko, mais ils ont d\u00e9cid\u00e9 de se taire. Le texte de cette symphonie a bris\u00e9 le silence. L&rsquo;art d\u00e9truit le silence\u00a0\u00bb<br \/>\n<\/span><\/p>\n<p><span style=\"color: #777777; font-family: Arial;\"><strong>L&rsquo;Art d\u00e9truit le silence !<\/strong><br \/>\n<\/span><\/p>\n<p><span style=\"color: #777777; font-family: Arial;\">J&rsquo;ai pu r\u00e9v\u00e9ler tous ces d\u00e9tails gr\u00e2ce \u00e0 <strong>Phillip Huscher<\/strong> qui est musicologue et qui annote les programmes du Chicago Symphony Orchestra.<br \/>\n<\/span><\/p>\n<p><span style=\"color: #777777; font-family: Arial;\">Voici le po\u00e8me de Evgueni Evtouchenko\u00a0:<br \/>\n<\/span><\/p>\n<p style=\"margin-left: 28pt;\"><span style=\"color: #c00000; font-family: Arial;\">\u00ab\u00a0Au-dessus de Babi Yar, il n&rsquo;y a pas de monument :<br \/>\n<\/span><span style=\"color: #c00000; font-family: Arial;\">L&rsquo;escarpement est comme une grosse pierre tombale.<br \/>\n<\/span><span style=\"color: #c00000; font-family: Arial;\">J&rsquo;ai peur,<br \/>\n<\/span><\/p>\n<p style=\"margin-left: 28pt;\"><span style=\"color: #c00000; font-family: Arial;\">Aujourd&rsquo;hui je me sens<br \/>\n<\/span><span style=\"color: #c00000; font-family: Arial;\">Aussi ancien que le peuple juif.<br \/>\n<\/span><span style=\"color: #c00000; font-family: Arial;\">Je me sens comme si . . . me voil\u00e0 Juif.<br \/>\n<\/span><\/p>\n<p style=\"margin-left: 28pt;\"><span style=\"color: #c00000; font-family: Arial;\">Me voil\u00e0 errant dans l&rsquo;Egypte ancienne.<br \/>\n<\/span><span style=\"color: #c00000; font-family: Arial;\">Et me voil\u00e0 pendu sur la croix, mourant,<br \/>\n<\/span><span style=\"color: #c00000; font-family: Arial;\">Et je porte encore la marque des clous.<br \/>\n<\/span><\/p>\n<p style=\"margin-left: 28pt;\"><span style=\"color: #c00000; font-family: Arial;\">Me voil\u00e0 . . . Dreyfus, c&rsquo;est moi.<br \/>\n<\/span><span style=\"color: #c00000; font-family: Arial;\">La canaille bourgeoise me d\u00e9nonce et me juge !<br \/>\n<\/span><span style=\"color: #c00000; font-family: Arial;\">Je suis derri\u00e8re les grilles, je suis encercl\u00e9,<br \/>\n<\/span><\/p>\n<p style=\"margin-left: 28pt;\"><span style=\"color: #c00000; font-family: Arial;\">Pers\u00e9cut\u00e9, conspu\u00e9, calomni\u00e9.<br \/>\n<\/span><span style=\"color: #c00000; font-family: Arial;\">Et les belles dames, avec leurs franfreluches,<br \/>\n<\/span><span style=\"color: #c00000; font-family: Arial;\">Gloussant, m&rsquo;enfoncent leurs ombrelles dans la face.<br \/>\n<\/span><\/p>\n<p style=\"margin-left: 28pt;\"><span style=\"color: #c00000; font-family: Arial;\">Je me sens . . . me voil\u00e0, petit gar\u00e7on \u00e0 Bielostok.<br \/>\n<\/span><span style=\"color: #c00000; font-family: Arial;\">Le sang coule, maculant le plancher.<br \/>\n<\/span><span style=\"color: #c00000; font-family: Arial;\">Les meneurs dans la taverne passent aux actes.<br \/>\n<\/span><span style=\"color: #c00000; font-family: Arial;\">Leurs haleines puent la vodka et l&rsquo;oignon.<br \/>\n<\/span><span style=\"color: #c00000; font-family: Arial;\">Un coup de botte me jette par terre ; prostr\u00e9<br \/>\n<\/span><span style=\"color: #c00000; font-family: Arial;\">En vain je demande gr\u00e2ce aux pogromistes.<br \/>\n<\/span><span style=\"color: #c00000; font-family: Arial;\">Ils s&rsquo;esclaffent : \u00ab\u00a0Mort aux youpins ! Vive la Russie !\u00a0\u00bb<br \/>\n<\/span><span style=\"color: #c00000; font-family: Arial;\">Un marchand de grain bat ma m\u00e8re.<br \/>\n<\/span><\/p>\n<p style=\"margin-left: 28pt;\"><span style=\"color: #c00000; font-family: Arial;\">O, mon people russe, je sais<br \/>\n<\/span><span style=\"color: #c00000; font-family: Arial;\">Qu&rsquo;au fond du c\u0153ur tu es internationaliste,<br \/>\n<\/span><span style=\"color: #c00000; font-family: Arial;\">Mais souvent, ceux\u2014l\u00e0 dont les mains sont sales<br \/>\n<\/span><span style=\"color: #c00000; font-family: Arial;\">Ont souill\u00e9 ta bonne renomm\u00e9e.<br \/>\n<\/span><\/p>\n<p style=\"margin-left: 28pt;\"><span style=\"color: #c00000; font-family: Arial;\">Je sais que mon pays est bon.<br \/>\n<\/span><span style=\"color: #c00000; font-family: Arial;\">Quelle infamie que, sans la moindre honte,<br \/>\n<\/span><span style=\"color: #c00000; font-family: Arial;\">Les antis\u00e9mites se soient proclam\u00e9s<br \/>\n<\/span><span style=\"color: #c00000; font-family: Arial;\">\u00ab\u00a0L&rsquo;Union du Peuple Russe\u00a0\u00bb.<br \/>\n<\/span><\/p>\n<p style=\"margin-left: 28pt;\"><span style=\"color: #c00000; font-family: Arial;\">Me voil\u00e0 . . . Anne Franck,<br \/>\n<\/span><span style=\"color: #c00000; font-family: Arial;\">Translucide, telle une jeune pousse en avril,<br \/>\n<\/span><span style=\"color: #c00000; font-family: Arial;\">Et j&rsquo;aime et j&rsquo;ai besoin non pas de mots,<br \/>\n<\/span><span style=\"color: #c00000; font-family: Arial;\">Mais que nous nous regardions l&rsquo;un l&rsquo;autre.<br \/>\n<\/span><\/p>\n<p style=\"margin-left: 28pt;\"><span style=\"color: #c00000; font-family: Arial;\">Nous avons si peu \u00e0 voir, \u00e0 sentir !<br \/>\n<\/span><span style=\"color: #c00000; font-family: Arial;\">Les feuilles et le ciel ne sont plus pour nous,<br \/>\n<\/span><span style=\"color: #c00000; font-family: Arial;\">Mais nous pouvons encore beaucoup\u2014<br \/>\n<\/span><span style=\"color: #c00000; font-family: Arial;\">Nous embrasser tendrement dans cette sombre chambre!<br \/>\n<\/span><\/p>\n<p style=\"margin-left: 28pt;\"><span style=\"color: #c00000; font-family: Arial;\">\u00ab\u00a0Quelqu&rsquo;un vient ! \u00a0\u00bb<br \/>\n<\/span><span style=\"color: #c00000; font-family: Arial;\">\u00ab\u00a0N&rsquo;aie pas peur. Ce ne sont que les murmures<br \/>\n<\/span><span style=\"color: #c00000; font-family: Arial;\">Du printemps qui arrive.<br \/>\n<\/span><span style=\"color: #c00000; font-family: Arial;\">Viens \u00e0 moi,<br \/>\n<\/span><span style=\"color: #c00000; font-family: Arial;\">Donne-moi tes l\u00e8vres, vite ! \u00a0\u00bb<br \/>\n<\/span><span style=\"color: #c00000; font-family: Arial;\">\u00ab\u00a0Ils cassent la porte!\u00a0\u00bb<br \/>\n<\/span><span style=\"color: #c00000; font-family: Arial;\">\u00ab\u00a0Non ! C&rsquo;est la glace qui rompt !\u00a0\u00bb<br \/>\n<\/span><\/p>\n<p style=\"margin-left: 28pt;\"><span style=\"color: #c00000; font-family: Arial;\">Au-dessus de Babi Yar bruit l&rsquo;herbe sauvage,<br \/>\n<\/span><span style=\"color: #c00000; font-family: Arial;\">Les arbres mena\u00e7ants ressemblent \u00e0 des juges.<br \/>\n<\/span><span style=\"color: #c00000; font-family: Arial;\">Ici, en silence, tout hurle,<br \/>\n<\/span><span style=\"color: #c00000; font-family: Arial;\">Et, me d\u00e9couvrant,<br \/>\n<\/span><span style=\"color: #c00000; font-family: Arial;\">Je sens mes cheveux blanchir lentement.<br \/>\n<\/span><span style=\"color: #c00000; font-family: Arial;\">Et je deviens un long cri silencieux<br \/>\n<\/span><\/p>\n<p style=\"margin-left: 28pt;\"><span style=\"color: #c00000; font-family: Arial;\">Au-dessus des milliers et milliers d&rsquo;ensevelis.<br \/>\n<\/span><span style=\"color: #c00000; font-family: Arial;\">Je suis chaque vieillard ici fusill\u00e9,<br \/>\n<\/span><span style=\"color: #c00000; font-family: Arial;\">Je suis chaque enfant ici fusill\u00e9.<br \/>\n<\/span><span style=\"color: #c00000; font-family: Arial;\">Rien en moi, jamais, ne pourra l&rsquo;oublier.<br \/>\n<\/span><span style=\"color: #c00000; font-family: Arial;\">Que \u00ab\u00a0l&rsquo;Internationale\u00a0\u00bb retentisse<br \/>\n<\/span><span style=\"color: #c00000; font-family: Arial;\">Quand pour toujours on aura enterr\u00e9<br \/>\n<\/span><span style=\"color: #c00000; font-family: Arial;\">Le dernier antis\u00e9mite de la terre.<br \/>\n<\/span><\/p>\n<p style=\"margin-left: 28pt;\"><span style=\"color: #c00000; font-family: Arial;\">II n&rsquo;y a pas de sang juif dans mon sang<br \/>\n<\/span><span style=\"color: #c00000; font-family: Arial;\">Mais sur moi p\u00e8se la hideuse haine<br \/>\n<\/span><span style=\"color: #c00000; font-family: Arial;\">De tous les antis\u00e9mites comme si j&rsquo;\u00e9tais un Juif :<br \/>\n<\/span><span style=\"color: #c00000; font-family: Arial;\">Et voil\u00e0 pourquoi je suis un vrai Russe !\u00a0\u00bb<br \/>\n<\/span><span style=\"color: #c00000; font-family: Arial;\"><em>Evgueni Evtouchenko<br \/>\n<\/em><\/span><\/p>\n<p><span style=\"color: #777777; font-family: Arial;\">J&rsquo;ai trouv\u00e9 &lt;<span style=\"color: #0000ff;\"><a style=\"color: #0000ff;\" href=\"https:\/\/www.youtube.com\/watch?v=OlWWhLVDd80&amp;t\">cette vid\u00e9o<\/a><\/span>&gt; dans laquelle Evgueni Evtouchenko dit son po\u00e8me en russe. Je ne comprends pas la langue et pourtant l&rsquo;\u00e9motion me saisit, quand je vois et entends ce vieil homme dire son po\u00e8me \u00e9crit dans l&rsquo;hostilit\u00e9 mais gr\u00e2ce \u00e0 sa force int\u00e9rieure et la lucidit\u00e9 de son \u00e9motion.<br \/>\n<\/span><\/p>\n<p><span style=\"color: #777777; font-family: Arial;\">L&rsquo;ann\u00e9e derni\u00e8re, pour les comm\u00e9morations des 80 ans, un orchestre allemand et des ch\u0153urs ukrainiens sous la direction de Thomas Sanderling, sur le lieu de Bai Yar, interpr\u00e8tent &lt;<span style=\"color: #0000ff;\"><a style=\"color: #0000ff;\" href=\"https:\/\/www.youtube.com\/watch?v=V1FMoQ8Aylg\">La 13<sup>\u00e8me<\/sup> symphonie de Chostakovitch \u00ab\u00a0Babi Yar<\/a><\/span> \u00bb&gt; sur le po\u00e8me d&rsquo;<strong>Evgueni Evtouchenko<\/strong>. Pendant toute la dur\u00e9e du concert, sur deux \u00e9crans de chaque cot\u00e9 de l&rsquo;orchestre, l&rsquo;interminable liste des victimes d\u00e9file.<br \/>\n<\/span><\/p>\n<p><span style=\"color: maroon; font-family: Arial;\">&lt;1663&gt;<\/span><\/p>\n","protected":false},"excerpt":{"rendered":"<p>\u00ab Babi Yar \u00bb Po\u00e8me de Evgueni Evtouchenko mis en musique par Dimitri Chostakovitch (13\u00e8me symphonie) Finalement le m\u00e9morial de Babi Yar n&rsquo;a pas \u00e9t\u00e9 touch\u00e9 par le bombardement russe qui a endommag\u00e9 la tour de la t\u00e9l\u00e9vision de Kiev.<\/p>\n","protected":false},"author":1,"featured_media":0,"comment_status":"open","ping_status":"closed","sticky":false,"template":"","format":"standard","meta":{"footnotes":""},"categories":[1],"tags":[134,9,20,218],"class_list":["post-13292","post","type-post","status-publish","format-standard","hentry","category-motdujour","tag-antisemitisme","tag-litterature","tag-musique","tag-ukraine"],"_links":{"self":[{"href":"https:\/\/lemotdujour.fr\/index.php?rest_route=\/wp\/v2\/posts\/13292","targetHints":{"allow":["GET"]}}],"collection":[{"href":"https:\/\/lemotdujour.fr\/index.php?rest_route=\/wp\/v2\/posts"}],"about":[{"href":"https:\/\/lemotdujour.fr\/index.php?rest_route=\/wp\/v2\/types\/post"}],"author":[{"embeddable":true,"href":"https:\/\/lemotdujour.fr\/index.php?rest_route=\/wp\/v2\/users\/1"}],"replies":[{"embeddable":true,"href":"https:\/\/lemotdujour.fr\/index.php?rest_route=%2Fwp%2Fv2%2Fcomments&post=13292"}],"version-history":[{"count":13,"href":"https:\/\/lemotdujour.fr\/index.php?rest_route=\/wp\/v2\/posts\/13292\/revisions"}],"predecessor-version":[{"id":13312,"href":"https:\/\/lemotdujour.fr\/index.php?rest_route=\/wp\/v2\/posts\/13292\/revisions\/13312"}],"wp:attachment":[{"href":"https:\/\/lemotdujour.fr\/index.php?rest_route=%2Fwp%2Fv2%2Fmedia&parent=13292"}],"wp:term":[{"taxonomy":"category","embeddable":true,"href":"https:\/\/lemotdujour.fr\/index.php?rest_route=%2Fwp%2Fv2%2Fcategories&post=13292"},{"taxonomy":"post_tag","embeddable":true,"href":"https:\/\/lemotdujour.fr\/index.php?rest_route=%2Fwp%2Fv2%2Ftags&post=13292"}],"curies":[{"name":"wp","href":"https:\/\/api.w.org\/{rel}","templated":true}]}}