{"id":13286,"date":"2022-03-03T00:12:51","date_gmt":"2022-03-02T23:12:51","guid":{"rendered":"https:\/\/lemotdujour.fr\/?p=13286"},"modified":"2022-03-03T00:17:43","modified_gmt":"2022-03-02T23:17:43","slug":"jeudi-3-mars-2022","status":"publish","type":"post","link":"https:\/\/lemotdujour.fr\/?p=13286","title":{"rendered":"Jeudi 3 mars 2022"},"content":{"rendered":"<div class=\"mdjTexte\">\u00ab &nbsp;Guerre\u202f: quand un mot red\u00e9couvre son sens propre.&nbsp; \u00bb<\/div>\n<div class=\"mdjAuteur\">Cl\u00e9ment Viktorovitch<\/div>\n<p><span style=\"color: #777777; font-family: Arial;\">Hier soir, le Pr\u00e9sident Macron a dit&nbsp;:<br \/>\n<\/span><\/p>\n<p style=\"margin-left: 28pt;\"><span style=\"color: #c00000; font-family: Arial;\">\u00ab&nbsp;Nous ne sommes pas en guerre contre la Russie.&nbsp;\u00bb<br \/>\n<\/span><\/p>\n<p><span style=\"color: #777777; font-family: Arial;\">C&rsquo;est factuellement exact.<br \/>\n<\/span><\/p>\n<p><span style=\"color: #777777; font-family: Arial;\">Camus <span style=\"color: #0000ff;\"><a style=\"color: #0000ff;\" href=\"https:\/\/lemotdujour.fr\/?p=2163\">a \u00e9crit&nbsp;<\/a><\/span>: <span style=\"color: #c00000;\">\u00ab&nbsp;Mal nommer un objet c&rsquo;est ajouter au malheur de ce monde, car le mensonge est justement la grande mis\u00e8re humaine, c&rsquo;est pourquoi la grande t\u00e2che humaine correspondante sera de ne pas servir le mensonge.&nbsp;\u00bb<span style=\"color: #777777;\"><br \/>\n<\/span><\/span><\/span><\/p>\n<p><span style=\"color: #777777; font-family: Arial;\">Mais il y a bien la guerre sur le continent europ\u00e9en.<br \/>\n<\/span><\/p>\n<p><span style=\"color: #777777; font-family: Arial;\">Hier, je citais Clausewitz qui conceptualisait \u00ab&nbsp;la mont\u00e9e aux extr\u00eames&nbsp;\u00bb quand deux puissances s&rsquo;affrontaient dans une lutte pour leur existence.<br \/>\n<\/span><\/p>\n<p><span style=\"color: #777777; font-family: Arial;\">De mani\u00e8re moins martiale, quand nous parlons nous avons aussi parfois tendance quand nous voulons dire notre col\u00e8re, notre sid\u00e9ration ou notre perception de l&rsquo;importance d&rsquo;un \u00e9v\u00e8nement, de faire monter la rh\u00e9torique aux extr\u00eames.<br \/>\n<\/span><\/p>\n<p><span style=\"color: #777777; font-family: Arial;\">C&rsquo;est particuli\u00e8rement le cas pour le mot \u00ab&nbsp;<strong>guerre<\/strong>&nbsp;\u00bb.<br \/>\n<\/span><\/p>\n<p><span style=\"color: #777777; font-family: Arial;\">Ces derni\u00e8res ann\u00e9es, nous avons fait la guerre au virus. Le Pr\u00e9sident Macron, moins mesur\u00e9 de ce temps-l\u00e0, c&rsquo;\u00e9tait il y a deux ans, s&rsquo;est exclam\u00e9 :<br \/>\n<\/span><\/p>\n<p style=\"margin-left: 28pt;\"><span style=\"color: #c00000; font-family: Arial;\">\u00ab&nbsp;Nous sommes en guerre&nbsp;!&nbsp;\u00bb<br \/>\n<\/span><\/p>\n<p><span style=\"color: #777777; font-family: Arial;\">Lors du mot du jour du &lt;<span style=\"color: #0000ff;\"><a style=\"color: #0000ff;\" href=\"https:\/\/lemotdujour.fr\/?p=8337\">19 mars 2020<\/a><\/span>&gt;, j&rsquo;avais repris le beau texte de <strong>Sophie Mainguy<\/strong>&nbsp;: \u00ab&nbsp;<strong>Nous ne sommes pas en guerre et n&rsquo;avons pas \u00e0 l&rsquo;\u00eatre<\/strong>&nbsp;\u00bb.<br \/>\n<\/span><\/p>\n<p><span style=\"color: #777777; font-family: Arial;\">Apr\u00e8s le 11 septembre 2001, George W. Bush a d\u00e9clar\u00e9 la guerre contre la terreur.<br \/>\n<\/span><\/p>\n<p><span style=\"color: #777777; font-family: Arial;\">Et lors des attentats qui ont frapp\u00e9 le sol fran\u00e7ais, beaucoup de responsables ont affirm\u00e9 \u00ab&nbsp;Nous sommes en guerre&nbsp;!&nbsp;\u00bb.<br \/>\n<\/span><\/p>\n<p><span style=\"color: #777777; font-family: Arial;\">C&rsquo;\u00e9tait faux, nous n&rsquo;\u00e9tions pas en guerre alors.<br \/>\n<\/span><\/p>\n<p><span style=\"color: #777777; font-family: Arial;\">Dans le monde commercial ou publicitaire, on parle aussi souvent de guerre, notamment de guerre des prix.<br \/>\n<\/span><\/p>\n<p><span style=\"color: #777777; font-family: Arial;\">Par exemple cet article&nbsp;: \u00ab&nbsp;<a href=\"https:\/\/www.lesechos.fr\/tech-medias\/hightech\/la-guerre-des-prix-fait-rage-sur-les-smartphones-5g-1250394\"><span style=\"color: #0000ff;\">La guerre des prix fait rage sur les smartphones 5G<\/span>&nbsp;<\/a>\u00bb. D&rsquo;autres veulent faire la guerre au gaspillage.<br \/>\n<\/span><\/p>\n<p><span style=\"color: #777777; font-family: Arial;\">Mal nommer un objet\u2026<br \/>\n<\/span><\/p>\n<p><span style=\"color: #777777; font-family: Arial;\"><strong>Cl\u00e9ment Viktorovitch<\/strong> dans son \u00e9mission \u00ab&nbsp;<a href=\"https:\/\/www.francetvinfo.fr\/replay-radio\/entre-les-lignes\/guerre-quand-un-mot-redecouvre-son-sens-propre_4953099.html\"><span style=\"color: #0000ff;\">Entre les lignes du 24\/02\/2022&nbsp;<\/span><\/a>\u00bb a remis le nom de l&rsquo;objet \u00e0 l&rsquo;endroit, redonn\u00e9 le sens exact, on dit propre, du mot \u00ab&nbsp;<strong>guerre<\/strong>&nbsp;\u00bb&nbsp;:<br \/>\n<\/span><\/p>\n<p style=\"margin-left: 28pt;\"><span style=\"color: #c00000; font-family: Arial;\">\u00ab&nbsp;En droit international, la guerre se d\u00e9finit comme un conflit arm\u00e9 entre plusieurs groupes politiques constitu\u00e9s, et notamment des \u00c9tats\u202f: c&rsquo;est ce qui se passe entre la Russie et l&rsquo;Ukraine. Mais ce qui est int\u00e9ressant, c&rsquo;est justement que nous semblons presque red\u00e9couvrir, en Europe, le sens v\u00e9ritable de ce mot.<br \/>\n<\/span><\/p>\n<p style=\"margin-left: 28pt;\"><span style=\"color: #c00000; font-family: Arial;\">Voil\u00e0 pr\u00e8s de 20 ans, en effet, qu&rsquo;il est utilis\u00e9 dans le d\u00e9bat public de mani\u00e8re plus ou moins m\u00e9taphorique. Tout a commenc\u00e9 le 20 septembre 2001, quelques jours apr\u00e8s l&rsquo;attaque contre le World Trade Center, le Pr\u00e9sident George W. Bush d\u00e9clare la guerre contre la terreur. Or, la terreur n&rsquo;est pas un groupe politique constitu\u00e9. C&rsquo;est une strat\u00e9gie, un moyen\u202f: on \u00ab\u00a0lutte\u00a0\u00bb contre, mais on ne lui fait pas \u00ab\u00a0la guerre\u00a0\u00bb.<br \/>\n<\/span><\/p>\n<p style=\"margin-left: 28pt;\"><span style=\"color: #c00000; font-family: Arial;\">Le mot, ici, \u00e9tait d\u00e9j\u00e0 employ\u00e9 en partie dans un sens m\u00e9taphorique. En partie parce que, de fait, cette d\u00e9claration a \u00e9t\u00e9 suivie d&rsquo;une s\u00e9rie d&rsquo;interventions militaires \u00e0 l&rsquo;ext\u00e9rieur, en Afghanistan puis en Irak. En revanche, sur le sol am\u00e9ricain, son emploi \u00e9tait contestable. D&rsquo;ailleurs, il y a un autre contexte, similaire, dans lequel cette expression a \u00e9t\u00e9 employ\u00e9e\u202f: c&rsquo;est en France, \u00e0 la suite des attentats de 2015 par le Premier ministre de l&rsquo;\u00e9poque Manuel Valls. \u00ab\u00a0La France est en guerre contre le terrorisme, le djihadisme et l&rsquo;islamisme radical\u00a0\u00bb.<br \/>\n<\/span><\/p>\n<p style=\"margin-left: 28pt;\"><span style=\"color: #c00000; font-family: Arial;\">Cette phrase a \u00e9t\u00e9 tr\u00e8s critiqu\u00e9e, \u00e0 l&rsquo;\u00e9poque, par une partie des chercheurs en relations internationales. Jean-Baptiste Jeangene Vilmer, le directeur de l&rsquo;Institut de recherche strat\u00e9gique de l&rsquo;\u00c9cole Militaire, l&rsquo;a par exemple qualifi\u00e9 de \u00ab\u00a0non-sens s\u00e9mantique\u00a0\u00bb, en rappelant que si la France \u00e9tait bien\u202f\u00a0\u00bben guerre\u00a0\u00bb contre les terroristes du Nord Mali, elle ne l&rsquo;\u00e9tait pas sur son sol. \u00c0 force de parler de guerre pour \u00e9voquer autre chose qu&rsquo;un conflit arm\u00e9, on a fini par en diluer le sens.&nbsp;\u00bb<br \/>\n<\/span><\/p>\n<p><span style=\"color: #777777; font-family: Arial;\">Comme le dit Cl\u00e9ment Viktorovitch, c&rsquo;est un mot trop lourd pour \u00eatre utilis\u00e9 avec l\u00e9g\u00e8ret\u00e9<br \/>\n<\/span><\/p>\n<p><span style=\"color: #777777; font-family: Arial;\">Et il ajoute&nbsp;:<br \/>\n<\/span><\/p>\n<p style=\"margin-left: 28pt;\"><span style=\"color: #c00000; font-family: Arial;\">\u00ab&nbsp;Maintenant qu&rsquo;elle frappe l&rsquo;Europe sur son sol, nous red\u00e9couvrons la guerre dans toute sa mat\u00e9rialit\u00e9. Les bombardements aveugles, les d\u00e9placements de population, les morts. Cette r\u00e9alit\u00e9 qui n&rsquo;est que trop famili\u00e8re pour tant d&rsquo;hommes et de femmes qui la subissent chez eux, mais que nous regardions d&rsquo;au loin, sans trop y pr\u00eater attention. Peut-\u00eatre cela serait-il une bonne occasion pour r\u00e9fl\u00e9chir, aussi, \u00e0 la mani\u00e8re dont nous parlons. La guerre est un mot trop lourd pour \u00eatre invoqu\u00e9 avec l\u00e9g\u00e8ret\u00e9.&nbsp;\u00bb<br \/>\n<\/span><\/p>\n<p><span style=\"color: #777777; font-family: Arial;\">Il existe d&rsquo;autres mots lourds qu&rsquo;il n&rsquo;est pas raisonnable d&rsquo;invoquer avec l\u00e9g\u00e8ret\u00e9, par exemple le mot \u00ab dictature \u00bb que certains ont eu tendance \u00e0 beaucoup utiliser en France.<br \/>\n<\/span><\/p>\n<p><span style=\"color: #777777; font-family: Arial;\">Ils nommaient mal un objet\u2026<br \/>\n<\/span><\/p>\n<p><span style=\"color: #800000; font-family: Arial;\">&lt;1662&gt;<\/span><\/p>\n","protected":false},"excerpt":{"rendered":"<p>\u00ab &nbsp;Guerre\u202f: quand un mot red\u00e9couvre son sens propre.&nbsp; \u00bb Cl\u00e9ment Viktorovitch Hier soir, le Pr\u00e9sident Macron a dit&nbsp;: \u00ab&nbsp;Nous ne sommes pas en guerre contre la Russie.&nbsp;\u00bb C&rsquo;est factuellement exact. Camus a \u00e9crit&nbsp;: \u00ab&nbsp;Mal nommer un objet c&rsquo;est ajouter<\/p>\n","protected":false},"author":1,"featured_media":0,"comment_status":"open","ping_status":"closed","sticky":false,"template":"","format":"standard","meta":{"footnotes":""},"categories":[1],"tags":[219,88],"class_list":["post-13286","post","type-post","status-publish","format-standard","hentry","category-motdujour","tag-guerre","tag-langue"],"_links":{"self":[{"href":"https:\/\/lemotdujour.fr\/index.php?rest_route=\/wp\/v2\/posts\/13286","targetHints":{"allow":["GET"]}}],"collection":[{"href":"https:\/\/lemotdujour.fr\/index.php?rest_route=\/wp\/v2\/posts"}],"about":[{"href":"https:\/\/lemotdujour.fr\/index.php?rest_route=\/wp\/v2\/types\/post"}],"author":[{"embeddable":true,"href":"https:\/\/lemotdujour.fr\/index.php?rest_route=\/wp\/v2\/users\/1"}],"replies":[{"embeddable":true,"href":"https:\/\/lemotdujour.fr\/index.php?rest_route=%2Fwp%2Fv2%2Fcomments&post=13286"}],"version-history":[{"count":4,"href":"https:\/\/lemotdujour.fr\/index.php?rest_route=\/wp\/v2\/posts\/13286\/revisions"}],"predecessor-version":[{"id":13291,"href":"https:\/\/lemotdujour.fr\/index.php?rest_route=\/wp\/v2\/posts\/13286\/revisions\/13291"}],"wp:attachment":[{"href":"https:\/\/lemotdujour.fr\/index.php?rest_route=%2Fwp%2Fv2%2Fmedia&parent=13286"}],"wp:term":[{"taxonomy":"category","embeddable":true,"href":"https:\/\/lemotdujour.fr\/index.php?rest_route=%2Fwp%2Fv2%2Fcategories&post=13286"},{"taxonomy":"post_tag","embeddable":true,"href":"https:\/\/lemotdujour.fr\/index.php?rest_route=%2Fwp%2Fv2%2Ftags&post=13286"}],"curies":[{"name":"wp","href":"https:\/\/api.w.org\/{rel}","templated":true}]}}