{"id":1328,"date":"2016-05-12T02:00:00","date_gmt":"2016-05-11T22:00:00","guid":{"rendered":"http:\/\/lemotdujour.fr\/?p=1328"},"modified":"2021-09-26T20:32:37","modified_gmt":"2021-09-26T18:32:37","slug":"vendredi-12-mai-2016","status":"publish","type":"post","link":"https:\/\/lemotdujour.fr\/?p=1328","title":{"rendered":"Jeudi 12 mai 2016"},"content":{"rendered":"<div class=\"mdjTexte\">\t\u00abLes accords Sykes-Picot\u00bb<\/div>\n<div class=\"mdjAuteur\">\tAccords secrets franco-britannique sign\u00e9s le 16 mai 1916<\/div>\n<p><span style=\"color: #777777; font-family: Arial;\">Lundi, il y a 100 ans, le 16 mai 1916 ont \u00e9t\u00e9 sign\u00e9s les accords secrets Sykes &#8211; Picot dont tout le monde parle encore aujourd&rsquo;hui.<br \/>\n<\/span><\/p>\n<p><span style=\"color: #777777; font-family: Arial;\">Quand les combattants de Daech ont ouvert la fronti\u00e8re entre l&rsquo;Irak et la Syrie pour cr\u00e9er un territoire sur les deux pays, ils ont affirm\u00e9 :<br \/>\n<\/span><\/p>\n<p style=\"margin-left: 28pt;\"><span style=\"color: #c00000; font-family: Arial;\">\u00abNous avons d\u00e9truit la fronti\u00e8re Sykes-Picot.\u00bb<br \/>\n<\/span><\/p>\n<p><span style=\"color: #777777; font-family: Arial;\">Dans une explication simpliste, on raconte que les Britanniques et les Fran\u00e7ais se sont mis d&rsquo;accord pour se partager le Moyen-Orient et ont cr\u00e9\u00e9 l&rsquo;Irak la Syrie dans une r\u00e9union entre deux diplomates : un anglais Mark Sykes et un fran\u00e7ais Fran\u00e7ois Georges-Picot.<br \/>\n<\/span><\/p>\n<p><span style=\"color: #777777; font-family: Arial;\">Si Paris-Match, aborde ce sujet il vous pr\u00e9cisera, en outre, que le diplomate Fran\u00e7ois Georges Picot avait une s\u0153ur qui s&rsquo;appelait Genevi\u00e8ve Georges-Picot. Que cette s\u0153ur a \u00e9pous\u00e9 Jacques Bardoux, un homme politique. Et que ce couple a eu plusieurs enfants, dont une fille Marthe Cl\u00e9mence qui est la m\u00e8re de Val\u00e9ry Giscard d&rsquo;Estaing.<br \/>\n<\/span><\/p>\n<p><span style=\"color: #777777; font-family: Arial;\">Mais les choses sont beaucoup plus complexes, les discussions entre Britanniques et Fran\u00e7ais ont \u00e9t\u00e9 tr\u00e8s longues et apr\u00e8s l&rsquo;accord il y a encore eu beaucoup de changements.<br \/>\n<\/span><\/p>\n<p><span style=\"color: #777777; font-family: Arial;\">Prenons d&rsquo;abord le plan de cet accord :<br \/>\n<\/span><\/p>\n<p><img loading=\"lazy\" decoding=\"async\" class=\"alignleft\" src=\"https:\/\/lemotdujour.fr\/wp-content\/uploads\/2018\/11\/110718_1509_LundiXXnove1.jpg\" alt=\"\" width=\"430\" height=\"412\" align=\"left\"><span style=\"color: #777777; font-family: Arial;\">Si vous cherchez \u00e0 retrouver les fronti\u00e8res actuelles de la Syrie, de l&rsquo;Irak, de la Jordanie, du Liban, de la Palestine et d&rsquo;Isra\u00ebl dans ce sch\u00e9ma, vous aurez beaucoup de mal.<br \/>\n<\/span><\/p>\n<p><span style=\"color: #777777; font-family: Arial;\">Je confirme cela ne correspond pas.<br \/>\n<\/span><\/p>\n<p><span style=\"color: #777777; font-family: Arial;\">La carte comporte 5 zones :<br \/>\n<\/span><\/p>\n<p>&#8211; <span style=\"color: #777777; font-family: Arial;\">2 zones bleus pour la France, une d&rsquo;administration directe et une autre d&rsquo;influence appel\u00e9e zone Arabe<br \/>\n<\/span><\/p>\n<p><span style=\"color: #777777; font-family: Arial;\">&nbsp;&#8211; 2 zones rouges pour le Royaume-Uni , organis\u00e9es de la m\u00eame mani\u00e8re.<br \/>\n<\/span><\/p>\n<p><span style=\"color: #777777; font-family: Arial;\">&nbsp;&#8211; Et une cinqui\u00e8me zone, brune, comprenant la Palestine et J\u00e9rusalem qui devait selon les accords Sykes-Picot \u00eatre internationale ou mixte.<br \/>\n<\/span><\/p>\n<p><span style=\"color: #777777; font-family: Arial;\">Tout ceci va \u00eatre d\u00e9fait et refait : ainsi la zone internationale ne sera administr\u00e9e que par les britanniques et Mossoul ira \u00e9galement chez les britanniques et deviendra une ville d&rsquo;Irak.<br \/>\n<\/span><\/p>\n<p><span style=\"color: #777777; font-family: Arial;\">Mais fondamentalement, ce que r\u00e9v\u00e8lent les accords Sykes-Picot, c&rsquo;est une superposition de conflits, assez semblable \u00e0 ce qui se passe aujourd&rsquo;hui.<br \/>\n<\/span><\/p>\n<p><span style=\"color: #777777; font-family: Arial;\">Il y a d&rsquo;abord le conflit central, la guerre 14-18. Les territoires dont nous parlons font partie de l&rsquo;Empire Ottoman. Or, l&rsquo;Empire Ottoman s&rsquo;est alli\u00e9 \u00e0 l&rsquo;Allemagne et aux Austro-Hongrois, il est donc l&rsquo;ennemi de la France et de la Grande Bretagne.<br \/>\n<\/span><\/p>\n<p><span style=\"color: #777777; font-family: Arial;\">Mais \u00e0 l&rsquo;int\u00e9rieur de l&rsquo;Empire Ottoman, il y a aussi conflit, les Arabes n&rsquo;ont pas beaucoup de consid\u00e9ration pour les Turcs, les ma\u00eetres de l&rsquo;Empire. L&rsquo;Islam est n\u00e9 en leur sein, Mohammed \u00e9tait un des leurs, les Turcs ne sont que des mercenaires rustres. Ils veulent s&rsquo;en d\u00e9barrasser et devenir ind\u00e9pendant.<br \/>\n<\/span><\/p>\n<p><span style=\"color: #777777; font-family: Arial;\">Alors les fran\u00e7ais et surtout les britanniques qui dominent l&rsquo;Egypte essayent de convaincre les Arabes de se r\u00e9volter contre les Turcs pour faciliter la victoire des alli\u00e9s. C&rsquo;est ici que se situe Lawrence d&rsquo;Arabie qui va devenir l&rsquo;ami des Arabes et se battre \u00e0 leurs c\u00f4t\u00e9s contre les Turcs. Mais les Arabes ont des exigences : ils veulent battre les turcs avec les anglais mais apr\u00e8s, ils veulent que ce soit cr\u00e9\u00e9 un grand Etat Arabe unifi\u00e9.<br \/>\n<\/span><\/p>\n<p><span style=\"color: #777777; font-family: Arial;\">Et un autre conflit s&rsquo;ajoute \u00e0 tout cela : la rivalit\u00e9 entre l&#8217;empire colonial britannique et l&#8217;empire colonial fran\u00e7ais. Ce conflit doit \u00eatre mis entre parenth\u00e8se, parce qu&rsquo;ils sont alli\u00e9s dans le conflit majeur, il reste pourtant omnipr\u00e9sent.<br \/>\n<\/span><\/p>\n<p><span style=\"color: #777777; font-family: Arial;\">Et de la r\u00e9sultante de ces conflits sort cette carte bizarre, les fran\u00e7ais et les anglais ont chacun leur part des d\u00e9pouilles de l&rsquo;Empire Ottoman qui cependant n&rsquo;est pas encore vaincu.<br \/>\n<\/span><\/p>\n<p><span style=\"color: #777777; font-family: Arial;\">Et, il y a la zone Arabe, \u00e0 cause de la promesse des Britanniques pour cr\u00e9er la grande entit\u00e9 Arabe mais restant cependant sous l&rsquo;influence de la France et des Britanniques, pour les conseiller. Et aussi un peu pour le p\u00e9trole dont on per\u00e7oit toute l&rsquo;importance lors de la premi\u00e8re guerre mondiale.<br \/>\n<\/span><\/p>\n<p><span style=\"color: #777777; font-family: Arial;\">Mais quand on parle des Arabes, ce n&rsquo;est pas simple non plus. Car il y aussi conflit \u00e0 l&rsquo;int\u00e9rieur des Arabes.<br \/>\n<\/span><\/p>\n<p><img loading=\"lazy\" decoding=\"async\" class=\"alignleft\" src=\"https:\/\/lemotdujour.fr\/wp-content\/uploads\/2018\/11\/110718_1509_LundiXXnove2.jpg\" alt=\"\" width=\"313\" height=\"333\" align=\"left\"><span style=\"color: #777777; font-family: Arial;\">Le conflit oppose deux dynasties : la premi\u00e8re descend du proph\u00e8te, c&rsquo;est la dynastie des Hach\u00e9mites, Hachem \u00e9tait le grand p\u00e8re de Mohamed. Le chef de cette dynastie s&rsquo;appelle Hussein, c&rsquo;est le roi qu&rsquo;on voit dans Lawrence d&rsquo;Arabie et qui est jou\u00e9 par Alec Guiness. Son fils a\u00een\u00e9 est Ali, jou\u00e9 par le bel Omar Sharif. Il a encore deux autres enfants qui vont jouer un grand r\u00f4le dans cette partie du Monde. Hussein est le Ch\u00e9rif de La Mecque. En aidant les britanniques, il esp\u00e8re devenir calife d&rsquo;une grande Arabie unifi\u00e9e.<br \/>\n<\/span><\/p>\n<p><span style=\"color: #777777; font-family: Arial;\">L&rsquo;autre dynastie r\u00e8gne sur le centre de l&rsquo;Arabie Saoudite, cette r\u00e9gion appel\u00e9e le <a href=\"https:\/\/fr.wikipedia.org\/wiki\/Nejd\"><strong><span style=\"color: #0000ff;\">Nejd<\/span><\/strong><\/a> avec pour capitale Ryad. Cette dynastie est celle d&rsquo;Ibn Seoud, qui ne descend pas du proph\u00e8te mais s&rsquo;est alli\u00e9e \u00e0 la secte rigoriste des Wahabites<br \/>\n<\/span><\/p>\n<p><span style=\"color: #777777; font-family: Arial;\">La zone c\u00f4ti\u00e8re, de la mer Rouge qui comprend les villes religieuses de La Mecque et de M\u00e9dine, s&rsquo;appelle <a href=\"https:\/\/fr.wikipedia.org\/wiki\/Hedjaz\"><strong><span style=\"color: #0000ff;\">Hedjaz<\/span><\/strong><\/a> et c&rsquo;est dans cette r\u00e9gion que va se lancer la r\u00e9volte Arabe vu dans Lawrence d&rsquo;Arabie et qui va aller conqu\u00e9rir Aqaba puis Damas.<br \/>\n<\/span><\/p>\n<p><span style=\"color: #777777; font-family: Arial;\">Et il y a m\u00eame un autre conflit \u00e0 l&rsquo;int\u00e9rieur de l&rsquo;administration coloniale britannique, il y a le camp du Caire qui est pour Hussein et le camp de l&rsquo;Inde qui est pour Ibn Seoud.<br \/>\n<\/span><\/p>\n<p><span style=\"color: #777777; font-family: Arial;\">Au bout d&rsquo;un certain nombre de n\u00e9gociations (<em>Clemenceau va l\u00e2cher aux britanniques Mossoul et la zone internationale de Palestine<\/em>) et de trahisons :<br \/>\n<\/span><\/p>\n<ul>\n<li><span style=\"color: #777777; font-family: Arial;\">Hussein va tenter de devenir Calife et r\u00e9gner sur le Hedjaz,<br \/>\n<\/span><\/li>\n<li><span style=\"color: #777777; font-family: Arial;\">Son fils Faycal va tenter de devenir roi de Syrie mais devra quitter ce tr\u00f4ne et ira s&rsquo;installer sur le tr\u00f4ne d&rsquo;Irak, il y restera jusqu&rsquo;\u00e0 sa mort en 1933. Son fils Ghazi lui succ\u00e9da, puis son petit-fils mais qui fut renvers\u00e9 par un premier coup d&rsquo;\u00e9tat militaire du g\u00e9n\u00e9ral Kassem en 1958 et apr\u00e8s une p\u00e9riode d&rsquo;instabilit\u00e9 Saddam Hussein pris le pouvoir en 1963.<br \/>\n<\/span><\/li>\n<li><span style=\"color: #777777; font-family: Arial;\">Son fils Abdallah devint roi de Jordanie, son petit-fils Abdallah II r\u00e8gne toujours<br \/>\n<\/span><\/li>\n<\/ul>\n<p><span style=\"color: #777777; font-family: Arial;\">Ali, le prince jou\u00e9 par Omar Sharif resta avec son p\u00e8re et fut vaincu avec lui en 1924 par les troupes de Ibn S\u00e9oud qui instaura son r\u00e9gime wahhabite sur toute l&rsquo;Arabie. Cette terre qui est pr\u00e9tendument sacr\u00e9e pour les musulmans et qui est la seule au monde dont le nom de l&rsquo;Etat comporte le nom de la famille r\u00e9gnante.<br \/>\n<\/span><\/p>\n<p><span style=\"color: #777777; font-family: Arial;\">Aujourd&rsquo;hui les descendants de Hussein, le roi Abdallah II de Jordanie et de Ibn S\u00e9oud, le roi Salmane continuent \u00e0 r\u00e9gner, sans avoir jamais demand\u00e9 l&rsquo;avis des populations qu&rsquo;ils gouvernent et en gardant toujours d&rsquo;excellentes relations avec les pays occidentaux, la France et le Royaume-Uni.<br \/>\n<\/span><\/p>\n<p><span style=\"color: #777777; font-family: Arial;\">C&rsquo;est tr\u00e8s compliqu\u00e9 je vous l&rsquo;ai dit et pourtant j&rsquo;ai beaucoup simplifi\u00e9.<br \/>\n<\/span><\/p>\n<p><span style=\"color: #777777; font-family: Arial;\">Le r\u00f4le des britanniques et des fran\u00e7ais dans toute cette histoire n&rsquo;est pas tr\u00e8s moral.<br \/>\n<\/span><\/p>\n<p><span style=\"color: #777777; font-family: Arial;\">Mais le r\u00f4le des deux dynasties arabes ne l&rsquo;est pas davantage.<br \/>\n<\/span><\/p>\n<p><span style=\"color: #777777; font-family: Arial;\">Si vous voulez lire des articles plus d\u00e9taill\u00e9s, vous les trouverez ci-apr\u00e8s :<br \/>\n<\/span><\/p>\n<p><a href=\"http:\/\/www.monde-diplomatique.fr\/2003\/04\/LAURENS\/10102\"><span style=\"color: #0070c0; font-family: Arial;\"><span style=\"color: #0000ff;\">&lt;Comment l&rsquo;Empire ottoman fut d\u00e9pec\u00e9&gt;<\/span><\/span><\/a><span style=\"color: #0000ff; font-family: Arial;\"><br \/>\n<\/span><\/p>\n<p><span style=\"color: #0000ff;\"><a style=\"color: #0000ff;\" href=\"http:\/\/www.agora-erasmus.be\/L-ombre-de-l-accord-Sykes-Picot\"><span style=\"font-family: Arial;\">&lt;L&rsquo;ombre de l&rsquo;accord Sykes-Picot continue \u00e0 empoisonner le monde&gt;<\/span><\/a><span style=\"font-family: Arial;\"><br \/>\n<\/span><\/span><\/p>\n<p><span style=\"color: #0000ff;\"><a style=\"color: #0000ff;\" href=\"http:\/\/www.lesclesdumoyenorient.com\/Entretien-avec-Julie-d-Andurain-Les-100-ans-des-accords-Sykes-Picot-mai-1916.html\"><span style=\"font-family: Arial;\">&lt;Les 100 ans des accords Sykes-Picot&gt;<\/span><\/a><\/span><span style=\"color: #0070c0; font-family: Arial;\"><br \/>\n<\/span><\/p>\n<p><span style=\"color: #800000;\">&lt;701&gt;<\/span><\/p>\n","protected":false},"excerpt":{"rendered":"<p>\u00abLes accords Sykes-Picot\u00bb Accords secrets franco-britannique sign\u00e9s le 16 mai 1916 Lundi, il y a 100 ans, le 16 mai 1916 ont \u00e9t\u00e9 sign\u00e9s les accords secrets Sykes &#8211; Picot dont tout le monde parle encore aujourd&rsquo;hui. Quand les combattants<\/p>\n","protected":false},"author":1,"featured_media":0,"comment_status":"closed","ping_status":"closed","sticky":false,"template":"","format":"standard","meta":{"footnotes":""},"categories":[1],"tags":[118,17,119],"class_list":["post-1328","post","type-post","status-publish","format-standard","hentry","category-motdujour","tag-14-18","tag-histoire","tag-moyen-orient"],"_links":{"self":[{"href":"https:\/\/lemotdujour.fr\/index.php?rest_route=\/wp\/v2\/posts\/1328","targetHints":{"allow":["GET"]}}],"collection":[{"href":"https:\/\/lemotdujour.fr\/index.php?rest_route=\/wp\/v2\/posts"}],"about":[{"href":"https:\/\/lemotdujour.fr\/index.php?rest_route=\/wp\/v2\/types\/post"}],"author":[{"embeddable":true,"href":"https:\/\/lemotdujour.fr\/index.php?rest_route=\/wp\/v2\/users\/1"}],"replies":[{"embeddable":true,"href":"https:\/\/lemotdujour.fr\/index.php?rest_route=%2Fwp%2Fv2%2Fcomments&post=1328"}],"version-history":[{"count":7,"href":"https:\/\/lemotdujour.fr\/index.php?rest_route=\/wp\/v2\/posts\/1328\/revisions"}],"predecessor-version":[{"id":12148,"href":"https:\/\/lemotdujour.fr\/index.php?rest_route=\/wp\/v2\/posts\/1328\/revisions\/12148"}],"wp:attachment":[{"href":"https:\/\/lemotdujour.fr\/index.php?rest_route=%2Fwp%2Fv2%2Fmedia&parent=1328"}],"wp:term":[{"taxonomy":"category","embeddable":true,"href":"https:\/\/lemotdujour.fr\/index.php?rest_route=%2Fwp%2Fv2%2Fcategories&post=1328"},{"taxonomy":"post_tag","embeddable":true,"href":"https:\/\/lemotdujour.fr\/index.php?rest_route=%2Fwp%2Fv2%2Ftags&post=1328"}],"curies":[{"name":"wp","href":"https:\/\/api.w.org\/{rel}","templated":true}]}}