{"id":13275,"date":"2022-03-02T00:02:00","date_gmt":"2022-03-01T23:02:00","guid":{"rendered":"https:\/\/lemotdujour.fr\/?p=13275"},"modified":"2022-03-01T21:42:42","modified_gmt":"2022-03-01T20:42:42","slug":"mercredi-2-mars-2022","status":"publish","type":"post","link":"https:\/\/lemotdujour.fr\/?p=13275","title":{"rendered":"Mercredi 2 mars 2022"},"content":{"rendered":"<div class=\"mdjTexte\">\u00ab &nbsp;Guernica&nbsp; \u00bb<\/div>\n<div class=\"mdjAuteur\">Pablo Picasso<\/div>\n<p><span style=\"color: #777777; font-family: Arial;\">Le 1<sup>er<\/sup> mars, tous les journaux en faisaient mention&nbsp;: un convoi militaire russe long de plusieurs dizaines de de kilom\u00e8tres \u00e9tait en route. Le plus souvent on parlait de 60 km, une autre source donnait 27 kilom\u00e8tres.<br \/>\n<\/span><\/p>\n<p><img decoding=\"async\" src=\"https:\/\/lemotdujour.fr\/wp-content\/uploads\/2022\/03\/030122_1752_Mercredi2ma1.jpg\" alt=\"\"><span style=\"color: #777777; font-family: Arial;\">&lt;<a href=\"https:\/\/www.lemonde.fr\/international\/article\/2022\/03\/01\/guerre-en-ukraine-des-images-satellitaires-montrent-un-immense-convoi-militaire-russe-pres-de-kiev_6115636_3210.html\"><span style=\"color: #0000ff;\">Le Monde<\/span><\/a>&gt; \u00e9crit&nbsp;:<br \/>\n<\/span><\/p>\n<p style=\"margin-left: 28pt;\"><span style=\"color: #c00000; font-family: Arial;\">\u00ab&nbsp;[un convoi militaire russe d&rsquo;une soixantaine de kilom\u00e8tres se dirige vers Kiev] Des images satellites prises lundi 28 f\u00e9vrier en Ukraine montrent un immense convoi militaire russe qui s&rsquo;\u00e9tend sur plus de 60 kilom\u00e8tres au nord-ouest de la capitale Kiev, objectif militaire de premi\u00e8re importance pour la Russie dans son offensive dans le pays.<br \/>\n<\/span><\/p>\n<p style=\"margin-left: 28pt;\"><span style=\"color: #c00000; font-family: Arial;\">Le convoi \u00ab s&rsquo;\u00e9tend des abords de l&rsquo;a\u00e9roport \u00ab\u00a0Antonov\u00a0\u00bb [a\u00e9roport d&rsquo;Hostomel, \u00e0 environ 25 kilom\u00e8tres du centre de Kiev] au sud aux alentours de Prybirsk \u00bb au nord, a fait savoir lundi soir la soci\u00e9t\u00e9 am\u00e9ricaine d&rsquo;imagerie satellitaire Maxar dans un courriel.<br \/>\n<\/span><\/p>\n<p style=\"margin-left: 28pt;\"><span style=\"color: #c00000; font-family: Arial;\">Cet a\u00e9roport est, depuis le d\u00e9but de l&rsquo;invasion de l&rsquo;Ukraine par la Russie, le th\u00e9\u00e2tre de violents affrontements, l&rsquo;arm\u00e9e de Vladimir Poutine tentant de s&#8217;emparer de cette infrastructure strat\u00e9gique pour la prise de la capitale. Dans le convoi captur\u00e9 par images satellites, qui s&rsquo;\u00e9tend sur environ 64 kilom\u00e8tres, \u00ab certains v\u00e9hicules sont parfois tr\u00e8s distants les uns des autres, et sur d&rsquo;autres portions les \u00e9quipements militaires sont positionn\u00e9s \u00e0 deux ou trois de front \u00bb, ajoute Maxar.&nbsp;\u00bb<br \/>\n<\/span><\/p>\n<p><span style=\"color: #777777; font-family: Arial;\">Vous vous souvenez d&rsquo;une colonne militaire, beaucoup plus modeste, qui se dirigeaient vers Benghazi, en Libye, en 2011.<br \/>\n<\/span><\/p>\n<p><span style=\"color: #777777; font-family: Arial;\">C&rsquo;\u00e9tait un autre m\u00e2le alpha, un autre dictateur : Mouammar Kadhafi qui avait d\u00e9cid\u00e9 cette man\u0153uvre.<br \/>\n<\/span><\/p>\n<p><span style=\"color: #777777; font-family: Arial;\">Samedi 19 mars 2011, les Etats-Unis, la France et le Royaume-Uni ont alors lanc\u00e9 des raids a\u00e9riens pour d\u00e9truire cette colonne mena\u00e7ante et Benghazi avait \u00e9t\u00e9 \u00e9pargn\u00e9.<br \/>\n<\/span><\/p>\n<p><span style=\"color: #777777; font-family: Arial;\">Bien entendu, rien d&rsquo;identique ne se r\u00e9alisera pour sauver Kiev. <\/span><span style=\"color: #777777; font-family: Arial;\">Khadafi n&rsquo;avait pas \u00e0 sa disposition l&rsquo;arme nucl\u00e9aire.<br \/>\n<\/span><\/p>\n<p><span style=\"color: #777777; font-family: Arial;\">De toute fa\u00e7on, il n&rsquo;est pas raisonnable d&rsquo;entrer dans cette guerre, c&rsquo;est-\u00e0-dire aller vers la guerre totale, ce que <strong>Karl von Clausewitz<\/strong> conceptualisait par l&rsquo;expression \u00ab\u2009<span style=\"color: #c00000;\"><strong>mont\u00e9e aux extr\u00eames<\/strong><span style=\"color: #777777;\">\u2009\u00bb, comme l&rsquo;avait r\u00e9v\u00e9l\u00e9 <strong>Ren\u00e9 Girard<\/strong> dans son dernier ouvrage&nbsp;: \u00ab&nbsp;<span style=\"color: #0000ff;\"><a style=\"color: #0000ff;\" href=\"https:\/\/www.scienceshumaines.com\/la-montee-aux-extremes_fr_21850.html\"><strong>Achever Clausewitz<\/strong><\/a><\/span>&nbsp;\u00bb<br \/>\n<\/span><\/span><\/span><\/p>\n<p><span style=\"color: #777777; font-family: Arial;\">D&rsquo;ailleurs <strong>Nicolas Sarkozy<\/strong>\u2026.<br \/>\n<\/span><\/p>\n<p><span style=\"color: #777777; font-family: Arial;\">Un petit instant\u2026 C&rsquo;\u00e9tait Nicolas Sarkozy qui \u00e9tait \u00e0 la man\u0153uvre et qui a \u00e9labor\u00e9 le r\u00e9cit et pris les d\u00e9cisions pour que les avions occidentaux d\u00e9truisent la colonne vers Benghazi, puis continue jusqu&rsquo;\u00e0 la chute du dictateur, d\u00e9clenchant alors l&rsquo;ire de Poutine qui n&rsquo;avait donn\u00e9 son accord que pour l&rsquo;\u00e9tape initiale.<br \/>\n<\/span><\/p>\n<p><span style=\"color: #777777; font-family: Arial;\">Donc Nicolas Sarkozy qui a vieilli et probablement est devenu plus sage, d\u00e9clarait \u00e0 la sortie d&rsquo;une entrevue avec Emmanuel Macron, le 25 f\u00e9vrier&nbsp;:<br \/>\n<\/span><\/p>\n<p style=\"margin-left: 28pt;\"><span style=\"color: #c00000; font-family: Arial;\">\u00ab La seule voie possible est la diplomatie, car l&rsquo;alternative \u00e0 la diplomatie c&rsquo;est la guerre totale \u00bb<br \/>\n<\/span><\/p>\n<p><span style=\"color: #777777; font-family: Arial;\">Et il a ajout\u00e9&nbsp;:<br \/>\n<\/span><\/p>\n<p style=\"margin-left: 28pt;\"><span style=\"color: #c00000; font-family: Arial;\">\u00ab La voie du dialogue, de la diplomatie est difficile, souvent d\u00e9cevante, mais il n&rsquo;y a pas d&rsquo;alternative. Il faut donc continuer dans cette voie. Et si la France ne le fait pas, personne ne le fera \u00bb<br \/>\n<\/span><\/p>\n<p><span style=\"color: #777777; font-family: Arial;\">Cette fois, il a parfaitement raison. Il ne suit donc plus les conseils de Bernard Henry Levy qui voudrait repartir comme \u00e0 Benghazi mais que <strong>Dominique de Villepin<\/strong> a s\u00e8chement remis \u00e0 sa place sur &lt;<span style=\"color: #0000ff;\"><a style=\"color: #0000ff;\" href=\"https:\/\/www.youtube.com\/watch?v=L0bckaix010\">France 2<\/a><\/span>&gt;, finissant sa charge par ces mots&nbsp;:<br \/>\n<\/span><\/p>\n<p style=\"margin-left: 28pt;\"><span style=\"color: #c00000; font-family: Arial;\">\u00ab&nbsp;Je ne crois pas que la posture sur les plateaux de t\u00e9l\u00e9vision soit la bonne r\u00e9ponse&nbsp;\u00bb.<br \/>\n<\/span><\/p>\n<p><span style=\"color: #777777; font-family: Arial;\">Peut-\u00eatre que si les \u00c9tats de l&rsquo;Union europ\u00e9enne n&rsquo;avaient pas d\u00e9sarm\u00e9, en s&rsquo;en remettant enti\u00e8rement au bouclier am\u00e9ricain, Poutine n&rsquo;aurait pas os\u00e9 attaquer l&rsquo;Ukraine.<br \/>\n<\/span><\/p>\n<p><span style=\"color: #777777; font-family: Arial;\">C&rsquo;est probablement parce qu&rsquo;il a la conviction de notre faiblesse qu&rsquo;il a pris l&rsquo;option militaire.<br \/>\n<\/span><\/p>\n<p><span style=\"color: #777777; font-family: Arial;\">A ce stade, il est trop tard, il serait totalement irraisonnable d&rsquo;intervenir militairement. C&rsquo;est \u00e0 l&rsquo;apr\u00e8s qu&rsquo;il faut nous int\u00e9resser, comme le disait <strong>Dominique Mo\u00efsi<\/strong>.<br \/>\n<\/span><\/p>\n<p><span style=\"color: #777777; font-family: Arial;\">Ce qui signifie donc que cette colonne militaire va atteindre Kiev et probablement submerger les d\u00e9fenses ukrainiennes.<br \/>\n<\/span><\/p>\n<p><span style=\"color: #777777; font-family: Arial;\">Certains analystes, connaissant le d\u00e9chainement de violence dont sont capables les hordes poutiniennes, s&rsquo;\u00e9tonnait de la mesure relative et actuelle que l&rsquo;aviation russe observait par rapport aux civils et au bombardement des centres villes.<br \/>\n<\/span><\/p>\n<p><a href=\"https:\/\/app.emaze.com\/@AFWWQZCO\"><img decoding=\"async\" class=\"alignleft\" src=\"https:\/\/lemotdujour.fr\/wp-content\/uploads\/2022\/03\/030122_1752_Mercredi2ma2.png\" alt=\"\" align=\"left\" border=\"0\"><\/a><span style=\"color: #777777; font-family: Arial;\">Il faut se rappeler dans quel \u00e9tat les troupes russes avaient laiss\u00e9 la capitale de la Tch\u00e9tch\u00e9nie&nbsp;: <strong>Grozny <\/strong>ou encore<strong> Alep en Syrie <\/strong>apr\u00e8s leur bombardement<strong>.<\/strong><br \/>\n<\/span><\/p>\n<p><span style=\"color: #777777; font-family: Arial;\">Peut-\u00eatre que cette relative retenue \u00e9tait due au fait que les troupes russes avaient en face ceux qu&rsquo;ils appellent \u00ab leurs fr\u00e8res ukrainiens \u00bb.<br \/>\n<\/span><\/p>\n<p><span style=\"color: #777777; font-family: Arial;\">Il est \u00e0 craindre, qu&rsquo;en raison de la r\u00e9sistance ukrainienne, l&rsquo;horreur augmente.<br \/>\n<\/span><\/p>\n<p><span style=\"color: #777777; font-family: Arial;\"><strong>Camille Magnard<\/strong> dans &lt;<span style=\"color: #0000ff;\"><a style=\"color: #0000ff;\" href=\"https:\/\/www.franceculture.fr\/emissions\/la-revue-de-presse-internationale\/la-revue-de-presse-internationale-du-mardi-01-mars-2022\">La Revue de presse internationale<\/a>&gt;<\/span> du 1er mars raconte :<br \/>\n<\/span><\/p>\n<p style=\"margin-left: 28pt;\"><span style=\"color: #c00000; font-family: Arial;\">\u00ab&nbsp;Au sixi\u00e8me jour de la guerre, l&rsquo;heure ne semble plus aux attaques-\u00e9clairs men\u00e9es par des v\u00e9hicules isol\u00e9s, envoy\u00e9s en premi\u00e8re ligne pour percer (sans succ\u00e8s) les d\u00e9fenses ukrainiennes. Face aux d\u00e9convenues et \u00e0 la frustration des premiers jours, Moscou s&rsquo;appr\u00eate, selon le quotidien allemand Die Welt, \u00e0 lancer \u00ab\u00a0la seconde phase de son assaut\u00a0\u00bb, une nouvelle tentative de perc\u00e9e militaire vers la capitale ukrainienne, mais cette fois, avec une force de frappe beaucoup plus massive et des soutiens logistiques, derri\u00e8re la ligne de front, qui pourraient permettre \u00e0 l&rsquo;arm\u00e9e russe de tenir le si\u00e8ge pendant plusieurs jours voire plusieurs semaines.<br \/>\n<\/span><\/p>\n<p style=\"margin-left: 28pt;\"><span style=\"color: #c00000; font-family: Arial;\">\u00ab\u00a0La guerre est entr\u00e9e dans une nouvelle phase\u00a0\u00bb, confirme The Economist, et d\u00e9sormais plus aucune illusion n&rsquo;est possible sur le fait que les Russes visent et tuent bien des cibles civiles, contrairement \u00e0 ce que Vladimir Poutine assurait hier encore au t\u00e9l\u00e9phone \u00e0 Emmanuel Macron. Pour preuve, il suffit de regarder les images du pilonnage de quartiers r\u00e9sidentiels pendant des heures hier dans la ville de Kharkiv, la seconde plus grosse du pays. On d\u00e9nombre, au bas mot, 11 civils morts. \u00ab\u00a0Si les frappes russes \u00e9vitaient jusque-l\u00e0 les quartiers les plus peupl\u00e9s pour se concentrer sur les cibles militaires, la donne a chang\u00e9 pour le pire \u00e0 Kharkiv\u00a0\u00bb, explicite le New York Times. Bien s\u00fbr, ce ne sont pas (encore) les tapis de bombes que les Russes avaient fait tomber sur Grozny en Tch\u00e9tch\u00e9nie en 1999 ou plus r\u00e9cemment sur Alep en Syrie en 2016. Mais c&rsquo;est bien cela, la menace qui est contenue dans cette mont\u00e9e en puissance de l&rsquo;artillerie et des forces a\u00e9riennes utilis\u00e9es pour la premi\u00e8re fois sur des civils hier \u00e0 Kharkiv : bien plus que de faire tomber la ville sous contr\u00f4le russe, il s&rsquo;agit de semer la terreur et de faire pression sur les n\u00e9gociations qui ont p\u00e9niblement d\u00e9but\u00e9 ce lundi 28 f\u00e9vrier, sans donner pour le moment aucun r\u00e9sultat probant.<br \/>\n<\/span><\/p>\n<p style=\"margin-left: 28pt;\"><span style=\"color: #c00000; font-family: Arial;\">Dans le m\u00eame registre, l&rsquo;Ukraine accuse l&rsquo;arm\u00e9e russe d&rsquo;utiliser des armes interdites par le droit international. La presse ukrainienne, \u00e0 l&rsquo;image du quotidien Sohodny, \u00e9voque &#8211; et c&rsquo;est une premi\u00e8re depuis le d\u00e9but de la guerre &#8211; d&rsquo;importantes pertes militaires : dans la petite ville de Okhtyrka, au nord-ouest de Kharkiv, \u00ab\u00a0on a pr\u00e9par\u00e9 70 nouvelles places au cimeti\u00e8re\u00a0\u00bb pour y enterrer les 70 soldats (l\u00e0 encore c&rsquo;est une estimation basse) tu\u00e9s dans le bombardement de leur caserne. Les Russes auraient utilis\u00e9 des armes thermobariques, un type de bombe particuli\u00e8rement destructeur qui combine explosion, onde de choc et effet de d\u00e9pression pour ensuite causer un maximum de d\u00e9g\u00e2ts sur les installations militaires et sur les hommes. Selon les experts militaires, c&rsquo;est le niveau juste avant l&rsquo;arme nucl\u00e9aire, en terme de l\u00e9talit\u00e9.&nbsp;<\/span><\/p>\n<p style=\"margin-left: 28pt;\"><span style=\"color: #c00000; font-family: Arial;\">Des journalistes avaient bien rep\u00e9r\u00e9, avec effroi ces derniers jours sur les routes ukrainiennes, l&rsquo;\u00e9norme camion qui transporte le lance-roquette \u00e0 t\u00eates thermobariques TOS-1, mais jamais jusque-l\u00e0 on avait eu la preuve qu&rsquo;ils avaient \u00e9t\u00e9 utilis\u00e9s dans ce conflit. C&rsquo;est apparemment chose faite \u00e0 Okhtyrka, selon les autorit\u00e9s ukrainiennes&#8230; et, tout comme les civils bombard\u00e9s \u00e0 Kharkiv, cela pose la question des violations de la Convention de Gen\u00e8ve par la Russie \u00bb<br \/>\n<\/span><\/p>\n<p><span style=\"color: #777777; font-family: Arial;\">Que dire devant cette sauvagerie&nbsp;?<br \/>\n<\/span><\/p>\n<p><span style=\"color: #777777; font-family: Arial;\">Probablement en revenir \u00e0 l&rsquo;Art.<br \/>\n<\/span><\/p>\n<p><span style=\"color: #777777; font-family: Arial;\">A une \u0153uvre qui fait partie de l&rsquo;Histoire de l&rsquo;Humanit\u00e9.<br \/>\n<\/span><\/p>\n<p><span style=\"color: #777777; font-family: Arial;\">Une \u0153uvre r\u00e9alis\u00e9e par <a href=\"https:\/\/fr.wikipedia.org\/wiki\/Pablo_Picasso\"><strong><span style=\"color: #0000ff;\">Pablo Picasso&nbsp;<\/span><\/strong><\/a>(1881-1973)<br \/>\n<\/span><\/p>\n<p><span style=\"color: #777777; font-family: Arial;\"><strong>Pablo Picasso<\/strong> a peint son tableau peut \u00eatre le plus c\u00e9l\u00e8bre \u00ab&nbsp;<strong>Guernica&nbsp;<\/strong>\u00bb en 1937. Guernica est une petite ville basque qui a \u00e9t\u00e9 d\u00e9truite par des bombardements qui annoncent ceux de la seconde guerre mondiale. Pour L&rsquo;Allemagne nazie, il s&rsquo;agit d&rsquo;une sorte de r\u00e9p\u00e9tition. Mais le monde d&rsquo;alors n&rsquo;avait pas connu un tel d\u00e9chainement de violence sur une ville peupl\u00e9e de civils. Hitler et Mussolini, par cet acte veulent affirmer leur soutien officiel aux nationalistes de Franco face aux R\u00e9publicains.<br \/>\n<\/span><\/p>\n<p><span style=\"color: #777777; font-family: Arial;\">Guernica, en ruine, compte des centaines de morts et de bless\u00e9s, tous civils. Picasso, exil\u00e9 \u00e0 Paris, prend connaissance du drame dans les journaux. Troubl\u00e9 par les r\u00e9cits qu&rsquo;il lit et les photographies qu&rsquo;il voit, il cr\u00e9e Guernica comme il pousserait un \u00e9norme cri de col\u00e8re face \u00e0 la folie de l&rsquo;humanit\u00e9. On raconte m\u00eame que lorsque l&rsquo;ambassadeur nazi Otto Abetz a demand\u00e9 \u00e0 Picasso devant une photo de Guernica&nbsp;:<br \/>\n<\/span><\/p>\n<p style=\"margin-left: 28pt;\"><span style=\"color: #c00000; font-family: Arial;\">\u00ab C&rsquo;est vous qui avez fait cela ? \u00bb, <span style=\"color: #777777;\">l&rsquo;artiste a r\u00e9pondu<span style=\"color: #c00000;\"> : \u00ab Non\u2026 vous \u00bb<br \/>\n<\/span><\/span><\/span><\/p>\n<p><span style=\"color: #777777; font-family: Arial;\">En 1939, alors que la guerre fait rage, Pablo Picasso confie son \u0153uvre au Museum of Modern Art de New York, connu sous l&rsquo;acronyme <strong>MoMA<\/strong>, inaugur\u00e9 10 ans auparavant.<br \/>\n<\/span><\/p>\n<p><span style=\"color: #777777; font-family: Arial;\">Picasso veut que \u00ab <strong>Guernica<\/strong> \u00bb rejoigne plus tard l&rsquo;Espagne mais uniquement quand la d\u00e9mocratie sera r\u00e9tablie.<br \/>\n<\/span><\/p>\n<p><span style=\"color: #777777; font-family: Arial;\">En 1981, apr\u00e8s la mise en place d&rsquo;une Constitution et d&rsquo;un gouvernement d\u00e9mocratique en Espagne, ce projet sera accompli.<br \/>\n<\/span><\/p>\n<p><span style=\"color: #777777; font-family: Arial;\">Le tableau n&rsquo;a plus quitt\u00e9 Madrid depuis. Il se trouve au mus\u00e9e <strong>Reina Sofia<\/strong>.<br \/>\n<\/span><\/p>\n<p><img decoding=\"async\" src=\"https:\/\/lemotdujour.fr\/wp-content\/uploads\/2022\/03\/030122_1752_Mercredi2ma3.jpg\" alt=\"\"><span style=\"color: #777777; font-family: Arial;\"><br \/>\n<\/span><\/p>\n<p><span style=\"color: #777777; font-family: Arial;\">Sur ce &lt;<a href=\"https:\/\/blog.artsper.com\/fr\/la-minute-arty\/analyse-dun-chef-doeuvre-guernica-de-picasso\/\"><span style=\"color: #0000ff;\">site<\/span><\/a>&gt; vous trouverez une description et analyse de cette \u0153uvre mythique.<br \/>\n<\/span><\/p>\n<p><span style=\"color: #777777; font-family: Arial;\">L&rsquo;histoire de ce tableau nous apprend aussi qu&rsquo;il y aura un Apr\u00e8s-Poutine et qu&rsquo;en attendant il nous faut tenter de devenir moins na\u00eff.<br \/>\n<\/span><\/p>\n<p><span style=\"color: #777777; font-family: Arial;\">Et aussi accepter de payer le prix pour ne pas se trouver d\u00e9muni le jour o\u00f9 des pr\u00e9dateurs auront la tentation de nous consid\u00e9rer comme des proies.<br \/>\n<\/span><\/p>\n<p><span style=\"color: #777777; font-family: Arial;\">Je suis tr\u00e8s surpris <a href=\"https:\/\/www.youtube.com\/watch?v=H5tRHt2UW0E\"><span style=\"color: #0000ff;\">du discours de Jean-Luc M\u00e9lenchon<\/span><\/a> \u00e0 l&rsquo;Assembl\u00e9e Nationale ce mardi, non pas la premi\u00e8re partie, mais la seconde dans laquelle il reprend la posture de l&rsquo;herbivore dans un monde de carnivore.<br \/>\n<\/span><\/p>\n<p><span style=\"color: #c00000; font-family: Arial;\">&lt;1661&gt;<\/span><\/p>\n","protected":false},"excerpt":{"rendered":"<p>\u00ab &nbsp;Guernica&nbsp; \u00bb Pablo Picasso Le 1er mars, tous les journaux en faisaient mention&nbsp;: un convoi militaire russe long de plusieurs dizaines de de kilom\u00e8tres \u00e9tait en route. Le plus souvent on parlait de 60 km, une autre source donnait<\/p>\n","protected":false},"author":1,"featured_media":0,"comment_status":"open","ping_status":"closed","sticky":false,"template":"","format":"standard","meta":{"footnotes":""},"categories":[1],"tags":[219,108,78,218],"class_list":["post-13275","post","type-post","status-publish","format-standard","hentry","category-motdujour","tag-guerre","tag-peinture","tag-russie","tag-ukraine"],"_links":{"self":[{"href":"https:\/\/lemotdujour.fr\/index.php?rest_route=\/wp\/v2\/posts\/13275","targetHints":{"allow":["GET"]}}],"collection":[{"href":"https:\/\/lemotdujour.fr\/index.php?rest_route=\/wp\/v2\/posts"}],"about":[{"href":"https:\/\/lemotdujour.fr\/index.php?rest_route=\/wp\/v2\/types\/post"}],"author":[{"embeddable":true,"href":"https:\/\/lemotdujour.fr\/index.php?rest_route=\/wp\/v2\/users\/1"}],"replies":[{"embeddable":true,"href":"https:\/\/lemotdujour.fr\/index.php?rest_route=%2Fwp%2Fv2%2Fcomments&post=13275"}],"version-history":[{"count":5,"href":"https:\/\/lemotdujour.fr\/index.php?rest_route=\/wp\/v2\/posts\/13275\/revisions"}],"predecessor-version":[{"id":13283,"href":"https:\/\/lemotdujour.fr\/index.php?rest_route=\/wp\/v2\/posts\/13275\/revisions\/13283"}],"wp:attachment":[{"href":"https:\/\/lemotdujour.fr\/index.php?rest_route=%2Fwp%2Fv2%2Fmedia&parent=13275"}],"wp:term":[{"taxonomy":"category","embeddable":true,"href":"https:\/\/lemotdujour.fr\/index.php?rest_route=%2Fwp%2Fv2%2Fcategories&post=13275"},{"taxonomy":"post_tag","embeddable":true,"href":"https:\/\/lemotdujour.fr\/index.php?rest_route=%2Fwp%2Fv2%2Ftags&post=13275"}],"curies":[{"name":"wp","href":"https:\/\/api.w.org\/{rel}","templated":true}]}}