{"id":13266,"date":"2022-03-01T00:06:00","date_gmt":"2022-02-28T23:06:00","guid":{"rendered":"https:\/\/lemotdujour.fr\/?p=13266"},"modified":"2022-03-01T21:56:08","modified_gmt":"2022-03-01T20:56:08","slug":"mardi-1-mars-2022","status":"publish","type":"post","link":"https:\/\/lemotdujour.fr\/?p=13266","title":{"rendered":"Mardi 1 mars 2022"},"content":{"rendered":"<div class=\"mdjTexte\">\u00ab La guerre, aujourd&rsquo;hui, revient au c\u0153ur de l&rsquo;Europe. Nous avons perdu ce 24 f\u00e9vrier notre innocence \u00bb<\/div>\n<div class=\"mdjAuteur\">Dominique Mo\u00efsi<\/div>\n<p><span style=\"color: #777777; font-family: Arial;\">Les analyses du politologue <strong>Dominique Mo\u00efsi<\/strong> sont toujours d&rsquo;un grand int\u00e9r\u00eat.<br \/>\n<\/span><\/p>\n<p><span style=\"color: #777777; font-family: Arial;\">Trois mots du jour ont d\u00e9j\u00e0 partag\u00e9 ses r\u00e9flexions\u00a0:<br \/>\n<\/span><\/p>\n<ul>\n<li><span style=\"color: #777777; font-family: Arial;\">Sur le conflit isra\u00e9lo-palestinien\u00a0: &lt;<span style=\"color: #0000ff;\"><a style=\"color: #0000ff;\" href=\"https:\/\/lemotdujour.fr\/?p=1284\">19\/10\/2015<\/a><\/span>&gt;<br \/>\n<\/span><\/li>\n<li><span style=\"color: #777777; font-family: Arial;\">Sur la guerre en Syrie &lt;<span style=\"color: #0000ff;\"><a style=\"color: #0000ff;\" href=\"https:\/\/lemotdujour.fr\/?p=1266\">06\/10\/2015<\/a><\/span>&gt;<br \/>\n<\/span><\/li>\n<li><span style=\"color: #777777; font-family: Arial;\">Sur les relations Europe \u2013 Etats-Unis\u00a0: &lt;<span style=\"color: #0000ff;\"><a style=\"color: #0000ff;\" href=\"https:\/\/lemotdujour.fr\/?p=1176\">30\/06\/2015<\/a><\/span>&gt;<br \/>\n<\/span><\/li>\n<\/ul>\n<p><span style=\"color: #777777; font-family: Arial;\">\u00ab\u00a0<strong>Le Point<\/strong>\u00a0\u00bb l&rsquo;a interrog\u00e9 sur ce que l&rsquo;invasion de l&rsquo;Ukraine par les russes pose comme questions\u00a0: <strong>\u00ab <a href=\"https:\/\/www.lepoint.fr\/debats\/guerre-ukraine-russie-dominique-moisi-l-histoire-bascule-aujourd-hui-25-02-2022-2466217_2.php\"><span style=\"color: #0000ff;\">L&rsquo;histoire bascule aujourd&rsquo;hui<\/span><\/a> \u00bb\u00a0.<br \/>\n<\/strong><\/span><\/p>\n<p><span style=\"color: #777777; font-family: Arial;\">Du haut de ses 75 ans, il est n\u00e9 le 21 octobre 1946 \u00e0 Strasbourg, il peut nous nous distiller les fruits de son exp\u00e9rience\u00a0: <strong><br \/>\n<\/strong><\/span><\/p>\n<p style=\"margin-left: 28pt;\"><span style=\"color: #c00000; font-family: Arial;\">\u00ab\u00a0Oui, nous sommes clairement \u00e0 un point de bascule historique car, pour la premi\u00e8re fois depuis 1945, au c\u0153ur de l&rsquo;Europe, un pays est envahi par un autre pour l&rsquo;asservir compl\u00e8tement en niant son droit d&rsquo;existence. Il y a bien s\u00fbr eu des moments violents depuis 1945 en Europe. Je pense en particulier aux conflits dans les Balkans, dans l&rsquo;ex-Yougoslavie. Mais cela n&rsquo;\u00e9tait que l&rsquo;\u00e9clatement d&rsquo;un empire. Donc oui, l&rsquo;invasion de l&rsquo;Ukraine par la Russie marque un tournant historique majeur. C&rsquo;est la fin de la p\u00e9riode d&rsquo;apr\u00e8s-Seconde Guerre mondiale. Celle-ci se d\u00e9compose d&rsquo;ailleurs en deux phases : une guerre froide, de 1945 \u00e0 1989, et une paix chaude, de 1989 \u00e0 nos jours.\u00a0\u00bb<br \/>\n<\/span><\/p>\n<p><span style=\"color: #777777; font-family: Arial;\"><strong>Hubert Vedrine<\/strong> le r\u00e9p\u00e8te, le leadership de l&rsquo;Occident est de plus en plus contest\u00e9. C&rsquo;est-\u00e0-dire que ce n&rsquo;est plus l&rsquo;Occident qui dit ce qui est bien et mal ou plus exactement il continue \u00e0 vouloir le dire mais il n&rsquo;est plus \u00e9cout\u00e9.<br \/>\n<\/span><\/p>\n<p><span style=\"color: #777777; font-family: Arial;\">Et V\u00e9drine a m\u00eame rapport\u00e9 dans un entretien que j&rsquo;ai entendu tout r\u00e9cemment que des intellectuels chinois ne parlent pas du \u00ab\u00a0<strong>d\u00e9clin occidental<\/strong>\u00a0\u00bb mais de \u00ab\u00a0<strong>la fin de la parenth\u00e8se occidentale<\/strong>\u00a0\u00bb.<br \/>\n<\/span><\/p>\n<p><span style=\"color: #777777; font-family: Arial;\">Poutine se place aussi dans cette perspective, c&rsquo;est ce que pense Dominique Mo\u00efsi\u00a0:<br \/>\n<\/span><\/p>\n<p style=\"margin-left: 28pt;\"><span style=\"color: #c00000; font-family: Arial;\">\u00ab\u00a0Les r\u00e9gimes autoritaires ont une vision tr\u00e8s n\u00e9gative de l&rsquo;Occident. Ils voient notamment les d\u00e9mocraties am\u00e9ricaine et europ\u00e9ennes comme des syst\u00e8mes politiques absolument inadapt\u00e9s \u00e0 notre \u00e9poque. Dans l&rsquo;esprit de Vladimir Poutine, des \u00e9v\u00e9nements, ces derniers mois, n&rsquo;ont fait que confirmer la vision d\u00e9cadente qu&rsquo;il a des \u00c9tats-Unis. Je pense en particulier \u00e0 la marche des trumpistes sur le Capitole le 6 janvier 2021 et \u00e0 la reprise de Kaboul par les talibans le 15 ao\u00fbt dernier. Une d\u00e9cadence int\u00e9rieure et ext\u00e9rieure.\u00a0\u00bb<br \/>\n<\/span><\/p>\n<p><span style=\"color: #777777; font-family: Arial;\">Pour Dominique Mo\u00efsi la d\u00e9faite de l&rsquo;Ukraine semble in\u00e9luctable et \u00e0 court terme. Ce qui lui semble essentiel, c&rsquo;est penser l&rsquo;apr\u00e8s asservissement de l&rsquo;Ukraine par les russes :<br \/>\n<\/span><\/p>\n<p style=\"margin-left: 28pt;\"><span style=\"color: #c00000; font-family: Arial;\">\u00ab\u00a0Aujourd&rsquo;hui, mieux vaut penser au coup d&rsquo;apr\u00e8s, \u00e0 savoir faire en sorte que Vladimir Poutine n&rsquo;aille pas au-del\u00e0 de l&rsquo;Ukraine. Car les prochaines victimes potentielles sont les \u00c9tats baltes de Lettonie, de Lituanie et d&rsquo;Estonie. Ces r\u00e9publiques, pour m\u00e9moire, font \u00e0 la fois partie de l&rsquo;Union europ\u00e9enne et de l&rsquo;Otan. Si la Russie allait jusque l\u00e0-bas sans susciter une forte r\u00e9action occidentale, alors ce serait la fin de l&rsquo;Alliance atlantique.\u00a0\u00bb<br \/>\n<\/span><\/p>\n<p><span style=\"color: #777777; font-family: Arial;\">Les derni\u00e8res heures ont cependant montr\u00e9 un grand dynamisme des europ\u00e9ens pour sanctionner les russes et le soft power n&rsquo;est pas en reste avec le monde sportif qui exclut la Russie des comp\u00e9titions et le monde des arts qui \u00e9carte les artistes proches de Poutine et qui refuse de contester son attitude.<br \/>\n<\/span><\/p>\n<p><span style=\"color: #777777; font-family: Arial;\">En cas de victoire de Poutine, il faudra conserver les sanctions si l&rsquo;Europe veut \u00eatre coh\u00e9rent avec les motifs de leur d\u00e9clenchement.<br \/>\n<\/span><\/p>\n<p><span style=\"color: #777777; font-family: Arial;\">Mais est ce que les sanctions \u00e9conomiques feront plier Poutine avant les gouvernements europ\u00e9ens qui vont probablement se trouver contest\u00e9 par des populations soumises \u00e0 des difficult\u00e9s de pouvoir d&rsquo;achat de plus en plus importantes. Surtout que cet \u00e9pisode vient apr\u00e8s la crise de la COVID qui a d\u00e9j\u00e0 eu un grand impact sur la vie des gens.<br \/>\n<\/span><\/p>\n<p><span style=\"color: #777777; font-family: Arial;\">Pour Mo\u00efsi les deux grandes cons\u00e9quences de ce conflit sont le renforcement de la Chine et un renforcement de l&rsquo;Union europ\u00e9enne :<br \/>\n<\/span><\/p>\n<p style=\"margin-left: 28pt;\"><span style=\"color: #c00000; font-family: Arial;\">\u00ab\u00a0Dans un futur proche, ce conflit entre la Russie et le monde d\u00e9mocratique est un don de Dieu pour la Chine. Elle a depuis bien longtemps l&rsquo;ambition de redevenir un grand empire. Gr\u00e2ce aux Occidentaux d&rsquo;abord et \u00e0 Poutine ensuite, son projet de retour au premier plan s&rsquo;est consid\u00e9rablement acc\u00e9l\u00e9r\u00e9. Le centre de gravit\u00e9 g\u00e9opolitique sera d\u00e9sormais en Asie. Ce conflit a cependant une vertu. Poutine nous force \u00e0 l&rsquo;union. Les tentations illib\u00e9rales de la Pologne n&rsquo;ont plus beaucoup de sens quand les chars russes sont pratiquement \u00e0 la fronti\u00e8re. Continuera-t-elle s\u00e9rieusement \u00e0 d\u00e9noncer le suppos\u00e9 imp\u00e9rialisme juridique de Bruxelles ?\u00a0\u00bb<br \/>\n<\/span><\/p>\n<p><span style=\"color: #777777; font-family: Arial;\">Il fait aussi le parall\u00e8le entre Poutine et Hitler, comme je l&rsquo;avais \u00e9crit dans le mot du jour de vendredi et insiste sur le fait comme lui, il avait \u00e9crit ce qu&rsquo;il ferait\u00a0:<br \/>\n<\/span><\/p>\n<p style=\"margin-left: 28pt;\"><span style=\"color: #c00000; font-family: Arial;\">\u00ab\u00a0H\u00e9las, quand vous regardez les images qui nous parviennent d&rsquo;Ukraine, vous voyez de vieilles femmes et des enfants errant dans la rue \u00e0 la recherche d&rsquo;un abri. Les fant\u00f4mes du pass\u00e9, c&rsquo;est l&rsquo;invasion de la Pologne par l&rsquo;Allemagne nazie en 1939. Oui, il y a un parall\u00e8le entre Poutine et Hitler, c&rsquo;est net. Les deux ont dit clairement ce qu&rsquo;ils avaient l&rsquo;intention de faire : l&rsquo;un, Hitler, dans son livre Mein Kampf ; l&rsquo;autre, Poutine, dans une s\u00e9rie de discours et dans un article.\u00a0\u00bb<br \/>\n<\/span><\/p>\n<p><span style=\"color: #777777; font-family: Arial;\">Bien \u00e9videmment cet \u00e9v\u00e8nement aura de grandes cons\u00e9quences dans nos vies\u00a0: <strong>psychologiquement et \u00e9conomiquement<\/strong>.<br \/>\n<\/span><\/p>\n<p style=\"margin-left: 28pt;\"><span style=\"color: #c00000; font-family: Arial;\">\u00ab\u00a0La premi\u00e8re est psychologique, et c&rsquo;est d&rsquo;ailleurs la plus importante. Nous allons vivre d\u00e9sormais \u00e0 l&rsquo;ombre d&rsquo;une guerre qui peut, un jour, nous concerner. Les guerres \u00e9taient jusqu&rsquo;ici r\u00e9serv\u00e9es au Moyen-Orient, comme l&rsquo;Irak, le Y\u00e9men ou la Syrie, ou \u00e0 l&rsquo;Asie, comme au Myanmar, sans oublier bien s\u00fbr l&rsquo;Afghanistan. <strong>La guerre, aujourd&rsquo;hui, revient au c\u0153ur de l&rsquo;Europe. Nous avons perdu ce 24 f\u00e9vrier notre innocence<\/strong>.<br \/>\nLa guerre n&rsquo;est plus du pass\u00e9.<br \/>\nC&rsquo;est le pr\u00e9sent de l&rsquo;Ukraine.<br \/>\nC&rsquo;est peut-\u00eatre notre futur.<br \/>\nLa seconde cons\u00e9quence durable est \u00e9conomique. Le prix du pain sera plus cher. Le prix du chauffage sera plus cher. La tension maximale dans laquelle nous sommes est mauvaise pour l&rsquo;\u00e9conomie mondiale.\u00a0\u00bb<br \/>\n<\/span><\/p>\n<p><span style=\"color: maroon; font-family: Arial;\">&lt;1660&gt;<span style=\"color: #777777;\"><br \/>\n<\/span><\/span><\/p>\n","protected":false},"excerpt":{"rendered":"<p>\u00ab La guerre, aujourd&rsquo;hui, revient au c\u0153ur de l&rsquo;Europe. Nous avons perdu ce 24 f\u00e9vrier notre innocence \u00bb Dominique Mo\u00efsi Les analyses du politologue Dominique Mo\u00efsi sont toujours d&rsquo;un grand int\u00e9r\u00eat. Trois mots du jour ont d\u00e9j\u00e0 partag\u00e9 ses r\u00e9flexions\u00a0:<\/p>\n","protected":false},"author":1,"featured_media":0,"comment_status":"open","ping_status":"closed","sticky":false,"template":"","format":"standard","meta":{"footnotes":""},"categories":[1],"tags":[50,219,78,218],"class_list":["post-13266","post","type-post","status-publish","format-standard","hentry","category-motdujour","tag-europe","tag-guerre","tag-russie","tag-ukraine"],"_links":{"self":[{"href":"https:\/\/lemotdujour.fr\/index.php?rest_route=\/wp\/v2\/posts\/13266","targetHints":{"allow":["GET"]}}],"collection":[{"href":"https:\/\/lemotdujour.fr\/index.php?rest_route=\/wp\/v2\/posts"}],"about":[{"href":"https:\/\/lemotdujour.fr\/index.php?rest_route=\/wp\/v2\/types\/post"}],"author":[{"embeddable":true,"href":"https:\/\/lemotdujour.fr\/index.php?rest_route=\/wp\/v2\/users\/1"}],"replies":[{"embeddable":true,"href":"https:\/\/lemotdujour.fr\/index.php?rest_route=%2Fwp%2Fv2%2Fcomments&post=13266"}],"version-history":[{"count":7,"href":"https:\/\/lemotdujour.fr\/index.php?rest_route=\/wp\/v2\/posts\/13266\/revisions"}],"predecessor-version":[{"id":13285,"href":"https:\/\/lemotdujour.fr\/index.php?rest_route=\/wp\/v2\/posts\/13266\/revisions\/13285"}],"wp:attachment":[{"href":"https:\/\/lemotdujour.fr\/index.php?rest_route=%2Fwp%2Fv2%2Fmedia&parent=13266"}],"wp:term":[{"taxonomy":"category","embeddable":true,"href":"https:\/\/lemotdujour.fr\/index.php?rest_route=%2Fwp%2Fv2%2Fcategories&post=13266"},{"taxonomy":"post_tag","embeddable":true,"href":"https:\/\/lemotdujour.fr\/index.php?rest_route=%2Fwp%2Fv2%2Ftags&post=13266"}],"curies":[{"name":"wp","href":"https:\/\/api.w.org\/{rel}","templated":true}]}}