{"id":13248,"date":"2022-02-28T01:03:01","date_gmt":"2022-02-28T00:03:01","guid":{"rendered":"https:\/\/lemotdujour.fr\/?p=13248"},"modified":"2022-02-28T21:46:15","modified_gmt":"2022-02-28T20:46:15","slug":"lundi-28-fevrier-2022","status":"publish","type":"post","link":"https:\/\/lemotdujour.fr\/?p=13248","title":{"rendered":"Lundi 28 f\u00e9vrier 2022"},"content":{"rendered":"<div class=\"mdjTexte\">\u00ab Je crois \u00e0 la victoire finale des d\u00e9mocraties, mais \u00e0 une condition c&rsquo;est qu&rsquo;elles le veuillent ! \u00bb<\/div>\n<div class=\"mdjAuteur\">Raymond Aron cit\u00e9 par Nicolas Baverez<\/div>\n<p><span style=\"color: #777777; font-family: Arial;\">C&rsquo;est incroyable et terrifiant\u00a0!<br \/>\n<\/span><\/p>\n<p><span style=\"color: #777777; font-family: Arial;\">Vous passez par l&rsquo;Allemagne notamment par Dresde, puis vous traversez la Pologne en passant par Varsovie et vous vous trouvez sur la fronti\u00e8re est de l&rsquo;Union europ\u00e9enne.<br \/>\n<\/span><\/p>\n<p><span style=\"color: #777777; font-family: Arial;\">Et l\u00e0 se trouve un \u00c9tat d\u00e9mocratique, un peuple citoyen qui choisit librement son pr\u00e9sident et ses d\u00e9put\u00e9s.<br \/>\n<\/span><\/p>\n<p><span style=\"color: #777777; font-family: Arial;\">Bref, un pays qui nous ressemble.<br \/>\n<\/span><\/p>\n<p><span style=\"color: #777777; font-family: Arial;\">Ce pays est sous les bombes, les missiles de l&rsquo;arm\u00e9e de son voisin qui n&rsquo;est pas une d\u00e9mocratie, tout au plus une d\u00e9mocrature, c&rsquo;est-\u00e0-dire une dictature qui se donne l&rsquo;apparence d&rsquo;une d\u00e9mocratie.<br \/>\n<\/span><\/p>\n<p><img loading=\"lazy\" decoding=\"async\" class=\"alignleft\" src=\"https:\/\/lemotdujour.fr\/wp-content\/uploads\/2022\/02\/022722_2349_Lundi28fvri1.jpg\" alt=\"\" width=\"546\" height=\"388\" align=\"left\" \/><span style=\"color: #777777; font-family: Arial;\">L&rsquo;Ukraine est sous les bombes et menac\u00e9e par une arm\u00e9e d&rsquo;hommes capables de tout, d\u00e9guis\u00e9s en civil ou en soldat ukrainien. Cette arm\u00e9e est accompagn\u00e9e d&rsquo;une milice tch\u00e9tch\u00e8ne, c&rsquo;est-\u00e0-dire des nervis qui ont pr\u00eat\u00e9 all\u00e9geance \u00e0 Poutine quand il a d\u00e9truit leur pays et ras\u00e9 Grozny leur capitale., parce qu&rsquo;ils pr\u00e9f\u00e9raient \u00eatre dans le camp du fort et du vainqueur. Pour lui \u00eatre agr\u00e9able, ils ont accept\u00e9 de faire toutes les basses besognes, trop vil pour un soldat russe.<br \/>\n<\/span><\/p>\n<p><span style=\"color: #777777; font-family: Arial;\">En parall\u00e8le, circule parmi eux une liste de 100 ukrainiens dont il faut se d\u00e9barrasser, parmi eux bien s\u00fbr le pr\u00e9sident <strong>Volodymyr Zelensky<\/strong>.<br \/>\n<\/span><\/p>\n<p><span style=\"color: #777777; font-family: Arial;\">Il faut s&rsquo;en d\u00e9barrasser, afin qu&rsquo;il soit plus simple de transformer le r\u00e9gime de l&rsquo;Ukraine, en d\u00e9mocrature.<br \/>\n<\/span><\/p>\n<p><span style=\"color: #777777; font-family: Arial;\">Parce que c&rsquo;est le premier crime de l&rsquo;Ukraine ! Ce pays aux marches de l&#8217;empire russe, d\u00e9montre qu&rsquo;un \u00c9tat proche dans la culture, la religion, l&rsquo;histoire du peuple russe est capable de d\u00e9signer ses dirigeants apr\u00e8s des \u00e9lections libres, \u00e9lections qui peuvent m\u00eame renvoyer le pr\u00e9sident sortant.<br \/>\n<\/span><\/p>\n<p><span style=\"color: #777777; font-family: Arial;\">Il y a bien un second crime\u00a0: ce pays veut \u00eatre ind\u00e9pendant, choisir librement ses alliances et ne pas se soumettre \u00e0 son irascible et surarm\u00e9 voisin, puissance imp\u00e9riale de toujours dont il conna\u00eet historiquement le joug et la cruaut\u00e9 (cf. <a href=\"https:\/\/fr.wikipedia.org\/wiki\/Holodomor\"><span style=\"color: #0000ff;\">Holodomor<\/span><\/a>).<br \/>\n<\/span><\/p>\n<p><span style=\"color: #777777; font-family: Arial;\">Et nous assistons \u00e0 cela, nous laissons faire\u00a0!<br \/>\n<\/span><\/p>\n<p><span style=\"color: #777777; font-family: Arial;\">Un tyran qui utilise sa force sup\u00e9rieure et ses forces du mal (milice tch\u00e9tch\u00e8ne) pour \u00e9craser et massacrer des gens qui nous ressemblent, qui sont nos amis.<br \/>\n<\/span><\/p>\n<p><span style=\"color: #777777; font-family: Arial;\">Il en est m\u00eame dans nos rangs qui ont, depuis des ann\u00e9es, encens\u00e9 le criminel de guerre qui se terre dans son palais du Kremlin.<br \/>\n<\/span><\/p>\n<p><span style=\"color: #777777; font-family: Arial;\"><strong>Jean Fran\u00e7ois Kahn,<\/strong> dans un article publi\u00e9 le 26 f\u00e9vrier\u00a0: &lt;<a href=\"https:\/\/www.lepoint.fr\/invites-du-point\/jean-francois-kahn-poutine-centre-de-la-presidentielle-26-02-2022-2466325_420.php\"><span style=\"color: #0000ff;\">Poutine centre de la pr\u00e9sidentielle<\/span><\/a>&gt; dresse ce constat accablant\u00a0:<br \/>\n<\/span><\/p>\n<p style=\"margin-left: 28pt;\"><span style=\"color: #c00000; font-family: Arial;\">\u00ab\u00a0C&rsquo;est un fait : celles et ceux qui, en France, ne cachaient pas une certaine proximit\u00e9 id\u00e9ologique ou g\u00e9opolitique avec Vladimir Poutine et avaient, en cons\u00e9quence, tendance, au d\u00e9but de la crise ukrainienne, \u00e0 manifester beaucoup de compr\u00e9hension \u00e0 l&rsquo;\u00e9gard de la position russe, repr\u00e9sentaient 45 % des intentions de vote \u00e0 l&rsquo;\u00e9lection pr\u00e9sidentielle. C&rsquo;est Emmanuel Macron, et non le nouveau tsar de Moscou, qui \u00e9tait alors l&rsquo;objet de leur vindicte (et encore samedi, en plein assaut sur Kiev, sur les sites des m\u00e9dias conservateurs, la majorit\u00e9 des r\u00e9actions \u00e9taient beaucoup plus anti-Macron qu&rsquo;anti-Poutine).<br \/>\n<\/span><\/p>\n<p style=\"margin-left: 28pt;\"><span style=\"color: #c00000; font-family: Arial;\">Selon Marine Le Pen, la pr\u00e9sidence fran\u00e7aise \u00e9tait totalement d\u00e9pendante des exigences am\u00e9ricaines ; selon Jean-Luc M\u00e9lenchon, Macron agissait en petit t\u00e9l\u00e9graphiste de l&rsquo;Otan ; selon \u00c9ric Zemmour, quand le pr\u00e9sident tenta de n\u00e9gocier avec un ma\u00eetre du Kremlin, plus fort que lui, il se comportait comme un petit gar\u00e7on ridicule (et samedi, M\u00e9lenchon reprenait \u00e0 son compte les m\u00eames termes). Aucun des trois ne croyait \u00e0 une invasion militaire de l&rsquo;Ukraine et tous criaient \u00e0 la d\u00e9sinformation et \u00e0 l&rsquo;enfumage.<br \/>\n<\/span><\/p>\n<p><span style=\"color: #777777; font-family: Arial;\">Alors, depuis que Poutine a viol\u00e9 les fronti\u00e8res de la souverainet\u00e9 ukrainienne, ils ont conc\u00e9d\u00e9 que ce n&rsquo;\u00e9tait pas bien. Jean-Luc M\u00e9lenchon a m\u00eame condamn\u00e9 fermement. <\/span><span style=\"color: #777777; font-family: Arial;\">Mais pour tr\u00e8s rapidement crier \u00e0 la folie de la course aux armements des allemands.<br \/>\n<\/span><\/p>\n<p><span style=\"color: #777777; font-family: Arial;\"><img loading=\"lazy\" decoding=\"async\" class=\"wp-image-13255 alignright\" src=\"https:\/\/lemotdujour.fr\/wp-content\/uploads\/2022\/02\/Melenchon-se-deshonore.jpg\" alt=\"\" width=\"374\" height=\"329\" srcset=\"https:\/\/lemotdujour.fr\/wp-content\/uploads\/2022\/02\/Melenchon-se-deshonore.jpg 624w, https:\/\/lemotdujour.fr\/wp-content\/uploads\/2022\/02\/Melenchon-se-deshonore-300x264.jpg 300w\" sizes=\"auto, (max-width: 374px) 100vw, 374px\" \/>Parce que l&rsquo;Allemagne a d\u00fb reconna\u00eetre que \u00ab\u00a0<a href=\"https:\/\/www.liberation.fr\/international\/europe\/fauchee-larmee-allemande-craint-la-debandade-20220224_SDRSIL27Y5CGTHTTCW5EU5CQRY\/\"><span style=\"color: #0000ff;\">Le sous-investissement chronique de la Bundeswehr la rend peu op\u00e9rationnelle<\/span>.\u00a0<\/a>\u00bb et a donc d\u00e9cid\u00e9 d&rsquo;augmenter le budget de la d\u00e9fense \u00e0 2% du budget. L&rsquo;arm\u00e9e fran\u00e7aise est un peu mieux dot\u00e9e, mais selon un rapport du S\u00e9nat elle ne pourrait opposer qu&rsquo;un nombre d\u00e9risoire de bataillons op\u00e9rationnels en face de l&rsquo;arm\u00e9e russe.<br \/>\n<\/span><\/p>\n<p><span style=\"color: #777777; font-family: Arial;\">C&rsquo;est ce qu&rsquo;on apprend et bien d&rsquo;autres choses dans l&rsquo;\u00e9mission \u00ab\u00a0<strong>C Politique de France 5<\/strong>\u00a0\u00bb\u00a0: &lt;<span style=\"color: #0000ff;\"><a style=\"color: #0000ff;\" href=\"https:\/\/www.france.tv\/france-5\/c-politique\/c-politique-saison-13\/3104221-emission-du-dimanche-27-fevrier-2022.html\">Partie 1<\/a><\/span>&gt; &lt;<span style=\"color: #0000ff;\"><a style=\"color: #0000ff;\" href=\"https:\/\/www.france.tv\/france-5\/c-politique\/c-politique-saison-13\/3104221-emission-du-dimanche-27-fevrier-2022.html\">Partie 2<\/a><\/span>&gt;<br \/>\n<\/span><\/p>\n<p><span style=\"color: #777777; font-family: Arial;\">Parce que si nous n&rsquo;intervenons pas, alors que c&rsquo;est moralement inacceptable, nous avons une raison officielle\u00a0: l&rsquo;Ukraine ne fait pas partie de l&rsquo;OTAN et donc nous ne pouvons pas appliquer l&rsquo;article 5. CQFD.<br \/>\n<\/span><\/p>\n<p><span style=\"color: #777777; font-family: Arial;\">La raison moins officielle et qu&rsquo;on ose avouer c&rsquo;est que l&rsquo;adversaire, non le vrai mot dans cette situation est \u00ab\u00a0<strong>ennemi<\/strong> \u00bb est une puissance nucl\u00e9aire. Ce ne serait pas prudent d&rsquo;entrer en conflit avec lui, surtout qu&rsquo;il est impr\u00e9visible.<br \/>\n<\/span><\/p>\n<p><span style=\"color: #777777; font-family: Arial;\">Mais la raison objective, c&rsquo;est que nous n&rsquo;avons pas du tout les moyens d&rsquo;aider militairement les ukrainiens, nous ne sommes pas pr\u00eats, nous avons d\u00e9sarm\u00e9, massivement. Sans les \u00c9tats-Unis nous ne sommes rien militairement, des nains.<br \/>\n<\/span><\/p>\n<p><span style=\"color: #777777; font-family: Arial;\">Apr\u00e8s les deux terribles guerres mondiales, nous avons cru \u00e0 un monde de paix, de commerce et de droits.<br \/>\n<\/span><\/p>\n<p><span style=\"color: #777777; font-family: Arial;\">Et nous avons cr\u00e9\u00e9 une entit\u00e9 riche, prosp\u00e8re et en paix : L&rsquo;Union europ\u00e9enne.<br \/>\n<\/span><\/p>\n<p><span style=\"color: #777777; font-family: Arial;\">Dans l&rsquo;\u00e9mission <strong>C Politique<\/strong>, un intervenant rappelle cependant que cette prosp\u00e9rit\u00e9 n&rsquo;a \u00e9t\u00e9 rendue possible qu&rsquo;\u00e0 l&rsquo;abri du bouclier am\u00e9ricain.<br \/>\n<\/span><\/p>\n<p><span style=\"color: #777777; font-family: Arial;\">D&rsquo;ailleurs les pr\u00e9sidents am\u00e9ricains, avant Trump, Obama, Busch et Clinton ont r\u00e9p\u00e9t\u00e9 que les europ\u00e9ens ne faisaient pas le job.<br \/>\n<\/span><\/p>\n<p><span style=\"color: #777777; font-family: Arial;\">Un autre intervenant a d\u00e9crit l&rsquo;Union europ\u00e9enne se vivant comme n&rsquo;ayant plus aucun ennemi. Et <strong>Jean Quatremer<\/strong> a eu cette formule :<br \/>\n<\/span><\/p>\n<p style=\"margin-left: 28pt;\"><span style=\"color: #c00000; font-family: Arial;\">\u00ab\u00a0L&rsquo;Europe n&rsquo;avait pas d&rsquo;ennemis que des amis potentiels\u00a0\u00bb<br \/>\n<\/span><\/p>\n<p><span style=\"color: #777777; font-family: Arial;\">Certains analystes ont <a href=\"https:\/\/www.liberation.fr\/planete\/2017\/05\/24\/otan-les-europeens-ne-doivent-pas-se-comporter-comme-des-herbivores-dans-un-monde-de-carnivores_1571756\/?redirected=1\"><span style=\"color: #0000ff;\">d\u00e9crit<\/span><\/a> cette situation par cette autre formule\u00a0:<br \/>\n<\/span><\/p>\n<p style=\"margin-left: 28pt;\"><span style=\"color: #c00000; font-family: Arial;\">\u00ab\u00a0Les europ\u00e9ens se comportent comme des herbivores dans un monde de carnivores\u00a0!\u00a0\u00bb<br \/>\n<\/span><\/p>\n<p><span style=\"color: #777777; font-family: Arial;\">Parce que pendant ce temps, la Russie, la Chine, l&rsquo;Inde et d&rsquo;autres ont augment\u00e9 de mani\u00e8re massive leurs d\u00e9penses militaires.<br \/>\n<\/span><\/p>\n<p><span style=\"color: #777777; font-family: Arial;\">Bien s\u00fbr qu&rsquo;il faut r\u00e9armer, sinon nous serons aval\u00e9s.<br \/>\n<\/span><\/p>\n<p><span style=\"color: #777777; font-family: Arial;\">Le courageux et lucide pr\u00e9sident ukrainien <strong>Volodymyr Zelensky<\/strong> a interpell\u00e9 l&rsquo;Europe\u00a0:<br \/>\n<\/span><\/p>\n<p style=\"margin-left: 28pt;\"><span style=\"color: #c00000; font-family: Arial;\">\u00ab Comment allez-vous vous-m\u00eames vous d\u00e9fendre si vous \u00eates si lent \u00e0 aider l&rsquo;Ukraine\u2009? \u00bb<\/span><\/p>\n<p><span style=\"color: #777777; font-family: Arial;\">C&rsquo;est un changement de monde pour nous comme le dit <strong>Nicolas Baverez<\/strong>, le sp\u00e9cialiste de Raymond Aron, dans l&rsquo;\u00e9mission de ce dimanche du &lt;<span style=\"color: #0000ff;\"><a style=\"color: #0000ff;\" href=\"https:\/\/www.lenouvelespritpublic.fr\/podcasts\/304\">Nouvel Esprit Public<\/a><\/span>&gt;<br \/>\n<\/span><\/p>\n<p><span style=\"color: #777777; font-family: Arial;\">Cette situation rappelle la fin des ann\u00e9es 30 : une d\u00e9mocrature et un homme fort qui suit son plan avec un r\u00e9cit de l&rsquo;encerclement de la Russie par l&rsquo;Otan et du g\u00e9nocide des russes dans le Donbass par des ukrainiens.<br \/>\n<\/span><\/p>\n<p><span style=\"color: #777777; font-family: Arial;\">En face, il y a le d\u00e9ni. Le d\u00e9ni de la violence de Poutine, de sa haine de l&rsquo;Occident et de sa volont\u00e9 d&rsquo;asservir.<br \/>\n<\/span><\/p>\n<p><span style=\"color: #777777; font-family: Arial;\">Le d\u00e9ni qui a conduit \u00e0 la construction de la d\u00e9pendance de l&rsquo;Allemagne au gaz russe sous le pr\u00e9texte de la transition \u00e9nerg\u00e9tique verte. Et en sus, la commission europ\u00e9enne est arriv\u00e9e \u00e0 faire du prix du gaz russe le prix directeur de l&rsquo;\u00e9nergie dans l&rsquo;Union.<br \/>\n<\/span><\/p>\n<p><span style=\"color: #777777; font-family: Arial;\"><img loading=\"lazy\" decoding=\"async\" class=\"wp-image-13252 alignright\" src=\"https:\/\/lemotdujour.fr\/wp-content\/uploads\/2022\/02\/Schroder-Poutine.jpg\" alt=\"\" width=\"532\" height=\"358\" srcset=\"https:\/\/lemotdujour.fr\/wp-content\/uploads\/2022\/02\/Schroder-Poutine.jpg 1054w, https:\/\/lemotdujour.fr\/wp-content\/uploads\/2022\/02\/Schroder-Poutine-300x202.jpg 300w, https:\/\/lemotdujour.fr\/wp-content\/uploads\/2022\/02\/Schroder-Poutine-1024x690.jpg 1024w, https:\/\/lemotdujour.fr\/wp-content\/uploads\/2022\/02\/Schroder-Poutine-768x517.jpg 768w\" sizes=\"auto, (max-width: 532px) 100vw, 532px\" \/>Et puis comme le rappelle le journaliste <strong><a href=\"https:\/\/www.lepoint.fr\/politique\/emmanuel-berretta\/qui-sont-les-pro-poutine-en-europe-26-02-2022-2466281_1897.php\"><span style=\"color: #0000ff;\">Emmanuel Berreta<\/span><\/a>,<\/strong> le d\u00e9ni de tous ces hommes politiques issus de l&rsquo;Union europ\u00e9enne qui ont, par faiblesse pour l&rsquo;argent, accept\u00e9 de devenir des agents d&rsquo;influence de ce r\u00e9gime aux valeurs si \u00e9loign\u00e9es des n\u00f4tres\u00a0:<br \/>\n<\/span><\/p>\n<p style=\"margin-left: 28pt;\"><span style=\"color: #c00000; font-family: Arial;\">\u00ab\u00a0La Russie a aussi d\u00e9ploy\u00e9 son entregent \u00e0 l&rsquo;ouest dans une entreprise de capture des \u00e9lites, \u00e0 commencer par <strong>Gerhard Schr\u00f6der<\/strong>, l&rsquo;ancien chancelier allemand devenu le \u00ab Monsieur North Stream 2 \u00bb de Vladimir Poutine, son ami. Jeudi, <strong>Christian Kern<\/strong>, l&rsquo;ancien chancelier social-d\u00e9mocrate autrichien, a fait savoir qu&rsquo;il d\u00e9missionnait pour sa part du conseil de surveillance de la soci\u00e9t\u00e9 nationale ferroviaire russe. L&rsquo;Italien <strong>Matteo Renzi<\/strong> (qui si\u00e9geait chez Delimobil, un service d&rsquo;autopartage en Russie) et l&rsquo;ancien Premier ministre finlandais <strong>Esko Aho<\/strong> (qui si\u00e9geait au sein de la plus grande banque russe, la Sberbank) ont \u00e9galement d\u00e9missionn\u00e9. <strong>Fran\u00e7ois Fillon<\/strong> a lui aussi renonc\u00e9, vendredi, \u00e0 ses mandats d&rsquo;administrateur ind\u00e9pendant de soci\u00e9t\u00e9s p\u00e9troli\u00e8res russes.\u00a0\u00bb<br \/>\n<\/span><\/p>\n<p><span style=\"color: #777777; font-family: Arial;\">Force est de reconna\u00eetre que l&rsquo;essentiel de ces hommes sont issus des Gauches europ\u00e9ennes.<br \/>\n<\/span><\/p>\n<p><span style=\"color: #777777; font-family: Arial;\"><strong><img loading=\"lazy\" decoding=\"async\" class=\"wp-image-13259 alignright\" src=\"https:\/\/lemotdujour.fr\/wp-content\/uploads\/2022\/02\/Plantu-Ukraine-Poutine-Zenlinsky.png\" alt=\"\" width=\"560\" height=\"513\" srcset=\"https:\/\/lemotdujour.fr\/wp-content\/uploads\/2022\/02\/Plantu-Ukraine-Poutine-Zenlinsky.png 676w, https:\/\/lemotdujour.fr\/wp-content\/uploads\/2022\/02\/Plantu-Ukraine-Poutine-Zenlinsky-300x275.png 300w\" sizes=\"auto, (max-width: 560px) 100vw, 560px\" \/>Nicolas Baverez<\/strong> a ajout\u00e9\u00a0:<br \/>\n<\/span><\/p>\n<p style=\"margin-left: 28pt;\"><span style=\"color: #c00000; font-family: Arial;\">\u00ab\u00a0Le d\u00e9fi que lance Vladimir Poutine, est une menace mortelle pour l&rsquo;Europe. Soit on r\u00e9agit, soit on mobilise et on change de mode de pens\u00e9e et d&rsquo;action, soit la d\u00e9mocrature russe va liquider la libert\u00e9 politique en Europe. Il faut r\u00e9armer. Ce n&rsquo;est pas seulement un r\u00e9armement militaire mais aussi un r\u00e9armement politique et id\u00e9ologique. Il faut r\u00e9tablir une dissuasion efficace vis-\u00e0-vis de Moscou. [\u2026] Je rappellerai une phrase de Raymond Aron\u00a0: \u00ab\u00a0<strong>Je crois \u00e0 la victoire finale des d\u00e9mocraties, mais \u00e0 une condition c&rsquo;est qu&rsquo;elles le veuillent\u00a0<\/strong>\u00bb\u00a0\u00bb<br \/>\n<\/span><span style=\"color: #c00000; font-family: Arial;\"><em>Nicolas Baverez dans l&rsquo;\u00e9mission le Nouvel Esprit Public de Philippe Meyer (vers 10 min environ)<br \/>\n<\/em><\/span><\/p>\n<p><span style=\"color: #777777; font-family: Arial;\">Il faut r\u00e9armer si nous voulons rester libre.<br \/>\n<\/span><\/p>\n<p><span style=\"color: #777777; font-family: Arial;\">Bien entendu si le budget de la d\u00e9fense augmente, d&rsquo;autres devront baisser<br \/>\n<\/span><\/p>\n<p><span style=\"color: #777777; font-family: Arial;\">Il faut savoir payer le prix de la Libert\u00e9.<br \/>\n<\/span><\/p>\n<p><span style=\"color: #777777; font-family: Arial;\">Libert\u00e9 que vont perdre les ukrainiens dans les prochaines heures, les prochains jours.<br \/>\n<\/span><\/p>\n<p><span style=\"color: #777777; font-family: Arial;\">Mais voulons nous rester libre\u00a0? demandait <strong>Raymond Aron<\/strong><br \/>\n<\/span><\/p>\n<p><span style=\"color: #777777; font-family: Arial;\">Ou la douce somnolence de notre confort \u00e9touffe t&rsquo;elle le d\u00e9sir de la libert\u00e9 et consid\u00e8re t&rsquo;elle que le prix \u00e0 payer est trop cher\u00a0?<br \/>\n<\/span><\/p>\n<p><span style=\"color: #800000;\">&lt;1659&gt;<\/span><\/p>\n","protected":false},"excerpt":{"rendered":"<p>\u00ab Je crois \u00e0 la victoire finale des d\u00e9mocraties, mais \u00e0 une condition c&rsquo;est qu&rsquo;elles le veuillent ! \u00bb Raymond Aron cit\u00e9 par Nicolas Baverez C&rsquo;est incroyable et terrifiant\u00a0! Vous passez par l&rsquo;Allemagne notamment par Dresde, puis vous traversez la<\/p>\n","protected":false},"author":1,"featured_media":0,"comment_status":"open","ping_status":"closed","sticky":false,"template":"","format":"standard","meta":{"footnotes":""},"categories":[1],"tags":[50,219,78,218],"class_list":["post-13248","post","type-post","status-publish","format-standard","hentry","category-motdujour","tag-europe","tag-guerre","tag-russie","tag-ukraine"],"_links":{"self":[{"href":"https:\/\/lemotdujour.fr\/index.php?rest_route=\/wp\/v2\/posts\/13248","targetHints":{"allow":["GET"]}}],"collection":[{"href":"https:\/\/lemotdujour.fr\/index.php?rest_route=\/wp\/v2\/posts"}],"about":[{"href":"https:\/\/lemotdujour.fr\/index.php?rest_route=\/wp\/v2\/types\/post"}],"author":[{"embeddable":true,"href":"https:\/\/lemotdujour.fr\/index.php?rest_route=\/wp\/v2\/users\/1"}],"replies":[{"embeddable":true,"href":"https:\/\/lemotdujour.fr\/index.php?rest_route=%2Fwp%2Fv2%2Fcomments&post=13248"}],"version-history":[{"count":9,"href":"https:\/\/lemotdujour.fr\/index.php?rest_route=\/wp\/v2\/posts\/13248\/revisions"}],"predecessor-version":[{"id":13265,"href":"https:\/\/lemotdujour.fr\/index.php?rest_route=\/wp\/v2\/posts\/13248\/revisions\/13265"}],"wp:attachment":[{"href":"https:\/\/lemotdujour.fr\/index.php?rest_route=%2Fwp%2Fv2%2Fmedia&parent=13248"}],"wp:term":[{"taxonomy":"category","embeddable":true,"href":"https:\/\/lemotdujour.fr\/index.php?rest_route=%2Fwp%2Fv2%2Fcategories&post=13248"},{"taxonomy":"post_tag","embeddable":true,"href":"https:\/\/lemotdujour.fr\/index.php?rest_route=%2Fwp%2Fv2%2Ftags&post=13248"}],"curies":[{"name":"wp","href":"https:\/\/api.w.org\/{rel}","templated":true}]}}