{"id":13229,"date":"2022-02-25T00:43:56","date_gmt":"2022-02-24T23:43:56","guid":{"rendered":"https:\/\/lemotdujour.fr\/?p=13229"},"modified":"2022-02-28T09:45:37","modified_gmt":"2022-02-28T08:45:37","slug":"vendredi-25-fevrier-2022","status":"publish","type":"post","link":"https:\/\/lemotdujour.fr\/?p=13229","title":{"rendered":"Vendredi 25 f\u00e9vrier 2022"},"content":{"rendered":"<div class=\"mdjTexte\">\u00ab\u00a0 Bien entendu, nous n&rsquo;allons rien faire !\u00a0\u00bb<\/div>\n<div class=\"mdjAuteur\">Claude Cheysson, Ministre des Relations ext\u00e9rieures du gouvernement Pierre Mauroy sous la Pr\u00e9sidence de Fran\u00e7ois Mitterrand<\/div>\n<p><span style=\"color: #777777; font-family: Arial;\"><em><span style=\"color: #008000;\">Contexte de ce mot du jour : Quelques instants avant 4 heures, heure de Paris, le jeudi 24 f\u00e9vrier 2022, l\u2019ancien officier du KGB qui r\u00e8gne au Kremlin est apparu \u00e0 la t\u00e9l\u00e9vision russe et a annonc\u00e9 l\u2019invasion par les troupes de l\u2019empire russe, de l\u2019\u00c9tat souverain et d\u00e9mocratique de l\u2019Ukraine. Dans un discours violent, bas\u00e9 sur des mensonges et sur une r\u00e9\u00e9criture de l\u2019Histoire ce sinistre personnage a essay\u00e9 de justifier le d\u00e9clenchement d\u2019une guerre totale, sur la terre d\u2019Europe, contre son petit voisin en comparaison de l\u2019empire russe. Les troupes imp\u00e9riales ont p\u00e9n\u00e9tr\u00e9 en Ukraine sur 3 fronts, la Russie, la Crim\u00e9e et le Belarus.\u00a0 L\u2019objectif est \u00e9vident : s\u2019emparer de la capitale Kiev et soumettre l&rsquo;ensemble de l&rsquo;Ukraine.<\/span><\/em><br \/>\n<\/span><\/p>\n<p><span style=\"color: #777777; font-family: Arial;\">C&rsquo;\u00e9tait, il y a un peu plus de 40 ans. C&rsquo;\u00e9tait avant !\u00a0 Du temps de l&rsquo;Union Sovi\u00e9tique, de la Guerre froide, du rideau de fer et de l&rsquo;Europe divis\u00e9e en deux camps antagonistes.<br \/>\n<\/span><\/p>\n<p><span style=\"color: #777777; font-family: Arial;\">Depuis le &lt;<a href=\"https:\/\/lemotdujour.fr\/?p=11873\"><span style=\"color: #0000ff;\">16 octobre 1978<\/span><\/a>&gt;, un polonais \u00e9tait Pape de l&rsquo;\u00e9glise catholique. Et ce Pape <\/span><span style=\"color: #777777; font-family: Arial;\">est entr\u00e9 en lutte contre le communisme qui r\u00e9gnait sur l&rsquo;Est de l&rsquo;Europe et a encourag\u00e9 et soutenu financi\u00e8rement, les ouvriers des chantiers navals de Gd\u00e1nsk \u00e0 manifester contre le pouvoir communiste. <strong>Lech Walesa<\/strong> et, comme toujours, on oublie la femme <strong>: <a href=\"https:\/\/fr.wikipedia.org\/wiki\/Anna_Walentynowicz\"><span style=\"color: #0000ff;\">Anna Walentynowicz<\/span><\/a>, <\/strong>fondaient, tous les deux, le syndicat <strong>Solidanorsc.<br \/>\n<\/strong><\/span><\/p>\n<p><span style=\"color: #777777; font-family: Arial;\">Ce syndicat, par ses actions, d\u00e9stabilisera le pouvoir communiste. Les historiens racontent; aujourd&rsquo;hui; que les dirigeants du POUP (Parti ouvrier unifi\u00e9 polonais), nom du parti politique polonais communiste, avaient la crainte que l&rsquo;Union Sovi\u00e9tique envoie son arm\u00e9e r\u00e9tablir l&rsquo;ordre en Pologne comme elle l&rsquo;avait fait en 1956 en Hongrie et en 1968 en Tch\u00e9coslovaquie. Alors, le <strong>g\u00e9n\u00e9ral Jaruzelski<\/strong>, dans la nuit du 12 au 13 d\u00e9cembre 1981 d\u00e9cr\u00e8te la Loi martiale et fait arr\u00eater les principaux responsables de Solidanorsc.<br \/>\n<\/span><\/p>\n<p><span style=\"color: #777777; font-family: Arial;\">En France, Fran\u00e7ois Mitterrand est Pr\u00e9sident de la R\u00e9publique depuis mai. Le premier ministre est Pierre Mauroy, le ministre des relations ext\u00e9rieures est <strong>Claude Cheysson<\/strong> et il n&rsquo;est pas inutile de rappeler que le gouvernement compte 4 ministres communistes.<br \/>\n<\/span><\/p>\n<p><span style=\"color: #777777; font-family: Arial;\">Des journalistes vont alors interroger Claude Cheysson, apr\u00e8s le coup de force de Jaruzelski et lui demander ce que va faire la France. Il aura cette r\u00e9ponse\u00a0:<br \/>\n<\/span><\/p>\n<p style=\"margin-left: 28pt;\"><span style=\"color: #c00000; font-family: Arial;\">\u00ab\u00a0Bien entendu, nous n&rsquo;allons rien faire.\u00a0! \u00bb<br \/>\n<\/span><\/p>\n<p><span style=\"color: #777777; font-family: Arial;\">&lt;<a href=\"https:\/\/www.liberation.fr\/tribune\/2005\/09\/01\/les-voleurs-de-revolution_530921\/\"><span style=\"color: #0000ff;\">Lib\u00e9ration<\/span><\/a>&gt; nous apprend qu&rsquo;il sera r\u00e9primand\u00e9 en ces termes par Mitterrand :<br \/>\n<\/span><\/p>\n<p style=\"margin-left: 28pt;\"><span style=\"color: #c00000; font-family: Arial;\">\u00ab Quel besoin aviez-vous de dire \u00e7a ? C&rsquo;est une \u00e9vidence mais il ne fallait pas le dire. \u00bb<br \/>\n<\/span><\/p>\n<p><span style=\"color: #777777; font-family: Arial;\">En 1985, interrog\u00e9 par &lt;<a href=\"https:\/\/www.lemonde.fr\/archives\/article\/1985\/02\/11\/bien-entendu-nous-n-allons-rien-faire_2751218_1819218.html\"><span style=\"color: #0000ff;\">Le Monde<\/span><\/a>&gt;, Claude Cheysson reconna\u00eetra\u00a0:<br \/>\n<\/span><\/p>\n<p style=\"margin-left: 28pt;\"><span style=\"color: #c00000; font-family: Arial;\">\u00ab\u00a0J&rsquo;ai eu tort, je regrette cette d\u00e9claration intempestive qui aurait d\u00fb normalement me co\u00fbter ma place\u00a0\u00bb<br \/>\n<\/span><\/p>\n<p><span style=\"color: #777777; font-family: Arial;\">En tout cas, aujourd&rsquo;hui tout le monde a compris la le\u00e7on et personne ne dira \u00ab <strong>Bien entendu, nous n&rsquo;allons rien faire\u00a0!\u00bb<\/strong><br \/>\n<\/span><\/p>\n<p><span style=\"color: #777777; font-family: Arial;\">A l&rsquo;exception, peut \u00eatre de Biden qui a plus ou moins avou\u00e9 qu&rsquo;il n&rsquo;allait rien faire. Il a r\u00e9pondu franchement qu&rsquo;il n&rsquo;enverra pas de soldat am\u00e9ricain sur le territoire ukrainien en expliquant que si un soldat am\u00e9ricain se trouve en face d&rsquo;un soldat russe, en zone de conflit, ce serait la troisi\u00e8me guerre mondiale.<br \/>\n<\/span><\/p>\n<p><span style=\"color: #777777; font-family: Arial;\">Cette formulation a l&rsquo;avantage de la clart\u00e9, mais est-il pertinent d&rsquo;\u00eatre clair dans ce type de situation ?<br \/>\n<\/span><\/p>\n<p><span style=\"color: #777777; font-family: Arial;\">Fran\u00e7ois Mitterrand aurait r\u00e9pondu une nouvelle fois\u00a0: \u00ab\u00a0<span style=\"color: #c00000;\">C&rsquo;est une \u00e9vidence mais il ne fallait pas le dire<span style=\"color: #777777;\">. \u00bb<br \/>\n<\/span><\/span><\/span><\/p>\n<p><span style=\"color: #777777; font-family: Arial;\">En face, Poutine dit\u00a0:<br \/>\n<\/span><\/p>\n<p style=\"margin-left: 28pt;\"><span style=\"color: #c00000; font-family: Arial;\">\u00ab Quiconque entend se mettre sur notre chemin ou menacer notre pays et notre peuple doit savoir que la r\u00e9ponse russe sera imm\u00e9diate et aura des cons\u00e9quences jamais vues dans son histoire. \u00bb<br \/>\n<\/span><\/p>\n<p><span style=\"color: #777777; font-family: Arial;\">Plusieurs analystes disent que cette menace renvoie \u00e0 l&rsquo;utilisation de l&rsquo;arme atomique.<br \/>\n<\/span><\/p>\n<p><span style=\"color: #777777; font-family: Arial;\">Peut-\u00eatre, mais il ne le dit pas&#8230;<br \/>\n<\/span><\/p>\n<p><span style=\"color: #777777; font-family: Arial;\">Il est possible aussi qu&rsquo;en utilisant des armes r\u00e9centes et hyper rapide, il neutralise les satellites occidentaux, cr\u00e9ant un chaos certain, tant nous sommes d\u00e9sormais d\u00e9pendants de ces technologies au quotidien.<br \/>\n<\/span><\/p>\n<p><span style=\"color: #777777; font-family: Arial;\">\u00ab\u00a0Nous n&rsquo;allons rien faire\u00a0\u00bb, mise \u00e0 part la r\u00e9ponse \u00ab\u00a0claire\u00a0\u00bb de Biden, aucun responsable occidental ne le dit.<br \/>\n<\/span><\/p>\n<p><span style=\"color: #777777; font-family: Arial;\">Tous parlent de sanctions \u00e9conomiques extr\u00eamement s\u00e9v\u00e8res, les plus s\u00e9v\u00e8res, massives etc\u2026<br \/>\n<\/span><\/p>\n<p><span style=\"color: #777777; font-family: Arial;\">Mais, il faut faire attention, ces sanctions \u00e9conomiques seront tr\u00e8s pr\u00e9judiciables aux citoyens europ\u00e9ens.<br \/>\n<\/span><\/p>\n<p><span style=\"color: #777777; font-family: Arial;\">60% du gaz que l&rsquo;Allemagne utilise vient de Russie. 100% du gaz qu&rsquo;utilise l&rsquo;Autriche vient de la Russie.<br \/>\n<\/span><\/p>\n<p><span style=\"color: #777777; font-family: Arial;\">Et on parle de geler le gazoduc Nord Stream 2 qui n&rsquo;est toujours pas en service entre le fournisseur russe et le client allemand.<br \/>\n<\/span><\/p>\n<p><span style=\"color: #777777; font-family: Arial;\">Mais quel est l&rsquo;objet de ce gazoduc, sinon un moyen de transporter du gaz entre la Russie et l&rsquo;Allemagne sans passer par l&rsquo;Ukraine et sans permettre \u00e0 cette derni\u00e8re de pr\u00e9lever quelques taxes utiles \u00e0 son budget. <\/span><span style=\"color: #777777; font-family: Arial;\">Ce n&rsquo;\u00e9tait pas amical de la part de la Russie d&rsquo;\u00e9viter l&rsquo;Ukraine, mais ce n&rsquo;\u00e9tait pas tr\u00e8s amical, non plus, de la part de l&rsquo;Allemagne de participer \u00e0 cette op\u00e9ration anti-Ukraine.<br \/>\n<\/span><\/p>\n<p><span style=\"color: #777777; font-family: Arial;\">Bien entendu, nous n&rsquo;allons rien faire.<br \/>\n<\/span><\/p>\n<p><span style=\"color: #777777; font-family: Arial;\">Sans les am\u00e9ricains, nous n&rsquo;avons pas de moyens militaires s\u00e9rieux \u00e0 opposer \u00e0 Poutine.<br \/>\n<\/span><\/p>\n<p><span style=\"color: #777777; font-family: Arial;\">J&rsquo;ai entendu, \u00e0 <strong>France Inter<\/strong> des militaires qui ne pensaient pas possible que l&rsquo;arm\u00e9e ukrainienne r\u00e9siste au d\u00e9ploiement russe. Selon ces militaires, il est vraisemblable que l&rsquo;arm\u00e9e russe aura chass\u00e9 le gouvernement ukrainien de Kiev, dans une semaine.<br \/>\n<\/span><\/p>\n<p><span style=\"color: #777777; font-family: Arial;\">Apr\u00e8s, ce sera beaucoup plus dur pour Poutine.<br \/>\n<\/span><\/p>\n<p><span style=\"color: #777777; font-family: Arial;\">Il aura gagn\u00e9 une guerre, mais pas la paix. Il est peu probable que le peuple ukrainien acceptera la domination, d&rsquo;un autre \u00e2ge, du nouveau tsar des Russies.<br \/>\n<\/span><\/p>\n<p><span style=\"color: #777777; font-family: Arial;\">\u00c9videmment, ce sera long et douloureux, pour le peuple ukrainien.<br \/>\n<\/span><\/p>\n<p><span style=\"color: #777777; font-family: Arial;\">Dans un des premiers mots du jour, celui du &lt;<a href=\"https:\/\/lemotdujour.fr\/?p=2083\"><span style=\"color: #0000ff;\">7 mai 2013<\/span><\/a>&gt;, je citais <strong>John Steinbeck<\/strong> \u00ab\u00a0<strong>Ce sont toujours les hommes en troupeau qui gagnent les batailles, et les hommes libres qui gagnent la guerre<\/strong>\u00a0\u00bb<br \/>\n<\/span><\/p>\n<p><span style=\"color: #777777; font-family: Arial;\"><img loading=\"lazy\" decoding=\"async\" class=\"size-full wp-image-13225 alignleft\" src=\"https:\/\/lemotdujour.fr\/wp-content\/uploads\/2022\/02\/022422_2244_Lundixxmars1.jpg\" alt=\"\" width=\"325\" height=\"531\" srcset=\"https:\/\/lemotdujour.fr\/wp-content\/uploads\/2022\/02\/022422_2244_Lundixxmars1.jpg 325w, https:\/\/lemotdujour.fr\/wp-content\/uploads\/2022\/02\/022422_2244_Lundixxmars1-184x300.jpg 184w\" sizes=\"auto, (max-width: 325px) 100vw, 325px\" \/>John Steinbeck avait \u00e9crit son roman \u00ab\u00a0<strong>Lune Noire<\/strong> \u00bb pendant la seconde guerre mondiale. Il avait situ\u00e9 son livre dans une petite ville occup\u00e9e par une arm\u00e9e \u00e9trang\u00e8re issue d&rsquo;un pays dictatorial.<br \/>\n<\/span><\/p>\n<p><span style=\"color: #777777; font-family: Arial;\">Je citais la conclusion de ce livre\u00a0: <strong>\u00ab\u00a0Lune Noire\u00a0\u00bb<\/strong>\u00a0:<\/span><\/p>\n<p style=\"margin-left: 28pt;\"><span style=\"color: #c00000; font-family: Arial;\">\u00ab\u00a0Un sifflement strident hurla du c\u00f4t\u00e9 de la mine. Une rafale de vent pulv\u00e9risa de la neige sur les fen\u00eatres. Orden joua avec sa m\u00e9daille et d\u00e9clara d&rsquo;une voix sourde :<br \/>\n\u2013 Vous voyez, colonel, on ne peut rien y changer. Vous serez \u00e9cras\u00e9s et expuls\u00e9s. Les gens n&rsquo;aiment pas \u00eatre conquis, colonel, et donc ils ne le seront pas.<br \/>\nLes hommes libres ne d\u00e9clenchent pas la guerre, mais lorsqu&rsquo;elle est d\u00e9clench\u00e9e, ils peuvent se battre jusqu&rsquo;\u00e0 la victoire.<br \/>\nLes hommes en troupeau, soumis \u00e0 un F\u00fchrer, en sont incapables, et donc ce sont toujours les hommes en troupeau qui gagnent les batailles et les hommes libres qui gagnent la guerre. Vous d\u00e9couvrirez qu&rsquo;il en est ainsi, colonel.<br \/>\nLanser se redressa avec raideur.\u00a0\u00bb<\/span><\/p>\n<p><span style=\"color: #777777; font-family: Arial;\">Parce que le peuple libre dans cette histoire est le peuple d&rsquo;Ukraine et le peuple troupeau soumis \u00e0 un F\u00fchrer est, h\u00e9las, le peuple russe.<br \/>\n<\/span><\/p>\n<p><span style=\"color: #777777; font-family: Arial;\">Poutine parle de d\u00e9nazifier l&rsquo;Ukraine. Il y a quelques extr\u00e9mistes de droite en Ukraine, mais moins qu&rsquo;en Russie et je le crains, moins qu&rsquo;en France.<br \/>\n<\/span><\/p>\n<p><span style=\"color: #777777; font-family: Arial;\">C&rsquo;est le dictateur russe qui parle de nazi !!!<br \/>\n<\/span><\/p>\n<p><span style=\"color: #777777; font-family: Arial;\">Mais que fait-il d&rsquo;autre qu&rsquo;Hitler qui pr\u00e9tendait que la petite Tch\u00e9coslovaquie maltraitait les allemands des sud\u00e8tes pour justifier d&rsquo;attaquer ce pays et de le soumettre, comme Poutine qui pr\u00e9tend d\u00e9fendre les russes du Donbass et preuve de son mensonge attaque toute l&rsquo;Ukraine.<br \/>\n<\/span><\/p>\n<p><span style=\"color: #777777; font-family: Arial;\">A l&rsquo;\u00e9poque, ce furent les accords de Munich. La France et La Grande Bretagne n&rsquo;avaient rien fait.<br \/>\n<\/span><\/p>\n<p><span style=\"color: #777777; font-family: Arial;\">Hitler ne pouvait pas \u00e9voquer le mot \u00ab\u00a0g\u00e9nocide\u00a0\u00bb, comme le fait Poutine aujourd&rsquo;hui, ce mot n&rsquo;existait pas en 1939.<br \/>\n<\/span><\/p>\n<p><span style=\"color: #777777; font-family: Arial;\">Hitler a aussi attaqu\u00e9 la Pologne, en pr\u00e9tendant que c&rsquo;\u00e9tait la petite Pologne qui l&rsquo;avait attaqu\u00e9 en premier.<br \/>\n<\/span><\/p>\n<p><span style=\"color: #777777; font-family: Arial;\">Et Poutine pr\u00e9tend que c&rsquo;est l&rsquo;Ukraine qui menace la Russie pour l&rsquo;attaquer !<br \/>\n<\/span><\/p>\n<p><span style=\"color: #777777; font-family: Arial;\">Il parle aussi de junte au pouvoir \u00e0 Kiev.<br \/>\n<\/span><\/p>\n<p><span style=\"color: #777777; font-family: Arial;\"><img loading=\"lazy\" decoding=\"async\" class=\"wp-image-13239 alignleft\" src=\"https:\/\/lemotdujour.fr\/wp-content\/uploads\/2022\/02\/Zelenski.png\" alt=\"\" width=\"305\" height=\"460\" srcset=\"https:\/\/lemotdujour.fr\/wp-content\/uploads\/2022\/02\/Zelenski.png 519w, https:\/\/lemotdujour.fr\/wp-content\/uploads\/2022\/02\/Zelenski-199x300.png 199w\" sizes=\"auto, (max-width: 305px) 100vw, 305px\" \/>Le pr\u00e9sident <strong>Volodymyr Zelensky<\/strong> a \u00e9t\u00e9 \u00e9lu par le peuple ukrainien, en battant le pr\u00e9sident sortant. Cela s&rsquo;appelle une alternance, exactement le contraire de ce qui se passe en Russie. Lorsque Dmitri Medvedev a remplac\u00e9, pour un mandat, Poutine en le gardant comme premier ministre puis en \u00e9tant remplac\u00e9 \u00e0 nouveau par Poutine, ce n&rsquo;\u00e9tait pas une alternance mais un arrangement mafieux. La d\u00e9mocratie est en Ukraine, s<\/span><span style=\"color: #777777; font-family: Arial;\">&lsquo;il y a une junte, c&rsquo;est celle qui est au pouvoir \u00e0 Moscou<\/span><\/p>\n<p><span style=\"color: #777777; font-family: Arial;\">Les dictateurs, cela ose tout, c&rsquo;est \u00e0 cela qu&rsquo;on les reconnait.<br \/>\n<\/span><\/p>\n<p><span style=\"color: #777777; font-family: Arial;\">Il ose traiter de nazi <strong>Volodymyr Zelensky,<\/strong> dont les deux parents \u00e9taient juifs russophones. Zelensky a d&rsquo;ailleurs r\u00e9pondu \u00e0 Poutine :<br \/>\n<\/span><\/p>\n<p style=\"margin-left: 28pt;\"><span style=\"color: #c00000; font-family: Arial;\">\u00ab\u00a0Comment pourrais-je \u00eatre un nazi\u2009? Expliquez-le \u00e0 mon grand-p\u00e8re, qui a travers\u00e9 toute la guerre dans l&rsquo;infanterie de l&rsquo;arm\u00e9e sovi\u00e9tique.\u00a0\u00bb<br \/>\n<\/span><\/p>\n<p><span style=\"color: #777777; font-family: Arial;\">Et il ajout\u00e9 que trois fr\u00e8res de son grand-p\u00e8re ont \u00e9t\u00e9 tu\u00e9s par les nazis<br \/>\n<\/span><\/p>\n<p><span style=\"color: #777777; font-family: Arial;\">Voil\u00e0 la triste r\u00e9alit\u00e9 d&rsquo;un dictateur entrainant l&rsquo;Europe dans son r\u00e9cit mortif\u00e8re et sa r\u00e9\u00e9criture de l&rsquo;Histoire.<br \/>\n<\/span><\/p>\n<p><span style=\"color: #777777; font-family: Arial;\">S&rsquo;il y a un doute sur l&rsquo;existence du peuple ukrainien, son agression va conduire \u00e0 renforcer le sentiment national ukrainien, qui ne peut jamais \u00eatre plus fort que si la nation est menac\u00e9e par une autre nation.<br \/>\n<\/span><\/p>\n<p><span style=\"color: #777777; font-family: Arial;\">Et pendant ce temps, un autre naufrage\u2026<br \/>\n<\/span><\/p>\n<p><span style=\"color: #777777; font-family: Arial;\">Fran\u00e7ois Fillon, membre du conseil d&rsquo;administration du g\u00e9ant russe de la p\u00e9trochimie Sibur, d\u00e9plore l&rsquo;usage de la force par Poutine mais continue \u00e0 lui trouver des excuses, en pr\u00e9tendant que c&rsquo;est l&rsquo;OTAN qui est responsable de cette d\u00e9rive.<br \/>\n<\/span><\/p>\n<p><span style=\"color: #777777; font-family: Arial;\">Il est membre de 2 conseils d&rsquo;administration d&rsquo;entreprises russes aux mains d&rsquo;amis de Poutine. Aura t&rsquo;il la d\u00e9cence de d\u00e9missionner ?<\/span><\/p>\n<p><span style=\"color: maroon; font-family: Arial;\">&lt;1658&gt;<span style=\"color: #777777;\"><br \/>\n<\/span><\/span><\/p>\n<p><span style=\"color: #777777; font-family: Arial;\">\u00a0<\/span><\/p>\n","protected":false},"excerpt":{"rendered":"<p>\u00ab\u00a0 Bien entendu, nous n&rsquo;allons rien faire !\u00a0\u00bb Claude Cheysson, Ministre des Relations ext\u00e9rieures du gouvernement Pierre Mauroy sous la Pr\u00e9sidence de Fran\u00e7ois Mitterrand Contexte de ce mot du jour : Quelques instants avant 4 heures, heure de Paris, le<\/p>\n","protected":false},"author":1,"featured_media":0,"comment_status":"open","ping_status":"closed","sticky":false,"template":"","format":"standard","meta":{"footnotes":""},"categories":[1],"tags":[219,41,78,218],"class_list":["post-13229","post","type-post","status-publish","format-standard","hentry","category-motdujour","tag-guerre","tag-liberte","tag-russie","tag-ukraine"],"_links":{"self":[{"href":"https:\/\/lemotdujour.fr\/index.php?rest_route=\/wp\/v2\/posts\/13229","targetHints":{"allow":["GET"]}}],"collection":[{"href":"https:\/\/lemotdujour.fr\/index.php?rest_route=\/wp\/v2\/posts"}],"about":[{"href":"https:\/\/lemotdujour.fr\/index.php?rest_route=\/wp\/v2\/types\/post"}],"author":[{"embeddable":true,"href":"https:\/\/lemotdujour.fr\/index.php?rest_route=\/wp\/v2\/users\/1"}],"replies":[{"embeddable":true,"href":"https:\/\/lemotdujour.fr\/index.php?rest_route=%2Fwp%2Fv2%2Fcomments&post=13229"}],"version-history":[{"count":10,"href":"https:\/\/lemotdujour.fr\/index.php?rest_route=\/wp\/v2\/posts\/13229\/revisions"}],"predecessor-version":[{"id":13263,"href":"https:\/\/lemotdujour.fr\/index.php?rest_route=\/wp\/v2\/posts\/13229\/revisions\/13263"}],"wp:attachment":[{"href":"https:\/\/lemotdujour.fr\/index.php?rest_route=%2Fwp%2Fv2%2Fmedia&parent=13229"}],"wp:term":[{"taxonomy":"category","embeddable":true,"href":"https:\/\/lemotdujour.fr\/index.php?rest_route=%2Fwp%2Fv2%2Fcategories&post=13229"},{"taxonomy":"post_tag","embeddable":true,"href":"https:\/\/lemotdujour.fr\/index.php?rest_route=%2Fwp%2Fv2%2Ftags&post=13229"}],"curies":[{"name":"wp","href":"https:\/\/api.w.org\/{rel}","templated":true}]}}